{"id":7521,"date":"2026-01-23T15:53:47","date_gmt":"2026-01-23T15:53:47","guid":{"rendered":"https:\/\/bladnanews.com\/arsenal-confirm-ethan-nwaneri-loan-transfer-to-marseille\/"},"modified":"2026-01-23T15:53:47","modified_gmt":"2026-01-23T15:53:47","slug":"arsenal-confirme-le-pret-dethan-nwaneri-a-marseille","status":"publish","type":"post","link":"https:\/\/bladnanews.com\/fr\/arsenal-confirme-le-pret-dethan-nwaneri-a-marseille\/","title":{"rendered":"Arsenal confirme le pr\u00eat d'Ethan Nwaneri \u00e0 Marseille"},"content":{"rendered":"<p>Arsenal a confirm\u00e9 qu'Ethan Nwaneri a effectu\u00e9 un pr\u00eat \u00e0 Marseille, le jeune milieu de terrain quittant temporairement l'Emirates Stadium \u00e0 la recherche de temps de jeu r\u00e9gulier en \u00e9quipe premi\u00e8re.<\/p>\n<p>Les Gunners ont annonc\u00e9 l'accord sur leurs canaux officiels, confirmant le transfert et souhaitant bonne chance au dipl\u00f4m\u00e9 du centre de formation pour la saison \u00e0 venir. Nwaneri reste un joueur d'Arsenal et retournera dans le nord de Londres \u00e0 l'issue de son pr\u00eat.<\/p>\n<p>Ce transfert marque la prochaine \u00e9tape du d\u00e9veloppement de Nwaneri, apr\u00e8s s'\u00eatre r\u00e9v\u00e9l\u00e9 comme l'un des plus brillants jeunes talents d'Arsenal. Encore adolescent, il est suivi de pr\u00e8s par le club depuis des ann\u00e9es et a d\u00e9j\u00e0 marqu\u00e9 l'histoire sous le maillot des Gunners.<\/p>\n<p>Marseille, l'un des plus grands clubs fran\u00e7ais, offrira d\u00e9sormais \u00e0 l'international anglais des jeunes un nouveau d\u00e9fi en Ligue 1, o\u00f9 il pourra acqu\u00e9rir de l'exp\u00e9rience dans un environnement hebdomadaire plus exigeant.<\/p>\n<p>Arsenal consid\u00e8re ce pr\u00eat comme faisant partie du parcours \u00e0 long terme de Nwaneri, lui donnant l'opportunit\u00e9 de jouer au football senior tout en continuant \u00e0 progresser loin de la pression li\u00e9e \u00e0 la concurrence pour un temps de jeu au sein d'un effectif pl\u00e9thorique dans le nord de Londres.<\/p>\n<p>Nwaneri rejoindra imm\u00e9diatement sa nouvelle \u00e9quipe, Marseille s'appr\u00eatant \u00e0 accueillir le jeune joueur tr\u00e8s estim\u00e9 alors qu'ils se pr\u00e9parent pour la nouvelle campagne.<\/p>","protected":false},"excerpt":{"rendered":"<p>Arsenal have confirmed that Ethan Nwaneri has completed a loan move to Marseille, with the teenage midfielder leaving the Emirates [&hellip;]<\/p>\n","protected":false},"author":3,"featured_media":7520,"comment_status":"","ping_status":"open","sticky":false,"template":"","format":"standard","meta":{"googlesitekit_rrm_CAow_uzEDA:productID":"","site-sidebar-layout":"default","site-content-layout":"","ast-site-content-layout":"default","site-content-style":"default","site-sidebar-style":"default","ast-global-header-display":"","ast-banner-title-visibility":"","ast-main-header-display":"","ast-hfb-above-header-display":"","ast-hfb-below-header-display":"","ast-hfb-mobile-header-display":"","site-post-title":"","ast-breadcrumbs-content":"","ast-featured-img":"","footer-sml-layout":"","ast-disable-related-posts":"","theme-transparent-header-meta":"","adv-header-id-meta":"","stick-header-meta":"","header-above-stick-meta":"","header-main-stick-meta":"","header-below-stick-meta":"","astra-migrate-meta-layouts":"default","ast-page-background-enabled":"default","ast-page-background-meta":{"desktop":{"background-color":"var(--ast-global-color-5)","background-image":"","background-repeat":"repeat","background-position":"center center","background-size":"auto","background-attachment":"scroll","background-type":"","background-media":"","overlay-type":"","overlay-color":"","overlay-opacity":"","overlay-gradient":""},"tablet":{"background-color":"","background-image":"","background-repeat":"repeat","background-position":"center center","background-size":"auto","background-attachment":"scroll","background-type":"","background-media":"","overlay-type":"","overlay-color":"","overlay-opacity":"","overlay-gradient":""},"mobile":{"background-color":"","background-image":"","background-repeat":"repeat","background-position":"center center","background-size":"auto","background-attachment":"scroll","background-type":"","background-media":"","overlay-type":"","overlay-color":"","overlay-opacity":"","overlay-gradient":""}},"ast-content-background-meta":{"desktop":{"background-color":"var(--ast-global-color-4)","background-image":"","background-repeat":"repeat","background-position":"center center","background-size":"auto","background-attachment":"scroll","background-type":"","background-media":"","overlay-type":"","overlay-color":"","overlay-opacity":"","overlay-gradient":""},"tablet":{"background-color":"var(--ast-global-color-4)","background-image":"","background-repeat":"repeat","background-position":"center center","background-size":"auto","background-attachment":"scroll","background-type":"","background-media":"","overlay-type":"","overlay-color":"","overlay-opacity":"","overlay-gradient":""},"mobile":{"background-color":"var(--ast-global-color-4)","background-image":"","background-repeat":"repeat","background-position":"center center","background-size":"auto","background-attachment":"scroll","background-type":"","background-media":"","overlay-type":"","overlay-color":"","overlay-opacity":"","overlay-gradient":""}},"footnotes":""},"categories":[20,1],"tags":[],"class_list":["post-7521","post","type-post","status-publish","format-standard","has-post-thumbnail","hentry","category-international","category-football-latest-news"],"yoast_head":"<!-- This site is optimized with the Yoast SEO Premium plugin v26.6 (Yoast SEO v27.4) - https:\/\/yoast.com\/product\/yoast-seo-premium-wordpress\/ -->\n<title>Arsenal confirm Ethan Nwaneri loan transfer to Marseille - Bladna News<\/title>\n<meta name=\"robots\" content=\"index, follow, max-snippet:-1, max-image-preview:large, max-video-preview:-1\" \/>\n<link rel=\"canonical\" href=\"https:\/\/bladnanews.com\/fr\/arsenal-confirme-le-pret-dethan-nwaneri-a-marseille\/\" \/>\n<meta property=\"og:locale\" content=\"fr_FR\" \/>\n<meta property=\"og:type\" content=\"article\" \/>\n<meta property=\"og:title\" content=\"Arsenal confirm Ethan Nwaneri loan transfer to Marseille\" \/>\n<meta property=\"og:description\" content=\"Arsenal have confirmed that Ethan Nwaneri has completed a loan move to Marseille, with the teenage midfielder leaving the Emirates [&hellip;]\" \/>\n<meta property=\"og:url\" content=\"https:\/\/bladnanews.com\/fr\/arsenal-confirme-le-pret-dethan-nwaneri-a-marseille\/\" \/>\n<meta property=\"og:site_name\" content=\"Bladna News\" \/>\n<meta property=\"article:published_time\" content=\"2026-01-23T15:53:47+00:00\" \/>\n<meta property=\"og:image\" content=\"https:\/\/bladnanews.com\/wp-content\/uploads\/2025\/12\/freepik__bladna-newscom-moroccan-soccer-homepage-banner-mor__41838.png\" \/>\n\t<meta property=\"og:image:width\" content=\"1312\" \/>\n\t<meta property=\"og:image:height\" content=\"736\" \/>\n\t<meta property=\"og:image:type\" content=\"image\/png\" \/>\n<meta name=\"author\" content=\"Bladna News Staff\" \/>\n<meta name=\"twitter:card\" content=\"summary_large_image\" \/>\n<meta name=\"twitter:label1\" content=\"\u00c9crit par\" \/>\n\t<meta name=\"twitter:data1\" content=\"Bladna News Staff\" \/>\n\t<meta name=\"twitter:label2\" content=\"Dur\u00e9e de lecture estim\u00e9e\" \/>\n\t<meta name=\"twitter:data2\" content=\"1 minute\" \/>\n<script type=\"application\/ld+json\" class=\"yoast-schema-graph\">{\"@context\":\"https:\\\/\\\/schema.org\",\"@graph\":[{\"@type\":\"Article\",\"@id\":\"https:\\\/\\\/bladnanews.com\\\/arsenal-confirm-ethan-nwaneri-loan-transfer-to-marseille\\\/#article\",\"isPartOf\":{\"@id\":\"https:\\\/\\\/bladnanews.com\\\/arsenal-confirm-ethan-nwaneri-loan-transfer-to-marseille\\\/\"},\"author\":{\"name\":\"Bladna News Staff\",\"@id\":\"https:\\\/\\\/mediumseagreen-eel-531711.hostingersite.com\\\/#\\\/schema\\\/person\\\/268e18a453ab080ebf76df6ef7845083\"},\"headline\":\"Arsenal confirm Ethan Nwaneri loan transfer to Marseille\",\"datePublished\":\"2026-01-23T15:53:47+00:00\",\"mainEntityOfPage\":{\"@id\":\"https:\\\/\\\/bladnanews.com\\\/arsenal-confirm-ethan-nwaneri-loan-transfer-to-marseille\\\/\"},\"wordCount\":216,\"publisher\":{\"@id\":\"https:\\\/\\\/mediumseagreen-eel-531711.hostingersite.com\\\/#organization\"},\"image\":{\"@id\":\"https:\\\/\\\/bladnanews.com\\\/arsenal-confirm-ethan-nwaneri-loan-transfer-to-marseille\\\/#primaryimage\"},\"thumbnailUrl\":\"https:\\\/\\\/bladnanews.com\\\/wp-content\\\/uploads\\\/2026\\\/01\\\/BladnaNews-Arsenal-confirm-Ethan-Nwaneri-loan-transfer-to-Marseille-2026-01-24T091026.591Z-scaled.jpg\",\"articleSection\":[\"International\",\"Latest News\"],\"inLanguage\":\"fr-FR\",\"copyrightYear\":\"2026\",\"copyrightHolder\":{\"@id\":\"https:\\\/\\\/bladnanews.com\\\/fr\\\/#organization\"}},{\"@type\":\"WebPage\",\"@id\":\"https:\\\/\\\/bladnanews.com\\\/arsenal-confirm-ethan-nwaneri-loan-transfer-to-marseille\\\/\",\"url\":\"https:\\\/\\\/bladnanews.com\\\/arsenal-confirm-ethan-nwaneri-loan-transfer-to-marseille\\\/\",\"name\":\"Arsenal confirm Ethan Nwaneri loan transfer to Marseille - Bladna News\",\"isPartOf\":{\"@id\":\"https:\\\/\\\/mediumseagreen-eel-531711.hostingersite.com\\\/#website\"},\"primaryImageOfPage\":{\"@id\":\"https:\\\/\\\/bladnanews.com\\\/arsenal-confirm-ethan-nwaneri-loan-transfer-to-marseille\\\/#primaryimage\"},\"image\":{\"@id\":\"https:\\\/\\\/bladnanews.com\\\/arsenal-confirm-ethan-nwaneri-loan-transfer-to-marseille\\\/#primaryimage\"},\"thumbnailUrl\":\"https:\\\/\\\/bladnanews.com\\\/wp-content\\\/uploads\\\/2026\\\/01\\\/BladnaNews-Arsenal-confirm-Ethan-Nwaneri-loan-transfer-to-Marseille-2026-01-24T091026.591Z-scaled.jpg\",\"datePublished\":\"2026-01-23T15:53:47+00:00\",\"breadcrumb\":{\"@id\":\"https:\\\/\\\/bladnanews.com\\\/arsenal-confirm-ethan-nwaneri-loan-transfer-to-marseille\\\/#breadcrumb\"},\"inLanguage\":\"fr-FR\",\"potentialAction\":[{\"@type\":\"ReadAction\",\"target\":[\"https:\\\/\\\/bladnanews.com\\\/arsenal-confirm-ethan-nwaneri-loan-transfer-to-marseille\\\/\"]}]},{\"@type\":\"ImageObject\",\"inLanguage\":\"fr-FR\",\"@id\":\"https:\\\/\\\/bladnanews.com\\\/arsenal-confirm-ethan-nwaneri-loan-transfer-to-marseille\\\/#primaryimage\",\"url\":\"https:\\\/\\\/bladnanews.com\\\/wp-content\\\/uploads\\\/2026\\\/01\\\/BladnaNews-Arsenal-confirm-Ethan-Nwaneri-loan-transfer-to-Marseille-2026-01-24T091026.591Z-scaled.jpg\",\"contentUrl\":\"https:\\\/\\\/bladnanews.com\\\/wp-content\\\/uploads\\\/2026\\\/01\\\/BladnaNews-Arsenal-confirm-Ethan-Nwaneri-loan-transfer-to-Marseille-2026-01-24T091026.591Z-scaled.jpg\",\"width\":2560,\"height\":1440,\"caption\":\"Ethan Nwaneri in Arsenal's red and white kit, looking focused on the pitch during a match, with a Carabao Cup badge visible.\"},{\"@type\":\"BreadcrumbList\",\"@id\":\"https:\\\/\\\/bladnanews.com\\\/arsenal-confirm-ethan-nwaneri-loan-transfer-to-marseille\\\/#breadcrumb\",\"itemListElement\":[{\"@type\":\"ListItem\",\"position\":1,\"name\":\"Home\",\"item\":\"https:\\\/\\\/bladnanews.com\\\/\"},{\"@type\":\"ListItem\",\"position\":2,\"name\":\"Arsenal confirm Ethan Nwaneri loan transfer to Marseille\"}]},{\"@type\":\"WebSite\",\"@id\":\"https:\\\/\\\/mediumseagreen-eel-531711.hostingersite.com\\\/#website\",\"url\":\"https:\\\/\\\/mediumseagreen-eel-531711.hostingersite.com\\\/\",\"name\":\"Bladna News - Morocco\",\"description\":\"Where Moroccan Football Meets the World\",\"publisher\":{\"@id\":\"https:\\\/\\\/mediumseagreen-eel-531711.hostingersite.com\\\/#organization\"},\"potentialAction\":[{\"@type\":\"SearchAction\",\"target\":{\"@type\":\"EntryPoint\",\"urlTemplate\":\"https:\\\/\\\/mediumseagreen-eel-531711.hostingersite.com\\\/?s={search_term_string}\"},\"query-input\":{\"@type\":\"PropertyValueSpecification\",\"valueRequired\":true,\"valueName\":\"search_term_string\"}}],\"inLanguage\":\"fr-FR\"},{\"@type\":\"Organization\",\"@id\":\"https:\\\/\\\/mediumseagreen-eel-531711.hostingersite.com\\\/#organization\",\"name\":\"Bladna News.com\",\"url\":\"https:\\\/\\\/mediumseagreen-eel-531711.hostingersite.com\\\/\",\"logo\":{\"@type\":\"ImageObject\",\"inLanguage\":\"fr-FR\",\"@id\":\"https:\\\/\\\/mediumseagreen-eel-531711.hostingersite.com\\\/#\\\/schema\\\/logo\\\/image\\\/\",\"url\":\"https:\\\/\\\/bladnanews.com\\\/wp-content\\\/uploads\\\/2025\\\/12\\\/logo-bladnanews-V2-web-black-red.png\",\"contentUrl\":\"https:\\\/\\\/bladnanews.com\\\/wp-content\\\/uploads\\\/2025\\\/12\\\/logo-bladnanews-V2-web-black-red.png\",\"width\":703,\"height\":287,\"caption\":\"Bladna News.com\"},\"image\":{\"@id\":\"https:\\\/\\\/mediumseagreen-eel-531711.hostingersite.com\\\/#\\\/schema\\\/logo\\\/image\\\/\"},\"email\":\"info@bladnanews.com\",\"legalName\":\"Bladna News\"},{\"@type\":\"Person\",\"@id\":\"https:\\\/\\\/mediumseagreen-eel-531711.hostingersite.com\\\/#\\\/schema\\\/person\\\/268e18a453ab080ebf76df6ef7845083\",\"name\":\"Bladna News Staff\",\"url\":\"https:\\\/\\\/bladnanews.com\\\/fr\\\/author\\\/bladna-news-staff\\\/\"}]}<\/script>\n<!-- \/ Yoast SEO Premium plugin. -->","yoast_head_json":{"title":"Arsenal confirme le pr\u00eat d'Ethan Nwaneri \u00e0 Marseille - Bladna News","robots":{"index":"index","follow":"follow","max-snippet":"max-snippet:-1","max-image-preview":"max-image-preview:large","max-video-preview":"max-video-preview:-1"},"canonical":"https:\/\/bladnanews.com\/fr\/arsenal-confirme-le-pret-dethan-nwaneri-a-marseille\/","og_locale":"fr_FR","og_type":"article","og_title":"Arsenal confirm Ethan Nwaneri loan transfer to Marseille","og_description":"Arsenal have confirmed that Ethan Nwaneri has completed a loan move to Marseille, with the teenage midfielder leaving the Emirates [&hellip;]","og_url":"https:\/\/bladnanews.com\/fr\/arsenal-confirme-le-pret-dethan-nwaneri-a-marseille\/","og_site_name":"Bladna News","article_published_time":"2026-01-23T15:53:47+00:00","og_image":[{"width":1312,"height":736,"url":"https:\/\/bladnanews.com\/wp-content\/uploads\/2025\/12\/freepik__bladna-newscom-moroccan-soccer-homepage-banner-mor__41838.png","type":"image\/png"}],"author":"Bladna News Staff","twitter_card":"summary_large_image","twitter_misc":{"\u00c9crit par":"Bladna News Staff","Dur\u00e9e de lecture estim\u00e9e":"1 minute"},"schema":{"@context":"https:\/\/schema.org","@graph":[{"@type":"Article","@id":"https:\/\/bladnanews.com\/arsenal-confirm-ethan-nwaneri-loan-transfer-to-marseille\/#article","isPartOf":{"@id":"https:\/\/bladnanews.com\/arsenal-confirm-ethan-nwaneri-loan-transfer-to-marseille\/"},"author":{"name":"Bladna News Staff","@id":"https:\/\/mediumseagreen-eel-531711.hostingersite.com\/#\/schema\/person\/268e18a453ab080ebf76df6ef7845083"},"headline":"Arsenal confirm Ethan Nwaneri loan transfer to Marseille","datePublished":"2026-01-23T15:53:47+00:00","mainEntityOfPage":{"@id":"https:\/\/bladnanews.com\/arsenal-confirm-ethan-nwaneri-loan-transfer-to-marseille\/"},"wordCount":216,"publisher":{"@id":"https:\/\/mediumseagreen-eel-531711.hostingersite.com\/#organization"},"image":{"@id":"https:\/\/bladnanews.com\/arsenal-confirm-ethan-nwaneri-loan-transfer-to-marseille\/#primaryimage"},"thumbnailUrl":"https:\/\/bladnanews.com\/wp-content\/uploads\/2026\/01\/BladnaNews-Arsenal-confirm-Ethan-Nwaneri-loan-transfer-to-Marseille-2026-01-24T091026.591Z-scaled.jpg","articleSection":["International","Latest News"],"inLanguage":"fr-FR","copyrightYear":"2026","copyrightHolder":{"@id":"https:\/\/bladnanews.com\/fr\/#organization"}},{"@type":"WebPage","@id":"https:\/\/bladnanews.com\/arsenal-confirm-ethan-nwaneri-loan-transfer-to-marseille\/","url":"https:\/\/bladnanews.com\/arsenal-confirm-ethan-nwaneri-loan-transfer-to-marseille\/","name":"Arsenal confirme le pr\u00eat d'Ethan Nwaneri \u00e0 Marseille - Bladna News","isPartOf":{"@id":"https:\/\/mediumseagreen-eel-531711.hostingersite.com\/#website"},"primaryImageOfPage":{"@id":"https:\/\/bladnanews.com\/arsenal-confirm-ethan-nwaneri-loan-transfer-to-marseille\/#primaryimage"},"image":{"@id":"https:\/\/bladnanews.com\/arsenal-confirm-ethan-nwaneri-loan-transfer-to-marseille\/#primaryimage"},"thumbnailUrl":"https:\/\/bladnanews.com\/wp-content\/uploads\/2026\/01\/BladnaNews-Arsenal-confirm-Ethan-Nwaneri-loan-transfer-to-Marseille-2026-01-24T091026.591Z-scaled.jpg","datePublished":"2026-01-23T15:53:47+00:00","breadcrumb":{"@id":"https:\/\/bladnanews.com\/arsenal-confirm-ethan-nwaneri-loan-transfer-to-marseille\/#breadcrumb"},"inLanguage":"fr-FR","potentialAction":[{"@type":"ReadAction","target":["https:\/\/bladnanews.com\/arsenal-confirm-ethan-nwaneri-loan-transfer-to-marseille\/"]}]},{"@type":"ImageObject","inLanguage":"fr-FR","@id":"https:\/\/bladnanews.com\/arsenal-confirm-ethan-nwaneri-loan-transfer-to-marseille\/#primaryimage","url":"https:\/\/bladnanews.com\/wp-content\/uploads\/2026\/01\/BladnaNews-Arsenal-confirm-Ethan-Nwaneri-loan-transfer-to-Marseille-2026-01-24T091026.591Z-scaled.jpg","contentUrl":"https:\/\/bladnanews.com\/wp-content\/uploads\/2026\/01\/BladnaNews-Arsenal-confirm-Ethan-Nwaneri-loan-transfer-to-Marseille-2026-01-24T091026.591Z-scaled.jpg","width":2560,"height":1440,"caption":"Ethan Nwaneri in Arsenal's red and white kit, looking focused on the pitch during a match, with a Carabao Cup badge visible."},{"@type":"BreadcrumbList","@id":"https:\/\/bladnanews.com\/arsenal-confirm-ethan-nwaneri-loan-transfer-to-marseille\/#breadcrumb","itemListElement":[{"@type":"ListItem","position":1,"name":"Home","item":"https:\/\/bladnanews.com\/"},{"@type":"ListItem","position":2,"name":"Arsenal confirm Ethan Nwaneri loan transfer to Marseille"}]},{"@type":"WebSite","@id":"https:\/\/mediumseagreen-eel-531711.hostingersite.com\/#website","url":"https:\/\/mediumseagreen-eel-531711.hostingersite.com\/","name":"Bladna News - Maroc","description":"Quand le football marocain rencontre le monde","publisher":{"@id":"https:\/\/mediumseagreen-eel-531711.hostingersite.com\/#organization"},"potentialAction":[{"@type":"SearchAction","target":{"@type":"EntryPoint","urlTemplate":"https:\/\/mediumseagreen-eel-531711.hostingersite.com\/?s={search_term_string}"},"query-input":{"@type":"PropertyValueSpecification","valueRequired":true,"valueName":"search_term_string"}}],"inLanguage":"fr-FR"},{"@type":"Organization","@id":"https:\/\/mediumseagreen-eel-531711.hostingersite.com\/#organization","name":"Bladna News.com","url":"https:\/\/mediumseagreen-eel-531711.hostingersite.com\/","logo":{"@type":"ImageObject","inLanguage":"fr-FR","@id":"https:\/\/mediumseagreen-eel-531711.hostingersite.com\/#\/schema\/logo\/image\/","url":"https:\/\/bladnanews.com\/wp-content\/uploads\/2025\/12\/logo-bladnanews-V2-web-black-red.png","contentUrl":"https:\/\/bladnanews.com\/wp-content\/uploads\/2025\/12\/logo-bladnanews-V2-web-black-red.png","width":703,"height":287,"caption":"Bladna News.com"},"image":{"@id":"https:\/\/mediumseagreen-eel-531711.hostingersite.com\/#\/schema\/logo\/image\/"},"email":"info@bladnanews.com","legalName":"Bladna News"},{"@type":"Person","@id":"https:\/\/mediumseagreen-eel-531711.hostingersite.com\/#\/schema\/person\/268e18a453ab080ebf76df6ef7845083","name":"\u00c9quipe r\u00e9dactionnelle de Bladna News","url":"https:\/\/bladnanews.com\/fr\/author\/bladna-news-staff\/"}]}},"_links":{"self":[{"href":"https:\/\/bladnanews.com\/fr\/wp-json\/wp\/v2\/posts\/7521","targetHints":{"allow":["GET"]}}],"collection":[{"href":"https:\/\/bladnanews.com\/fr\/wp-json\/wp\/v2\/posts"}],"about":[{"href":"https:\/\/bladnanews.com\/fr\/wp-json\/wp\/v2\/types\/post"}],"author":[{"embeddable":true,"href":"https:\/\/bladnanews.com\/fr\/wp-json\/wp\/v2\/users\/3"}],"replies":[{"embeddable":true,"href":"https:\/\/bladnanews.com\/fr\/wp-json\/wp\/v2\/comments?post=7521"}],"version-history":[{"count":0,"href":"https:\/\/bladnanews.com\/fr\/wp-json\/wp\/v2\/posts\/7521\/revisions"}],"wp:featuredmedia":[{"embeddable":true,"href":"https:\/\/bladnanews.com\/fr\/wp-json\/wp\/v2\/media\/7520"}],"wp:attachment":[{"href":"https:\/\/bladnanews.com\/fr\/wp-json\/wp\/v2\/media?parent=7521"}],"wp:term":[{"taxonomy":"category","embeddable":true,"href":"https:\/\/bladnanews.com\/fr\/wp-json\/wp\/v2\/categories?post=7521"},{"taxonomy":"post_tag","embeddable":true,"href":"https:\/\/bladnanews.com\/fr\/wp-json\/wp\/v2\/tags?post=7521"}],"curies":[{"name":"wp","href":"https:\/\/api.w.org\/{rel}","templated":true}]}}