{"id":7539,"date":"2026-01-23T17:13:43","date_gmt":"2026-01-23T17:13:43","guid":{"rendered":"https:\/\/bladnanews.com\/michael-carrick-reveals-his-role-in-man-utd-releasing-casemiro\/"},"modified":"2026-01-23T17:13:43","modified_gmt":"2026-01-23T17:13:43","slug":"michael-carrick-revele-son-role-dans-le-depart-de-casemiro-de-manchester-united","status":"publish","type":"post","link":"https:\/\/bladnanews.com\/fr\/michael-carrick-revele-son-role-dans-le-depart-de-casemiro-de-manchester-united\/","title":{"rendered":"Michael Carrick r\u00e9v\u00e8le son r\u00f4le dans la lib\u00e9ration de Casemiro par Manchester United."},"content":{"rendered":"<p>Michael Carrick a r\u00e9v\u00e9l\u00e9 le r\u00f4le qu'il a jou\u00e9 dans la d\u00e9cision de Manchester United de laisser partir Casemiro, le Br\u00e9silien \u00e9tant \u201c d\u00e9sireux \u201d de s'assurer que son passage \u00e0 Old Trafford se termine en bonne et due forme.<\/p>\n<p>\u00c9voquant la situation, Carrick a expliqu\u00e9 qu'il avait particip\u00e9 aux conversations ayant conduit United \u00e0 choisir de lib\u00e9rer Casemiro, alors que l'avenir du milieu de terrain se pr\u00e9cisait en coulisses.<\/p>\n<p>Carrick a \u00e9galement partag\u00e9 que Casemiro tenait \u00e0 bien conclure sa carri\u00e8re \u00e0 United, soulignant la d\u00e9termination du joueur \u00e0 partir en laissant une derni\u00e8re impression positive malgr\u00e9 les circonstances entourant son d\u00e9part.<\/p>\n<p>L'ancien milieu de terrain de United, qui conna\u00eet les exigences du club, a mis en avant le respect que Casemiro porte au maillot et l'importance qu'il accordait \u00e0 clore son chapitre de mani\u00e8re appropri\u00e9e.<\/p>\n<p>Le d\u00e9part de Casemiro marque la fin d'un chapitre important \u00e0 Old Trafford, les commentaires de Carrick offrant un aper\u00e7u rare de la gestion de cette d\u00e9cision et de l'\u00e9tat d'esprit du joueur alors qu'il tournait la page.<\/p>","protected":false},"excerpt":{"rendered":"<p>Michael Carrick has revealed the role he played in Manchester United\u2019s decision to allow Casemiro to leave the club, with [&hellip;]<\/p>\n","protected":false},"author":3,"featured_media":7538,"comment_status":"","ping_status":"open","sticky":false,"template":"","format":"standard","meta":{"googlesitekit_rrm_CAow_uzEDA:productID":"","site-sidebar-layout":"default","site-content-layout":"","ast-site-content-layout":"default","site-content-style":"default","site-sidebar-style":"default","ast-global-header-display":"","ast-banner-title-visibility":"","ast-main-header-display":"","ast-hfb-above-header-display":"","ast-hfb-below-header-display":"","ast-hfb-mobile-header-display":"","site-post-title":"","ast-breadcrumbs-content":"","ast-featured-img":"","footer-sml-layout":"","ast-disable-related-posts":"","theme-transparent-header-meta":"","adv-header-id-meta":"","stick-header-meta":"","header-above-stick-meta":"","header-main-stick-meta":"","header-below-stick-meta":"","astra-migrate-meta-layouts":"default","ast-page-background-enabled":"default","ast-page-background-meta":{"desktop":{"background-color":"var(--ast-global-color-5)","background-image":"","background-repeat":"repeat","background-position":"center center","background-size":"auto","background-attachment":"scroll","background-type":"","background-media":"","overlay-type":"","overlay-color":"","overlay-opacity":"","overlay-gradient":""},"tablet":{"background-color":"","background-image":"","background-repeat":"repeat","background-position":"center center","background-size":"auto","background-attachment":"scroll","background-type":"","background-media":"","overlay-type":"","overlay-color":"","overlay-opacity":"","overlay-gradient":""},"mobile":{"background-color":"","background-image":"","background-repeat":"repeat","background-position":"center center","background-size":"auto","background-attachment":"scroll","background-type":"","background-media":"","overlay-type":"","overlay-color":"","overlay-opacity":"","overlay-gradient":""}},"ast-content-background-meta":{"desktop":{"background-color":"var(--ast-global-color-4)","background-image":"","background-repeat":"repeat","background-position":"center center","background-size":"auto","background-attachment":"scroll","background-type":"","background-media":"","overlay-type":"","overlay-color":"","overlay-opacity":"","overlay-gradient":""},"tablet":{"background-color":"var(--ast-global-color-4)","background-image":"","background-repeat":"repeat","background-position":"center center","background-size":"auto","background-attachment":"scroll","background-type":"","background-media":"","overlay-type":"","overlay-color":"","overlay-opacity":"","overlay-gradient":""},"mobile":{"background-color":"var(--ast-global-color-4)","background-image":"","background-repeat":"repeat","background-position":"center center","background-size":"auto","background-attachment":"scroll","background-type":"","background-media":"","overlay-type":"","overlay-color":"","overlay-opacity":"","overlay-gradient":""}},"footnotes":""},"categories":[20,1],"tags":[],"class_list":["post-7539","post","type-post","status-publish","format-standard","has-post-thumbnail","hentry","category-international","category-football-latest-news"],"yoast_head":"<!-- This site is optimized with the Yoast SEO Premium plugin v26.6 (Yoast SEO v27.4) - https:\/\/yoast.com\/product\/yoast-seo-premium-wordpress\/ -->\n<title>Michael Carrick reveals his role in Man Utd releasing Casemiro - Bladna News<\/title>\n<meta name=\"robots\" content=\"index, follow, max-snippet:-1, max-image-preview:large, max-video-preview:-1\" \/>\n<link rel=\"canonical\" href=\"https:\/\/bladnanews.com\/fr\/michael-carrick-revele-son-role-dans-le-depart-de-casemiro-de-manchester-united\/\" \/>\n<meta property=\"og:locale\" content=\"fr_FR\" \/>\n<meta property=\"og:type\" content=\"article\" \/>\n<meta property=\"og:title\" content=\"Michael Carrick reveals his role in Man Utd releasing Casemiro\" \/>\n<meta property=\"og:description\" content=\"Michael Carrick has revealed the role he played in Manchester United\u2019s decision to allow Casemiro to leave the club, with [&hellip;]\" \/>\n<meta property=\"og:url\" content=\"https:\/\/bladnanews.com\/fr\/michael-carrick-revele-son-role-dans-le-depart-de-casemiro-de-manchester-united\/\" \/>\n<meta property=\"og:site_name\" content=\"Bladna News\" \/>\n<meta property=\"article:published_time\" content=\"2026-01-23T17:13:43+00:00\" \/>\n<meta property=\"og:image\" content=\"https:\/\/bladnanews.com\/wp-content\/uploads\/2025\/12\/freepik__bladna-newscom-moroccan-soccer-homepage-banner-mor__41838.png\" \/>\n\t<meta property=\"og:image:width\" content=\"1312\" \/>\n\t<meta property=\"og:image:height\" content=\"736\" \/>\n\t<meta property=\"og:image:type\" content=\"image\/png\" \/>\n<meta name=\"author\" content=\"Bladna News Staff\" \/>\n<meta name=\"twitter:card\" content=\"summary_large_image\" \/>\n<meta name=\"twitter:label1\" content=\"\u00c9crit par\" \/>\n\t<meta name=\"twitter:data1\" content=\"Bladna News Staff\" \/>\n\t<meta name=\"twitter:label2\" content=\"Dur\u00e9e de lecture estim\u00e9e\" \/>\n\t<meta name=\"twitter:data2\" content=\"1 minute\" \/>\n<script type=\"application\/ld+json\" class=\"yoast-schema-graph\">{\"@context\":\"https:\\\/\\\/schema.org\",\"@graph\":[{\"@type\":\"Article\",\"@id\":\"https:\\\/\\\/bladnanews.com\\\/michael-carrick-reveals-his-role-in-man-utd-releasing-casemiro\\\/#article\",\"isPartOf\":{\"@id\":\"https:\\\/\\\/bladnanews.com\\\/michael-carrick-reveals-his-role-in-man-utd-releasing-casemiro\\\/\"},\"author\":{\"name\":\"Bladna News Staff\",\"@id\":\"https:\\\/\\\/mediumseagreen-eel-531711.hostingersite.com\\\/#\\\/schema\\\/person\\\/268e18a453ab080ebf76df6ef7845083\"},\"headline\":\"Michael Carrick reveals his role in Man Utd releasing Casemiro\",\"datePublished\":\"2026-01-23T17:13:43+00:00\",\"mainEntityOfPage\":{\"@id\":\"https:\\\/\\\/bladnanews.com\\\/michael-carrick-reveals-his-role-in-man-utd-releasing-casemiro\\\/\"},\"wordCount\":177,\"publisher\":{\"@id\":\"https:\\\/\\\/mediumseagreen-eel-531711.hostingersite.com\\\/#organization\"},\"image\":{\"@id\":\"https:\\\/\\\/bladnanews.com\\\/michael-carrick-reveals-his-role-in-man-utd-releasing-casemiro\\\/#primaryimage\"},\"thumbnailUrl\":\"https:\\\/\\\/bladnanews.com\\\/wp-content\\\/uploads\\\/2026\\\/01\\\/BladnaNews-Michael-Carrick-reveals-his-role-in-Man-Utd-releasing-Casemiro-2026-01-24T130929.584Z.jpg\",\"articleSection\":[\"International\",\"Latest News\"],\"inLanguage\":\"fr-FR\",\"copyrightYear\":\"2026\",\"copyrightHolder\":{\"@id\":\"https:\\\/\\\/bladnanews.com\\\/fr\\\/#organization\"}},{\"@type\":\"WebPage\",\"@id\":\"https:\\\/\\\/bladnanews.com\\\/michael-carrick-reveals-his-role-in-man-utd-releasing-casemiro\\\/\",\"url\":\"https:\\\/\\\/bladnanews.com\\\/michael-carrick-reveals-his-role-in-man-utd-releasing-casemiro\\\/\",\"name\":\"Michael Carrick reveals his role in Man Utd releasing Casemiro - Bladna News\",\"isPartOf\":{\"@id\":\"https:\\\/\\\/mediumseagreen-eel-531711.hostingersite.com\\\/#website\"},\"primaryImageOfPage\":{\"@id\":\"https:\\\/\\\/bladnanews.com\\\/michael-carrick-reveals-his-role-in-man-utd-releasing-casemiro\\\/#primaryimage\"},\"image\":{\"@id\":\"https:\\\/\\\/bladnanews.com\\\/michael-carrick-reveals-his-role-in-man-utd-releasing-casemiro\\\/#primaryimage\"},\"thumbnailUrl\":\"https:\\\/\\\/bladnanews.com\\\/wp-content\\\/uploads\\\/2026\\\/01\\\/BladnaNews-Michael-Carrick-reveals-his-role-in-Man-Utd-releasing-Casemiro-2026-01-24T130929.584Z.jpg\",\"datePublished\":\"2026-01-23T17:13:43+00:00\",\"breadcrumb\":{\"@id\":\"https:\\\/\\\/bladnanews.com\\\/michael-carrick-reveals-his-role-in-man-utd-releasing-casemiro\\\/#breadcrumb\"},\"inLanguage\":\"fr-FR\",\"potentialAction\":[{\"@type\":\"ReadAction\",\"target\":[\"https:\\\/\\\/bladnanews.com\\\/michael-carrick-reveals-his-role-in-man-utd-releasing-casemiro\\\/\"]}]},{\"@type\":\"ImageObject\",\"inLanguage\":\"fr-FR\",\"@id\":\"https:\\\/\\\/bladnanews.com\\\/michael-carrick-reveals-his-role-in-man-utd-releasing-casemiro\\\/#primaryimage\",\"url\":\"https:\\\/\\\/bladnanews.com\\\/wp-content\\\/uploads\\\/2026\\\/01\\\/BladnaNews-Michael-Carrick-reveals-his-role-in-Man-Utd-releasing-Casemiro-2026-01-24T130929.584Z.jpg\",\"contentUrl\":\"https:\\\/\\\/bladnanews.com\\\/wp-content\\\/uploads\\\/2026\\\/01\\\/BladnaNews-Michael-Carrick-reveals-his-role-in-Man-Utd-releasing-Casemiro-2026-01-24T130929.584Z.jpg\",\"width\":1920,\"height\":1080,\"caption\":\"Michael Carrick clapping in a dark coat alongside Casemiro in a red Manchester United kit during a match, displaying team spirit.\"},{\"@type\":\"BreadcrumbList\",\"@id\":\"https:\\\/\\\/bladnanews.com\\\/michael-carrick-reveals-his-role-in-man-utd-releasing-casemiro\\\/#breadcrumb\",\"itemListElement\":[{\"@type\":\"ListItem\",\"position\":1,\"name\":\"Home\",\"item\":\"https:\\\/\\\/bladnanews.com\\\/\"},{\"@type\":\"ListItem\",\"position\":2,\"name\":\"Michael Carrick reveals his role in Man Utd releasing Casemiro\"}]},{\"@type\":\"WebSite\",\"@id\":\"https:\\\/\\\/mediumseagreen-eel-531711.hostingersite.com\\\/#website\",\"url\":\"https:\\\/\\\/mediumseagreen-eel-531711.hostingersite.com\\\/\",\"name\":\"Bladna News - Morocco\",\"description\":\"Where Moroccan Football Meets the World\",\"publisher\":{\"@id\":\"https:\\\/\\\/mediumseagreen-eel-531711.hostingersite.com\\\/#organization\"},\"potentialAction\":[{\"@type\":\"SearchAction\",\"target\":{\"@type\":\"EntryPoint\",\"urlTemplate\":\"https:\\\/\\\/mediumseagreen-eel-531711.hostingersite.com\\\/?s={search_term_string}\"},\"query-input\":{\"@type\":\"PropertyValueSpecification\",\"valueRequired\":true,\"valueName\":\"search_term_string\"}}],\"inLanguage\":\"fr-FR\"},{\"@type\":\"Organization\",\"@id\":\"https:\\\/\\\/mediumseagreen-eel-531711.hostingersite.com\\\/#organization\",\"name\":\"Bladna News.com\",\"url\":\"https:\\\/\\\/mediumseagreen-eel-531711.hostingersite.com\\\/\",\"logo\":{\"@type\":\"ImageObject\",\"inLanguage\":\"fr-FR\",\"@id\":\"https:\\\/\\\/mediumseagreen-eel-531711.hostingersite.com\\\/#\\\/schema\\\/logo\\\/image\\\/\",\"url\":\"https:\\\/\\\/bladnanews.com\\\/wp-content\\\/uploads\\\/2025\\\/12\\\/logo-bladnanews-V2-web-black-red.png\",\"contentUrl\":\"https:\\\/\\\/bladnanews.com\\\/wp-content\\\/uploads\\\/2025\\\/12\\\/logo-bladnanews-V2-web-black-red.png\",\"width\":703,\"height\":287,\"caption\":\"Bladna News.com\"},\"image\":{\"@id\":\"https:\\\/\\\/mediumseagreen-eel-531711.hostingersite.com\\\/#\\\/schema\\\/logo\\\/image\\\/\"},\"email\":\"info@bladnanews.com\",\"legalName\":\"Bladna News\"},{\"@type\":\"Person\",\"@id\":\"https:\\\/\\\/mediumseagreen-eel-531711.hostingersite.com\\\/#\\\/schema\\\/person\\\/268e18a453ab080ebf76df6ef7845083\",\"name\":\"Bladna News Staff\",\"url\":\"https:\\\/\\\/bladnanews.com\\\/fr\\\/author\\\/bladna-news-staff\\\/\"}]}<\/script>\n<!-- \/ Yoast SEO Premium plugin. -->","yoast_head_json":{"title":"Michael Carrick r\u00e9v\u00e8le son r\u00f4le dans la lib\u00e9ration de Casemiro par Manchester United - Bladna News","robots":{"index":"index","follow":"follow","max-snippet":"max-snippet:-1","max-image-preview":"max-image-preview:large","max-video-preview":"max-video-preview:-1"},"canonical":"https:\/\/bladnanews.com\/fr\/michael-carrick-revele-son-role-dans-le-depart-de-casemiro-de-manchester-united\/","og_locale":"fr_FR","og_type":"article","og_title":"Michael Carrick reveals his role in Man Utd releasing Casemiro","og_description":"Michael Carrick has revealed the role he played in Manchester United\u2019s decision to allow Casemiro to leave the club, with [&hellip;]","og_url":"https:\/\/bladnanews.com\/fr\/michael-carrick-revele-son-role-dans-le-depart-de-casemiro-de-manchester-united\/","og_site_name":"Bladna News","article_published_time":"2026-01-23T17:13:43+00:00","og_image":[{"width":1312,"height":736,"url":"https:\/\/bladnanews.com\/wp-content\/uploads\/2025\/12\/freepik__bladna-newscom-moroccan-soccer-homepage-banner-mor__41838.png","type":"image\/png"}],"author":"Bladna News Staff","twitter_card":"summary_large_image","twitter_misc":{"\u00c9crit par":"Bladna News Staff","Dur\u00e9e de lecture estim\u00e9e":"1 minute"},"schema":{"@context":"https:\/\/schema.org","@graph":[{"@type":"Article","@id":"https:\/\/bladnanews.com\/michael-carrick-reveals-his-role-in-man-utd-releasing-casemiro\/#article","isPartOf":{"@id":"https:\/\/bladnanews.com\/michael-carrick-reveals-his-role-in-man-utd-releasing-casemiro\/"},"author":{"name":"Bladna News Staff","@id":"https:\/\/mediumseagreen-eel-531711.hostingersite.com\/#\/schema\/person\/268e18a453ab080ebf76df6ef7845083"},"headline":"Michael Carrick reveals his role in Man Utd releasing Casemiro","datePublished":"2026-01-23T17:13:43+00:00","mainEntityOfPage":{"@id":"https:\/\/bladnanews.com\/michael-carrick-reveals-his-role-in-man-utd-releasing-casemiro\/"},"wordCount":177,"publisher":{"@id":"https:\/\/mediumseagreen-eel-531711.hostingersite.com\/#organization"},"image":{"@id":"https:\/\/bladnanews.com\/michael-carrick-reveals-his-role-in-man-utd-releasing-casemiro\/#primaryimage"},"thumbnailUrl":"https:\/\/bladnanews.com\/wp-content\/uploads\/2026\/01\/BladnaNews-Michael-Carrick-reveals-his-role-in-Man-Utd-releasing-Casemiro-2026-01-24T130929.584Z.jpg","articleSection":["International","Latest News"],"inLanguage":"fr-FR","copyrightYear":"2026","copyrightHolder":{"@id":"https:\/\/bladnanews.com\/fr\/#organization"}},{"@type":"WebPage","@id":"https:\/\/bladnanews.com\/michael-carrick-reveals-his-role-in-man-utd-releasing-casemiro\/","url":"https:\/\/bladnanews.com\/michael-carrick-reveals-his-role-in-man-utd-releasing-casemiro\/","name":"Michael Carrick r\u00e9v\u00e8le son r\u00f4le dans la lib\u00e9ration de Casemiro par Manchester United - Bladna News","isPartOf":{"@id":"https:\/\/mediumseagreen-eel-531711.hostingersite.com\/#website"},"primaryImageOfPage":{"@id":"https:\/\/bladnanews.com\/michael-carrick-reveals-his-role-in-man-utd-releasing-casemiro\/#primaryimage"},"image":{"@id":"https:\/\/bladnanews.com\/michael-carrick-reveals-his-role-in-man-utd-releasing-casemiro\/#primaryimage"},"thumbnailUrl":"https:\/\/bladnanews.com\/wp-content\/uploads\/2026\/01\/BladnaNews-Michael-Carrick-reveals-his-role-in-Man-Utd-releasing-Casemiro-2026-01-24T130929.584Z.jpg","datePublished":"2026-01-23T17:13:43+00:00","breadcrumb":{"@id":"https:\/\/bladnanews.com\/michael-carrick-reveals-his-role-in-man-utd-releasing-casemiro\/#breadcrumb"},"inLanguage":"fr-FR","potentialAction":[{"@type":"ReadAction","target":["https:\/\/bladnanews.com\/michael-carrick-reveals-his-role-in-man-utd-releasing-casemiro\/"]}]},{"@type":"ImageObject","inLanguage":"fr-FR","@id":"https:\/\/bladnanews.com\/michael-carrick-reveals-his-role-in-man-utd-releasing-casemiro\/#primaryimage","url":"https:\/\/bladnanews.com\/wp-content\/uploads\/2026\/01\/BladnaNews-Michael-Carrick-reveals-his-role-in-Man-Utd-releasing-Casemiro-2026-01-24T130929.584Z.jpg","contentUrl":"https:\/\/bladnanews.com\/wp-content\/uploads\/2026\/01\/BladnaNews-Michael-Carrick-reveals-his-role-in-Man-Utd-releasing-Casemiro-2026-01-24T130929.584Z.jpg","width":1920,"height":1080,"caption":"Michael Carrick clapping in a dark coat alongside Casemiro in a red Manchester United kit during a match, displaying team spirit."},{"@type":"BreadcrumbList","@id":"https:\/\/bladnanews.com\/michael-carrick-reveals-his-role-in-man-utd-releasing-casemiro\/#breadcrumb","itemListElement":[{"@type":"ListItem","position":1,"name":"Home","item":"https:\/\/bladnanews.com\/"},{"@type":"ListItem","position":2,"name":"Michael Carrick reveals his role in Man Utd releasing Casemiro"}]},{"@type":"WebSite","@id":"https:\/\/mediumseagreen-eel-531711.hostingersite.com\/#website","url":"https:\/\/mediumseagreen-eel-531711.hostingersite.com\/","name":"Bladna News - Maroc","description":"Quand le football marocain rencontre le monde","publisher":{"@id":"https:\/\/mediumseagreen-eel-531711.hostingersite.com\/#organization"},"potentialAction":[{"@type":"SearchAction","target":{"@type":"EntryPoint","urlTemplate":"https:\/\/mediumseagreen-eel-531711.hostingersite.com\/?s={search_term_string}"},"query-input":{"@type":"PropertyValueSpecification","valueRequired":true,"valueName":"search_term_string"}}],"inLanguage":"fr-FR"},{"@type":"Organization","@id":"https:\/\/mediumseagreen-eel-531711.hostingersite.com\/#organization","name":"Bladna News.com","url":"https:\/\/mediumseagreen-eel-531711.hostingersite.com\/","logo":{"@type":"ImageObject","inLanguage":"fr-FR","@id":"https:\/\/mediumseagreen-eel-531711.hostingersite.com\/#\/schema\/logo\/image\/","url":"https:\/\/bladnanews.com\/wp-content\/uploads\/2025\/12\/logo-bladnanews-V2-web-black-red.png","contentUrl":"https:\/\/bladnanews.com\/wp-content\/uploads\/2025\/12\/logo-bladnanews-V2-web-black-red.png","width":703,"height":287,"caption":"Bladna News.com"},"image":{"@id":"https:\/\/mediumseagreen-eel-531711.hostingersite.com\/#\/schema\/logo\/image\/"},"email":"info@bladnanews.com","legalName":"Bladna News"},{"@type":"Person","@id":"https:\/\/mediumseagreen-eel-531711.hostingersite.com\/#\/schema\/person\/268e18a453ab080ebf76df6ef7845083","name":"\u00c9quipe r\u00e9dactionnelle de Bladna News","url":"https:\/\/bladnanews.com\/fr\/author\/bladna-news-staff\/"}]}},"_links":{"self":[{"href":"https:\/\/bladnanews.com\/fr\/wp-json\/wp\/v2\/posts\/7539","targetHints":{"allow":["GET"]}}],"collection":[{"href":"https:\/\/bladnanews.com\/fr\/wp-json\/wp\/v2\/posts"}],"about":[{"href":"https:\/\/bladnanews.com\/fr\/wp-json\/wp\/v2\/types\/post"}],"author":[{"embeddable":true,"href":"https:\/\/bladnanews.com\/fr\/wp-json\/wp\/v2\/users\/3"}],"replies":[{"embeddable":true,"href":"https:\/\/bladnanews.com\/fr\/wp-json\/wp\/v2\/comments?post=7539"}],"version-history":[{"count":0,"href":"https:\/\/bladnanews.com\/fr\/wp-json\/wp\/v2\/posts\/7539\/revisions"}],"wp:featuredmedia":[{"embeddable":true,"href":"https:\/\/bladnanews.com\/fr\/wp-json\/wp\/v2\/media\/7538"}],"wp:attachment":[{"href":"https:\/\/bladnanews.com\/fr\/wp-json\/wp\/v2\/media?parent=7539"}],"wp:term":[{"taxonomy":"category","embeddable":true,"href":"https:\/\/bladnanews.com\/fr\/wp-json\/wp\/v2\/categories?post=7539"},{"taxonomy":"post_tag","embeddable":true,"href":"https:\/\/bladnanews.com\/fr\/wp-json\/wp\/v2\/tags?post=7539"}],"curies":[{"name":"wp","href":"https:\/\/api.w.org\/{rel}","templated":true}]}}