{"id":7585,"date":"2026-01-24T08:34:54","date_gmt":"2026-01-24T08:34:54","guid":{"rendered":"https:\/\/bladnanews.com\/joan-laporta-slammed-for-calling-early-barcelona-election\/"},"modified":"2026-01-24T08:34:54","modified_gmt":"2026-01-24T08:34:54","slug":"joan-laporta-critique-pour-avoir-convoque-des-elections-anticipees-a-barcelone","status":"publish","type":"post","link":"https:\/\/bladnanews.com\/fr\/joan-laporta-critique-pour-avoir-convoque-des-elections-anticipees-a-barcelone\/","title":{"rendered":"Joan Laporta critiqu\u00e9 pour avoir convoqu\u00e9 des \u00e9lections anticip\u00e9es au FC Barcelone"},"content":{"rendered":"<p>Joan Laporta est sous le feu des critiques apr\u00e8s avoir \u00e9t\u00e9 accus\u00e9 d'un geste \u201c opportuniste \u201d en avan\u00e7ant l'\u00e9lection pr\u00e9sidentielle du Bar\u00e7a avant la fin de la saison.<\/p>\n<p>Le pr\u00e9sident du Bar\u00e7a a \u00e9t\u00e9 critiqu\u00e9 pour le calendrier de cette d\u00e9cision, certains affirmant qu'elle est con\u00e7ue pour servir ses int\u00e9r\u00eats personnels plut\u00f4t que ceux du club. Un d\u00e9tracteur est m\u00eame all\u00e9 jusqu'\u00e0 d\u00e9clarer : <em>\u201c Il s'en moque. \u201d<\/em><\/p>\n<p>Le choix de Laporta de convoquer une \u00e9lection anticip\u00e9e a suscit\u00e9 un d\u00e9bat en Espagne, ses opposants s'interrogeant sur les raisons de cette pr\u00e9cipitation alors que la campagne sportive est encore en cours sur le terrain.<\/p>\n<p>La controverse s'est concentr\u00e9e sur la crainte que cette d\u00e9cision ne perturbe le Bar\u00e7a pendant une phase cruciale de la saison, tout en offrant un avantage \u00e0 Laporta en lui permettant de contr\u00f4ler le calendrier du processus \u00e9lectoral.<\/p>\n<p>La d\u00e9cision a \u00e9t\u00e9 qualifi\u00e9e d\u201c\u201d opportuniste \u00bb alors que les interrogations se multiplient sur la gouvernance du club et la mani\u00e8re dont des choix politiques majeurs sont pris pendant que le Bar\u00e7a lutte encore pour atteindre ses objectifs sportifs.<\/p>\n<p>Laporta, de retour au pouvoir en 2021, reste une figure centrale de l'orientation moderne du club, mais ce nouveau d\u00e9veloppement le place une fois de plus sous la pression de ses rivaux et des commentateurs qui estiment que le club devrait \u00e9viter les politiques internes avant la fin de la saison.<\/p>","protected":false},"excerpt":{"rendered":"<p>Joan Laporta has come under fire after being accused of making an \u201copportunistic\u201d move by bringing forward Barcelona\u2019s presidential election [&hellip;]<\/p>\n","protected":false},"author":3,"featured_media":7584,"comment_status":"","ping_status":"open","sticky":false,"template":"","format":"standard","meta":{"googlesitekit_rrm_CAow_uzEDA:productID":"","site-sidebar-layout":"default","site-content-layout":"","ast-site-content-layout":"default","site-content-style":"default","site-sidebar-style":"default","ast-global-header-display":"","ast-banner-title-visibility":"","ast-main-header-display":"","ast-hfb-above-header-display":"","ast-hfb-below-header-display":"","ast-hfb-mobile-header-display":"","site-post-title":"","ast-breadcrumbs-content":"","ast-featured-img":"","footer-sml-layout":"","ast-disable-related-posts":"","theme-transparent-header-meta":"","adv-header-id-meta":"","stick-header-meta":"","header-above-stick-meta":"","header-main-stick-meta":"","header-below-stick-meta":"","astra-migrate-meta-layouts":"default","ast-page-background-enabled":"default","ast-page-background-meta":{"desktop":{"background-color":"var(--ast-global-color-5)","background-image":"","background-repeat":"repeat","background-position":"center center","background-size":"auto","background-attachment":"scroll","background-type":"","background-media":"","overlay-type":"","overlay-color":"","overlay-opacity":"","overlay-gradient":""},"tablet":{"background-color":"","background-image":"","background-repeat":"repeat","background-position":"center center","background-size":"auto","background-attachment":"scroll","background-type":"","background-media":"","overlay-type":"","overlay-color":"","overlay-opacity":"","overlay-gradient":""},"mobile":{"background-color":"","background-image":"","background-repeat":"repeat","background-position":"center center","background-size":"auto","background-attachment":"scroll","background-type":"","background-media":"","overlay-type":"","overlay-color":"","overlay-opacity":"","overlay-gradient":""}},"ast-content-background-meta":{"desktop":{"background-color":"var(--ast-global-color-4)","background-image":"","background-repeat":"repeat","background-position":"center center","background-size":"auto","background-attachment":"scroll","background-type":"","background-media":"","overlay-type":"","overlay-color":"","overlay-opacity":"","overlay-gradient":""},"tablet":{"background-color":"var(--ast-global-color-4)","background-image":"","background-repeat":"repeat","background-position":"center center","background-size":"auto","background-attachment":"scroll","background-type":"","background-media":"","overlay-type":"","overlay-color":"","overlay-opacity":"","overlay-gradient":""},"mobile":{"background-color":"var(--ast-global-color-4)","background-image":"","background-repeat":"repeat","background-position":"center center","background-size":"auto","background-attachment":"scroll","background-type":"","background-media":"","overlay-type":"","overlay-color":"","overlay-opacity":"","overlay-gradient":""}},"footnotes":""},"categories":[20,1],"tags":[],"class_list":["post-7585","post","type-post","status-publish","format-standard","has-post-thumbnail","hentry","category-international","category-football-latest-news"],"yoast_head":"<!-- This site is optimized with the Yoast SEO Premium plugin v26.6 (Yoast SEO v27.4) - https:\/\/yoast.com\/product\/yoast-seo-premium-wordpress\/ -->\n<title>Joan Laporta slammed for calling early Barcelona election - Bladna News<\/title>\n<meta name=\"robots\" content=\"index, follow, max-snippet:-1, max-image-preview:large, max-video-preview:-1\" \/>\n<link rel=\"canonical\" href=\"https:\/\/bladnanews.com\/fr\/joan-laporta-critique-pour-avoir-convoque-des-elections-anticipees-a-barcelone\/\" \/>\n<meta property=\"og:locale\" content=\"fr_FR\" \/>\n<meta property=\"og:type\" content=\"article\" \/>\n<meta property=\"og:title\" content=\"Joan Laporta slammed for calling early Barcelona election\" \/>\n<meta property=\"og:description\" content=\"Joan Laporta has come under fire after being accused of making an \u201copportunistic\u201d move by bringing forward Barcelona\u2019s presidential election [&hellip;]\" \/>\n<meta property=\"og:url\" content=\"https:\/\/bladnanews.com\/fr\/joan-laporta-critique-pour-avoir-convoque-des-elections-anticipees-a-barcelone\/\" \/>\n<meta property=\"og:site_name\" content=\"Bladna News\" \/>\n<meta property=\"article:published_time\" content=\"2026-01-24T08:34:54+00:00\" \/>\n<meta property=\"og:image\" content=\"https:\/\/bladnanews.com\/wp-content\/uploads\/2025\/12\/freepik__bladna-newscom-moroccan-soccer-homepage-banner-mor__41838.png\" \/>\n\t<meta property=\"og:image:width\" content=\"1312\" \/>\n\t<meta property=\"og:image:height\" content=\"736\" \/>\n\t<meta property=\"og:image:type\" content=\"image\/png\" \/>\n<meta name=\"author\" content=\"Bladna News Staff\" \/>\n<meta name=\"twitter:card\" content=\"summary_large_image\" \/>\n<meta name=\"twitter:label1\" content=\"\u00c9crit par\" \/>\n\t<meta name=\"twitter:data1\" content=\"Bladna News Staff\" \/>\n\t<meta name=\"twitter:label2\" content=\"Dur\u00e9e de lecture estim\u00e9e\" \/>\n\t<meta name=\"twitter:data2\" content=\"1 minute\" \/>\n<script type=\"application\/ld+json\" class=\"yoast-schema-graph\">{\"@context\":\"https:\\\/\\\/schema.org\",\"@graph\":[{\"@type\":\"Article\",\"@id\":\"https:\\\/\\\/bladnanews.com\\\/joan-laporta-slammed-for-calling-early-barcelona-election\\\/#article\",\"isPartOf\":{\"@id\":\"https:\\\/\\\/bladnanews.com\\\/joan-laporta-slammed-for-calling-early-barcelona-election\\\/\"},\"author\":{\"name\":\"Bladna News Staff\",\"@id\":\"https:\\\/\\\/mediumseagreen-eel-531711.hostingersite.com\\\/#\\\/schema\\\/person\\\/268e18a453ab080ebf76df6ef7845083\"},\"headline\":\"Joan Laporta slammed for calling early Barcelona election\",\"datePublished\":\"2026-01-24T08:34:54+00:00\",\"mainEntityOfPage\":{\"@id\":\"https:\\\/\\\/bladnanews.com\\\/joan-laporta-slammed-for-calling-early-barcelona-election\\\/\"},\"wordCount\":223,\"publisher\":{\"@id\":\"https:\\\/\\\/mediumseagreen-eel-531711.hostingersite.com\\\/#organization\"},\"image\":{\"@id\":\"https:\\\/\\\/bladnanews.com\\\/joan-laporta-slammed-for-calling-early-barcelona-election\\\/#primaryimage\"},\"thumbnailUrl\":\"https:\\\/\\\/bladnanews.com\\\/wp-content\\\/uploads\\\/2026\\\/01\\\/BladnaNews-Joan-Laporta-slammed-for-calling-early-Barcelona-election-2026-01-24T210956.390Z-scaled.jpg\",\"articleSection\":[\"International\",\"Latest News\"],\"inLanguage\":\"fr-FR\",\"copyrightYear\":\"2026\",\"copyrightHolder\":{\"@id\":\"https:\\\/\\\/bladnanews.com\\\/fr\\\/#organization\"}},{\"@type\":\"WebPage\",\"@id\":\"https:\\\/\\\/bladnanews.com\\\/joan-laporta-slammed-for-calling-early-barcelona-election\\\/\",\"url\":\"https:\\\/\\\/bladnanews.com\\\/joan-laporta-slammed-for-calling-early-barcelona-election\\\/\",\"name\":\"Joan Laporta slammed for calling early Barcelona election - Bladna News\",\"isPartOf\":{\"@id\":\"https:\\\/\\\/mediumseagreen-eel-531711.hostingersite.com\\\/#website\"},\"primaryImageOfPage\":{\"@id\":\"https:\\\/\\\/bladnanews.com\\\/joan-laporta-slammed-for-calling-early-barcelona-election\\\/#primaryimage\"},\"image\":{\"@id\":\"https:\\\/\\\/bladnanews.com\\\/joan-laporta-slammed-for-calling-early-barcelona-election\\\/#primaryimage\"},\"thumbnailUrl\":\"https:\\\/\\\/bladnanews.com\\\/wp-content\\\/uploads\\\/2026\\\/01\\\/BladnaNews-Joan-Laporta-slammed-for-calling-early-Barcelona-election-2026-01-24T210956.390Z-scaled.jpg\",\"datePublished\":\"2026-01-24T08:34:54+00:00\",\"breadcrumb\":{\"@id\":\"https:\\\/\\\/bladnanews.com\\\/joan-laporta-slammed-for-calling-early-barcelona-election\\\/#breadcrumb\"},\"inLanguage\":\"fr-FR\",\"potentialAction\":[{\"@type\":\"ReadAction\",\"target\":[\"https:\\\/\\\/bladnanews.com\\\/joan-laporta-slammed-for-calling-early-barcelona-election\\\/\"]}]},{\"@type\":\"ImageObject\",\"inLanguage\":\"fr-FR\",\"@id\":\"https:\\\/\\\/bladnanews.com\\\/joan-laporta-slammed-for-calling-early-barcelona-election\\\/#primaryimage\",\"url\":\"https:\\\/\\\/bladnanews.com\\\/wp-content\\\/uploads\\\/2026\\\/01\\\/BladnaNews-Joan-Laporta-slammed-for-calling-early-Barcelona-election-2026-01-24T210956.390Z-scaled.jpg\",\"contentUrl\":\"https:\\\/\\\/bladnanews.com\\\/wp-content\\\/uploads\\\/2026\\\/01\\\/BladnaNews-Joan-Laporta-slammed-for-calling-early-Barcelona-election-2026-01-24T210956.390Z-scaled.jpg\",\"width\":2560,\"height\":1440,\"caption\":\"Joan Laporta, in a dark coat, watches intently from the stands alongside another man, amidst a backdrop of a football stadium.\"},{\"@type\":\"BreadcrumbList\",\"@id\":\"https:\\\/\\\/bladnanews.com\\\/joan-laporta-slammed-for-calling-early-barcelona-election\\\/#breadcrumb\",\"itemListElement\":[{\"@type\":\"ListItem\",\"position\":1,\"name\":\"Home\",\"item\":\"https:\\\/\\\/bladnanews.com\\\/\"},{\"@type\":\"ListItem\",\"position\":2,\"name\":\"Joan Laporta slammed for calling early Barcelona election\"}]},{\"@type\":\"WebSite\",\"@id\":\"https:\\\/\\\/mediumseagreen-eel-531711.hostingersite.com\\\/#website\",\"url\":\"https:\\\/\\\/mediumseagreen-eel-531711.hostingersite.com\\\/\",\"name\":\"Bladna News - Morocco\",\"description\":\"Where Moroccan Football Meets the World\",\"publisher\":{\"@id\":\"https:\\\/\\\/mediumseagreen-eel-531711.hostingersite.com\\\/#organization\"},\"potentialAction\":[{\"@type\":\"SearchAction\",\"target\":{\"@type\":\"EntryPoint\",\"urlTemplate\":\"https:\\\/\\\/mediumseagreen-eel-531711.hostingersite.com\\\/?s={search_term_string}\"},\"query-input\":{\"@type\":\"PropertyValueSpecification\",\"valueRequired\":true,\"valueName\":\"search_term_string\"}}],\"inLanguage\":\"fr-FR\"},{\"@type\":\"Organization\",\"@id\":\"https:\\\/\\\/mediumseagreen-eel-531711.hostingersite.com\\\/#organization\",\"name\":\"Bladna News.com\",\"url\":\"https:\\\/\\\/mediumseagreen-eel-531711.hostingersite.com\\\/\",\"logo\":{\"@type\":\"ImageObject\",\"inLanguage\":\"fr-FR\",\"@id\":\"https:\\\/\\\/mediumseagreen-eel-531711.hostingersite.com\\\/#\\\/schema\\\/logo\\\/image\\\/\",\"url\":\"https:\\\/\\\/bladnanews.com\\\/wp-content\\\/uploads\\\/2025\\\/12\\\/logo-bladnanews-V2-web-black-red.png\",\"contentUrl\":\"https:\\\/\\\/bladnanews.com\\\/wp-content\\\/uploads\\\/2025\\\/12\\\/logo-bladnanews-V2-web-black-red.png\",\"width\":703,\"height\":287,\"caption\":\"Bladna News.com\"},\"image\":{\"@id\":\"https:\\\/\\\/mediumseagreen-eel-531711.hostingersite.com\\\/#\\\/schema\\\/logo\\\/image\\\/\"},\"email\":\"info@bladnanews.com\",\"legalName\":\"Bladna News\"},{\"@type\":\"Person\",\"@id\":\"https:\\\/\\\/mediumseagreen-eel-531711.hostingersite.com\\\/#\\\/schema\\\/person\\\/268e18a453ab080ebf76df6ef7845083\",\"name\":\"Bladna News Staff\",\"url\":\"https:\\\/\\\/bladnanews.com\\\/fr\\\/author\\\/bladna-news-staff\\\/\"}]}<\/script>\n<!-- \/ Yoast SEO Premium plugin. -->","yoast_head_json":{"title":"Joan Laporta critiqu\u00e9 pour avoir convoqu\u00e9 des \u00e9lections anticip\u00e9es au FC Barcelone - Bladna News","robots":{"index":"index","follow":"follow","max-snippet":"max-snippet:-1","max-image-preview":"max-image-preview:large","max-video-preview":"max-video-preview:-1"},"canonical":"https:\/\/bladnanews.com\/fr\/joan-laporta-critique-pour-avoir-convoque-des-elections-anticipees-a-barcelone\/","og_locale":"fr_FR","og_type":"article","og_title":"Joan Laporta slammed for calling early Barcelona election","og_description":"Joan Laporta has come under fire after being accused of making an \u201copportunistic\u201d move by bringing forward Barcelona\u2019s presidential election [&hellip;]","og_url":"https:\/\/bladnanews.com\/fr\/joan-laporta-critique-pour-avoir-convoque-des-elections-anticipees-a-barcelone\/","og_site_name":"Bladna News","article_published_time":"2026-01-24T08:34:54+00:00","og_image":[{"width":1312,"height":736,"url":"https:\/\/bladnanews.com\/wp-content\/uploads\/2025\/12\/freepik__bladna-newscom-moroccan-soccer-homepage-banner-mor__41838.png","type":"image\/png"}],"author":"Bladna News Staff","twitter_card":"summary_large_image","twitter_misc":{"\u00c9crit par":"Bladna News Staff","Dur\u00e9e de lecture estim\u00e9e":"1 minute"},"schema":{"@context":"https:\/\/schema.org","@graph":[{"@type":"Article","@id":"https:\/\/bladnanews.com\/joan-laporta-slammed-for-calling-early-barcelona-election\/#article","isPartOf":{"@id":"https:\/\/bladnanews.com\/joan-laporta-slammed-for-calling-early-barcelona-election\/"},"author":{"name":"Bladna News Staff","@id":"https:\/\/mediumseagreen-eel-531711.hostingersite.com\/#\/schema\/person\/268e18a453ab080ebf76df6ef7845083"},"headline":"Joan Laporta slammed for calling early Barcelona election","datePublished":"2026-01-24T08:34:54+00:00","mainEntityOfPage":{"@id":"https:\/\/bladnanews.com\/joan-laporta-slammed-for-calling-early-barcelona-election\/"},"wordCount":223,"publisher":{"@id":"https:\/\/mediumseagreen-eel-531711.hostingersite.com\/#organization"},"image":{"@id":"https:\/\/bladnanews.com\/joan-laporta-slammed-for-calling-early-barcelona-election\/#primaryimage"},"thumbnailUrl":"https:\/\/bladnanews.com\/wp-content\/uploads\/2026\/01\/BladnaNews-Joan-Laporta-slammed-for-calling-early-Barcelona-election-2026-01-24T210956.390Z-scaled.jpg","articleSection":["International","Latest News"],"inLanguage":"fr-FR","copyrightYear":"2026","copyrightHolder":{"@id":"https:\/\/bladnanews.com\/fr\/#organization"}},{"@type":"WebPage","@id":"https:\/\/bladnanews.com\/joan-laporta-slammed-for-calling-early-barcelona-election\/","url":"https:\/\/bladnanews.com\/joan-laporta-slammed-for-calling-early-barcelona-election\/","name":"Joan Laporta critiqu\u00e9 pour avoir convoqu\u00e9 des \u00e9lections anticip\u00e9es au FC Barcelone - Bladna News","isPartOf":{"@id":"https:\/\/mediumseagreen-eel-531711.hostingersite.com\/#website"},"primaryImageOfPage":{"@id":"https:\/\/bladnanews.com\/joan-laporta-slammed-for-calling-early-barcelona-election\/#primaryimage"},"image":{"@id":"https:\/\/bladnanews.com\/joan-laporta-slammed-for-calling-early-barcelona-election\/#primaryimage"},"thumbnailUrl":"https:\/\/bladnanews.com\/wp-content\/uploads\/2026\/01\/BladnaNews-Joan-Laporta-slammed-for-calling-early-Barcelona-election-2026-01-24T210956.390Z-scaled.jpg","datePublished":"2026-01-24T08:34:54+00:00","breadcrumb":{"@id":"https:\/\/bladnanews.com\/joan-laporta-slammed-for-calling-early-barcelona-election\/#breadcrumb"},"inLanguage":"fr-FR","potentialAction":[{"@type":"ReadAction","target":["https:\/\/bladnanews.com\/joan-laporta-slammed-for-calling-early-barcelona-election\/"]}]},{"@type":"ImageObject","inLanguage":"fr-FR","@id":"https:\/\/bladnanews.com\/joan-laporta-slammed-for-calling-early-barcelona-election\/#primaryimage","url":"https:\/\/bladnanews.com\/wp-content\/uploads\/2026\/01\/BladnaNews-Joan-Laporta-slammed-for-calling-early-Barcelona-election-2026-01-24T210956.390Z-scaled.jpg","contentUrl":"https:\/\/bladnanews.com\/wp-content\/uploads\/2026\/01\/BladnaNews-Joan-Laporta-slammed-for-calling-early-Barcelona-election-2026-01-24T210956.390Z-scaled.jpg","width":2560,"height":1440,"caption":"Joan Laporta, in a dark coat, watches intently from the stands alongside another man, amidst a backdrop of a football stadium."},{"@type":"BreadcrumbList","@id":"https:\/\/bladnanews.com\/joan-laporta-slammed-for-calling-early-barcelona-election\/#breadcrumb","itemListElement":[{"@type":"ListItem","position":1,"name":"Home","item":"https:\/\/bladnanews.com\/"},{"@type":"ListItem","position":2,"name":"Joan Laporta slammed for calling early Barcelona election"}]},{"@type":"WebSite","@id":"https:\/\/mediumseagreen-eel-531711.hostingersite.com\/#website","url":"https:\/\/mediumseagreen-eel-531711.hostingersite.com\/","name":"Bladna News - Maroc","description":"Quand le football marocain rencontre le monde","publisher":{"@id":"https:\/\/mediumseagreen-eel-531711.hostingersite.com\/#organization"},"potentialAction":[{"@type":"SearchAction","target":{"@type":"EntryPoint","urlTemplate":"https:\/\/mediumseagreen-eel-531711.hostingersite.com\/?s={search_term_string}"},"query-input":{"@type":"PropertyValueSpecification","valueRequired":true,"valueName":"search_term_string"}}],"inLanguage":"fr-FR"},{"@type":"Organization","@id":"https:\/\/mediumseagreen-eel-531711.hostingersite.com\/#organization","name":"Bladna News.com","url":"https:\/\/mediumseagreen-eel-531711.hostingersite.com\/","logo":{"@type":"ImageObject","inLanguage":"fr-FR","@id":"https:\/\/mediumseagreen-eel-531711.hostingersite.com\/#\/schema\/logo\/image\/","url":"https:\/\/bladnanews.com\/wp-content\/uploads\/2025\/12\/logo-bladnanews-V2-web-black-red.png","contentUrl":"https:\/\/bladnanews.com\/wp-content\/uploads\/2025\/12\/logo-bladnanews-V2-web-black-red.png","width":703,"height":287,"caption":"Bladna News.com"},"image":{"@id":"https:\/\/mediumseagreen-eel-531711.hostingersite.com\/#\/schema\/logo\/image\/"},"email":"info@bladnanews.com","legalName":"Bladna News"},{"@type":"Person","@id":"https:\/\/mediumseagreen-eel-531711.hostingersite.com\/#\/schema\/person\/268e18a453ab080ebf76df6ef7845083","name":"\u00c9quipe r\u00e9dactionnelle de Bladna News","url":"https:\/\/bladnanews.com\/fr\/author\/bladna-news-staff\/"}]}},"_links":{"self":[{"href":"https:\/\/bladnanews.com\/fr\/wp-json\/wp\/v2\/posts\/7585","targetHints":{"allow":["GET"]}}],"collection":[{"href":"https:\/\/bladnanews.com\/fr\/wp-json\/wp\/v2\/posts"}],"about":[{"href":"https:\/\/bladnanews.com\/fr\/wp-json\/wp\/v2\/types\/post"}],"author":[{"embeddable":true,"href":"https:\/\/bladnanews.com\/fr\/wp-json\/wp\/v2\/users\/3"}],"replies":[{"embeddable":true,"href":"https:\/\/bladnanews.com\/fr\/wp-json\/wp\/v2\/comments?post=7585"}],"version-history":[{"count":0,"href":"https:\/\/bladnanews.com\/fr\/wp-json\/wp\/v2\/posts\/7585\/revisions"}],"wp:featuredmedia":[{"embeddable":true,"href":"https:\/\/bladnanews.com\/fr\/wp-json\/wp\/v2\/media\/7584"}],"wp:attachment":[{"href":"https:\/\/bladnanews.com\/fr\/wp-json\/wp\/v2\/media?parent=7585"}],"wp:term":[{"taxonomy":"category","embeddable":true,"href":"https:\/\/bladnanews.com\/fr\/wp-json\/wp\/v2\/categories?post=7585"},{"taxonomy":"post_tag","embeddable":true,"href":"https:\/\/bladnanews.com\/fr\/wp-json\/wp\/v2\/tags?post=7585"}],"curies":[{"name":"wp","href":"https:\/\/api.w.org\/{rel}","templated":true}]}}