{"id":7587,"date":"2026-01-24T09:24:39","date_gmt":"2026-01-24T09:24:39","guid":{"rendered":"https:\/\/bladnanews.com\/chelsea-stance-on-cole-palmer-transfer-amid-man-utd-links\/"},"modified":"2026-01-24T09:24:39","modified_gmt":"2026-01-24T09:24:39","slug":"position-de-chelsea-sur-le-transfert-de-cole-palmer-dans-le-contexte-des-liens-avec-manchester-united","status":"publish","type":"post","link":"https:\/\/bladnanews.com\/fr\/position-de-chelsea-sur-le-transfert-de-cole-palmer-dans-le-contexte-des-liens-avec-manchester-united\/","title":{"rendered":"Position de Chelsea concernant le transfert de Cole Palmer malgr\u00e9 les rumeurs le liant \u00e0 Manchester United"},"content":{"rendered":"<p>Chelsea a clairement indiqu\u00e9 qu'ils n'avaient aucune intention de vendre Cole Palmer, malgr\u00e9 de nouveaux liens avec Manchester United et des affirmations selon lesquelles l'attaquant anglais souffre du mal du pays.<\/p>\n<p>Palmer a \u00e9t\u00e9 l'un des joueurs les plus remarquables de Chelsea depuis son arriv\u00e9e de Manchester City, devenant rapidement une figure cl\u00e9 de la reconstruction du club et un \u00e9l\u00e9ment important de l'attaque de Mauricio Pochettino. Sa forme a naturellement suscit\u00e9 l'int\u00e9r\u00eat d'autres clubs, des rapports sugg\u00e9rant que United surveille la situation.<\/p>\n<p>Cependant, la position de Chelsea a \u00e9t\u00e9 r\u00e9v\u00e9l\u00e9e et elle est ferme. Le club consid\u00e8re Palmer comme une pi\u00e8ce centrale de son projet \u00e0 long terme et n'est pas ouvert \u00e0 le laisser partir. Toute suggestion qu'un transfert pourrait \u00eatre discut\u00e9 a \u00e9t\u00e9 rejet\u00e9e en interne, Chelsea \u00e9tant d\u00e9termin\u00e9 \u00e0 conserver l'un de ses joueurs les plus influents.<\/p>\n<p>Le bruit autour de Palmer a \u00e9galement \u00e9t\u00e9 aliment\u00e9 par des rumeurs selon lesquelles il s'ennuie de chez lui apr\u00e8s avoir quitt\u00e9 Manchester pour Londres. Bien que cela ait ajout\u00e9 aux sp\u00e9culations concernant United, la position de Chelsea reste inchang\u00e9e et le club est confiant quant \u00e0 son avenir \u00e0 Stamford Bridge.<\/p>\n<p>Palmer, qui a d\u00e9j\u00e0 offert des moments d\u00e9cisifs sous le maillot de Chelsea, est sous contrat et le club ne voit aucune raison d'envisager des approches alors qu'il continue de construire autour de son noyau jeune.<\/p>","protected":false},"excerpt":{"rendered":"<p>Chelsea have made it clear they have no plans to sell Cole Palmer, despite fresh links to Manchester United and [&hellip;]<\/p>\n","protected":false},"author":3,"featured_media":7586,"comment_status":"","ping_status":"open","sticky":false,"template":"","format":"standard","meta":{"googlesitekit_rrm_CAow_uzEDA:productID":"","site-sidebar-layout":"default","site-content-layout":"","ast-site-content-layout":"default","site-content-style":"default","site-sidebar-style":"default","ast-global-header-display":"","ast-banner-title-visibility":"","ast-main-header-display":"","ast-hfb-above-header-display":"","ast-hfb-below-header-display":"","ast-hfb-mobile-header-display":"","site-post-title":"","ast-breadcrumbs-content":"","ast-featured-img":"","footer-sml-layout":"","ast-disable-related-posts":"","theme-transparent-header-meta":"","adv-header-id-meta":"","stick-header-meta":"","header-above-stick-meta":"","header-main-stick-meta":"","header-below-stick-meta":"","astra-migrate-meta-layouts":"default","ast-page-background-enabled":"default","ast-page-background-meta":{"desktop":{"background-color":"var(--ast-global-color-5)","background-image":"","background-repeat":"repeat","background-position":"center center","background-size":"auto","background-attachment":"scroll","background-type":"","background-media":"","overlay-type":"","overlay-color":"","overlay-opacity":"","overlay-gradient":""},"tablet":{"background-color":"","background-image":"","background-repeat":"repeat","background-position":"center center","background-size":"auto","background-attachment":"scroll","background-type":"","background-media":"","overlay-type":"","overlay-color":"","overlay-opacity":"","overlay-gradient":""},"mobile":{"background-color":"","background-image":"","background-repeat":"repeat","background-position":"center center","background-size":"auto","background-attachment":"scroll","background-type":"","background-media":"","overlay-type":"","overlay-color":"","overlay-opacity":"","overlay-gradient":""}},"ast-content-background-meta":{"desktop":{"background-color":"var(--ast-global-color-4)","background-image":"","background-repeat":"repeat","background-position":"center center","background-size":"auto","background-attachment":"scroll","background-type":"","background-media":"","overlay-type":"","overlay-color":"","overlay-opacity":"","overlay-gradient":""},"tablet":{"background-color":"var(--ast-global-color-4)","background-image":"","background-repeat":"repeat","background-position":"center center","background-size":"auto","background-attachment":"scroll","background-type":"","background-media":"","overlay-type":"","overlay-color":"","overlay-opacity":"","overlay-gradient":""},"mobile":{"background-color":"var(--ast-global-color-4)","background-image":"","background-repeat":"repeat","background-position":"center center","background-size":"auto","background-attachment":"scroll","background-type":"","background-media":"","overlay-type":"","overlay-color":"","overlay-opacity":"","overlay-gradient":""}},"footnotes":""},"categories":[20,1],"tags":[],"class_list":["post-7587","post","type-post","status-publish","format-standard","has-post-thumbnail","hentry","category-international","category-football-latest-news"],"yoast_head":"<!-- This site is optimized with the Yoast SEO Premium plugin v26.6 (Yoast SEO v27.4) - https:\/\/yoast.com\/product\/yoast-seo-premium-wordpress\/ -->\n<title>Chelsea stance on Cole Palmer transfer amid Man Utd links - Bladna News<\/title>\n<meta name=\"robots\" content=\"index, follow, max-snippet:-1, max-image-preview:large, max-video-preview:-1\" \/>\n<link rel=\"canonical\" href=\"https:\/\/bladnanews.com\/fr\/position-de-chelsea-sur-le-transfert-de-cole-palmer-dans-le-contexte-des-liens-avec-manchester-united\/\" \/>\n<meta property=\"og:locale\" content=\"fr_FR\" \/>\n<meta property=\"og:type\" content=\"article\" \/>\n<meta property=\"og:title\" content=\"Chelsea stance on Cole Palmer transfer amid Man Utd links\" \/>\n<meta property=\"og:description\" content=\"Chelsea have made it clear they have no plans to sell Cole Palmer, despite fresh links to Manchester United and [&hellip;]\" \/>\n<meta property=\"og:url\" content=\"https:\/\/bladnanews.com\/fr\/position-de-chelsea-sur-le-transfert-de-cole-palmer-dans-le-contexte-des-liens-avec-manchester-united\/\" \/>\n<meta property=\"og:site_name\" content=\"Bladna News\" \/>\n<meta property=\"article:published_time\" content=\"2026-01-24T09:24:39+00:00\" \/>\n<meta property=\"og:image\" content=\"https:\/\/bladnanews.com\/wp-content\/uploads\/2025\/12\/freepik__bladna-newscom-moroccan-soccer-homepage-banner-mor__41838.png\" \/>\n\t<meta property=\"og:image:width\" content=\"1312\" \/>\n\t<meta property=\"og:image:height\" content=\"736\" \/>\n\t<meta property=\"og:image:type\" content=\"image\/png\" \/>\n<meta name=\"author\" content=\"Bladna News Staff\" \/>\n<meta name=\"twitter:card\" content=\"summary_large_image\" \/>\n<meta name=\"twitter:label1\" content=\"\u00c9crit par\" \/>\n\t<meta name=\"twitter:data1\" content=\"Bladna News Staff\" \/>\n\t<meta name=\"twitter:label2\" content=\"Dur\u00e9e de lecture estim\u00e9e\" \/>\n\t<meta name=\"twitter:data2\" content=\"1 minute\" \/>\n<script type=\"application\/ld+json\" class=\"yoast-schema-graph\">{\"@context\":\"https:\\\/\\\/schema.org\",\"@graph\":[{\"@type\":\"Article\",\"@id\":\"https:\\\/\\\/bladnanews.com\\\/chelsea-stance-on-cole-palmer-transfer-amid-man-utd-links\\\/#article\",\"isPartOf\":{\"@id\":\"https:\\\/\\\/bladnanews.com\\\/chelsea-stance-on-cole-palmer-transfer-amid-man-utd-links\\\/\"},\"author\":{\"name\":\"Bladna News Staff\",\"@id\":\"https:\\\/\\\/mediumseagreen-eel-531711.hostingersite.com\\\/#\\\/schema\\\/person\\\/268e18a453ab080ebf76df6ef7845083\"},\"headline\":\"Chelsea stance on Cole Palmer transfer amid Man Utd links\",\"datePublished\":\"2026-01-24T09:24:39+00:00\",\"mainEntityOfPage\":{\"@id\":\"https:\\\/\\\/bladnanews.com\\\/chelsea-stance-on-cole-palmer-transfer-amid-man-utd-links\\\/\"},\"wordCount\":217,\"publisher\":{\"@id\":\"https:\\\/\\\/mediumseagreen-eel-531711.hostingersite.com\\\/#organization\"},\"image\":{\"@id\":\"https:\\\/\\\/bladnanews.com\\\/chelsea-stance-on-cole-palmer-transfer-amid-man-utd-links\\\/#primaryimage\"},\"thumbnailUrl\":\"https:\\\/\\\/bladnanews.com\\\/wp-content\\\/uploads\\\/2026\\\/01\\\/BladnaNews-Chelsea-stance-on-Cole-Palmer-transfer-amid-Man-Utd-links-2026-01-24T211023.565Z-scaled.jpg\",\"articleSection\":[\"International\",\"Latest News\"],\"inLanguage\":\"fr-FR\",\"copyrightYear\":\"2026\",\"copyrightHolder\":{\"@id\":\"https:\\\/\\\/bladnanews.com\\\/fr\\\/#organization\"}},{\"@type\":\"WebPage\",\"@id\":\"https:\\\/\\\/bladnanews.com\\\/chelsea-stance-on-cole-palmer-transfer-amid-man-utd-links\\\/\",\"url\":\"https:\\\/\\\/bladnanews.com\\\/chelsea-stance-on-cole-palmer-transfer-amid-man-utd-links\\\/\",\"name\":\"Chelsea stance on Cole Palmer transfer amid Man Utd links - Bladna News\",\"isPartOf\":{\"@id\":\"https:\\\/\\\/mediumseagreen-eel-531711.hostingersite.com\\\/#website\"},\"primaryImageOfPage\":{\"@id\":\"https:\\\/\\\/bladnanews.com\\\/chelsea-stance-on-cole-palmer-transfer-amid-man-utd-links\\\/#primaryimage\"},\"image\":{\"@id\":\"https:\\\/\\\/bladnanews.com\\\/chelsea-stance-on-cole-palmer-transfer-amid-man-utd-links\\\/#primaryimage\"},\"thumbnailUrl\":\"https:\\\/\\\/bladnanews.com\\\/wp-content\\\/uploads\\\/2026\\\/01\\\/BladnaNews-Chelsea-stance-on-Cole-Palmer-transfer-amid-Man-Utd-links-2026-01-24T211023.565Z-scaled.jpg\",\"datePublished\":\"2026-01-24T09:24:39+00:00\",\"breadcrumb\":{\"@id\":\"https:\\\/\\\/bladnanews.com\\\/chelsea-stance-on-cole-palmer-transfer-amid-man-utd-links\\\/#breadcrumb\"},\"inLanguage\":\"fr-FR\",\"potentialAction\":[{\"@type\":\"ReadAction\",\"target\":[\"https:\\\/\\\/bladnanews.com\\\/chelsea-stance-on-cole-palmer-transfer-amid-man-utd-links\\\/\"]}]},{\"@type\":\"ImageObject\",\"inLanguage\":\"fr-FR\",\"@id\":\"https:\\\/\\\/bladnanews.com\\\/chelsea-stance-on-cole-palmer-transfer-amid-man-utd-links\\\/#primaryimage\",\"url\":\"https:\\\/\\\/bladnanews.com\\\/wp-content\\\/uploads\\\/2026\\\/01\\\/BladnaNews-Chelsea-stance-on-Cole-Palmer-transfer-amid-Man-Utd-links-2026-01-24T211023.565Z-scaled.jpg\",\"contentUrl\":\"https:\\\/\\\/bladnanews.com\\\/wp-content\\\/uploads\\\/2026\\\/01\\\/BladnaNews-Chelsea-stance-on-Cole-Palmer-transfer-amid-Man-Utd-links-2026-01-24T211023.565Z-scaled.jpg\",\"width\":2560,\"height\":1440,\"caption\":\"Cole Palmer in Chelsea's blue kit, featuring a FIFA World Champions badge, stands focused on the pitch during a match.\"},{\"@type\":\"BreadcrumbList\",\"@id\":\"https:\\\/\\\/bladnanews.com\\\/chelsea-stance-on-cole-palmer-transfer-amid-man-utd-links\\\/#breadcrumb\",\"itemListElement\":[{\"@type\":\"ListItem\",\"position\":1,\"name\":\"Home\",\"item\":\"https:\\\/\\\/bladnanews.com\\\/\"},{\"@type\":\"ListItem\",\"position\":2,\"name\":\"Chelsea stance on Cole Palmer transfer amid Man Utd links\"}]},{\"@type\":\"WebSite\",\"@id\":\"https:\\\/\\\/mediumseagreen-eel-531711.hostingersite.com\\\/#website\",\"url\":\"https:\\\/\\\/mediumseagreen-eel-531711.hostingersite.com\\\/\",\"name\":\"Bladna News - Morocco\",\"description\":\"Where Moroccan Football Meets the World\",\"publisher\":{\"@id\":\"https:\\\/\\\/mediumseagreen-eel-531711.hostingersite.com\\\/#organization\"},\"potentialAction\":[{\"@type\":\"SearchAction\",\"target\":{\"@type\":\"EntryPoint\",\"urlTemplate\":\"https:\\\/\\\/mediumseagreen-eel-531711.hostingersite.com\\\/?s={search_term_string}\"},\"query-input\":{\"@type\":\"PropertyValueSpecification\",\"valueRequired\":true,\"valueName\":\"search_term_string\"}}],\"inLanguage\":\"fr-FR\"},{\"@type\":\"Organization\",\"@id\":\"https:\\\/\\\/mediumseagreen-eel-531711.hostingersite.com\\\/#organization\",\"name\":\"Bladna News.com\",\"url\":\"https:\\\/\\\/mediumseagreen-eel-531711.hostingersite.com\\\/\",\"logo\":{\"@type\":\"ImageObject\",\"inLanguage\":\"fr-FR\",\"@id\":\"https:\\\/\\\/mediumseagreen-eel-531711.hostingersite.com\\\/#\\\/schema\\\/logo\\\/image\\\/\",\"url\":\"https:\\\/\\\/bladnanews.com\\\/wp-content\\\/uploads\\\/2025\\\/12\\\/logo-bladnanews-V2-web-black-red.png\",\"contentUrl\":\"https:\\\/\\\/bladnanews.com\\\/wp-content\\\/uploads\\\/2025\\\/12\\\/logo-bladnanews-V2-web-black-red.png\",\"width\":703,\"height\":287,\"caption\":\"Bladna News.com\"},\"image\":{\"@id\":\"https:\\\/\\\/mediumseagreen-eel-531711.hostingersite.com\\\/#\\\/schema\\\/logo\\\/image\\\/\"},\"email\":\"info@bladnanews.com\",\"legalName\":\"Bladna News\"},{\"@type\":\"Person\",\"@id\":\"https:\\\/\\\/mediumseagreen-eel-531711.hostingersite.com\\\/#\\\/schema\\\/person\\\/268e18a453ab080ebf76df6ef7845083\",\"name\":\"Bladna News Staff\",\"url\":\"https:\\\/\\\/bladnanews.com\\\/fr\\\/author\\\/bladna-news-staff\\\/\"}]}<\/script>\n<!-- \/ Yoast SEO Premium plugin. -->","yoast_head_json":{"title":"Position de Chelsea sur le transfert de Cole Palmer dans le contexte des rumeurs le liant \u00e0 Manchester United - Bladna News","robots":{"index":"index","follow":"follow","max-snippet":"max-snippet:-1","max-image-preview":"max-image-preview:large","max-video-preview":"max-video-preview:-1"},"canonical":"https:\/\/bladnanews.com\/fr\/position-de-chelsea-sur-le-transfert-de-cole-palmer-dans-le-contexte-des-liens-avec-manchester-united\/","og_locale":"fr_FR","og_type":"article","og_title":"Chelsea stance on Cole Palmer transfer amid Man Utd links","og_description":"Chelsea have made it clear they have no plans to sell Cole Palmer, despite fresh links to Manchester United and [&hellip;]","og_url":"https:\/\/bladnanews.com\/fr\/position-de-chelsea-sur-le-transfert-de-cole-palmer-dans-le-contexte-des-liens-avec-manchester-united\/","og_site_name":"Bladna News","article_published_time":"2026-01-24T09:24:39+00:00","og_image":[{"width":1312,"height":736,"url":"https:\/\/bladnanews.com\/wp-content\/uploads\/2025\/12\/freepik__bladna-newscom-moroccan-soccer-homepage-banner-mor__41838.png","type":"image\/png"}],"author":"Bladna News Staff","twitter_card":"summary_large_image","twitter_misc":{"\u00c9crit par":"Bladna News Staff","Dur\u00e9e de lecture estim\u00e9e":"1 minute"},"schema":{"@context":"https:\/\/schema.org","@graph":[{"@type":"Article","@id":"https:\/\/bladnanews.com\/chelsea-stance-on-cole-palmer-transfer-amid-man-utd-links\/#article","isPartOf":{"@id":"https:\/\/bladnanews.com\/chelsea-stance-on-cole-palmer-transfer-amid-man-utd-links\/"},"author":{"name":"Bladna News Staff","@id":"https:\/\/mediumseagreen-eel-531711.hostingersite.com\/#\/schema\/person\/268e18a453ab080ebf76df6ef7845083"},"headline":"Chelsea stance on Cole Palmer transfer amid Man Utd links","datePublished":"2026-01-24T09:24:39+00:00","mainEntityOfPage":{"@id":"https:\/\/bladnanews.com\/chelsea-stance-on-cole-palmer-transfer-amid-man-utd-links\/"},"wordCount":217,"publisher":{"@id":"https:\/\/mediumseagreen-eel-531711.hostingersite.com\/#organization"},"image":{"@id":"https:\/\/bladnanews.com\/chelsea-stance-on-cole-palmer-transfer-amid-man-utd-links\/#primaryimage"},"thumbnailUrl":"https:\/\/bladnanews.com\/wp-content\/uploads\/2026\/01\/BladnaNews-Chelsea-stance-on-Cole-Palmer-transfer-amid-Man-Utd-links-2026-01-24T211023.565Z-scaled.jpg","articleSection":["International","Latest News"],"inLanguage":"fr-FR","copyrightYear":"2026","copyrightHolder":{"@id":"https:\/\/bladnanews.com\/fr\/#organization"}},{"@type":"WebPage","@id":"https:\/\/bladnanews.com\/chelsea-stance-on-cole-palmer-transfer-amid-man-utd-links\/","url":"https:\/\/bladnanews.com\/chelsea-stance-on-cole-palmer-transfer-amid-man-utd-links\/","name":"Position de Chelsea sur le transfert de Cole Palmer dans le contexte des rumeurs le liant \u00e0 Manchester United - Bladna News","isPartOf":{"@id":"https:\/\/mediumseagreen-eel-531711.hostingersite.com\/#website"},"primaryImageOfPage":{"@id":"https:\/\/bladnanews.com\/chelsea-stance-on-cole-palmer-transfer-amid-man-utd-links\/#primaryimage"},"image":{"@id":"https:\/\/bladnanews.com\/chelsea-stance-on-cole-palmer-transfer-amid-man-utd-links\/#primaryimage"},"thumbnailUrl":"https:\/\/bladnanews.com\/wp-content\/uploads\/2026\/01\/BladnaNews-Chelsea-stance-on-Cole-Palmer-transfer-amid-Man-Utd-links-2026-01-24T211023.565Z-scaled.jpg","datePublished":"2026-01-24T09:24:39+00:00","breadcrumb":{"@id":"https:\/\/bladnanews.com\/chelsea-stance-on-cole-palmer-transfer-amid-man-utd-links\/#breadcrumb"},"inLanguage":"fr-FR","potentialAction":[{"@type":"ReadAction","target":["https:\/\/bladnanews.com\/chelsea-stance-on-cole-palmer-transfer-amid-man-utd-links\/"]}]},{"@type":"ImageObject","inLanguage":"fr-FR","@id":"https:\/\/bladnanews.com\/chelsea-stance-on-cole-palmer-transfer-amid-man-utd-links\/#primaryimage","url":"https:\/\/bladnanews.com\/wp-content\/uploads\/2026\/01\/BladnaNews-Chelsea-stance-on-Cole-Palmer-transfer-amid-Man-Utd-links-2026-01-24T211023.565Z-scaled.jpg","contentUrl":"https:\/\/bladnanews.com\/wp-content\/uploads\/2026\/01\/BladnaNews-Chelsea-stance-on-Cole-Palmer-transfer-amid-Man-Utd-links-2026-01-24T211023.565Z-scaled.jpg","width":2560,"height":1440,"caption":"Cole Palmer in Chelsea's blue kit, featuring a FIFA World Champions badge, stands focused on the pitch during a match."},{"@type":"BreadcrumbList","@id":"https:\/\/bladnanews.com\/chelsea-stance-on-cole-palmer-transfer-amid-man-utd-links\/#breadcrumb","itemListElement":[{"@type":"ListItem","position":1,"name":"Home","item":"https:\/\/bladnanews.com\/"},{"@type":"ListItem","position":2,"name":"Chelsea stance on Cole Palmer transfer amid Man Utd links"}]},{"@type":"WebSite","@id":"https:\/\/mediumseagreen-eel-531711.hostingersite.com\/#website","url":"https:\/\/mediumseagreen-eel-531711.hostingersite.com\/","name":"Bladna News - Maroc","description":"Quand le football marocain rencontre le monde","publisher":{"@id":"https:\/\/mediumseagreen-eel-531711.hostingersite.com\/#organization"},"potentialAction":[{"@type":"SearchAction","target":{"@type":"EntryPoint","urlTemplate":"https:\/\/mediumseagreen-eel-531711.hostingersite.com\/?s={search_term_string}"},"query-input":{"@type":"PropertyValueSpecification","valueRequired":true,"valueName":"search_term_string"}}],"inLanguage":"fr-FR"},{"@type":"Organization","@id":"https:\/\/mediumseagreen-eel-531711.hostingersite.com\/#organization","name":"Bladna News.com","url":"https:\/\/mediumseagreen-eel-531711.hostingersite.com\/","logo":{"@type":"ImageObject","inLanguage":"fr-FR","@id":"https:\/\/mediumseagreen-eel-531711.hostingersite.com\/#\/schema\/logo\/image\/","url":"https:\/\/bladnanews.com\/wp-content\/uploads\/2025\/12\/logo-bladnanews-V2-web-black-red.png","contentUrl":"https:\/\/bladnanews.com\/wp-content\/uploads\/2025\/12\/logo-bladnanews-V2-web-black-red.png","width":703,"height":287,"caption":"Bladna News.com"},"image":{"@id":"https:\/\/mediumseagreen-eel-531711.hostingersite.com\/#\/schema\/logo\/image\/"},"email":"info@bladnanews.com","legalName":"Bladna News"},{"@type":"Person","@id":"https:\/\/mediumseagreen-eel-531711.hostingersite.com\/#\/schema\/person\/268e18a453ab080ebf76df6ef7845083","name":"\u00c9quipe r\u00e9dactionnelle de Bladna News","url":"https:\/\/bladnanews.com\/fr\/author\/bladna-news-staff\/"}]}},"_links":{"self":[{"href":"https:\/\/bladnanews.com\/fr\/wp-json\/wp\/v2\/posts\/7587","targetHints":{"allow":["GET"]}}],"collection":[{"href":"https:\/\/bladnanews.com\/fr\/wp-json\/wp\/v2\/posts"}],"about":[{"href":"https:\/\/bladnanews.com\/fr\/wp-json\/wp\/v2\/types\/post"}],"author":[{"embeddable":true,"href":"https:\/\/bladnanews.com\/fr\/wp-json\/wp\/v2\/users\/3"}],"replies":[{"embeddable":true,"href":"https:\/\/bladnanews.com\/fr\/wp-json\/wp\/v2\/comments?post=7587"}],"version-history":[{"count":0,"href":"https:\/\/bladnanews.com\/fr\/wp-json\/wp\/v2\/posts\/7587\/revisions"}],"wp:featuredmedia":[{"embeddable":true,"href":"https:\/\/bladnanews.com\/fr\/wp-json\/wp\/v2\/media\/7586"}],"wp:attachment":[{"href":"https:\/\/bladnanews.com\/fr\/wp-json\/wp\/v2\/media?parent=7587"}],"wp:term":[{"taxonomy":"category","embeddable":true,"href":"https:\/\/bladnanews.com\/fr\/wp-json\/wp\/v2\/categories?post=7587"},{"taxonomy":"post_tag","embeddable":true,"href":"https:\/\/bladnanews.com\/fr\/wp-json\/wp\/v2\/tags?post=7587"}],"curies":[{"name":"wp","href":"https:\/\/api.w.org\/{rel}","templated":true}]}}