{"id":7589,"date":"2026-01-24T10:02:09","date_gmt":"2026-01-24T10:02:09","guid":{"rendered":"https:\/\/bladnanews.com\/jack-grealish-injury-could-end-his-season-after-foot-fracture\/"},"modified":"2026-01-24T10:02:09","modified_gmt":"2026-01-24T10:02:09","slug":"la-blessure-de-jack-grealish-pourrait-mettre-fin-a-sa-saison-apres-une-fracture-du-pied","status":"publish","type":"post","link":"https:\/\/bladnanews.com\/fr\/la-blessure-de-jack-grealish-pourrait-mettre-fin-a-sa-saison-apres-une-fracture-du-pied\/","title":{"rendered":"La blessure de Jack Grealish, une fracture du pied, pourrait mettre fin \u00e0 sa saison"},"content":{"rendered":"<p>La saison de Jack Grealish est s\u00e9rieusement compromise apr\u00e8s que le pr\u00eat\u00e9 d'Everton ait subi une fracture du pied qui pourrait encore n\u00e9cessiter une intervention chirurgicale.<\/p>\n<p>Cette blessure constitue un revers majeur pour le milieu de terrain anglais \u00e0 un moment cl\u00e9 de la campagne, ses espoirs de s'imposer dans les plans de Thomas Tuchel \u00e9tant d\u00e9sormais menac\u00e9s.<\/p>\n<p>Il a \u00e9t\u00e9 r\u00e9v\u00e9l\u00e9 que Grealish est confront\u00e9 \u00e0 une longue absence, et l'option d'une op\u00e9ration reste sur la table alors que les m\u00e9decins \u00e9valuent l'\u00e9tendue totale des d\u00e9g\u00e2ts.<\/p>\n<p>Avec une convalescence potentiellement de plusieurs mois, le joueur de 28 ans pourrait voir sa saison pratiquement termin\u00e9e, le laissant en lutte contre le temps et la forme physique pour garder son r\u00eave de Coupe du Monde en vie.<\/p>\n<p>La situation de Grealish sera suivie de pr\u00e8s dans les prochains jours alors qu'Everton p\u00e8se la meilleure option de traitement, mais la fracture du pied a d\u00e9j\u00e0 jet\u00e9 une ombre sur le reste de sa campagne.<\/p>","protected":false},"excerpt":{"rendered":"<p>Jack Grealish\u2019s season is in serious doubt after the Everton loanee suffered a fractured foot that could yet require surgery. [&hellip;]<\/p>\n","protected":false},"author":3,"featured_media":7588,"comment_status":"","ping_status":"open","sticky":false,"template":"","format":"standard","meta":{"googlesitekit_rrm_CAow_uzEDA:productID":"","site-sidebar-layout":"default","site-content-layout":"","ast-site-content-layout":"default","site-content-style":"default","site-sidebar-style":"default","ast-global-header-display":"","ast-banner-title-visibility":"","ast-main-header-display":"","ast-hfb-above-header-display":"","ast-hfb-below-header-display":"","ast-hfb-mobile-header-display":"","site-post-title":"","ast-breadcrumbs-content":"","ast-featured-img":"","footer-sml-layout":"","ast-disable-related-posts":"","theme-transparent-header-meta":"","adv-header-id-meta":"","stick-header-meta":"","header-above-stick-meta":"","header-main-stick-meta":"","header-below-stick-meta":"","astra-migrate-meta-layouts":"default","ast-page-background-enabled":"default","ast-page-background-meta":{"desktop":{"background-color":"var(--ast-global-color-5)","background-image":"","background-repeat":"repeat","background-position":"center center","background-size":"auto","background-attachment":"scroll","background-type":"","background-media":"","overlay-type":"","overlay-color":"","overlay-opacity":"","overlay-gradient":""},"tablet":{"background-color":"","background-image":"","background-repeat":"repeat","background-position":"center center","background-size":"auto","background-attachment":"scroll","background-type":"","background-media":"","overlay-type":"","overlay-color":"","overlay-opacity":"","overlay-gradient":""},"mobile":{"background-color":"","background-image":"","background-repeat":"repeat","background-position":"center center","background-size":"auto","background-attachment":"scroll","background-type":"","background-media":"","overlay-type":"","overlay-color":"","overlay-opacity":"","overlay-gradient":""}},"ast-content-background-meta":{"desktop":{"background-color":"var(--ast-global-color-4)","background-image":"","background-repeat":"repeat","background-position":"center center","background-size":"auto","background-attachment":"scroll","background-type":"","background-media":"","overlay-type":"","overlay-color":"","overlay-opacity":"","overlay-gradient":""},"tablet":{"background-color":"var(--ast-global-color-4)","background-image":"","background-repeat":"repeat","background-position":"center center","background-size":"auto","background-attachment":"scroll","background-type":"","background-media":"","overlay-type":"","overlay-color":"","overlay-opacity":"","overlay-gradient":""},"mobile":{"background-color":"var(--ast-global-color-4)","background-image":"","background-repeat":"repeat","background-position":"center center","background-size":"auto","background-attachment":"scroll","background-type":"","background-media":"","overlay-type":"","overlay-color":"","overlay-opacity":"","overlay-gradient":""}},"footnotes":""},"categories":[20,1],"tags":[],"class_list":["post-7589","post","type-post","status-publish","format-standard","has-post-thumbnail","hentry","category-international","category-football-latest-news"],"yoast_head":"<!-- This site is optimized with the Yoast SEO Premium plugin v26.6 (Yoast SEO v27.4) - https:\/\/yoast.com\/product\/yoast-seo-premium-wordpress\/ -->\n<title>Jack Grealish injury could end his season after foot fracture - Bladna News<\/title>\n<meta name=\"robots\" content=\"index, follow, max-snippet:-1, max-image-preview:large, max-video-preview:-1\" \/>\n<link rel=\"canonical\" href=\"https:\/\/bladnanews.com\/fr\/la-blessure-de-jack-grealish-pourrait-mettre-fin-a-sa-saison-apres-une-fracture-du-pied\/\" \/>\n<meta property=\"og:locale\" content=\"fr_FR\" \/>\n<meta property=\"og:type\" content=\"article\" \/>\n<meta property=\"og:title\" content=\"Jack Grealish injury could end his season after foot fracture\" \/>\n<meta property=\"og:description\" content=\"Jack Grealish\u2019s season is in serious doubt after the Everton loanee suffered a fractured foot that could yet require surgery. [&hellip;]\" \/>\n<meta property=\"og:url\" content=\"https:\/\/bladnanews.com\/fr\/la-blessure-de-jack-grealish-pourrait-mettre-fin-a-sa-saison-apres-une-fracture-du-pied\/\" \/>\n<meta property=\"og:site_name\" content=\"Bladna News\" \/>\n<meta property=\"article:published_time\" content=\"2026-01-24T10:02:09+00:00\" \/>\n<meta property=\"og:image\" content=\"https:\/\/bladnanews.com\/wp-content\/uploads\/2025\/12\/freepik__bladna-newscom-moroccan-soccer-homepage-banner-mor__41838.png\" \/>\n\t<meta property=\"og:image:width\" content=\"1312\" \/>\n\t<meta property=\"og:image:height\" content=\"736\" \/>\n\t<meta property=\"og:image:type\" content=\"image\/png\" \/>\n<meta name=\"author\" content=\"Bladna News Staff\" \/>\n<meta name=\"twitter:card\" content=\"summary_large_image\" \/>\n<meta name=\"twitter:label1\" content=\"\u00c9crit par\" \/>\n\t<meta name=\"twitter:data1\" content=\"Bladna News Staff\" \/>\n\t<meta name=\"twitter:label2\" content=\"Dur\u00e9e de lecture estim\u00e9e\" \/>\n\t<meta name=\"twitter:data2\" content=\"1 minute\" \/>\n<script type=\"application\/ld+json\" class=\"yoast-schema-graph\">{\"@context\":\"https:\\\/\\\/schema.org\",\"@graph\":[{\"@type\":\"Article\",\"@id\":\"https:\\\/\\\/bladnanews.com\\\/jack-grealish-injury-could-end-his-season-after-foot-fracture\\\/#article\",\"isPartOf\":{\"@id\":\"https:\\\/\\\/bladnanews.com\\\/jack-grealish-injury-could-end-his-season-after-foot-fracture\\\/\"},\"author\":{\"name\":\"Bladna News Staff\",\"@id\":\"https:\\\/\\\/mediumseagreen-eel-531711.hostingersite.com\\\/#\\\/schema\\\/person\\\/268e18a453ab080ebf76df6ef7845083\"},\"headline\":\"Jack Grealish injury could end his season after foot fracture\",\"datePublished\":\"2026-01-24T10:02:09+00:00\",\"mainEntityOfPage\":{\"@id\":\"https:\\\/\\\/bladnanews.com\\\/jack-grealish-injury-could-end-his-season-after-foot-fracture\\\/\"},\"wordCount\":157,\"publisher\":{\"@id\":\"https:\\\/\\\/mediumseagreen-eel-531711.hostingersite.com\\\/#organization\"},\"image\":{\"@id\":\"https:\\\/\\\/bladnanews.com\\\/jack-grealish-injury-could-end-his-season-after-foot-fracture\\\/#primaryimage\"},\"thumbnailUrl\":\"https:\\\/\\\/bladnanews.com\\\/wp-content\\\/uploads\\\/2026\\\/01\\\/BladnaNews-Jack-Grealish-injury-could-end-his-season-after-foot-fracture-2026-01-24T211047.034Z-scaled.jpg\",\"articleSection\":[\"International\",\"Latest News\"],\"inLanguage\":\"fr-FR\",\"copyrightYear\":\"2026\",\"copyrightHolder\":{\"@id\":\"https:\\\/\\\/bladnanews.com\\\/fr\\\/#organization\"}},{\"@type\":\"WebPage\",\"@id\":\"https:\\\/\\\/bladnanews.com\\\/jack-grealish-injury-could-end-his-season-after-foot-fracture\\\/\",\"url\":\"https:\\\/\\\/bladnanews.com\\\/jack-grealish-injury-could-end-his-season-after-foot-fracture\\\/\",\"name\":\"Jack Grealish injury could end his season after foot fracture - Bladna News\",\"isPartOf\":{\"@id\":\"https:\\\/\\\/mediumseagreen-eel-531711.hostingersite.com\\\/#website\"},\"primaryImageOfPage\":{\"@id\":\"https:\\\/\\\/bladnanews.com\\\/jack-grealish-injury-could-end-his-season-after-foot-fracture\\\/#primaryimage\"},\"image\":{\"@id\":\"https:\\\/\\\/bladnanews.com\\\/jack-grealish-injury-could-end-his-season-after-foot-fracture\\\/#primaryimage\"},\"thumbnailUrl\":\"https:\\\/\\\/bladnanews.com\\\/wp-content\\\/uploads\\\/2026\\\/01\\\/BladnaNews-Jack-Grealish-injury-could-end-his-season-after-foot-fracture-2026-01-24T211047.034Z-scaled.jpg\",\"datePublished\":\"2026-01-24T10:02:09+00:00\",\"breadcrumb\":{\"@id\":\"https:\\\/\\\/bladnanews.com\\\/jack-grealish-injury-could-end-his-season-after-foot-fracture\\\/#breadcrumb\"},\"inLanguage\":\"fr-FR\",\"potentialAction\":[{\"@type\":\"ReadAction\",\"target\":[\"https:\\\/\\\/bladnanews.com\\\/jack-grealish-injury-could-end-his-season-after-foot-fracture\\\/\"]}]},{\"@type\":\"ImageObject\",\"inLanguage\":\"fr-FR\",\"@id\":\"https:\\\/\\\/bladnanews.com\\\/jack-grealish-injury-could-end-his-season-after-foot-fracture\\\/#primaryimage\",\"url\":\"https:\\\/\\\/bladnanews.com\\\/wp-content\\\/uploads\\\/2026\\\/01\\\/BladnaNews-Jack-Grealish-injury-could-end-his-season-after-foot-fracture-2026-01-24T211047.034Z-scaled.jpg\",\"contentUrl\":\"https:\\\/\\\/bladnanews.com\\\/wp-content\\\/uploads\\\/2026\\\/01\\\/BladnaNews-Jack-Grealish-injury-could-end-his-season-after-foot-fracture-2026-01-24T211047.034Z-scaled.jpg\",\"width\":2560,\"height\":1440,\"caption\":\"Jack Grealish gestures with clasped hands, wearing his light-coloured team kit, highlighting a moment of intensity during a match.\"},{\"@type\":\"BreadcrumbList\",\"@id\":\"https:\\\/\\\/bladnanews.com\\\/jack-grealish-injury-could-end-his-season-after-foot-fracture\\\/#breadcrumb\",\"itemListElement\":[{\"@type\":\"ListItem\",\"position\":1,\"name\":\"Home\",\"item\":\"https:\\\/\\\/bladnanews.com\\\/\"},{\"@type\":\"ListItem\",\"position\":2,\"name\":\"Jack Grealish injury could end his season after foot fracture\"}]},{\"@type\":\"WebSite\",\"@id\":\"https:\\\/\\\/mediumseagreen-eel-531711.hostingersite.com\\\/#website\",\"url\":\"https:\\\/\\\/mediumseagreen-eel-531711.hostingersite.com\\\/\",\"name\":\"Bladna News - Morocco\",\"description\":\"Where Moroccan Football Meets the World\",\"publisher\":{\"@id\":\"https:\\\/\\\/mediumseagreen-eel-531711.hostingersite.com\\\/#organization\"},\"potentialAction\":[{\"@type\":\"SearchAction\",\"target\":{\"@type\":\"EntryPoint\",\"urlTemplate\":\"https:\\\/\\\/mediumseagreen-eel-531711.hostingersite.com\\\/?s={search_term_string}\"},\"query-input\":{\"@type\":\"PropertyValueSpecification\",\"valueRequired\":true,\"valueName\":\"search_term_string\"}}],\"inLanguage\":\"fr-FR\"},{\"@type\":\"Organization\",\"@id\":\"https:\\\/\\\/mediumseagreen-eel-531711.hostingersite.com\\\/#organization\",\"name\":\"Bladna News.com\",\"url\":\"https:\\\/\\\/mediumseagreen-eel-531711.hostingersite.com\\\/\",\"logo\":{\"@type\":\"ImageObject\",\"inLanguage\":\"fr-FR\",\"@id\":\"https:\\\/\\\/mediumseagreen-eel-531711.hostingersite.com\\\/#\\\/schema\\\/logo\\\/image\\\/\",\"url\":\"https:\\\/\\\/bladnanews.com\\\/wp-content\\\/uploads\\\/2025\\\/12\\\/logo-bladnanews-V2-web-black-red.png\",\"contentUrl\":\"https:\\\/\\\/bladnanews.com\\\/wp-content\\\/uploads\\\/2025\\\/12\\\/logo-bladnanews-V2-web-black-red.png\",\"width\":703,\"height\":287,\"caption\":\"Bladna News.com\"},\"image\":{\"@id\":\"https:\\\/\\\/mediumseagreen-eel-531711.hostingersite.com\\\/#\\\/schema\\\/logo\\\/image\\\/\"},\"email\":\"info@bladnanews.com\",\"legalName\":\"Bladna News\"},{\"@type\":\"Person\",\"@id\":\"https:\\\/\\\/mediumseagreen-eel-531711.hostingersite.com\\\/#\\\/schema\\\/person\\\/268e18a453ab080ebf76df6ef7845083\",\"name\":\"Bladna News Staff\",\"url\":\"https:\\\/\\\/bladnanews.com\\\/fr\\\/author\\\/bladna-news-staff\\\/\"}]}<\/script>\n<!-- \/ Yoast SEO Premium plugin. -->","yoast_head_json":{"title":"La blessure de Jack Grealish pourrait mettre fin \u00e0 sa saison apr\u00e8s une fracture du pied - Bladna News","robots":{"index":"index","follow":"follow","max-snippet":"max-snippet:-1","max-image-preview":"max-image-preview:large","max-video-preview":"max-video-preview:-1"},"canonical":"https:\/\/bladnanews.com\/fr\/la-blessure-de-jack-grealish-pourrait-mettre-fin-a-sa-saison-apres-une-fracture-du-pied\/","og_locale":"fr_FR","og_type":"article","og_title":"Jack Grealish injury could end his season after foot fracture","og_description":"Jack Grealish\u2019s season is in serious doubt after the Everton loanee suffered a fractured foot that could yet require surgery. [&hellip;]","og_url":"https:\/\/bladnanews.com\/fr\/la-blessure-de-jack-grealish-pourrait-mettre-fin-a-sa-saison-apres-une-fracture-du-pied\/","og_site_name":"Bladna News","article_published_time":"2026-01-24T10:02:09+00:00","og_image":[{"width":1312,"height":736,"url":"https:\/\/bladnanews.com\/wp-content\/uploads\/2025\/12\/freepik__bladna-newscom-moroccan-soccer-homepage-banner-mor__41838.png","type":"image\/png"}],"author":"Bladna News Staff","twitter_card":"summary_large_image","twitter_misc":{"\u00c9crit par":"Bladna News Staff","Dur\u00e9e de lecture estim\u00e9e":"1 minute"},"schema":{"@context":"https:\/\/schema.org","@graph":[{"@type":"Article","@id":"https:\/\/bladnanews.com\/jack-grealish-injury-could-end-his-season-after-foot-fracture\/#article","isPartOf":{"@id":"https:\/\/bladnanews.com\/jack-grealish-injury-could-end-his-season-after-foot-fracture\/"},"author":{"name":"Bladna News Staff","@id":"https:\/\/mediumseagreen-eel-531711.hostingersite.com\/#\/schema\/person\/268e18a453ab080ebf76df6ef7845083"},"headline":"Jack Grealish injury could end his season after foot fracture","datePublished":"2026-01-24T10:02:09+00:00","mainEntityOfPage":{"@id":"https:\/\/bladnanews.com\/jack-grealish-injury-could-end-his-season-after-foot-fracture\/"},"wordCount":157,"publisher":{"@id":"https:\/\/mediumseagreen-eel-531711.hostingersite.com\/#organization"},"image":{"@id":"https:\/\/bladnanews.com\/jack-grealish-injury-could-end-his-season-after-foot-fracture\/#primaryimage"},"thumbnailUrl":"https:\/\/bladnanews.com\/wp-content\/uploads\/2026\/01\/BladnaNews-Jack-Grealish-injury-could-end-his-season-after-foot-fracture-2026-01-24T211047.034Z-scaled.jpg","articleSection":["International","Latest News"],"inLanguage":"fr-FR","copyrightYear":"2026","copyrightHolder":{"@id":"https:\/\/bladnanews.com\/fr\/#organization"}},{"@type":"WebPage","@id":"https:\/\/bladnanews.com\/jack-grealish-injury-could-end-his-season-after-foot-fracture\/","url":"https:\/\/bladnanews.com\/jack-grealish-injury-could-end-his-season-after-foot-fracture\/","name":"La blessure de Jack Grealish pourrait mettre fin \u00e0 sa saison apr\u00e8s une fracture du pied - Bladna News","isPartOf":{"@id":"https:\/\/mediumseagreen-eel-531711.hostingersite.com\/#website"},"primaryImageOfPage":{"@id":"https:\/\/bladnanews.com\/jack-grealish-injury-could-end-his-season-after-foot-fracture\/#primaryimage"},"image":{"@id":"https:\/\/bladnanews.com\/jack-grealish-injury-could-end-his-season-after-foot-fracture\/#primaryimage"},"thumbnailUrl":"https:\/\/bladnanews.com\/wp-content\/uploads\/2026\/01\/BladnaNews-Jack-Grealish-injury-could-end-his-season-after-foot-fracture-2026-01-24T211047.034Z-scaled.jpg","datePublished":"2026-01-24T10:02:09+00:00","breadcrumb":{"@id":"https:\/\/bladnanews.com\/jack-grealish-injury-could-end-his-season-after-foot-fracture\/#breadcrumb"},"inLanguage":"fr-FR","potentialAction":[{"@type":"ReadAction","target":["https:\/\/bladnanews.com\/jack-grealish-injury-could-end-his-season-after-foot-fracture\/"]}]},{"@type":"ImageObject","inLanguage":"fr-FR","@id":"https:\/\/bladnanews.com\/jack-grealish-injury-could-end-his-season-after-foot-fracture\/#primaryimage","url":"https:\/\/bladnanews.com\/wp-content\/uploads\/2026\/01\/BladnaNews-Jack-Grealish-injury-could-end-his-season-after-foot-fracture-2026-01-24T211047.034Z-scaled.jpg","contentUrl":"https:\/\/bladnanews.com\/wp-content\/uploads\/2026\/01\/BladnaNews-Jack-Grealish-injury-could-end-his-season-after-foot-fracture-2026-01-24T211047.034Z-scaled.jpg","width":2560,"height":1440,"caption":"Jack Grealish gestures with clasped hands, wearing his light-coloured team kit, highlighting a moment of intensity during a match."},{"@type":"BreadcrumbList","@id":"https:\/\/bladnanews.com\/jack-grealish-injury-could-end-his-season-after-foot-fracture\/#breadcrumb","itemListElement":[{"@type":"ListItem","position":1,"name":"Home","item":"https:\/\/bladnanews.com\/"},{"@type":"ListItem","position":2,"name":"Jack Grealish injury could end his season after foot fracture"}]},{"@type":"WebSite","@id":"https:\/\/mediumseagreen-eel-531711.hostingersite.com\/#website","url":"https:\/\/mediumseagreen-eel-531711.hostingersite.com\/","name":"Bladna News - Maroc","description":"Quand le football marocain rencontre le monde","publisher":{"@id":"https:\/\/mediumseagreen-eel-531711.hostingersite.com\/#organization"},"potentialAction":[{"@type":"SearchAction","target":{"@type":"EntryPoint","urlTemplate":"https:\/\/mediumseagreen-eel-531711.hostingersite.com\/?s={search_term_string}"},"query-input":{"@type":"PropertyValueSpecification","valueRequired":true,"valueName":"search_term_string"}}],"inLanguage":"fr-FR"},{"@type":"Organization","@id":"https:\/\/mediumseagreen-eel-531711.hostingersite.com\/#organization","name":"Bladna News.com","url":"https:\/\/mediumseagreen-eel-531711.hostingersite.com\/","logo":{"@type":"ImageObject","inLanguage":"fr-FR","@id":"https:\/\/mediumseagreen-eel-531711.hostingersite.com\/#\/schema\/logo\/image\/","url":"https:\/\/bladnanews.com\/wp-content\/uploads\/2025\/12\/logo-bladnanews-V2-web-black-red.png","contentUrl":"https:\/\/bladnanews.com\/wp-content\/uploads\/2025\/12\/logo-bladnanews-V2-web-black-red.png","width":703,"height":287,"caption":"Bladna News.com"},"image":{"@id":"https:\/\/mediumseagreen-eel-531711.hostingersite.com\/#\/schema\/logo\/image\/"},"email":"info@bladnanews.com","legalName":"Bladna News"},{"@type":"Person","@id":"https:\/\/mediumseagreen-eel-531711.hostingersite.com\/#\/schema\/person\/268e18a453ab080ebf76df6ef7845083","name":"\u00c9quipe r\u00e9dactionnelle de Bladna News","url":"https:\/\/bladnanews.com\/fr\/author\/bladna-news-staff\/"}]}},"_links":{"self":[{"href":"https:\/\/bladnanews.com\/fr\/wp-json\/wp\/v2\/posts\/7589","targetHints":{"allow":["GET"]}}],"collection":[{"href":"https:\/\/bladnanews.com\/fr\/wp-json\/wp\/v2\/posts"}],"about":[{"href":"https:\/\/bladnanews.com\/fr\/wp-json\/wp\/v2\/types\/post"}],"author":[{"embeddable":true,"href":"https:\/\/bladnanews.com\/fr\/wp-json\/wp\/v2\/users\/3"}],"replies":[{"embeddable":true,"href":"https:\/\/bladnanews.com\/fr\/wp-json\/wp\/v2\/comments?post=7589"}],"version-history":[{"count":0,"href":"https:\/\/bladnanews.com\/fr\/wp-json\/wp\/v2\/posts\/7589\/revisions"}],"wp:featuredmedia":[{"embeddable":true,"href":"https:\/\/bladnanews.com\/fr\/wp-json\/wp\/v2\/media\/7588"}],"wp:attachment":[{"href":"https:\/\/bladnanews.com\/fr\/wp-json\/wp\/v2\/media?parent=7589"}],"wp:term":[{"taxonomy":"category","embeddable":true,"href":"https:\/\/bladnanews.com\/fr\/wp-json\/wp\/v2\/categories?post=7589"},{"taxonomy":"post_tag","embeddable":true,"href":"https:\/\/bladnanews.com\/fr\/wp-json\/wp\/v2\/tags?post=7589"}],"curies":[{"name":"wp","href":"https:\/\/api.w.org\/{rel}","templated":true}]}}