{"id":7605,"date":"2026-01-24T10:27:40","date_gmt":"2026-01-24T10:27:40","guid":{"rendered":"https:\/\/bladnanews.com\/injury-plagued-chelsea-man-out-another-month-after-training-incident\/"},"modified":"2026-01-24T10:27:40","modified_gmt":"2026-01-24T10:27:40","slug":"le-joueur-de-chelsea-en-proie-aux-blessures-sera-absent-un-mois-de-plus-apres-un-incident-a-lentrainement","status":"publish","type":"post","link":"https:\/\/bladnanews.com\/fr\/le-joueur-de-chelsea-en-proie-aux-blessures-sera-absent-un-mois-de-plus-apres-un-incident-a-lentrainement\/","title":{"rendered":"Un joueur de Chelsea, souvent bless\u00e9, absent un mois de plus apr\u00e8s un incident \u00e0 l'entra\u00eenement"},"content":{"rendered":"<p>Chelsea a subi un nouveau contretemps m\u00e9dical apr\u00e8s qu'un joueur oubli\u00e9 de l'\u00e9quipe premi\u00e8re a \u00e9t\u00e9 \u00e9cart\u00e9 pour au moins un mois suppl\u00e9mentaire suite \u00e0 ce qui a \u00e9t\u00e9 d\u00e9crit comme un incident insolite \u00e0 l'entra\u00eenement.<\/p>\n<p>Le joueur, qui a d\u00e9j\u00e0 connu des probl\u00e8mes de disponibilit\u00e9 cette saison, a subi ce nouveau probl\u00e8me lors d'une s\u00e9ance \u00e0 Cobham, reportant tout retour potentiel dans les plans de Mauricio Pochettino. Ce contretemps devrait le tenir \u00e9loign\u00e9 des terrains pendant environ quatre semaines suppl\u00e9mentaires.<\/p>\n<p>Cet incident perturbe davantage les efforts de Chelsea pour stabiliser sa saison, l'effectif \u00e9tant d\u00e9j\u00e0 mis \u00e0 rude \u00e9preuve par une longue liste de bless\u00e9s. Le club a \u00e9t\u00e9 contraint de g\u00e9rer minutieusement les temps de jeu ces derni\u00e8res semaines pour faire face \u00e0 un calendrier charg\u00e9.<\/p>\n<p>Face \u00e0 des options limit\u00e9es, Chelsea \u00e9value \u00e9galement son prochain mouvement sur le march\u00e9 des transferts et serait en train d'\u00e9tudier un pr\u00eat pour Douglas Luiz afin de renforcer sa couverture au milieu de terrain.<\/p>\n<p>Ce coup du sort \u00e0 l'entra\u00eenement ajoute \u00e0 la frustration autour d'un joueur qui n'a pas pu prendre son \u00e9lan depuis son arriv\u00e9e \u00e0 Stamford Bridge, et Chelsea doivent d\u00e9sormais composer sans lui pour une nouvelle p\u00e9riode, tout en continuant \u00e0 suivre la situation de pr\u00e8s.<\/p>","protected":false},"excerpt":{"rendered":"<p>Chelsea have been dealt another injury setback after a forgotten first-team player was ruled out for at least another month [&hellip;]<\/p>\n","protected":false},"author":3,"featured_media":7604,"comment_status":"","ping_status":"open","sticky":false,"template":"","format":"standard","meta":{"googlesitekit_rrm_CAow_uzEDA:productID":"","site-sidebar-layout":"default","site-content-layout":"","ast-site-content-layout":"default","site-content-style":"default","site-sidebar-style":"default","ast-global-header-display":"","ast-banner-title-visibility":"","ast-main-header-display":"","ast-hfb-above-header-display":"","ast-hfb-below-header-display":"","ast-hfb-mobile-header-display":"","site-post-title":"","ast-breadcrumbs-content":"","ast-featured-img":"","footer-sml-layout":"","ast-disable-related-posts":"","theme-transparent-header-meta":"","adv-header-id-meta":"","stick-header-meta":"","header-above-stick-meta":"","header-main-stick-meta":"","header-below-stick-meta":"","astra-migrate-meta-layouts":"default","ast-page-background-enabled":"default","ast-page-background-meta":{"desktop":{"background-color":"var(--ast-global-color-5)","background-image":"","background-repeat":"repeat","background-position":"center center","background-size":"auto","background-attachment":"scroll","background-type":"","background-media":"","overlay-type":"","overlay-color":"","overlay-opacity":"","overlay-gradient":""},"tablet":{"background-color":"","background-image":"","background-repeat":"repeat","background-position":"center center","background-size":"auto","background-attachment":"scroll","background-type":"","background-media":"","overlay-type":"","overlay-color":"","overlay-opacity":"","overlay-gradient":""},"mobile":{"background-color":"","background-image":"","background-repeat":"repeat","background-position":"center center","background-size":"auto","background-attachment":"scroll","background-type":"","background-media":"","overlay-type":"","overlay-color":"","overlay-opacity":"","overlay-gradient":""}},"ast-content-background-meta":{"desktop":{"background-color":"var(--ast-global-color-4)","background-image":"","background-repeat":"repeat","background-position":"center center","background-size":"auto","background-attachment":"scroll","background-type":"","background-media":"","overlay-type":"","overlay-color":"","overlay-opacity":"","overlay-gradient":""},"tablet":{"background-color":"var(--ast-global-color-4)","background-image":"","background-repeat":"repeat","background-position":"center center","background-size":"auto","background-attachment":"scroll","background-type":"","background-media":"","overlay-type":"","overlay-color":"","overlay-opacity":"","overlay-gradient":""},"mobile":{"background-color":"var(--ast-global-color-4)","background-image":"","background-repeat":"repeat","background-position":"center center","background-size":"auto","background-attachment":"scroll","background-type":"","background-media":"","overlay-type":"","overlay-color":"","overlay-opacity":"","overlay-gradient":""}},"footnotes":""},"categories":[20,1],"tags":[],"class_list":["post-7605","post","type-post","status-publish","format-standard","has-post-thumbnail","hentry","category-international","category-football-latest-news"],"yoast_head":"<!-- This site is optimized with the Yoast SEO Premium plugin v26.6 (Yoast SEO v27.4) - https:\/\/yoast.com\/product\/yoast-seo-premium-wordpress\/ -->\n<title>Injury-plagued Chelsea man out another month after training incident - Bladna News<\/title>\n<meta name=\"robots\" content=\"index, follow, max-snippet:-1, max-image-preview:large, max-video-preview:-1\" \/>\n<link rel=\"canonical\" href=\"https:\/\/bladnanews.com\/fr\/le-joueur-de-chelsea-en-proie-aux-blessures-sera-absent-un-mois-de-plus-apres-un-incident-a-lentrainement\/\" \/>\n<meta property=\"og:locale\" content=\"fr_FR\" \/>\n<meta property=\"og:type\" content=\"article\" \/>\n<meta property=\"og:title\" content=\"Injury-plagued Chelsea man out another month after training incident\" \/>\n<meta property=\"og:description\" content=\"Chelsea have been dealt another injury setback after a forgotten first-team player was ruled out for at least another month [&hellip;]\" \/>\n<meta property=\"og:url\" content=\"https:\/\/bladnanews.com\/fr\/le-joueur-de-chelsea-en-proie-aux-blessures-sera-absent-un-mois-de-plus-apres-un-incident-a-lentrainement\/\" \/>\n<meta property=\"og:site_name\" content=\"Bladna News\" \/>\n<meta property=\"article:published_time\" content=\"2026-01-24T10:27:40+00:00\" \/>\n<meta property=\"og:image\" content=\"https:\/\/bladnanews.com\/wp-content\/uploads\/2025\/12\/freepik__bladna-newscom-moroccan-soccer-homepage-banner-mor__41838.png\" \/>\n\t<meta property=\"og:image:width\" content=\"1312\" \/>\n\t<meta property=\"og:image:height\" content=\"736\" \/>\n\t<meta property=\"og:image:type\" content=\"image\/png\" \/>\n<meta name=\"author\" content=\"Bladna News Staff\" \/>\n<meta name=\"twitter:card\" content=\"summary_large_image\" \/>\n<meta name=\"twitter:label1\" content=\"\u00c9crit par\" \/>\n\t<meta name=\"twitter:data1\" content=\"Bladna News Staff\" \/>\n\t<meta name=\"twitter:label2\" content=\"Dur\u00e9e de lecture estim\u00e9e\" \/>\n\t<meta name=\"twitter:data2\" content=\"1 minute\" \/>\n<script type=\"application\/ld+json\" class=\"yoast-schema-graph\">{\"@context\":\"https:\\\/\\\/schema.org\",\"@graph\":[{\"@type\":\"Article\",\"@id\":\"https:\\\/\\\/bladnanews.com\\\/injury-plagued-chelsea-man-out-another-month-after-training-incident\\\/#article\",\"isPartOf\":{\"@id\":\"https:\\\/\\\/bladnanews.com\\\/injury-plagued-chelsea-man-out-another-month-after-training-incident\\\/\"},\"author\":{\"name\":\"Bladna News Staff\",\"@id\":\"https:\\\/\\\/mediumseagreen-eel-531711.hostingersite.com\\\/#\\\/schema\\\/person\\\/268e18a453ab080ebf76df6ef7845083\"},\"headline\":\"Injury-plagued Chelsea man out another month after training incident\",\"datePublished\":\"2026-01-24T10:27:40+00:00\",\"mainEntityOfPage\":{\"@id\":\"https:\\\/\\\/bladnanews.com\\\/injury-plagued-chelsea-man-out-another-month-after-training-incident\\\/\"},\"wordCount\":193,\"publisher\":{\"@id\":\"https:\\\/\\\/mediumseagreen-eel-531711.hostingersite.com\\\/#organization\"},\"image\":{\"@id\":\"https:\\\/\\\/bladnanews.com\\\/injury-plagued-chelsea-man-out-another-month-after-training-incident\\\/#primaryimage\"},\"thumbnailUrl\":\"https:\\\/\\\/bladnanews.com\\\/wp-content\\\/uploads\\\/2026\\\/01\\\/BladnaNews-Injury-plagued-Chelsea-man-out-another-month-after-training-incident-2026-01-25T010931.488Z-scaled.jpg\",\"articleSection\":[\"International\",\"Latest News\"],\"inLanguage\":\"fr-FR\",\"copyrightYear\":\"2026\",\"copyrightHolder\":{\"@id\":\"https:\\\/\\\/bladnanews.com\\\/fr\\\/#organization\"}},{\"@type\":\"WebPage\",\"@id\":\"https:\\\/\\\/bladnanews.com\\\/injury-plagued-chelsea-man-out-another-month-after-training-incident\\\/\",\"url\":\"https:\\\/\\\/bladnanews.com\\\/injury-plagued-chelsea-man-out-another-month-after-training-incident\\\/\",\"name\":\"Injury-plagued Chelsea man out another month after training incident - Bladna News\",\"isPartOf\":{\"@id\":\"https:\\\/\\\/mediumseagreen-eel-531711.hostingersite.com\\\/#website\"},\"primaryImageOfPage\":{\"@id\":\"https:\\\/\\\/bladnanews.com\\\/injury-plagued-chelsea-man-out-another-month-after-training-incident\\\/#primaryimage\"},\"image\":{\"@id\":\"https:\\\/\\\/bladnanews.com\\\/injury-plagued-chelsea-man-out-another-month-after-training-incident\\\/#primaryimage\"},\"thumbnailUrl\":\"https:\\\/\\\/bladnanews.com\\\/wp-content\\\/uploads\\\/2026\\\/01\\\/BladnaNews-Injury-plagued-Chelsea-man-out-another-month-after-training-incident-2026-01-25T010931.488Z-scaled.jpg\",\"datePublished\":\"2026-01-24T10:27:40+00:00\",\"breadcrumb\":{\"@id\":\"https:\\\/\\\/bladnanews.com\\\/injury-plagued-chelsea-man-out-another-month-after-training-incident\\\/#breadcrumb\"},\"inLanguage\":\"fr-FR\",\"potentialAction\":[{\"@type\":\"ReadAction\",\"target\":[\"https:\\\/\\\/bladnanews.com\\\/injury-plagued-chelsea-man-out-another-month-after-training-incident\\\/\"]}]},{\"@type\":\"ImageObject\",\"inLanguage\":\"fr-FR\",\"@id\":\"https:\\\/\\\/bladnanews.com\\\/injury-plagued-chelsea-man-out-another-month-after-training-incident\\\/#primaryimage\",\"url\":\"https:\\\/\\\/bladnanews.com\\\/wp-content\\\/uploads\\\/2026\\\/01\\\/BladnaNews-Injury-plagued-Chelsea-man-out-another-month-after-training-incident-2026-01-25T010931.488Z-scaled.jpg\",\"contentUrl\":\"https:\\\/\\\/bladnanews.com\\\/wp-content\\\/uploads\\\/2026\\\/01\\\/BladnaNews-Injury-plagued-Chelsea-man-out-another-month-after-training-incident-2026-01-25T010931.488Z-scaled.jpg\",\"width\":2560,\"height\":1440,\"caption\":\"Chelsea coach with glasses, wearing a black jacket, looking thoughtfully during a match, background suggesting a stadium atmosphere.\"},{\"@type\":\"BreadcrumbList\",\"@id\":\"https:\\\/\\\/bladnanews.com\\\/injury-plagued-chelsea-man-out-another-month-after-training-incident\\\/#breadcrumb\",\"itemListElement\":[{\"@type\":\"ListItem\",\"position\":1,\"name\":\"Home\",\"item\":\"https:\\\/\\\/bladnanews.com\\\/\"},{\"@type\":\"ListItem\",\"position\":2,\"name\":\"Injury-plagued Chelsea man out another month after training incident\"}]},{\"@type\":\"WebSite\",\"@id\":\"https:\\\/\\\/mediumseagreen-eel-531711.hostingersite.com\\\/#website\",\"url\":\"https:\\\/\\\/mediumseagreen-eel-531711.hostingersite.com\\\/\",\"name\":\"Bladna News - Morocco\",\"description\":\"Where Moroccan Football Meets the World\",\"publisher\":{\"@id\":\"https:\\\/\\\/mediumseagreen-eel-531711.hostingersite.com\\\/#organization\"},\"potentialAction\":[{\"@type\":\"SearchAction\",\"target\":{\"@type\":\"EntryPoint\",\"urlTemplate\":\"https:\\\/\\\/mediumseagreen-eel-531711.hostingersite.com\\\/?s={search_term_string}\"},\"query-input\":{\"@type\":\"PropertyValueSpecification\",\"valueRequired\":true,\"valueName\":\"search_term_string\"}}],\"inLanguage\":\"fr-FR\"},{\"@type\":\"Organization\",\"@id\":\"https:\\\/\\\/mediumseagreen-eel-531711.hostingersite.com\\\/#organization\",\"name\":\"Bladna News.com\",\"url\":\"https:\\\/\\\/mediumseagreen-eel-531711.hostingersite.com\\\/\",\"logo\":{\"@type\":\"ImageObject\",\"inLanguage\":\"fr-FR\",\"@id\":\"https:\\\/\\\/mediumseagreen-eel-531711.hostingersite.com\\\/#\\\/schema\\\/logo\\\/image\\\/\",\"url\":\"https:\\\/\\\/bladnanews.com\\\/wp-content\\\/uploads\\\/2025\\\/12\\\/logo-bladnanews-V2-web-black-red.png\",\"contentUrl\":\"https:\\\/\\\/bladnanews.com\\\/wp-content\\\/uploads\\\/2025\\\/12\\\/logo-bladnanews-V2-web-black-red.png\",\"width\":703,\"height\":287,\"caption\":\"Bladna News.com\"},\"image\":{\"@id\":\"https:\\\/\\\/mediumseagreen-eel-531711.hostingersite.com\\\/#\\\/schema\\\/logo\\\/image\\\/\"},\"email\":\"info@bladnanews.com\",\"legalName\":\"Bladna News\"},{\"@type\":\"Person\",\"@id\":\"https:\\\/\\\/mediumseagreen-eel-531711.hostingersite.com\\\/#\\\/schema\\\/person\\\/268e18a453ab080ebf76df6ef7845083\",\"name\":\"Bladna News Staff\",\"url\":\"https:\\\/\\\/bladnanews.com\\\/fr\\\/author\\\/bladna-news-staff\\\/\"}]}<\/script>\n<!-- \/ Yoast SEO Premium plugin. -->","yoast_head_json":{"title":"Un joueur de Chelsea, souvent bless\u00e9, sera absent un mois de plus apr\u00e8s un incident \u00e0 l'entra\u00eenement - Bladna News","robots":{"index":"index","follow":"follow","max-snippet":"max-snippet:-1","max-image-preview":"max-image-preview:large","max-video-preview":"max-video-preview:-1"},"canonical":"https:\/\/bladnanews.com\/fr\/le-joueur-de-chelsea-en-proie-aux-blessures-sera-absent-un-mois-de-plus-apres-un-incident-a-lentrainement\/","og_locale":"fr_FR","og_type":"article","og_title":"Injury-plagued Chelsea man out another month after training incident","og_description":"Chelsea have been dealt another injury setback after a forgotten first-team player was ruled out for at least another month [&hellip;]","og_url":"https:\/\/bladnanews.com\/fr\/le-joueur-de-chelsea-en-proie-aux-blessures-sera-absent-un-mois-de-plus-apres-un-incident-a-lentrainement\/","og_site_name":"Bladna News","article_published_time":"2026-01-24T10:27:40+00:00","og_image":[{"width":1312,"height":736,"url":"https:\/\/bladnanews.com\/wp-content\/uploads\/2025\/12\/freepik__bladna-newscom-moroccan-soccer-homepage-banner-mor__41838.png","type":"image\/png"}],"author":"Bladna News Staff","twitter_card":"summary_large_image","twitter_misc":{"\u00c9crit par":"Bladna News Staff","Dur\u00e9e de lecture estim\u00e9e":"1 minute"},"schema":{"@context":"https:\/\/schema.org","@graph":[{"@type":"Article","@id":"https:\/\/bladnanews.com\/injury-plagued-chelsea-man-out-another-month-after-training-incident\/#article","isPartOf":{"@id":"https:\/\/bladnanews.com\/injury-plagued-chelsea-man-out-another-month-after-training-incident\/"},"author":{"name":"Bladna News Staff","@id":"https:\/\/mediumseagreen-eel-531711.hostingersite.com\/#\/schema\/person\/268e18a453ab080ebf76df6ef7845083"},"headline":"Injury-plagued Chelsea man out another month after training incident","datePublished":"2026-01-24T10:27:40+00:00","mainEntityOfPage":{"@id":"https:\/\/bladnanews.com\/injury-plagued-chelsea-man-out-another-month-after-training-incident\/"},"wordCount":193,"publisher":{"@id":"https:\/\/mediumseagreen-eel-531711.hostingersite.com\/#organization"},"image":{"@id":"https:\/\/bladnanews.com\/injury-plagued-chelsea-man-out-another-month-after-training-incident\/#primaryimage"},"thumbnailUrl":"https:\/\/bladnanews.com\/wp-content\/uploads\/2026\/01\/BladnaNews-Injury-plagued-Chelsea-man-out-another-month-after-training-incident-2026-01-25T010931.488Z-scaled.jpg","articleSection":["International","Latest News"],"inLanguage":"fr-FR","copyrightYear":"2026","copyrightHolder":{"@id":"https:\/\/bladnanews.com\/fr\/#organization"}},{"@type":"WebPage","@id":"https:\/\/bladnanews.com\/injury-plagued-chelsea-man-out-another-month-after-training-incident\/","url":"https:\/\/bladnanews.com\/injury-plagued-chelsea-man-out-another-month-after-training-incident\/","name":"Un joueur de Chelsea, souvent bless\u00e9, sera absent un mois de plus apr\u00e8s un incident \u00e0 l'entra\u00eenement - Bladna News","isPartOf":{"@id":"https:\/\/mediumseagreen-eel-531711.hostingersite.com\/#website"},"primaryImageOfPage":{"@id":"https:\/\/bladnanews.com\/injury-plagued-chelsea-man-out-another-month-after-training-incident\/#primaryimage"},"image":{"@id":"https:\/\/bladnanews.com\/injury-plagued-chelsea-man-out-another-month-after-training-incident\/#primaryimage"},"thumbnailUrl":"https:\/\/bladnanews.com\/wp-content\/uploads\/2026\/01\/BladnaNews-Injury-plagued-Chelsea-man-out-another-month-after-training-incident-2026-01-25T010931.488Z-scaled.jpg","datePublished":"2026-01-24T10:27:40+00:00","breadcrumb":{"@id":"https:\/\/bladnanews.com\/injury-plagued-chelsea-man-out-another-month-after-training-incident\/#breadcrumb"},"inLanguage":"fr-FR","potentialAction":[{"@type":"ReadAction","target":["https:\/\/bladnanews.com\/injury-plagued-chelsea-man-out-another-month-after-training-incident\/"]}]},{"@type":"ImageObject","inLanguage":"fr-FR","@id":"https:\/\/bladnanews.com\/injury-plagued-chelsea-man-out-another-month-after-training-incident\/#primaryimage","url":"https:\/\/bladnanews.com\/wp-content\/uploads\/2026\/01\/BladnaNews-Injury-plagued-Chelsea-man-out-another-month-after-training-incident-2026-01-25T010931.488Z-scaled.jpg","contentUrl":"https:\/\/bladnanews.com\/wp-content\/uploads\/2026\/01\/BladnaNews-Injury-plagued-Chelsea-man-out-another-month-after-training-incident-2026-01-25T010931.488Z-scaled.jpg","width":2560,"height":1440,"caption":"Chelsea coach with glasses, wearing a black jacket, looking thoughtfully during a match, background suggesting a stadium atmosphere."},{"@type":"BreadcrumbList","@id":"https:\/\/bladnanews.com\/injury-plagued-chelsea-man-out-another-month-after-training-incident\/#breadcrumb","itemListElement":[{"@type":"ListItem","position":1,"name":"Home","item":"https:\/\/bladnanews.com\/"},{"@type":"ListItem","position":2,"name":"Injury-plagued Chelsea man out another month after training incident"}]},{"@type":"WebSite","@id":"https:\/\/mediumseagreen-eel-531711.hostingersite.com\/#website","url":"https:\/\/mediumseagreen-eel-531711.hostingersite.com\/","name":"Bladna News - Maroc","description":"Quand le football marocain rencontre le monde","publisher":{"@id":"https:\/\/mediumseagreen-eel-531711.hostingersite.com\/#organization"},"potentialAction":[{"@type":"SearchAction","target":{"@type":"EntryPoint","urlTemplate":"https:\/\/mediumseagreen-eel-531711.hostingersite.com\/?s={search_term_string}"},"query-input":{"@type":"PropertyValueSpecification","valueRequired":true,"valueName":"search_term_string"}}],"inLanguage":"fr-FR"},{"@type":"Organization","@id":"https:\/\/mediumseagreen-eel-531711.hostingersite.com\/#organization","name":"Bladna News.com","url":"https:\/\/mediumseagreen-eel-531711.hostingersite.com\/","logo":{"@type":"ImageObject","inLanguage":"fr-FR","@id":"https:\/\/mediumseagreen-eel-531711.hostingersite.com\/#\/schema\/logo\/image\/","url":"https:\/\/bladnanews.com\/wp-content\/uploads\/2025\/12\/logo-bladnanews-V2-web-black-red.png","contentUrl":"https:\/\/bladnanews.com\/wp-content\/uploads\/2025\/12\/logo-bladnanews-V2-web-black-red.png","width":703,"height":287,"caption":"Bladna News.com"},"image":{"@id":"https:\/\/mediumseagreen-eel-531711.hostingersite.com\/#\/schema\/logo\/image\/"},"email":"info@bladnanews.com","legalName":"Bladna News"},{"@type":"Person","@id":"https:\/\/mediumseagreen-eel-531711.hostingersite.com\/#\/schema\/person\/268e18a453ab080ebf76df6ef7845083","name":"\u00c9quipe r\u00e9dactionnelle de Bladna News","url":"https:\/\/bladnanews.com\/fr\/author\/bladna-news-staff\/"}]}},"_links":{"self":[{"href":"https:\/\/bladnanews.com\/fr\/wp-json\/wp\/v2\/posts\/7605","targetHints":{"allow":["GET"]}}],"collection":[{"href":"https:\/\/bladnanews.com\/fr\/wp-json\/wp\/v2\/posts"}],"about":[{"href":"https:\/\/bladnanews.com\/fr\/wp-json\/wp\/v2\/types\/post"}],"author":[{"embeddable":true,"href":"https:\/\/bladnanews.com\/fr\/wp-json\/wp\/v2\/users\/3"}],"replies":[{"embeddable":true,"href":"https:\/\/bladnanews.com\/fr\/wp-json\/wp\/v2\/comments?post=7605"}],"version-history":[{"count":0,"href":"https:\/\/bladnanews.com\/fr\/wp-json\/wp\/v2\/posts\/7605\/revisions"}],"wp:featuredmedia":[{"embeddable":true,"href":"https:\/\/bladnanews.com\/fr\/wp-json\/wp\/v2\/media\/7604"}],"wp:attachment":[{"href":"https:\/\/bladnanews.com\/fr\/wp-json\/wp\/v2\/media?parent=7605"}],"wp:term":[{"taxonomy":"category","embeddable":true,"href":"https:\/\/bladnanews.com\/fr\/wp-json\/wp\/v2\/categories?post=7605"},{"taxonomy":"post_tag","embeddable":true,"href":"https:\/\/bladnanews.com\/fr\/wp-json\/wp\/v2\/tags?post=7605"}],"curies":[{"name":"wp","href":"https:\/\/api.w.org\/{rel}","templated":true}]}}