{"id":7607,"date":"2026-01-24T11:35:27","date_gmt":"2026-01-24T11:35:27","guid":{"rendered":"https:\/\/bladnanews.com\/ronaldo-welcomes-mane-back-to-al-nassr-after-afcon-win\/"},"modified":"2026-01-24T11:35:27","modified_gmt":"2026-01-24T11:35:27","slug":"ronaldo-souhaite-la-bienvenue-a-mane-a-son-retour-a-al-nassr-apres-la-victoire-a-la-can","status":"publish","type":"post","link":"https:\/\/bladnanews.com\/fr\/ronaldo-souhaite-la-bienvenue-a-mane-a-son-retour-a-al-nassr-apres-la-victoire-a-la-can\/","title":{"rendered":"Ronaldo souhaite la bienvenue \u00e0 Mane de retour \u00e0 Al Nassr apr\u00e8s la victoire \u00e0 la CAN"},"content":{"rendered":"<p>Sadio Man\u00e9 a re\u00e7u un accueil de h\u00e9ros de la part de Cristiano Ronaldo et de ses co\u00e9quipiers d'Al-Nassr \u00e0 son retour au club, apr\u00e8s avoir aid\u00e9 le S\u00e9n\u00e9gal \u00e0 remporter la Coupe d'Afrique des Nations.<\/p>\n<p>Man\u00e9 a r\u00e9int\u00e9gr\u00e9 Al-Nassr apr\u00e8s sa mission internationale, ayant contribu\u00e9 \u00e0 une campagne victorieuse \u00e0 la CAN qui s'est conclue par la victoire du S\u00e9n\u00e9gal. L'attaquant a retrouv\u00e9 le groupe pour pr\u00e9parer les prochaines rencontres du club, dans un \u00e9tat d'esprit positif apr\u00e8s ses succ\u00e8s sur la sc\u00e8ne continentale.<\/p>\n<p>Une vid\u00e9o partag\u00e9e depuis le camp a montr\u00e9 Ronaldo et d'autres joueurs saluant chaleureusement Man\u00e9 \u00e0 son arriv\u00e9e. La star s\u00e9n\u00e9galaise a \u00e9t\u00e9 f\u00e9licit\u00e9e devant le groupe, les c\u00e9l\u00e9brations incluant un g\u00e2teau sp\u00e9cial pr\u00e9par\u00e9 pour marquer l'occasion.<\/p>\n<p>Les joueurs d'Al-Nassr ont clairement montr\u00e9 l'importance du triomphe de Man\u00e9, l'entourant et l'applaudissant \u00e0 son retour dans l'environnement du vestiaire. Son retour \u00e9tant d\u00e9sormais act\u00e9, Man\u00e9 est pr\u00eat \u00e0 se recentrer sur les objectifs nationaux et continentaux avec le club de Riyad, aux c\u00f4t\u00e9s de Ronaldo et du reste de l'effectif.<\/p>","protected":false},"excerpt":{"rendered":"<p>Sadio Mane was given a hero\u2019s welcome by Cristiano Ronaldo and his Al-Nassr team-mates as he returned to the club [&hellip;]<\/p>\n","protected":false},"author":3,"featured_media":7606,"comment_status":"","ping_status":"open","sticky":false,"template":"","format":"standard","meta":{"googlesitekit_rrm_CAow_uzEDA:productID":"","site-sidebar-layout":"default","site-content-layout":"","ast-site-content-layout":"default","site-content-style":"default","site-sidebar-style":"default","ast-global-header-display":"","ast-banner-title-visibility":"","ast-main-header-display":"","ast-hfb-above-header-display":"","ast-hfb-below-header-display":"","ast-hfb-mobile-header-display":"","site-post-title":"","ast-breadcrumbs-content":"","ast-featured-img":"","footer-sml-layout":"","ast-disable-related-posts":"","theme-transparent-header-meta":"","adv-header-id-meta":"","stick-header-meta":"","header-above-stick-meta":"","header-main-stick-meta":"","header-below-stick-meta":"","astra-migrate-meta-layouts":"default","ast-page-background-enabled":"default","ast-page-background-meta":{"desktop":{"background-color":"var(--ast-global-color-5)","background-image":"","background-repeat":"repeat","background-position":"center center","background-size":"auto","background-attachment":"scroll","background-type":"","background-media":"","overlay-type":"","overlay-color":"","overlay-opacity":"","overlay-gradient":""},"tablet":{"background-color":"","background-image":"","background-repeat":"repeat","background-position":"center center","background-size":"auto","background-attachment":"scroll","background-type":"","background-media":"","overlay-type":"","overlay-color":"","overlay-opacity":"","overlay-gradient":""},"mobile":{"background-color":"","background-image":"","background-repeat":"repeat","background-position":"center center","background-size":"auto","background-attachment":"scroll","background-type":"","background-media":"","overlay-type":"","overlay-color":"","overlay-opacity":"","overlay-gradient":""}},"ast-content-background-meta":{"desktop":{"background-color":"var(--ast-global-color-4)","background-image":"","background-repeat":"repeat","background-position":"center center","background-size":"auto","background-attachment":"scroll","background-type":"","background-media":"","overlay-type":"","overlay-color":"","overlay-opacity":"","overlay-gradient":""},"tablet":{"background-color":"var(--ast-global-color-4)","background-image":"","background-repeat":"repeat","background-position":"center center","background-size":"auto","background-attachment":"scroll","background-type":"","background-media":"","overlay-type":"","overlay-color":"","overlay-opacity":"","overlay-gradient":""},"mobile":{"background-color":"var(--ast-global-color-4)","background-image":"","background-repeat":"repeat","background-position":"center center","background-size":"auto","background-attachment":"scroll","background-type":"","background-media":"","overlay-type":"","overlay-color":"","overlay-opacity":"","overlay-gradient":""}},"footnotes":""},"categories":[20,1],"tags":[],"class_list":["post-7607","post","type-post","status-publish","format-standard","has-post-thumbnail","hentry","category-international","category-football-latest-news"],"yoast_head":"<!-- This site is optimized with the Yoast SEO Premium plugin v26.6 (Yoast SEO v27.4) - https:\/\/yoast.com\/product\/yoast-seo-premium-wordpress\/ -->\n<title>Ronaldo welcomes Mane back to Al Nassr after AFCON win - Bladna News<\/title>\n<meta name=\"robots\" content=\"index, follow, max-snippet:-1, max-image-preview:large, max-video-preview:-1\" \/>\n<link rel=\"canonical\" href=\"https:\/\/bladnanews.com\/fr\/ronaldo-souhaite-la-bienvenue-a-mane-a-son-retour-a-al-nassr-apres-la-victoire-a-la-can\/\" \/>\n<meta property=\"og:locale\" content=\"fr_FR\" \/>\n<meta property=\"og:type\" content=\"article\" \/>\n<meta property=\"og:title\" content=\"Ronaldo welcomes Mane back to Al Nassr after AFCON win\" \/>\n<meta property=\"og:description\" content=\"Sadio Mane was given a hero\u2019s welcome by Cristiano Ronaldo and his Al-Nassr team-mates as he returned to the club [&hellip;]\" \/>\n<meta property=\"og:url\" content=\"https:\/\/bladnanews.com\/fr\/ronaldo-souhaite-la-bienvenue-a-mane-a-son-retour-a-al-nassr-apres-la-victoire-a-la-can\/\" \/>\n<meta property=\"og:site_name\" content=\"Bladna News\" \/>\n<meta property=\"article:published_time\" content=\"2026-01-24T11:35:27+00:00\" \/>\n<meta property=\"og:image\" content=\"https:\/\/bladnanews.com\/wp-content\/uploads\/2025\/12\/freepik__bladna-newscom-moroccan-soccer-homepage-banner-mor__41838.png\" \/>\n\t<meta property=\"og:image:width\" content=\"1312\" \/>\n\t<meta property=\"og:image:height\" content=\"736\" \/>\n\t<meta property=\"og:image:type\" content=\"image\/png\" \/>\n<meta name=\"author\" content=\"Bladna News Staff\" \/>\n<meta name=\"twitter:card\" content=\"summary_large_image\" \/>\n<meta name=\"twitter:label1\" content=\"\u00c9crit par\" \/>\n\t<meta name=\"twitter:data1\" content=\"Bladna News Staff\" \/>\n\t<meta name=\"twitter:label2\" content=\"Dur\u00e9e de lecture estim\u00e9e\" \/>\n\t<meta name=\"twitter:data2\" content=\"1 minute\" \/>\n<script type=\"application\/ld+json\" class=\"yoast-schema-graph\">{\"@context\":\"https:\\\/\\\/schema.org\",\"@graph\":[{\"@type\":\"Article\",\"@id\":\"https:\\\/\\\/bladnanews.com\\\/ronaldo-welcomes-mane-back-to-al-nassr-after-afcon-win\\\/#article\",\"isPartOf\":{\"@id\":\"https:\\\/\\\/bladnanews.com\\\/ronaldo-welcomes-mane-back-to-al-nassr-after-afcon-win\\\/\"},\"author\":{\"name\":\"Bladna News Staff\",\"@id\":\"https:\\\/\\\/mediumseagreen-eel-531711.hostingersite.com\\\/#\\\/schema\\\/person\\\/268e18a453ab080ebf76df6ef7845083\"},\"headline\":\"Ronaldo welcomes Mane back to Al Nassr after AFCON win\",\"datePublished\":\"2026-01-24T11:35:27+00:00\",\"mainEntityOfPage\":{\"@id\":\"https:\\\/\\\/bladnanews.com\\\/ronaldo-welcomes-mane-back-to-al-nassr-after-afcon-win\\\/\"},\"wordCount\":178,\"publisher\":{\"@id\":\"https:\\\/\\\/mediumseagreen-eel-531711.hostingersite.com\\\/#organization\"},\"image\":{\"@id\":\"https:\\\/\\\/bladnanews.com\\\/ronaldo-welcomes-mane-back-to-al-nassr-after-afcon-win\\\/#primaryimage\"},\"thumbnailUrl\":\"https:\\\/\\\/bladnanews.com\\\/wp-content\\\/uploads\\\/2026\\\/01\\\/BladnaNews-Ronaldo-welcomes-Mane-back-to-Al-Nassr-after-AFCON-win-2026-01-25T010957.382Z-scaled.jpg\",\"articleSection\":[\"International\",\"Latest News\"],\"inLanguage\":\"fr-FR\",\"copyrightYear\":\"2026\",\"copyrightHolder\":{\"@id\":\"https:\\\/\\\/bladnanews.com\\\/fr\\\/#organization\"}},{\"@type\":\"WebPage\",\"@id\":\"https:\\\/\\\/bladnanews.com\\\/ronaldo-welcomes-mane-back-to-al-nassr-after-afcon-win\\\/\",\"url\":\"https:\\\/\\\/bladnanews.com\\\/ronaldo-welcomes-mane-back-to-al-nassr-after-afcon-win\\\/\",\"name\":\"Ronaldo welcomes Mane back to Al Nassr after AFCON win - Bladna News\",\"isPartOf\":{\"@id\":\"https:\\\/\\\/mediumseagreen-eel-531711.hostingersite.com\\\/#website\"},\"primaryImageOfPage\":{\"@id\":\"https:\\\/\\\/bladnanews.com\\\/ronaldo-welcomes-mane-back-to-al-nassr-after-afcon-win\\\/#primaryimage\"},\"image\":{\"@id\":\"https:\\\/\\\/bladnanews.com\\\/ronaldo-welcomes-mane-back-to-al-nassr-after-afcon-win\\\/#primaryimage\"},\"thumbnailUrl\":\"https:\\\/\\\/bladnanews.com\\\/wp-content\\\/uploads\\\/2026\\\/01\\\/BladnaNews-Ronaldo-welcomes-Mane-back-to-Al-Nassr-after-AFCON-win-2026-01-25T010957.382Z-scaled.jpg\",\"datePublished\":\"2026-01-24T11:35:27+00:00\",\"breadcrumb\":{\"@id\":\"https:\\\/\\\/bladnanews.com\\\/ronaldo-welcomes-mane-back-to-al-nassr-after-afcon-win\\\/#breadcrumb\"},\"inLanguage\":\"fr-FR\",\"potentialAction\":[{\"@type\":\"ReadAction\",\"target\":[\"https:\\\/\\\/bladnanews.com\\\/ronaldo-welcomes-mane-back-to-al-nassr-after-afcon-win\\\/\"]}]},{\"@type\":\"ImageObject\",\"inLanguage\":\"fr-FR\",\"@id\":\"https:\\\/\\\/bladnanews.com\\\/ronaldo-welcomes-mane-back-to-al-nassr-after-afcon-win\\\/#primaryimage\",\"url\":\"https:\\\/\\\/bladnanews.com\\\/wp-content\\\/uploads\\\/2026\\\/01\\\/BladnaNews-Ronaldo-welcomes-Mane-back-to-Al-Nassr-after-AFCON-win-2026-01-25T010957.382Z-scaled.jpg\",\"contentUrl\":\"https:\\\/\\\/bladnanews.com\\\/wp-content\\\/uploads\\\/2026\\\/01\\\/BladnaNews-Ronaldo-welcomes-Mane-back-to-Al-Nassr-after-AFCON-win-2026-01-25T010957.382Z-scaled.jpg\",\"width\":2560,\"height\":1440,\"caption\":\"Sadio Man\u00e9 celebrated triumphantly, lifting the AFCON trophy while being surrounded by jubilant teammates in a rain-soaked stadium.\"},{\"@type\":\"BreadcrumbList\",\"@id\":\"https:\\\/\\\/bladnanews.com\\\/ronaldo-welcomes-mane-back-to-al-nassr-after-afcon-win\\\/#breadcrumb\",\"itemListElement\":[{\"@type\":\"ListItem\",\"position\":1,\"name\":\"Home\",\"item\":\"https:\\\/\\\/bladnanews.com\\\/\"},{\"@type\":\"ListItem\",\"position\":2,\"name\":\"Ronaldo welcomes Mane back to Al Nassr after AFCON win\"}]},{\"@type\":\"WebSite\",\"@id\":\"https:\\\/\\\/mediumseagreen-eel-531711.hostingersite.com\\\/#website\",\"url\":\"https:\\\/\\\/mediumseagreen-eel-531711.hostingersite.com\\\/\",\"name\":\"Bladna News - Morocco\",\"description\":\"Where Moroccan Football Meets the World\",\"publisher\":{\"@id\":\"https:\\\/\\\/mediumseagreen-eel-531711.hostingersite.com\\\/#organization\"},\"potentialAction\":[{\"@type\":\"SearchAction\",\"target\":{\"@type\":\"EntryPoint\",\"urlTemplate\":\"https:\\\/\\\/mediumseagreen-eel-531711.hostingersite.com\\\/?s={search_term_string}\"},\"query-input\":{\"@type\":\"PropertyValueSpecification\",\"valueRequired\":true,\"valueName\":\"search_term_string\"}}],\"inLanguage\":\"fr-FR\"},{\"@type\":\"Organization\",\"@id\":\"https:\\\/\\\/mediumseagreen-eel-531711.hostingersite.com\\\/#organization\",\"name\":\"Bladna News.com\",\"url\":\"https:\\\/\\\/mediumseagreen-eel-531711.hostingersite.com\\\/\",\"logo\":{\"@type\":\"ImageObject\",\"inLanguage\":\"fr-FR\",\"@id\":\"https:\\\/\\\/mediumseagreen-eel-531711.hostingersite.com\\\/#\\\/schema\\\/logo\\\/image\\\/\",\"url\":\"https:\\\/\\\/bladnanews.com\\\/wp-content\\\/uploads\\\/2025\\\/12\\\/logo-bladnanews-V2-web-black-red.png\",\"contentUrl\":\"https:\\\/\\\/bladnanews.com\\\/wp-content\\\/uploads\\\/2025\\\/12\\\/logo-bladnanews-V2-web-black-red.png\",\"width\":703,\"height\":287,\"caption\":\"Bladna News.com\"},\"image\":{\"@id\":\"https:\\\/\\\/mediumseagreen-eel-531711.hostingersite.com\\\/#\\\/schema\\\/logo\\\/image\\\/\"},\"email\":\"info@bladnanews.com\",\"legalName\":\"Bladna News\"},{\"@type\":\"Person\",\"@id\":\"https:\\\/\\\/mediumseagreen-eel-531711.hostingersite.com\\\/#\\\/schema\\\/person\\\/268e18a453ab080ebf76df6ef7845083\",\"name\":\"Bladna News Staff\",\"url\":\"https:\\\/\\\/bladnanews.com\\\/fr\\\/author\\\/bladna-news-staff\\\/\"}]}<\/script>\n<!-- \/ Yoast SEO Premium plugin. -->","yoast_head_json":{"title":"Ronaldo souhaite la bienvenue \u00e0 Mane de retour \u00e0 Al Nassr apr\u00e8s la victoire \u00e0 la CAN - Bladna News","robots":{"index":"index","follow":"follow","max-snippet":"max-snippet:-1","max-image-preview":"max-image-preview:large","max-video-preview":"max-video-preview:-1"},"canonical":"https:\/\/bladnanews.com\/fr\/ronaldo-souhaite-la-bienvenue-a-mane-a-son-retour-a-al-nassr-apres-la-victoire-a-la-can\/","og_locale":"fr_FR","og_type":"article","og_title":"Ronaldo welcomes Mane back to Al Nassr after AFCON win","og_description":"Sadio Mane was given a hero\u2019s welcome by Cristiano Ronaldo and his Al-Nassr team-mates as he returned to the club [&hellip;]","og_url":"https:\/\/bladnanews.com\/fr\/ronaldo-souhaite-la-bienvenue-a-mane-a-son-retour-a-al-nassr-apres-la-victoire-a-la-can\/","og_site_name":"Bladna News","article_published_time":"2026-01-24T11:35:27+00:00","og_image":[{"width":1312,"height":736,"url":"https:\/\/bladnanews.com\/wp-content\/uploads\/2025\/12\/freepik__bladna-newscom-moroccan-soccer-homepage-banner-mor__41838.png","type":"image\/png"}],"author":"Bladna News Staff","twitter_card":"summary_large_image","twitter_misc":{"\u00c9crit par":"Bladna News Staff","Dur\u00e9e de lecture estim\u00e9e":"1 minute"},"schema":{"@context":"https:\/\/schema.org","@graph":[{"@type":"Article","@id":"https:\/\/bladnanews.com\/ronaldo-welcomes-mane-back-to-al-nassr-after-afcon-win\/#article","isPartOf":{"@id":"https:\/\/bladnanews.com\/ronaldo-welcomes-mane-back-to-al-nassr-after-afcon-win\/"},"author":{"name":"Bladna News Staff","@id":"https:\/\/mediumseagreen-eel-531711.hostingersite.com\/#\/schema\/person\/268e18a453ab080ebf76df6ef7845083"},"headline":"Ronaldo welcomes Mane back to Al Nassr after AFCON win","datePublished":"2026-01-24T11:35:27+00:00","mainEntityOfPage":{"@id":"https:\/\/bladnanews.com\/ronaldo-welcomes-mane-back-to-al-nassr-after-afcon-win\/"},"wordCount":178,"publisher":{"@id":"https:\/\/mediumseagreen-eel-531711.hostingersite.com\/#organization"},"image":{"@id":"https:\/\/bladnanews.com\/ronaldo-welcomes-mane-back-to-al-nassr-after-afcon-win\/#primaryimage"},"thumbnailUrl":"https:\/\/bladnanews.com\/wp-content\/uploads\/2026\/01\/BladnaNews-Ronaldo-welcomes-Mane-back-to-Al-Nassr-after-AFCON-win-2026-01-25T010957.382Z-scaled.jpg","articleSection":["International","Latest News"],"inLanguage":"fr-FR","copyrightYear":"2026","copyrightHolder":{"@id":"https:\/\/bladnanews.com\/fr\/#organization"}},{"@type":"WebPage","@id":"https:\/\/bladnanews.com\/ronaldo-welcomes-mane-back-to-al-nassr-after-afcon-win\/","url":"https:\/\/bladnanews.com\/ronaldo-welcomes-mane-back-to-al-nassr-after-afcon-win\/","name":"Ronaldo souhaite la bienvenue \u00e0 Mane de retour \u00e0 Al Nassr apr\u00e8s la victoire \u00e0 la CAN - Bladna News","isPartOf":{"@id":"https:\/\/mediumseagreen-eel-531711.hostingersite.com\/#website"},"primaryImageOfPage":{"@id":"https:\/\/bladnanews.com\/ronaldo-welcomes-mane-back-to-al-nassr-after-afcon-win\/#primaryimage"},"image":{"@id":"https:\/\/bladnanews.com\/ronaldo-welcomes-mane-back-to-al-nassr-after-afcon-win\/#primaryimage"},"thumbnailUrl":"https:\/\/bladnanews.com\/wp-content\/uploads\/2026\/01\/BladnaNews-Ronaldo-welcomes-Mane-back-to-Al-Nassr-after-AFCON-win-2026-01-25T010957.382Z-scaled.jpg","datePublished":"2026-01-24T11:35:27+00:00","breadcrumb":{"@id":"https:\/\/bladnanews.com\/ronaldo-welcomes-mane-back-to-al-nassr-after-afcon-win\/#breadcrumb"},"inLanguage":"fr-FR","potentialAction":[{"@type":"ReadAction","target":["https:\/\/bladnanews.com\/ronaldo-welcomes-mane-back-to-al-nassr-after-afcon-win\/"]}]},{"@type":"ImageObject","inLanguage":"fr-FR","@id":"https:\/\/bladnanews.com\/ronaldo-welcomes-mane-back-to-al-nassr-after-afcon-win\/#primaryimage","url":"https:\/\/bladnanews.com\/wp-content\/uploads\/2026\/01\/BladnaNews-Ronaldo-welcomes-Mane-back-to-Al-Nassr-after-AFCON-win-2026-01-25T010957.382Z-scaled.jpg","contentUrl":"https:\/\/bladnanews.com\/wp-content\/uploads\/2026\/01\/BladnaNews-Ronaldo-welcomes-Mane-back-to-Al-Nassr-after-AFCON-win-2026-01-25T010957.382Z-scaled.jpg","width":2560,"height":1440,"caption":"Sadio Man\u00e9 celebrated triumphantly, lifting the AFCON trophy while being surrounded by jubilant teammates in a rain-soaked stadium."},{"@type":"BreadcrumbList","@id":"https:\/\/bladnanews.com\/ronaldo-welcomes-mane-back-to-al-nassr-after-afcon-win\/#breadcrumb","itemListElement":[{"@type":"ListItem","position":1,"name":"Home","item":"https:\/\/bladnanews.com\/"},{"@type":"ListItem","position":2,"name":"Ronaldo welcomes Mane back to Al Nassr after AFCON win"}]},{"@type":"WebSite","@id":"https:\/\/mediumseagreen-eel-531711.hostingersite.com\/#website","url":"https:\/\/mediumseagreen-eel-531711.hostingersite.com\/","name":"Bladna News - Maroc","description":"Quand le football marocain rencontre le monde","publisher":{"@id":"https:\/\/mediumseagreen-eel-531711.hostingersite.com\/#organization"},"potentialAction":[{"@type":"SearchAction","target":{"@type":"EntryPoint","urlTemplate":"https:\/\/mediumseagreen-eel-531711.hostingersite.com\/?s={search_term_string}"},"query-input":{"@type":"PropertyValueSpecification","valueRequired":true,"valueName":"search_term_string"}}],"inLanguage":"fr-FR"},{"@type":"Organization","@id":"https:\/\/mediumseagreen-eel-531711.hostingersite.com\/#organization","name":"Bladna News.com","url":"https:\/\/mediumseagreen-eel-531711.hostingersite.com\/","logo":{"@type":"ImageObject","inLanguage":"fr-FR","@id":"https:\/\/mediumseagreen-eel-531711.hostingersite.com\/#\/schema\/logo\/image\/","url":"https:\/\/bladnanews.com\/wp-content\/uploads\/2025\/12\/logo-bladnanews-V2-web-black-red.png","contentUrl":"https:\/\/bladnanews.com\/wp-content\/uploads\/2025\/12\/logo-bladnanews-V2-web-black-red.png","width":703,"height":287,"caption":"Bladna News.com"},"image":{"@id":"https:\/\/mediumseagreen-eel-531711.hostingersite.com\/#\/schema\/logo\/image\/"},"email":"info@bladnanews.com","legalName":"Bladna News"},{"@type":"Person","@id":"https:\/\/mediumseagreen-eel-531711.hostingersite.com\/#\/schema\/person\/268e18a453ab080ebf76df6ef7845083","name":"\u00c9quipe r\u00e9dactionnelle de Bladna News","url":"https:\/\/bladnanews.com\/fr\/author\/bladna-news-staff\/"}]}},"_links":{"self":[{"href":"https:\/\/bladnanews.com\/fr\/wp-json\/wp\/v2\/posts\/7607","targetHints":{"allow":["GET"]}}],"collection":[{"href":"https:\/\/bladnanews.com\/fr\/wp-json\/wp\/v2\/posts"}],"about":[{"href":"https:\/\/bladnanews.com\/fr\/wp-json\/wp\/v2\/types\/post"}],"author":[{"embeddable":true,"href":"https:\/\/bladnanews.com\/fr\/wp-json\/wp\/v2\/users\/3"}],"replies":[{"embeddable":true,"href":"https:\/\/bladnanews.com\/fr\/wp-json\/wp\/v2\/comments?post=7607"}],"version-history":[{"count":0,"href":"https:\/\/bladnanews.com\/fr\/wp-json\/wp\/v2\/posts\/7607\/revisions"}],"wp:featuredmedia":[{"embeddable":true,"href":"https:\/\/bladnanews.com\/fr\/wp-json\/wp\/v2\/media\/7606"}],"wp:attachment":[{"href":"https:\/\/bladnanews.com\/fr\/wp-json\/wp\/v2\/media?parent=7607"}],"wp:term":[{"taxonomy":"category","embeddable":true,"href":"https:\/\/bladnanews.com\/fr\/wp-json\/wp\/v2\/categories?post=7607"},{"taxonomy":"post_tag","embeddable":true,"href":"https:\/\/bladnanews.com\/fr\/wp-json\/wp\/v2\/tags?post=7607"}],"curies":[{"name":"wp","href":"https:\/\/api.w.org\/{rel}","templated":true}]}}