{"id":7611,"date":"2026-01-24T12:30:00","date_gmt":"2026-01-24T12:30:00","guid":{"rendered":"https:\/\/bladnanews.com\/roy-keane-and-patrick-vieira-highbury-tunnel-fight-story\/"},"modified":"2026-01-24T12:30:00","modified_gmt":"2026-01-24T12:30:00","slug":"lhistoire-de-laltercation-dans-le-tunnel-dhighbury-entre-roy-keane-et-patrick-vieira","status":"publish","type":"post","link":"https:\/\/bladnanews.com\/fr\/lhistoire-de-laltercation-dans-le-tunnel-dhighbury-entre-roy-keane-et-patrick-vieira\/","title":{"rendered":"R\u00e9cit de l'altercation dans le tunnel d'Highbury entre Roy Keane et Patrick Vieira"},"content":{"rendered":"<p>La rivalit\u00e9 entre Roy Keane et Patrick Vieira demeure l'une des histoires embl\u00e9matiques de l'\u00e8re Premier League, mais peu d'instants l'ont mieux illustr\u00e9e que l'\u00e9change enflamm\u00e9 dans le tunnel d'Highbury avant le match Arsenal - Manchester United en 2005.<\/p>\n<p>L'incident s'est produit avant la rencontre de f\u00e9vrier 2005, alors que les tensions \u00e9taient d\u00e9j\u00e0 vives entre deux \u00e9quipes qui se disputaient les titres et \u00e9changeaient des controverses depuis des ann\u00e9es. Alors que les joueurs attendaient dans le tunnel, Keane et Vieira ont \u00e9chang\u00e9 des mots sous l'\u0153il des cam\u00e9ras, la dispute s'envenimant rapidement.<\/p>\n<p>Vieira, capitaine d'Arsenal, a interpell\u00e9 Keane apr\u00e8s l'avoir rep\u00e9r\u00e9 dans le tunnel, et le skipper de Manchester United a r\u00e9pondu avec col\u00e8re. L'\u00e9change est devenu houleux, impliquant joueurs et staff proches, jusqu'\u00e0 ce que les officiels interviennent pour les s\u00e9parer avant l'entr\u00e9e des \u00e9quipes sur le terrain.<\/p>\n<p>La cause de la confrontation fut r\u00e9v\u00e9l\u00e9e plus tard : Keane avait lanc\u00e9 un message au jeune d\u00e9fenseur d'Arsenal en lui disant : \u201c Je te retrouve sur le terrain \u201d. Vieira \u00e9tait alors intervenu pour d\u00e9fendre son co\u00e9quipier, transformant l'instant en un affrontement direct capitaine contre capitaine.<\/p>\n<p>Le match lui-m\u00eame suivit la m\u00eame tonalit\u00e9 \u00e2pre. Arsenal l'emporta finalement 4-2 \u00e0 Highbury, la rivalit\u00e9 offrant une fois de plus son lot de drames, de tension et de buts dans une rencontre qui a d\u00e9fini une \u00e9poque.<\/p>\n<p>Keane et Vieira ont depuis \u00e9voqu\u00e9 publiquement cette rivalit\u00e9 et cet \u00e9change dans le tunnel, mais les images n'ont rien perdu de leur impact. Elles restent un instantan\u00e9 de l'intensit\u00e9 qu'avait atteint le duel Arsenal-Manchester United \u00e0 son apog\u00e9e, o\u00f9 chaque rencontre semblait autant un combat personnel qu'une bataille pour les points.<\/p>","protected":false},"excerpt":{"rendered":"<p>Roy Keane and Patrick Vieira\u2019s rivalry remains one of the defining stories of the Premier League era, but few moments [&hellip;]<\/p>\n","protected":false},"author":3,"featured_media":7610,"comment_status":"","ping_status":"open","sticky":false,"template":"","format":"standard","meta":{"googlesitekit_rrm_CAow_uzEDA:productID":"","site-sidebar-layout":"default","site-content-layout":"","ast-site-content-layout":"default","site-content-style":"default","site-sidebar-style":"default","ast-global-header-display":"","ast-banner-title-visibility":"","ast-main-header-display":"","ast-hfb-above-header-display":"","ast-hfb-below-header-display":"","ast-hfb-mobile-header-display":"","site-post-title":"","ast-breadcrumbs-content":"","ast-featured-img":"","footer-sml-layout":"","ast-disable-related-posts":"","theme-transparent-header-meta":"","adv-header-id-meta":"","stick-header-meta":"","header-above-stick-meta":"","header-main-stick-meta":"","header-below-stick-meta":"","astra-migrate-meta-layouts":"default","ast-page-background-enabled":"default","ast-page-background-meta":{"desktop":{"background-color":"var(--ast-global-color-5)","background-image":"","background-repeat":"repeat","background-position":"center center","background-size":"auto","background-attachment":"scroll","background-type":"","background-media":"","overlay-type":"","overlay-color":"","overlay-opacity":"","overlay-gradient":""},"tablet":{"background-color":"","background-image":"","background-repeat":"repeat","background-position":"center center","background-size":"auto","background-attachment":"scroll","background-type":"","background-media":"","overlay-type":"","overlay-color":"","overlay-opacity":"","overlay-gradient":""},"mobile":{"background-color":"","background-image":"","background-repeat":"repeat","background-position":"center center","background-size":"auto","background-attachment":"scroll","background-type":"","background-media":"","overlay-type":"","overlay-color":"","overlay-opacity":"","overlay-gradient":""}},"ast-content-background-meta":{"desktop":{"background-color":"var(--ast-global-color-4)","background-image":"","background-repeat":"repeat","background-position":"center center","background-size":"auto","background-attachment":"scroll","background-type":"","background-media":"","overlay-type":"","overlay-color":"","overlay-opacity":"","overlay-gradient":""},"tablet":{"background-color":"var(--ast-global-color-4)","background-image":"","background-repeat":"repeat","background-position":"center center","background-size":"auto","background-attachment":"scroll","background-type":"","background-media":"","overlay-type":"","overlay-color":"","overlay-opacity":"","overlay-gradient":""},"mobile":{"background-color":"var(--ast-global-color-4)","background-image":"","background-repeat":"repeat","background-position":"center center","background-size":"auto","background-attachment":"scroll","background-type":"","background-media":"","overlay-type":"","overlay-color":"","overlay-opacity":"","overlay-gradient":""}},"footnotes":""},"categories":[20,1],"tags":[],"class_list":["post-7611","post","type-post","status-publish","format-standard","has-post-thumbnail","hentry","category-international","category-football-latest-news"],"yoast_head":"<!-- This site is optimized with the Yoast SEO Premium plugin v26.6 (Yoast SEO v27.4) - https:\/\/yoast.com\/product\/yoast-seo-premium-wordpress\/ -->\n<title>Roy Keane and Patrick Vieira Highbury tunnel fight story - Bladna News<\/title>\n<meta name=\"robots\" content=\"index, follow, max-snippet:-1, max-image-preview:large, max-video-preview:-1\" \/>\n<link rel=\"canonical\" href=\"https:\/\/bladnanews.com\/fr\/lhistoire-de-laltercation-dans-le-tunnel-dhighbury-entre-roy-keane-et-patrick-vieira\/\" \/>\n<meta property=\"og:locale\" content=\"fr_FR\" \/>\n<meta property=\"og:type\" content=\"article\" \/>\n<meta property=\"og:title\" content=\"Roy Keane and Patrick Vieira Highbury tunnel fight story\" \/>\n<meta property=\"og:description\" content=\"Roy Keane and Patrick Vieira\u2019s rivalry remains one of the defining stories of the Premier League era, but few moments [&hellip;]\" \/>\n<meta property=\"og:url\" content=\"https:\/\/bladnanews.com\/fr\/lhistoire-de-laltercation-dans-le-tunnel-dhighbury-entre-roy-keane-et-patrick-vieira\/\" \/>\n<meta property=\"og:site_name\" content=\"Bladna News\" \/>\n<meta property=\"article:published_time\" content=\"2026-01-24T12:30:00+00:00\" \/>\n<meta property=\"og:image\" content=\"https:\/\/bladnanews.com\/wp-content\/uploads\/2025\/12\/freepik__bladna-newscom-moroccan-soccer-homepage-banner-mor__41838.png\" \/>\n\t<meta property=\"og:image:width\" content=\"1312\" \/>\n\t<meta property=\"og:image:height\" content=\"736\" \/>\n\t<meta property=\"og:image:type\" content=\"image\/png\" \/>\n<meta name=\"author\" content=\"Bladna News Staff\" \/>\n<meta name=\"twitter:card\" content=\"summary_large_image\" \/>\n<meta name=\"twitter:label1\" content=\"\u00c9crit par\" \/>\n\t<meta name=\"twitter:data1\" content=\"Bladna News Staff\" \/>\n\t<meta name=\"twitter:label2\" content=\"Dur\u00e9e de lecture estim\u00e9e\" \/>\n\t<meta name=\"twitter:data2\" content=\"1 minute\" \/>\n<script type=\"application\/ld+json\" class=\"yoast-schema-graph\">{\"@context\":\"https:\\\/\\\/schema.org\",\"@graph\":[{\"@type\":\"Article\",\"@id\":\"https:\\\/\\\/bladnanews.com\\\/roy-keane-and-patrick-vieira-highbury-tunnel-fight-story\\\/#article\",\"isPartOf\":{\"@id\":\"https:\\\/\\\/bladnanews.com\\\/roy-keane-and-patrick-vieira-highbury-tunnel-fight-story\\\/\"},\"author\":{\"name\":\"Bladna News Staff\",\"@id\":\"https:\\\/\\\/mediumseagreen-eel-531711.hostingersite.com\\\/#\\\/schema\\\/person\\\/268e18a453ab080ebf76df6ef7845083\"},\"headline\":\"Roy Keane and Patrick Vieira Highbury tunnel fight story\",\"datePublished\":\"2026-01-24T12:30:00+00:00\",\"mainEntityOfPage\":{\"@id\":\"https:\\\/\\\/bladnanews.com\\\/roy-keane-and-patrick-vieira-highbury-tunnel-fight-story\\\/\"},\"wordCount\":266,\"publisher\":{\"@id\":\"https:\\\/\\\/mediumseagreen-eel-531711.hostingersite.com\\\/#organization\"},\"image\":{\"@id\":\"https:\\\/\\\/bladnanews.com\\\/roy-keane-and-patrick-vieira-highbury-tunnel-fight-story\\\/#primaryimage\"},\"thumbnailUrl\":\"https:\\\/\\\/bladnanews.com\\\/wp-content\\\/uploads\\\/2026\\\/01\\\/BladnaNews-Roy-Keane-and-Patrick-Vieira-Highbury-tunnel-fight-story-2026-01-25T011049.924Z.jpg\",\"articleSection\":[\"International\",\"Latest News\"],\"inLanguage\":\"fr-FR\",\"copyrightYear\":\"2026\",\"copyrightHolder\":{\"@id\":\"https:\\\/\\\/bladnanews.com\\\/fr\\\/#organization\"}},{\"@type\":\"WebPage\",\"@id\":\"https:\\\/\\\/bladnanews.com\\\/roy-keane-and-patrick-vieira-highbury-tunnel-fight-story\\\/\",\"url\":\"https:\\\/\\\/bladnanews.com\\\/roy-keane-and-patrick-vieira-highbury-tunnel-fight-story\\\/\",\"name\":\"Roy Keane and Patrick Vieira Highbury tunnel fight story - Bladna News\",\"isPartOf\":{\"@id\":\"https:\\\/\\\/mediumseagreen-eel-531711.hostingersite.com\\\/#website\"},\"primaryImageOfPage\":{\"@id\":\"https:\\\/\\\/bladnanews.com\\\/roy-keane-and-patrick-vieira-highbury-tunnel-fight-story\\\/#primaryimage\"},\"image\":{\"@id\":\"https:\\\/\\\/bladnanews.com\\\/roy-keane-and-patrick-vieira-highbury-tunnel-fight-story\\\/#primaryimage\"},\"thumbnailUrl\":\"https:\\\/\\\/bladnanews.com\\\/wp-content\\\/uploads\\\/2026\\\/01\\\/BladnaNews-Roy-Keane-and-Patrick-Vieira-Highbury-tunnel-fight-story-2026-01-25T011049.924Z.jpg\",\"datePublished\":\"2026-01-24T12:30:00+00:00\",\"breadcrumb\":{\"@id\":\"https:\\\/\\\/bladnanews.com\\\/roy-keane-and-patrick-vieira-highbury-tunnel-fight-story\\\/#breadcrumb\"},\"inLanguage\":\"fr-FR\",\"potentialAction\":[{\"@type\":\"ReadAction\",\"target\":[\"https:\\\/\\\/bladnanews.com\\\/roy-keane-and-patrick-vieira-highbury-tunnel-fight-story\\\/\"]}]},{\"@type\":\"ImageObject\",\"inLanguage\":\"fr-FR\",\"@id\":\"https:\\\/\\\/bladnanews.com\\\/roy-keane-and-patrick-vieira-highbury-tunnel-fight-story\\\/#primaryimage\",\"url\":\"https:\\\/\\\/bladnanews.com\\\/wp-content\\\/uploads\\\/2026\\\/01\\\/BladnaNews-Roy-Keane-and-Patrick-Vieira-Highbury-tunnel-fight-story-2026-01-25T011049.924Z.jpg\",\"contentUrl\":\"https:\\\/\\\/bladnanews.com\\\/wp-content\\\/uploads\\\/2026\\\/01\\\/BladnaNews-Roy-Keane-and-Patrick-Vieira-Highbury-tunnel-fight-story-2026-01-25T011049.924Z.jpg\",\"width\":1920,\"height\":1080,\"caption\":\"Roy Keane in a Manchester United kit gestures animatedly, while Patrick Vieira, wearing an Arsenal strip, confronts him in a tense moment.\"},{\"@type\":\"BreadcrumbList\",\"@id\":\"https:\\\/\\\/bladnanews.com\\\/roy-keane-and-patrick-vieira-highbury-tunnel-fight-story\\\/#breadcrumb\",\"itemListElement\":[{\"@type\":\"ListItem\",\"position\":1,\"name\":\"Home\",\"item\":\"https:\\\/\\\/bladnanews.com\\\/\"},{\"@type\":\"ListItem\",\"position\":2,\"name\":\"Roy Keane and Patrick Vieira Highbury tunnel fight story\"}]},{\"@type\":\"WebSite\",\"@id\":\"https:\\\/\\\/mediumseagreen-eel-531711.hostingersite.com\\\/#website\",\"url\":\"https:\\\/\\\/mediumseagreen-eel-531711.hostingersite.com\\\/\",\"name\":\"Bladna News - Morocco\",\"description\":\"Where Moroccan Football Meets the World\",\"publisher\":{\"@id\":\"https:\\\/\\\/mediumseagreen-eel-531711.hostingersite.com\\\/#organization\"},\"potentialAction\":[{\"@type\":\"SearchAction\",\"target\":{\"@type\":\"EntryPoint\",\"urlTemplate\":\"https:\\\/\\\/mediumseagreen-eel-531711.hostingersite.com\\\/?s={search_term_string}\"},\"query-input\":{\"@type\":\"PropertyValueSpecification\",\"valueRequired\":true,\"valueName\":\"search_term_string\"}}],\"inLanguage\":\"fr-FR\"},{\"@type\":\"Organization\",\"@id\":\"https:\\\/\\\/mediumseagreen-eel-531711.hostingersite.com\\\/#organization\",\"name\":\"Bladna News.com\",\"url\":\"https:\\\/\\\/mediumseagreen-eel-531711.hostingersite.com\\\/\",\"logo\":{\"@type\":\"ImageObject\",\"inLanguage\":\"fr-FR\",\"@id\":\"https:\\\/\\\/mediumseagreen-eel-531711.hostingersite.com\\\/#\\\/schema\\\/logo\\\/image\\\/\",\"url\":\"https:\\\/\\\/bladnanews.com\\\/wp-content\\\/uploads\\\/2025\\\/12\\\/logo-bladnanews-V2-web-black-red.png\",\"contentUrl\":\"https:\\\/\\\/bladnanews.com\\\/wp-content\\\/uploads\\\/2025\\\/12\\\/logo-bladnanews-V2-web-black-red.png\",\"width\":703,\"height\":287,\"caption\":\"Bladna News.com\"},\"image\":{\"@id\":\"https:\\\/\\\/mediumseagreen-eel-531711.hostingersite.com\\\/#\\\/schema\\\/logo\\\/image\\\/\"},\"email\":\"info@bladnanews.com\",\"legalName\":\"Bladna News\"},{\"@type\":\"Person\",\"@id\":\"https:\\\/\\\/mediumseagreen-eel-531711.hostingersite.com\\\/#\\\/schema\\\/person\\\/268e18a453ab080ebf76df6ef7845083\",\"name\":\"Bladna News Staff\",\"url\":\"https:\\\/\\\/bladnanews.com\\\/fr\\\/author\\\/bladna-news-staff\\\/\"}]}<\/script>\n<!-- \/ Yoast SEO Premium plugin. -->","yoast_head_json":{"title":"L'histoire de l'altercation dans le tunnel de Highbury entre Roy Keane et Patrick Vieira - Bladna News","robots":{"index":"index","follow":"follow","max-snippet":"max-snippet:-1","max-image-preview":"max-image-preview:large","max-video-preview":"max-video-preview:-1"},"canonical":"https:\/\/bladnanews.com\/fr\/lhistoire-de-laltercation-dans-le-tunnel-dhighbury-entre-roy-keane-et-patrick-vieira\/","og_locale":"fr_FR","og_type":"article","og_title":"Roy Keane and Patrick Vieira Highbury tunnel fight story","og_description":"Roy Keane and Patrick Vieira\u2019s rivalry remains one of the defining stories of the Premier League era, but few moments [&hellip;]","og_url":"https:\/\/bladnanews.com\/fr\/lhistoire-de-laltercation-dans-le-tunnel-dhighbury-entre-roy-keane-et-patrick-vieira\/","og_site_name":"Bladna News","article_published_time":"2026-01-24T12:30:00+00:00","og_image":[{"width":1312,"height":736,"url":"https:\/\/bladnanews.com\/wp-content\/uploads\/2025\/12\/freepik__bladna-newscom-moroccan-soccer-homepage-banner-mor__41838.png","type":"image\/png"}],"author":"Bladna News Staff","twitter_card":"summary_large_image","twitter_misc":{"\u00c9crit par":"Bladna News Staff","Dur\u00e9e de lecture estim\u00e9e":"1 minute"},"schema":{"@context":"https:\/\/schema.org","@graph":[{"@type":"Article","@id":"https:\/\/bladnanews.com\/roy-keane-and-patrick-vieira-highbury-tunnel-fight-story\/#article","isPartOf":{"@id":"https:\/\/bladnanews.com\/roy-keane-and-patrick-vieira-highbury-tunnel-fight-story\/"},"author":{"name":"Bladna News Staff","@id":"https:\/\/mediumseagreen-eel-531711.hostingersite.com\/#\/schema\/person\/268e18a453ab080ebf76df6ef7845083"},"headline":"Roy Keane and Patrick Vieira Highbury tunnel fight story","datePublished":"2026-01-24T12:30:00+00:00","mainEntityOfPage":{"@id":"https:\/\/bladnanews.com\/roy-keane-and-patrick-vieira-highbury-tunnel-fight-story\/"},"wordCount":266,"publisher":{"@id":"https:\/\/mediumseagreen-eel-531711.hostingersite.com\/#organization"},"image":{"@id":"https:\/\/bladnanews.com\/roy-keane-and-patrick-vieira-highbury-tunnel-fight-story\/#primaryimage"},"thumbnailUrl":"https:\/\/bladnanews.com\/wp-content\/uploads\/2026\/01\/BladnaNews-Roy-Keane-and-Patrick-Vieira-Highbury-tunnel-fight-story-2026-01-25T011049.924Z.jpg","articleSection":["International","Latest News"],"inLanguage":"fr-FR","copyrightYear":"2026","copyrightHolder":{"@id":"https:\/\/bladnanews.com\/fr\/#organization"}},{"@type":"WebPage","@id":"https:\/\/bladnanews.com\/roy-keane-and-patrick-vieira-highbury-tunnel-fight-story\/","url":"https:\/\/bladnanews.com\/roy-keane-and-patrick-vieira-highbury-tunnel-fight-story\/","name":"L'histoire de l'altercation dans le tunnel de Highbury entre Roy Keane et Patrick Vieira - Bladna News","isPartOf":{"@id":"https:\/\/mediumseagreen-eel-531711.hostingersite.com\/#website"},"primaryImageOfPage":{"@id":"https:\/\/bladnanews.com\/roy-keane-and-patrick-vieira-highbury-tunnel-fight-story\/#primaryimage"},"image":{"@id":"https:\/\/bladnanews.com\/roy-keane-and-patrick-vieira-highbury-tunnel-fight-story\/#primaryimage"},"thumbnailUrl":"https:\/\/bladnanews.com\/wp-content\/uploads\/2026\/01\/BladnaNews-Roy-Keane-and-Patrick-Vieira-Highbury-tunnel-fight-story-2026-01-25T011049.924Z.jpg","datePublished":"2026-01-24T12:30:00+00:00","breadcrumb":{"@id":"https:\/\/bladnanews.com\/roy-keane-and-patrick-vieira-highbury-tunnel-fight-story\/#breadcrumb"},"inLanguage":"fr-FR","potentialAction":[{"@type":"ReadAction","target":["https:\/\/bladnanews.com\/roy-keane-and-patrick-vieira-highbury-tunnel-fight-story\/"]}]},{"@type":"ImageObject","inLanguage":"fr-FR","@id":"https:\/\/bladnanews.com\/roy-keane-and-patrick-vieira-highbury-tunnel-fight-story\/#primaryimage","url":"https:\/\/bladnanews.com\/wp-content\/uploads\/2026\/01\/BladnaNews-Roy-Keane-and-Patrick-Vieira-Highbury-tunnel-fight-story-2026-01-25T011049.924Z.jpg","contentUrl":"https:\/\/bladnanews.com\/wp-content\/uploads\/2026\/01\/BladnaNews-Roy-Keane-and-Patrick-Vieira-Highbury-tunnel-fight-story-2026-01-25T011049.924Z.jpg","width":1920,"height":1080,"caption":"Roy Keane in a Manchester United kit gestures animatedly, while Patrick Vieira, wearing an Arsenal strip, confronts him in a tense moment."},{"@type":"BreadcrumbList","@id":"https:\/\/bladnanews.com\/roy-keane-and-patrick-vieira-highbury-tunnel-fight-story\/#breadcrumb","itemListElement":[{"@type":"ListItem","position":1,"name":"Home","item":"https:\/\/bladnanews.com\/"},{"@type":"ListItem","position":2,"name":"Roy Keane and Patrick Vieira Highbury tunnel fight story"}]},{"@type":"WebSite","@id":"https:\/\/mediumseagreen-eel-531711.hostingersite.com\/#website","url":"https:\/\/mediumseagreen-eel-531711.hostingersite.com\/","name":"Bladna News - Maroc","description":"Quand le football marocain rencontre le monde","publisher":{"@id":"https:\/\/mediumseagreen-eel-531711.hostingersite.com\/#organization"},"potentialAction":[{"@type":"SearchAction","target":{"@type":"EntryPoint","urlTemplate":"https:\/\/mediumseagreen-eel-531711.hostingersite.com\/?s={search_term_string}"},"query-input":{"@type":"PropertyValueSpecification","valueRequired":true,"valueName":"search_term_string"}}],"inLanguage":"fr-FR"},{"@type":"Organization","@id":"https:\/\/mediumseagreen-eel-531711.hostingersite.com\/#organization","name":"Bladna News.com","url":"https:\/\/mediumseagreen-eel-531711.hostingersite.com\/","logo":{"@type":"ImageObject","inLanguage":"fr-FR","@id":"https:\/\/mediumseagreen-eel-531711.hostingersite.com\/#\/schema\/logo\/image\/","url":"https:\/\/bladnanews.com\/wp-content\/uploads\/2025\/12\/logo-bladnanews-V2-web-black-red.png","contentUrl":"https:\/\/bladnanews.com\/wp-content\/uploads\/2025\/12\/logo-bladnanews-V2-web-black-red.png","width":703,"height":287,"caption":"Bladna News.com"},"image":{"@id":"https:\/\/mediumseagreen-eel-531711.hostingersite.com\/#\/schema\/logo\/image\/"},"email":"info@bladnanews.com","legalName":"Bladna News"},{"@type":"Person","@id":"https:\/\/mediumseagreen-eel-531711.hostingersite.com\/#\/schema\/person\/268e18a453ab080ebf76df6ef7845083","name":"\u00c9quipe r\u00e9dactionnelle de Bladna News","url":"https:\/\/bladnanews.com\/fr\/author\/bladna-news-staff\/"}]}},"_links":{"self":[{"href":"https:\/\/bladnanews.com\/fr\/wp-json\/wp\/v2\/posts\/7611","targetHints":{"allow":["GET"]}}],"collection":[{"href":"https:\/\/bladnanews.com\/fr\/wp-json\/wp\/v2\/posts"}],"about":[{"href":"https:\/\/bladnanews.com\/fr\/wp-json\/wp\/v2\/types\/post"}],"author":[{"embeddable":true,"href":"https:\/\/bladnanews.com\/fr\/wp-json\/wp\/v2\/users\/3"}],"replies":[{"embeddable":true,"href":"https:\/\/bladnanews.com\/fr\/wp-json\/wp\/v2\/comments?post=7611"}],"version-history":[{"count":0,"href":"https:\/\/bladnanews.com\/fr\/wp-json\/wp\/v2\/posts\/7611\/revisions"}],"wp:featuredmedia":[{"embeddable":true,"href":"https:\/\/bladnanews.com\/fr\/wp-json\/wp\/v2\/media\/7610"}],"wp:attachment":[{"href":"https:\/\/bladnanews.com\/fr\/wp-json\/wp\/v2\/media?parent=7611"}],"wp:term":[{"taxonomy":"category","embeddable":true,"href":"https:\/\/bladnanews.com\/fr\/wp-json\/wp\/v2\/categories?post=7611"},{"taxonomy":"post_tag","embeddable":true,"href":"https:\/\/bladnanews.com\/fr\/wp-json\/wp\/v2\/tags?post=7611"}],"curies":[{"name":"wp","href":"https:\/\/api.w.org\/{rel}","templated":true}]}}