{"id":7623,"date":"2026-01-24T14:43:42","date_gmt":"2026-01-24T14:43:42","guid":{"rendered":"https:\/\/bladnanews.com\/why-erling-haaland-was-dropped-for-man-city-vs-wolves\/"},"modified":"2026-01-24T14:43:42","modified_gmt":"2026-01-24T14:43:42","slug":"pourquoi-erling-haaland-a-ete-laisse-sur-le-banc-lors-de-manchester-city-contre-wolverhampton","status":"publish","type":"post","link":"https:\/\/bladnanews.com\/fr\/pourquoi-erling-haaland-a-ete-laisse-sur-le-banc-lors-de-manchester-city-contre-wolverhampton\/","title":{"rendered":"Pourquoi Erling Haaland a \u00e9t\u00e9 laiss\u00e9 sur le banc par Manchester City contre Wolverhampton"},"content":{"rendered":"<p>Erling Haaland a \u00e9t\u00e9 \u00e9cart\u00e9 de l'\u00e9quipe titulaire de Manchester City pour leur rencontre de Premier League contre Wolverhampton, Pep Guardiola ayant pris une d\u00e9cision majeure alors que l'attaquant poursuit une s\u00e9rie de huit matches sans but en jeu ouvert.<\/p>\n<p>City abordait ce match avec besoin d'un sursaut, et Guardiola a d\u00e9cid\u00e9 de modifier son attaque face \u00e0 la lanterne rouge du championnat. L'absence de Haaland du onze de d\u00e9part a imm\u00e9diatement marqu\u00e9 les esprits, compte tenu de son statut habituel de titulaire indiscutable lorsqu'il est apte.<\/p>\n<p>La raison de cette d\u00e9cision a ensuite \u00e9t\u00e9 confirm\u00e9e : Haaland ne d\u00e9butait pas parce que Guardiola estimait que d'autres options \u00e9taient mieux adapt\u00e9es au match \u00e0 Molineux, le Norv\u00e9gien affrontant \u00e9galement un petit probl\u00e8me physique g\u00e9r\u00e9 par le club. Cette d\u00e9cision intervient alors que Haaland est encha\u00een\u00e9 \u00e0 cette s\u00e9rie de huit matches sans but en jeu ouvert.<\/p>\n<p>Guardiola a r\u00e9guli\u00e8rement \u00e9voqu\u00e9 les exigences impos\u00e9es \u00e0 son effectif tout au long de la saison, et ce dernier choix d'\u00e9quipe a soulign\u00e9 la volont\u00e9 de City de faire tourner m\u00eame ses plus grandes stars lorsque la forme et la condition physique sont surveill\u00e9es.<\/p>\n<p>Haaland faisait toujours partie du groupe matchday, mais le plan de City d\u00e8s le coup d'envoi \u00e9tait d'essayer une approche diff\u00e9rente en attaque alors qu'ils cherchaient \u00e0 retrouver leur meilleur niveau en Premier League.<\/p>","protected":false},"excerpt":{"rendered":"<p>Erling Haaland was left out of Manchester City\u2019s starting line-up for their Premier League meeting with Wolves, with Pep Guardiola [&hellip;]<\/p>\n","protected":false},"author":3,"featured_media":7622,"comment_status":"","ping_status":"open","sticky":false,"template":"","format":"standard","meta":{"googlesitekit_rrm_CAow_uzEDA:productID":"","site-sidebar-layout":"default","site-content-layout":"","ast-site-content-layout":"default","site-content-style":"default","site-sidebar-style":"default","ast-global-header-display":"","ast-banner-title-visibility":"","ast-main-header-display":"","ast-hfb-above-header-display":"","ast-hfb-below-header-display":"","ast-hfb-mobile-header-display":"","site-post-title":"","ast-breadcrumbs-content":"","ast-featured-img":"","footer-sml-layout":"","ast-disable-related-posts":"","theme-transparent-header-meta":"","adv-header-id-meta":"","stick-header-meta":"","header-above-stick-meta":"","header-main-stick-meta":"","header-below-stick-meta":"","astra-migrate-meta-layouts":"default","ast-page-background-enabled":"default","ast-page-background-meta":{"desktop":{"background-color":"var(--ast-global-color-5)","background-image":"","background-repeat":"repeat","background-position":"center center","background-size":"auto","background-attachment":"scroll","background-type":"","background-media":"","overlay-type":"","overlay-color":"","overlay-opacity":"","overlay-gradient":""},"tablet":{"background-color":"","background-image":"","background-repeat":"repeat","background-position":"center center","background-size":"auto","background-attachment":"scroll","background-type":"","background-media":"","overlay-type":"","overlay-color":"","overlay-opacity":"","overlay-gradient":""},"mobile":{"background-color":"","background-image":"","background-repeat":"repeat","background-position":"center center","background-size":"auto","background-attachment":"scroll","background-type":"","background-media":"","overlay-type":"","overlay-color":"","overlay-opacity":"","overlay-gradient":""}},"ast-content-background-meta":{"desktop":{"background-color":"var(--ast-global-color-4)","background-image":"","background-repeat":"repeat","background-position":"center center","background-size":"auto","background-attachment":"scroll","background-type":"","background-media":"","overlay-type":"","overlay-color":"","overlay-opacity":"","overlay-gradient":""},"tablet":{"background-color":"var(--ast-global-color-4)","background-image":"","background-repeat":"repeat","background-position":"center center","background-size":"auto","background-attachment":"scroll","background-type":"","background-media":"","overlay-type":"","overlay-color":"","overlay-opacity":"","overlay-gradient":""},"mobile":{"background-color":"var(--ast-global-color-4)","background-image":"","background-repeat":"repeat","background-position":"center center","background-size":"auto","background-attachment":"scroll","background-type":"","background-media":"","overlay-type":"","overlay-color":"","overlay-opacity":"","overlay-gradient":""}},"footnotes":""},"categories":[20,1],"tags":[],"class_list":["post-7623","post","type-post","status-publish","format-standard","has-post-thumbnail","hentry","category-international","category-football-latest-news"],"yoast_head":"<!-- This site is optimized with the Yoast SEO Premium plugin v26.6 (Yoast SEO v27.4) - https:\/\/yoast.com\/product\/yoast-seo-premium-wordpress\/ -->\n<title>Why Erling Haaland was dropped for Man City vs Wolves - Bladna News<\/title>\n<meta name=\"robots\" content=\"index, follow, max-snippet:-1, max-image-preview:large, max-video-preview:-1\" \/>\n<link rel=\"canonical\" href=\"https:\/\/bladnanews.com\/fr\/pourquoi-erling-haaland-a-ete-laisse-sur-le-banc-lors-de-manchester-city-contre-wolverhampton\/\" \/>\n<meta property=\"og:locale\" content=\"fr_FR\" \/>\n<meta property=\"og:type\" content=\"article\" \/>\n<meta property=\"og:title\" content=\"Why Erling Haaland was dropped for Man City vs Wolves\" \/>\n<meta property=\"og:description\" content=\"Erling Haaland was left out of Manchester City\u2019s starting line-up for their Premier League meeting with Wolves, with Pep Guardiola [&hellip;]\" \/>\n<meta property=\"og:url\" content=\"https:\/\/bladnanews.com\/fr\/pourquoi-erling-haaland-a-ete-laisse-sur-le-banc-lors-de-manchester-city-contre-wolverhampton\/\" \/>\n<meta property=\"og:site_name\" content=\"Bladna News\" \/>\n<meta property=\"article:published_time\" content=\"2026-01-24T14:43:42+00:00\" \/>\n<meta property=\"og:image\" content=\"https:\/\/bladnanews.com\/wp-content\/uploads\/2025\/12\/freepik__bladna-newscom-moroccan-soccer-homepage-banner-mor__41838.png\" \/>\n\t<meta property=\"og:image:width\" content=\"1312\" \/>\n\t<meta property=\"og:image:height\" content=\"736\" \/>\n\t<meta property=\"og:image:type\" content=\"image\/png\" \/>\n<meta name=\"author\" content=\"Bladna News Staff\" \/>\n<meta name=\"twitter:card\" content=\"summary_large_image\" \/>\n<meta name=\"twitter:label1\" content=\"\u00c9crit par\" \/>\n\t<meta name=\"twitter:data1\" content=\"Bladna News Staff\" \/>\n\t<meta name=\"twitter:label2\" content=\"Dur\u00e9e de lecture estim\u00e9e\" \/>\n\t<meta name=\"twitter:data2\" content=\"1 minute\" \/>\n<script type=\"application\/ld+json\" class=\"yoast-schema-graph\">{\"@context\":\"https:\\\/\\\/schema.org\",\"@graph\":[{\"@type\":\"Article\",\"@id\":\"https:\\\/\\\/bladnanews.com\\\/why-erling-haaland-was-dropped-for-man-city-vs-wolves\\\/#article\",\"isPartOf\":{\"@id\":\"https:\\\/\\\/bladnanews.com\\\/why-erling-haaland-was-dropped-for-man-city-vs-wolves\\\/\"},\"author\":{\"name\":\"Bladna News Staff\",\"@id\":\"https:\\\/\\\/mediumseagreen-eel-531711.hostingersite.com\\\/#\\\/schema\\\/person\\\/268e18a453ab080ebf76df6ef7845083\"},\"headline\":\"Why Erling Haaland was dropped for Man City vs Wolves\",\"datePublished\":\"2026-01-24T14:43:42+00:00\",\"mainEntityOfPage\":{\"@id\":\"https:\\\/\\\/bladnanews.com\\\/why-erling-haaland-was-dropped-for-man-city-vs-wolves\\\/\"},\"wordCount\":215,\"publisher\":{\"@id\":\"https:\\\/\\\/mediumseagreen-eel-531711.hostingersite.com\\\/#organization\"},\"image\":{\"@id\":\"https:\\\/\\\/bladnanews.com\\\/why-erling-haaland-was-dropped-for-man-city-vs-wolves\\\/#primaryimage\"},\"thumbnailUrl\":\"https:\\\/\\\/bladnanews.com\\\/wp-content\\\/uploads\\\/2026\\\/01\\\/BladnaNews-Why-Erling-Haaland-was-dropped-for-Man-City-vs-Wolves-2026-01-25T051030.372Z-scaled.jpg\",\"articleSection\":[\"International\",\"Latest News\"],\"inLanguage\":\"fr-FR\",\"copyrightYear\":\"2026\",\"copyrightHolder\":{\"@id\":\"https:\\\/\\\/bladnanews.com\\\/fr\\\/#organization\"}},{\"@type\":\"WebPage\",\"@id\":\"https:\\\/\\\/bladnanews.com\\\/why-erling-haaland-was-dropped-for-man-city-vs-wolves\\\/\",\"url\":\"https:\\\/\\\/bladnanews.com\\\/why-erling-haaland-was-dropped-for-man-city-vs-wolves\\\/\",\"name\":\"Why Erling Haaland was dropped for Man City vs Wolves - Bladna News\",\"isPartOf\":{\"@id\":\"https:\\\/\\\/mediumseagreen-eel-531711.hostingersite.com\\\/#website\"},\"primaryImageOfPage\":{\"@id\":\"https:\\\/\\\/bladnanews.com\\\/why-erling-haaland-was-dropped-for-man-city-vs-wolves\\\/#primaryimage\"},\"image\":{\"@id\":\"https:\\\/\\\/bladnanews.com\\\/why-erling-haaland-was-dropped-for-man-city-vs-wolves\\\/#primaryimage\"},\"thumbnailUrl\":\"https:\\\/\\\/bladnanews.com\\\/wp-content\\\/uploads\\\/2026\\\/01\\\/BladnaNews-Why-Erling-Haaland-was-dropped-for-Man-City-vs-Wolves-2026-01-25T051030.372Z-scaled.jpg\",\"datePublished\":\"2026-01-24T14:43:42+00:00\",\"breadcrumb\":{\"@id\":\"https:\\\/\\\/bladnanews.com\\\/why-erling-haaland-was-dropped-for-man-city-vs-wolves\\\/#breadcrumb\"},\"inLanguage\":\"fr-FR\",\"potentialAction\":[{\"@type\":\"ReadAction\",\"target\":[\"https:\\\/\\\/bladnanews.com\\\/why-erling-haaland-was-dropped-for-man-city-vs-wolves\\\/\"]}]},{\"@type\":\"ImageObject\",\"inLanguage\":\"fr-FR\",\"@id\":\"https:\\\/\\\/bladnanews.com\\\/why-erling-haaland-was-dropped-for-man-city-vs-wolves\\\/#primaryimage\",\"url\":\"https:\\\/\\\/bladnanews.com\\\/wp-content\\\/uploads\\\/2026\\\/01\\\/BladnaNews-Why-Erling-Haaland-was-dropped-for-Man-City-vs-Wolves-2026-01-25T051030.372Z-scaled.jpg\",\"contentUrl\":\"https:\\\/\\\/bladnanews.com\\\/wp-content\\\/uploads\\\/2026\\\/01\\\/BladnaNews-Why-Erling-Haaland-was-dropped-for-Man-City-vs-Wolves-2026-01-25T051030.372Z-scaled.jpg\",\"width\":2560,\"height\":1440,\"caption\":\"Erling Haaland in his green Manchester City kit, looking focused amidst a crowd of yellow-clad fans during a match.\"},{\"@type\":\"BreadcrumbList\",\"@id\":\"https:\\\/\\\/bladnanews.com\\\/why-erling-haaland-was-dropped-for-man-city-vs-wolves\\\/#breadcrumb\",\"itemListElement\":[{\"@type\":\"ListItem\",\"position\":1,\"name\":\"Home\",\"item\":\"https:\\\/\\\/bladnanews.com\\\/\"},{\"@type\":\"ListItem\",\"position\":2,\"name\":\"Why Erling Haaland was dropped for Man City vs Wolves\"}]},{\"@type\":\"WebSite\",\"@id\":\"https:\\\/\\\/mediumseagreen-eel-531711.hostingersite.com\\\/#website\",\"url\":\"https:\\\/\\\/mediumseagreen-eel-531711.hostingersite.com\\\/\",\"name\":\"Bladna News - Morocco\",\"description\":\"Where Moroccan Football Meets the World\",\"publisher\":{\"@id\":\"https:\\\/\\\/mediumseagreen-eel-531711.hostingersite.com\\\/#organization\"},\"potentialAction\":[{\"@type\":\"SearchAction\",\"target\":{\"@type\":\"EntryPoint\",\"urlTemplate\":\"https:\\\/\\\/mediumseagreen-eel-531711.hostingersite.com\\\/?s={search_term_string}\"},\"query-input\":{\"@type\":\"PropertyValueSpecification\",\"valueRequired\":true,\"valueName\":\"search_term_string\"}}],\"inLanguage\":\"fr-FR\"},{\"@type\":\"Organization\",\"@id\":\"https:\\\/\\\/mediumseagreen-eel-531711.hostingersite.com\\\/#organization\",\"name\":\"Bladna News.com\",\"url\":\"https:\\\/\\\/mediumseagreen-eel-531711.hostingersite.com\\\/\",\"logo\":{\"@type\":\"ImageObject\",\"inLanguage\":\"fr-FR\",\"@id\":\"https:\\\/\\\/mediumseagreen-eel-531711.hostingersite.com\\\/#\\\/schema\\\/logo\\\/image\\\/\",\"url\":\"https:\\\/\\\/bladnanews.com\\\/wp-content\\\/uploads\\\/2025\\\/12\\\/logo-bladnanews-V2-web-black-red.png\",\"contentUrl\":\"https:\\\/\\\/bladnanews.com\\\/wp-content\\\/uploads\\\/2025\\\/12\\\/logo-bladnanews-V2-web-black-red.png\",\"width\":703,\"height\":287,\"caption\":\"Bladna News.com\"},\"image\":{\"@id\":\"https:\\\/\\\/mediumseagreen-eel-531711.hostingersite.com\\\/#\\\/schema\\\/logo\\\/image\\\/\"},\"email\":\"info@bladnanews.com\",\"legalName\":\"Bladna News\"},{\"@type\":\"Person\",\"@id\":\"https:\\\/\\\/mediumseagreen-eel-531711.hostingersite.com\\\/#\\\/schema\\\/person\\\/268e18a453ab080ebf76df6ef7845083\",\"name\":\"Bladna News Staff\",\"url\":\"https:\\\/\\\/bladnanews.com\\\/fr\\\/author\\\/bladna-news-staff\\\/\"}]}<\/script>\n<!-- \/ Yoast SEO Premium plugin. -->","yoast_head_json":{"title":"Pourquoi Erling Haaland a \u00e9t\u00e9 laiss\u00e9 sur le banc pour Manchester City contre Wolverhampton - Bladna News","robots":{"index":"index","follow":"follow","max-snippet":"max-snippet:-1","max-image-preview":"max-image-preview:large","max-video-preview":"max-video-preview:-1"},"canonical":"https:\/\/bladnanews.com\/fr\/pourquoi-erling-haaland-a-ete-laisse-sur-le-banc-lors-de-manchester-city-contre-wolverhampton\/","og_locale":"fr_FR","og_type":"article","og_title":"Why Erling Haaland was dropped for Man City vs Wolves","og_description":"Erling Haaland was left out of Manchester City\u2019s starting line-up for their Premier League meeting with Wolves, with Pep Guardiola [&hellip;]","og_url":"https:\/\/bladnanews.com\/fr\/pourquoi-erling-haaland-a-ete-laisse-sur-le-banc-lors-de-manchester-city-contre-wolverhampton\/","og_site_name":"Bladna News","article_published_time":"2026-01-24T14:43:42+00:00","og_image":[{"width":1312,"height":736,"url":"https:\/\/bladnanews.com\/wp-content\/uploads\/2025\/12\/freepik__bladna-newscom-moroccan-soccer-homepage-banner-mor__41838.png","type":"image\/png"}],"author":"Bladna News Staff","twitter_card":"summary_large_image","twitter_misc":{"\u00c9crit par":"Bladna News Staff","Dur\u00e9e de lecture estim\u00e9e":"1 minute"},"schema":{"@context":"https:\/\/schema.org","@graph":[{"@type":"Article","@id":"https:\/\/bladnanews.com\/why-erling-haaland-was-dropped-for-man-city-vs-wolves\/#article","isPartOf":{"@id":"https:\/\/bladnanews.com\/why-erling-haaland-was-dropped-for-man-city-vs-wolves\/"},"author":{"name":"Bladna News Staff","@id":"https:\/\/mediumseagreen-eel-531711.hostingersite.com\/#\/schema\/person\/268e18a453ab080ebf76df6ef7845083"},"headline":"Why Erling Haaland was dropped for Man City vs Wolves","datePublished":"2026-01-24T14:43:42+00:00","mainEntityOfPage":{"@id":"https:\/\/bladnanews.com\/why-erling-haaland-was-dropped-for-man-city-vs-wolves\/"},"wordCount":215,"publisher":{"@id":"https:\/\/mediumseagreen-eel-531711.hostingersite.com\/#organization"},"image":{"@id":"https:\/\/bladnanews.com\/why-erling-haaland-was-dropped-for-man-city-vs-wolves\/#primaryimage"},"thumbnailUrl":"https:\/\/bladnanews.com\/wp-content\/uploads\/2026\/01\/BladnaNews-Why-Erling-Haaland-was-dropped-for-Man-City-vs-Wolves-2026-01-25T051030.372Z-scaled.jpg","articleSection":["International","Latest News"],"inLanguage":"fr-FR","copyrightYear":"2026","copyrightHolder":{"@id":"https:\/\/bladnanews.com\/fr\/#organization"}},{"@type":"WebPage","@id":"https:\/\/bladnanews.com\/why-erling-haaland-was-dropped-for-man-city-vs-wolves\/","url":"https:\/\/bladnanews.com\/why-erling-haaland-was-dropped-for-man-city-vs-wolves\/","name":"Pourquoi Erling Haaland a \u00e9t\u00e9 laiss\u00e9 sur le banc pour Manchester City contre Wolverhampton - Bladna News","isPartOf":{"@id":"https:\/\/mediumseagreen-eel-531711.hostingersite.com\/#website"},"primaryImageOfPage":{"@id":"https:\/\/bladnanews.com\/why-erling-haaland-was-dropped-for-man-city-vs-wolves\/#primaryimage"},"image":{"@id":"https:\/\/bladnanews.com\/why-erling-haaland-was-dropped-for-man-city-vs-wolves\/#primaryimage"},"thumbnailUrl":"https:\/\/bladnanews.com\/wp-content\/uploads\/2026\/01\/BladnaNews-Why-Erling-Haaland-was-dropped-for-Man-City-vs-Wolves-2026-01-25T051030.372Z-scaled.jpg","datePublished":"2026-01-24T14:43:42+00:00","breadcrumb":{"@id":"https:\/\/bladnanews.com\/why-erling-haaland-was-dropped-for-man-city-vs-wolves\/#breadcrumb"},"inLanguage":"fr-FR","potentialAction":[{"@type":"ReadAction","target":["https:\/\/bladnanews.com\/why-erling-haaland-was-dropped-for-man-city-vs-wolves\/"]}]},{"@type":"ImageObject","inLanguage":"fr-FR","@id":"https:\/\/bladnanews.com\/why-erling-haaland-was-dropped-for-man-city-vs-wolves\/#primaryimage","url":"https:\/\/bladnanews.com\/wp-content\/uploads\/2026\/01\/BladnaNews-Why-Erling-Haaland-was-dropped-for-Man-City-vs-Wolves-2026-01-25T051030.372Z-scaled.jpg","contentUrl":"https:\/\/bladnanews.com\/wp-content\/uploads\/2026\/01\/BladnaNews-Why-Erling-Haaland-was-dropped-for-Man-City-vs-Wolves-2026-01-25T051030.372Z-scaled.jpg","width":2560,"height":1440,"caption":"Erling Haaland in his green Manchester City kit, looking focused amidst a crowd of yellow-clad fans during a match."},{"@type":"BreadcrumbList","@id":"https:\/\/bladnanews.com\/why-erling-haaland-was-dropped-for-man-city-vs-wolves\/#breadcrumb","itemListElement":[{"@type":"ListItem","position":1,"name":"Home","item":"https:\/\/bladnanews.com\/"},{"@type":"ListItem","position":2,"name":"Why Erling Haaland was dropped for Man City vs Wolves"}]},{"@type":"WebSite","@id":"https:\/\/mediumseagreen-eel-531711.hostingersite.com\/#website","url":"https:\/\/mediumseagreen-eel-531711.hostingersite.com\/","name":"Bladna News - Maroc","description":"Quand le football marocain rencontre le monde","publisher":{"@id":"https:\/\/mediumseagreen-eel-531711.hostingersite.com\/#organization"},"potentialAction":[{"@type":"SearchAction","target":{"@type":"EntryPoint","urlTemplate":"https:\/\/mediumseagreen-eel-531711.hostingersite.com\/?s={search_term_string}"},"query-input":{"@type":"PropertyValueSpecification","valueRequired":true,"valueName":"search_term_string"}}],"inLanguage":"fr-FR"},{"@type":"Organization","@id":"https:\/\/mediumseagreen-eel-531711.hostingersite.com\/#organization","name":"Bladna News.com","url":"https:\/\/mediumseagreen-eel-531711.hostingersite.com\/","logo":{"@type":"ImageObject","inLanguage":"fr-FR","@id":"https:\/\/mediumseagreen-eel-531711.hostingersite.com\/#\/schema\/logo\/image\/","url":"https:\/\/bladnanews.com\/wp-content\/uploads\/2025\/12\/logo-bladnanews-V2-web-black-red.png","contentUrl":"https:\/\/bladnanews.com\/wp-content\/uploads\/2025\/12\/logo-bladnanews-V2-web-black-red.png","width":703,"height":287,"caption":"Bladna News.com"},"image":{"@id":"https:\/\/mediumseagreen-eel-531711.hostingersite.com\/#\/schema\/logo\/image\/"},"email":"info@bladnanews.com","legalName":"Bladna News"},{"@type":"Person","@id":"https:\/\/mediumseagreen-eel-531711.hostingersite.com\/#\/schema\/person\/268e18a453ab080ebf76df6ef7845083","name":"\u00c9quipe r\u00e9dactionnelle de Bladna News","url":"https:\/\/bladnanews.com\/fr\/author\/bladna-news-staff\/"}]}},"_links":{"self":[{"href":"https:\/\/bladnanews.com\/fr\/wp-json\/wp\/v2\/posts\/7623","targetHints":{"allow":["GET"]}}],"collection":[{"href":"https:\/\/bladnanews.com\/fr\/wp-json\/wp\/v2\/posts"}],"about":[{"href":"https:\/\/bladnanews.com\/fr\/wp-json\/wp\/v2\/types\/post"}],"author":[{"embeddable":true,"href":"https:\/\/bladnanews.com\/fr\/wp-json\/wp\/v2\/users\/3"}],"replies":[{"embeddable":true,"href":"https:\/\/bladnanews.com\/fr\/wp-json\/wp\/v2\/comments?post=7623"}],"version-history":[{"count":0,"href":"https:\/\/bladnanews.com\/fr\/wp-json\/wp\/v2\/posts\/7623\/revisions"}],"wp:featuredmedia":[{"embeddable":true,"href":"https:\/\/bladnanews.com\/fr\/wp-json\/wp\/v2\/media\/7622"}],"wp:attachment":[{"href":"https:\/\/bladnanews.com\/fr\/wp-json\/wp\/v2\/media?parent=7623"}],"wp:term":[{"taxonomy":"category","embeddable":true,"href":"https:\/\/bladnanews.com\/fr\/wp-json\/wp\/v2\/categories?post=7623"},{"taxonomy":"post_tag","embeddable":true,"href":"https:\/\/bladnanews.com\/fr\/wp-json\/wp\/v2\/tags?post=7623"}],"curies":[{"name":"wp","href":"https:\/\/api.w.org\/{rel}","templated":true}]}}