{"id":7629,"date":"2026-01-24T15:16:10","date_gmt":"2026-01-24T15:16:10","guid":{"rendered":"https:\/\/bladnanews.com\/diego-simeone-snaps-at-julian-alvarez-transfer-question\/"},"modified":"2026-01-24T15:16:10","modified_gmt":"2026-01-24T15:16:10","slug":"diego-simeone-semporte-face-a-une-question-sur-le-transfert-de-julian-alvarez","status":"publish","type":"post","link":"https:\/\/bladnanews.com\/fr\/diego-simeone-semporte-face-a-une-question-sur-le-transfert-de-julian-alvarez\/","title":{"rendered":"Diego Simeone s'emporte face \u00e0 une question sur le transfert de Julian Alvarez"},"content":{"rendered":"<p>Diego Simeone s'est montr\u00e9 irrit\u00e9 lorsqu'on l'a interrog\u00e9 sur l'avenir de Julian Alvarez, apr\u00e8s que l'attaquant de l'Atl\u00e9tico de Madrid a \u00e9t\u00e9 li\u00e9 \u00e0 Arsenal et au Barcelone.<\/p>\n<p>Le patron de l'Atl\u00e9tico, s'exprimant en amont du prochain match du club, a clairement indiqu\u00e9 qu'il n'\u00e9tait pas dispos\u00e9 \u00e0 accorder du cr\u00e9dit aux questions sur un \u00e9ventuel transfert. Simeone a r\u00e9agi vivement \u00e0 la suggestion qu'Alvarez pourrait quitter le club, r\u00e9torquant : <strong>\u201c Vous \u00eates s\u00e9rieux ?! \u201d<\/strong><\/p>\n<p>Alvarez fait l'objet d'un int\u00e9r\u00eat croissant suite \u00e0 ses performances cette saison, des rapports l'associant \u00e0 un d\u00e9part pour la Premier League ou \u00e0 un retour dans la course au titre de La Liga sous d'autres cieux. Le nom de l'international argentin a notamment \u00e9t\u00e9 mentionn\u00e9 en lien avec Arsenal et le Barcelone, ce qui a plac\u00e9 le sujet au premier plan lors des obligations m\u00e9diatiques de Simeone.<\/p>\n<p>Mais Simeone n'a offert aucun encouragement aux sp\u00e9culations et a au contraire rapidement clos le sujet, refusant d'\u00eatre entra\u00een\u00e9 dans toute discussion sur des rumeurs de transfert. La r\u00e9ponse de l'entra\u00eeneur de l'Atl\u00e9tico a soulign\u00e9 son agacement face \u00e0 ces questions sur des rumeurs, alors qu'il souhaite maintenir l'attention sur l'imm\u00e9diat.<\/p>\n<p>Il a \u00e9galement \u00e9t\u00e9 r\u00e9v\u00e9l\u00e9 que la situation d'Alvarez est devenue un sujet de discussion r\u00e9current autour de l'Atl\u00e9tico, les int\u00e9r\u00eats ext\u00e9rieurs continuant de le suivre malgr\u00e9 l'avanc\u00e9e de la saison du club.<\/p>\n<p>Pour l'instant, Simeone entend se concentrer sur les r\u00e9sultats sur le terrain plut\u00f4t que sur le bruit en dehors, tandis que l'Atl\u00e9tico cherche \u00e0 maintenir son \u00e9lan, Alvarez restant une pi\u00e8ce importante de ses plans.<\/p>","protected":false},"excerpt":{"rendered":"<p>Diego Simeone bristled when asked about Julian Alvarez\u2019s future after the Atletico Madrid forward was linked with both Arsenal and [&hellip;]<\/p>\n","protected":false},"author":3,"featured_media":7628,"comment_status":"","ping_status":"open","sticky":false,"template":"","format":"standard","meta":{"googlesitekit_rrm_CAow_uzEDA:productID":"","site-sidebar-layout":"default","site-content-layout":"","ast-site-content-layout":"default","site-content-style":"default","site-sidebar-style":"default","ast-global-header-display":"","ast-banner-title-visibility":"","ast-main-header-display":"","ast-hfb-above-header-display":"","ast-hfb-below-header-display":"","ast-hfb-mobile-header-display":"","site-post-title":"","ast-breadcrumbs-content":"","ast-featured-img":"","footer-sml-layout":"","ast-disable-related-posts":"","theme-transparent-header-meta":"","adv-header-id-meta":"","stick-header-meta":"","header-above-stick-meta":"","header-main-stick-meta":"","header-below-stick-meta":"","astra-migrate-meta-layouts":"default","ast-page-background-enabled":"default","ast-page-background-meta":{"desktop":{"background-color":"var(--ast-global-color-5)","background-image":"","background-repeat":"repeat","background-position":"center center","background-size":"auto","background-attachment":"scroll","background-type":"","background-media":"","overlay-type":"","overlay-color":"","overlay-opacity":"","overlay-gradient":""},"tablet":{"background-color":"","background-image":"","background-repeat":"repeat","background-position":"center center","background-size":"auto","background-attachment":"scroll","background-type":"","background-media":"","overlay-type":"","overlay-color":"","overlay-opacity":"","overlay-gradient":""},"mobile":{"background-color":"","background-image":"","background-repeat":"repeat","background-position":"center center","background-size":"auto","background-attachment":"scroll","background-type":"","background-media":"","overlay-type":"","overlay-color":"","overlay-opacity":"","overlay-gradient":""}},"ast-content-background-meta":{"desktop":{"background-color":"var(--ast-global-color-4)","background-image":"","background-repeat":"repeat","background-position":"center center","background-size":"auto","background-attachment":"scroll","background-type":"","background-media":"","overlay-type":"","overlay-color":"","overlay-opacity":"","overlay-gradient":""},"tablet":{"background-color":"var(--ast-global-color-4)","background-image":"","background-repeat":"repeat","background-position":"center center","background-size":"auto","background-attachment":"scroll","background-type":"","background-media":"","overlay-type":"","overlay-color":"","overlay-opacity":"","overlay-gradient":""},"mobile":{"background-color":"var(--ast-global-color-4)","background-image":"","background-repeat":"repeat","background-position":"center center","background-size":"auto","background-attachment":"scroll","background-type":"","background-media":"","overlay-type":"","overlay-color":"","overlay-opacity":"","overlay-gradient":""}},"footnotes":""},"categories":[20,1],"tags":[],"class_list":["post-7629","post","type-post","status-publish","format-standard","has-post-thumbnail","hentry","category-international","category-football-latest-news"],"yoast_head":"<!-- This site is optimized with the Yoast SEO Premium plugin v26.6 (Yoast SEO v27.4) - https:\/\/yoast.com\/product\/yoast-seo-premium-wordpress\/ -->\n<title>Diego Simeone snaps at Julian Alvarez transfer question - Bladna News<\/title>\n<meta name=\"robots\" content=\"index, follow, max-snippet:-1, max-image-preview:large, max-video-preview:-1\" \/>\n<link rel=\"canonical\" href=\"https:\/\/bladnanews.com\/fr\/diego-simeone-semporte-face-a-une-question-sur-le-transfert-de-julian-alvarez\/\" \/>\n<meta property=\"og:locale\" content=\"fr_FR\" \/>\n<meta property=\"og:type\" content=\"article\" \/>\n<meta property=\"og:title\" content=\"Diego Simeone snaps at Julian Alvarez transfer question\" \/>\n<meta property=\"og:description\" content=\"Diego Simeone bristled when asked about Julian Alvarez\u2019s future after the Atletico Madrid forward was linked with both Arsenal and [&hellip;]\" \/>\n<meta property=\"og:url\" content=\"https:\/\/bladnanews.com\/fr\/diego-simeone-semporte-face-a-une-question-sur-le-transfert-de-julian-alvarez\/\" \/>\n<meta property=\"og:site_name\" content=\"Bladna News\" \/>\n<meta property=\"article:published_time\" content=\"2026-01-24T15:16:10+00:00\" \/>\n<meta property=\"og:image\" content=\"https:\/\/bladnanews.com\/wp-content\/uploads\/2025\/12\/freepik__bladna-newscom-moroccan-soccer-homepage-banner-mor__41838.png\" \/>\n\t<meta property=\"og:image:width\" content=\"1312\" \/>\n\t<meta property=\"og:image:height\" content=\"736\" \/>\n\t<meta property=\"og:image:type\" content=\"image\/png\" \/>\n<meta name=\"author\" content=\"Bladna News Staff\" \/>\n<meta name=\"twitter:card\" content=\"summary_large_image\" \/>\n<meta name=\"twitter:label1\" content=\"\u00c9crit par\" \/>\n\t<meta name=\"twitter:data1\" content=\"Bladna News Staff\" \/>\n\t<meta name=\"twitter:label2\" content=\"Dur\u00e9e de lecture estim\u00e9e\" \/>\n\t<meta name=\"twitter:data2\" content=\"1 minute\" \/>\n<script type=\"application\/ld+json\" class=\"yoast-schema-graph\">{\"@context\":\"https:\\\/\\\/schema.org\",\"@graph\":[{\"@type\":\"Article\",\"@id\":\"https:\\\/\\\/bladnanews.com\\\/diego-simeone-snaps-at-julian-alvarez-transfer-question\\\/#article\",\"isPartOf\":{\"@id\":\"https:\\\/\\\/bladnanews.com\\\/diego-simeone-snaps-at-julian-alvarez-transfer-question\\\/\"},\"author\":{\"name\":\"Bladna News Staff\",\"@id\":\"https:\\\/\\\/mediumseagreen-eel-531711.hostingersite.com\\\/#\\\/schema\\\/person\\\/268e18a453ab080ebf76df6ef7845083\"},\"headline\":\"Diego Simeone snaps at Julian Alvarez transfer question\",\"datePublished\":\"2026-01-24T15:16:10+00:00\",\"mainEntityOfPage\":{\"@id\":\"https:\\\/\\\/bladnanews.com\\\/diego-simeone-snaps-at-julian-alvarez-transfer-question\\\/\"},\"wordCount\":251,\"publisher\":{\"@id\":\"https:\\\/\\\/mediumseagreen-eel-531711.hostingersite.com\\\/#organization\"},\"image\":{\"@id\":\"https:\\\/\\\/bladnanews.com\\\/diego-simeone-snaps-at-julian-alvarez-transfer-question\\\/#primaryimage\"},\"thumbnailUrl\":\"https:\\\/\\\/bladnanews.com\\\/wp-content\\\/uploads\\\/2026\\\/01\\\/BladnaNews-Diego-Simeone-snaps-at-Julian-Alvarez-transfer-question-2026-01-25T090931.359Z-scaled.jpg\",\"articleSection\":[\"International\",\"Latest News\"],\"inLanguage\":\"fr-FR\",\"copyrightYear\":\"2026\",\"copyrightHolder\":{\"@id\":\"https:\\\/\\\/bladnanews.com\\\/fr\\\/#organization\"}},{\"@type\":\"WebPage\",\"@id\":\"https:\\\/\\\/bladnanews.com\\\/diego-simeone-snaps-at-julian-alvarez-transfer-question\\\/\",\"url\":\"https:\\\/\\\/bladnanews.com\\\/diego-simeone-snaps-at-julian-alvarez-transfer-question\\\/\",\"name\":\"Diego Simeone snaps at Julian Alvarez transfer question - Bladna News\",\"isPartOf\":{\"@id\":\"https:\\\/\\\/mediumseagreen-eel-531711.hostingersite.com\\\/#website\"},\"primaryImageOfPage\":{\"@id\":\"https:\\\/\\\/bladnanews.com\\\/diego-simeone-snaps-at-julian-alvarez-transfer-question\\\/#primaryimage\"},\"image\":{\"@id\":\"https:\\\/\\\/bladnanews.com\\\/diego-simeone-snaps-at-julian-alvarez-transfer-question\\\/#primaryimage\"},\"thumbnailUrl\":\"https:\\\/\\\/bladnanews.com\\\/wp-content\\\/uploads\\\/2026\\\/01\\\/BladnaNews-Diego-Simeone-snaps-at-Julian-Alvarez-transfer-question-2026-01-25T090931.359Z-scaled.jpg\",\"datePublished\":\"2026-01-24T15:16:10+00:00\",\"breadcrumb\":{\"@id\":\"https:\\\/\\\/bladnanews.com\\\/diego-simeone-snaps-at-julian-alvarez-transfer-question\\\/#breadcrumb\"},\"inLanguage\":\"fr-FR\",\"potentialAction\":[{\"@type\":\"ReadAction\",\"target\":[\"https:\\\/\\\/bladnanews.com\\\/diego-simeone-snaps-at-julian-alvarez-transfer-question\\\/\"]}]},{\"@type\":\"ImageObject\",\"inLanguage\":\"fr-FR\",\"@id\":\"https:\\\/\\\/bladnanews.com\\\/diego-simeone-snaps-at-julian-alvarez-transfer-question\\\/#primaryimage\",\"url\":\"https:\\\/\\\/bladnanews.com\\\/wp-content\\\/uploads\\\/2026\\\/01\\\/BladnaNews-Diego-Simeone-snaps-at-Julian-Alvarez-transfer-question-2026-01-25T090931.359Z-scaled.jpg\",\"contentUrl\":\"https:\\\/\\\/bladnanews.com\\\/wp-content\\\/uploads\\\/2026\\\/01\\\/BladnaNews-Diego-Simeone-snaps-at-Julian-Alvarez-transfer-question-2026-01-25T090931.359Z-scaled.jpg\",\"width\":2560,\"height\":1440,\"caption\":\"Diego Simeone, in a black suit, walks pensively ahead of a match, with a blurred stadium crowd in the background.\"},{\"@type\":\"BreadcrumbList\",\"@id\":\"https:\\\/\\\/bladnanews.com\\\/diego-simeone-snaps-at-julian-alvarez-transfer-question\\\/#breadcrumb\",\"itemListElement\":[{\"@type\":\"ListItem\",\"position\":1,\"name\":\"Home\",\"item\":\"https:\\\/\\\/bladnanews.com\\\/\"},{\"@type\":\"ListItem\",\"position\":2,\"name\":\"Diego Simeone snaps at Julian Alvarez transfer question\"}]},{\"@type\":\"WebSite\",\"@id\":\"https:\\\/\\\/mediumseagreen-eel-531711.hostingersite.com\\\/#website\",\"url\":\"https:\\\/\\\/mediumseagreen-eel-531711.hostingersite.com\\\/\",\"name\":\"Bladna News - Morocco\",\"description\":\"Where Moroccan Football Meets the World\",\"publisher\":{\"@id\":\"https:\\\/\\\/mediumseagreen-eel-531711.hostingersite.com\\\/#organization\"},\"potentialAction\":[{\"@type\":\"SearchAction\",\"target\":{\"@type\":\"EntryPoint\",\"urlTemplate\":\"https:\\\/\\\/mediumseagreen-eel-531711.hostingersite.com\\\/?s={search_term_string}\"},\"query-input\":{\"@type\":\"PropertyValueSpecification\",\"valueRequired\":true,\"valueName\":\"search_term_string\"}}],\"inLanguage\":\"fr-FR\"},{\"@type\":\"Organization\",\"@id\":\"https:\\\/\\\/mediumseagreen-eel-531711.hostingersite.com\\\/#organization\",\"name\":\"Bladna News.com\",\"url\":\"https:\\\/\\\/mediumseagreen-eel-531711.hostingersite.com\\\/\",\"logo\":{\"@type\":\"ImageObject\",\"inLanguage\":\"fr-FR\",\"@id\":\"https:\\\/\\\/mediumseagreen-eel-531711.hostingersite.com\\\/#\\\/schema\\\/logo\\\/image\\\/\",\"url\":\"https:\\\/\\\/bladnanews.com\\\/wp-content\\\/uploads\\\/2025\\\/12\\\/logo-bladnanews-V2-web-black-red.png\",\"contentUrl\":\"https:\\\/\\\/bladnanews.com\\\/wp-content\\\/uploads\\\/2025\\\/12\\\/logo-bladnanews-V2-web-black-red.png\",\"width\":703,\"height\":287,\"caption\":\"Bladna News.com\"},\"image\":{\"@id\":\"https:\\\/\\\/mediumseagreen-eel-531711.hostingersite.com\\\/#\\\/schema\\\/logo\\\/image\\\/\"},\"email\":\"info@bladnanews.com\",\"legalName\":\"Bladna News\"},{\"@type\":\"Person\",\"@id\":\"https:\\\/\\\/mediumseagreen-eel-531711.hostingersite.com\\\/#\\\/schema\\\/person\\\/268e18a453ab080ebf76df6ef7845083\",\"name\":\"Bladna News Staff\",\"url\":\"https:\\\/\\\/bladnanews.com\\\/fr\\\/author\\\/bladna-news-staff\\\/\"}]}<\/script>\n<!-- \/ Yoast SEO Premium plugin. -->","yoast_head_json":{"title":"Diego Simeone s'emporte face \u00e0 une question sur le transfert de Julian Alvarez - Bladna News","robots":{"index":"index","follow":"follow","max-snippet":"max-snippet:-1","max-image-preview":"max-image-preview:large","max-video-preview":"max-video-preview:-1"},"canonical":"https:\/\/bladnanews.com\/fr\/diego-simeone-semporte-face-a-une-question-sur-le-transfert-de-julian-alvarez\/","og_locale":"fr_FR","og_type":"article","og_title":"Diego Simeone snaps at Julian Alvarez transfer question","og_description":"Diego Simeone bristled when asked about Julian Alvarez\u2019s future after the Atletico Madrid forward was linked with both Arsenal and [&hellip;]","og_url":"https:\/\/bladnanews.com\/fr\/diego-simeone-semporte-face-a-une-question-sur-le-transfert-de-julian-alvarez\/","og_site_name":"Bladna News","article_published_time":"2026-01-24T15:16:10+00:00","og_image":[{"width":1312,"height":736,"url":"https:\/\/bladnanews.com\/wp-content\/uploads\/2025\/12\/freepik__bladna-newscom-moroccan-soccer-homepage-banner-mor__41838.png","type":"image\/png"}],"author":"Bladna News Staff","twitter_card":"summary_large_image","twitter_misc":{"\u00c9crit par":"Bladna News Staff","Dur\u00e9e de lecture estim\u00e9e":"1 minute"},"schema":{"@context":"https:\/\/schema.org","@graph":[{"@type":"Article","@id":"https:\/\/bladnanews.com\/diego-simeone-snaps-at-julian-alvarez-transfer-question\/#article","isPartOf":{"@id":"https:\/\/bladnanews.com\/diego-simeone-snaps-at-julian-alvarez-transfer-question\/"},"author":{"name":"Bladna News Staff","@id":"https:\/\/mediumseagreen-eel-531711.hostingersite.com\/#\/schema\/person\/268e18a453ab080ebf76df6ef7845083"},"headline":"Diego Simeone snaps at Julian Alvarez transfer question","datePublished":"2026-01-24T15:16:10+00:00","mainEntityOfPage":{"@id":"https:\/\/bladnanews.com\/diego-simeone-snaps-at-julian-alvarez-transfer-question\/"},"wordCount":251,"publisher":{"@id":"https:\/\/mediumseagreen-eel-531711.hostingersite.com\/#organization"},"image":{"@id":"https:\/\/bladnanews.com\/diego-simeone-snaps-at-julian-alvarez-transfer-question\/#primaryimage"},"thumbnailUrl":"https:\/\/bladnanews.com\/wp-content\/uploads\/2026\/01\/BladnaNews-Diego-Simeone-snaps-at-Julian-Alvarez-transfer-question-2026-01-25T090931.359Z-scaled.jpg","articleSection":["International","Latest News"],"inLanguage":"fr-FR","copyrightYear":"2026","copyrightHolder":{"@id":"https:\/\/bladnanews.com\/fr\/#organization"}},{"@type":"WebPage","@id":"https:\/\/bladnanews.com\/diego-simeone-snaps-at-julian-alvarez-transfer-question\/","url":"https:\/\/bladnanews.com\/diego-simeone-snaps-at-julian-alvarez-transfer-question\/","name":"Diego Simeone s'emporte face \u00e0 une question sur le transfert de Julian Alvarez - Bladna News","isPartOf":{"@id":"https:\/\/mediumseagreen-eel-531711.hostingersite.com\/#website"},"primaryImageOfPage":{"@id":"https:\/\/bladnanews.com\/diego-simeone-snaps-at-julian-alvarez-transfer-question\/#primaryimage"},"image":{"@id":"https:\/\/bladnanews.com\/diego-simeone-snaps-at-julian-alvarez-transfer-question\/#primaryimage"},"thumbnailUrl":"https:\/\/bladnanews.com\/wp-content\/uploads\/2026\/01\/BladnaNews-Diego-Simeone-snaps-at-Julian-Alvarez-transfer-question-2026-01-25T090931.359Z-scaled.jpg","datePublished":"2026-01-24T15:16:10+00:00","breadcrumb":{"@id":"https:\/\/bladnanews.com\/diego-simeone-snaps-at-julian-alvarez-transfer-question\/#breadcrumb"},"inLanguage":"fr-FR","potentialAction":[{"@type":"ReadAction","target":["https:\/\/bladnanews.com\/diego-simeone-snaps-at-julian-alvarez-transfer-question\/"]}]},{"@type":"ImageObject","inLanguage":"fr-FR","@id":"https:\/\/bladnanews.com\/diego-simeone-snaps-at-julian-alvarez-transfer-question\/#primaryimage","url":"https:\/\/bladnanews.com\/wp-content\/uploads\/2026\/01\/BladnaNews-Diego-Simeone-snaps-at-Julian-Alvarez-transfer-question-2026-01-25T090931.359Z-scaled.jpg","contentUrl":"https:\/\/bladnanews.com\/wp-content\/uploads\/2026\/01\/BladnaNews-Diego-Simeone-snaps-at-Julian-Alvarez-transfer-question-2026-01-25T090931.359Z-scaled.jpg","width":2560,"height":1440,"caption":"Diego Simeone, in a black suit, walks pensively ahead of a match, with a blurred stadium crowd in the background."},{"@type":"BreadcrumbList","@id":"https:\/\/bladnanews.com\/diego-simeone-snaps-at-julian-alvarez-transfer-question\/#breadcrumb","itemListElement":[{"@type":"ListItem","position":1,"name":"Home","item":"https:\/\/bladnanews.com\/"},{"@type":"ListItem","position":2,"name":"Diego Simeone snaps at Julian Alvarez transfer question"}]},{"@type":"WebSite","@id":"https:\/\/mediumseagreen-eel-531711.hostingersite.com\/#website","url":"https:\/\/mediumseagreen-eel-531711.hostingersite.com\/","name":"Bladna News - Maroc","description":"Quand le football marocain rencontre le monde","publisher":{"@id":"https:\/\/mediumseagreen-eel-531711.hostingersite.com\/#organization"},"potentialAction":[{"@type":"SearchAction","target":{"@type":"EntryPoint","urlTemplate":"https:\/\/mediumseagreen-eel-531711.hostingersite.com\/?s={search_term_string}"},"query-input":{"@type":"PropertyValueSpecification","valueRequired":true,"valueName":"search_term_string"}}],"inLanguage":"fr-FR"},{"@type":"Organization","@id":"https:\/\/mediumseagreen-eel-531711.hostingersite.com\/#organization","name":"Bladna News.com","url":"https:\/\/mediumseagreen-eel-531711.hostingersite.com\/","logo":{"@type":"ImageObject","inLanguage":"fr-FR","@id":"https:\/\/mediumseagreen-eel-531711.hostingersite.com\/#\/schema\/logo\/image\/","url":"https:\/\/bladnanews.com\/wp-content\/uploads\/2025\/12\/logo-bladnanews-V2-web-black-red.png","contentUrl":"https:\/\/bladnanews.com\/wp-content\/uploads\/2025\/12\/logo-bladnanews-V2-web-black-red.png","width":703,"height":287,"caption":"Bladna News.com"},"image":{"@id":"https:\/\/mediumseagreen-eel-531711.hostingersite.com\/#\/schema\/logo\/image\/"},"email":"info@bladnanews.com","legalName":"Bladna News"},{"@type":"Person","@id":"https:\/\/mediumseagreen-eel-531711.hostingersite.com\/#\/schema\/person\/268e18a453ab080ebf76df6ef7845083","name":"\u00c9quipe r\u00e9dactionnelle de Bladna News","url":"https:\/\/bladnanews.com\/fr\/author\/bladna-news-staff\/"}]}},"_links":{"self":[{"href":"https:\/\/bladnanews.com\/fr\/wp-json\/wp\/v2\/posts\/7629","targetHints":{"allow":["GET"]}}],"collection":[{"href":"https:\/\/bladnanews.com\/fr\/wp-json\/wp\/v2\/posts"}],"about":[{"href":"https:\/\/bladnanews.com\/fr\/wp-json\/wp\/v2\/types\/post"}],"author":[{"embeddable":true,"href":"https:\/\/bladnanews.com\/fr\/wp-json\/wp\/v2\/users\/3"}],"replies":[{"embeddable":true,"href":"https:\/\/bladnanews.com\/fr\/wp-json\/wp\/v2\/comments?post=7629"}],"version-history":[{"count":0,"href":"https:\/\/bladnanews.com\/fr\/wp-json\/wp\/v2\/posts\/7629\/revisions"}],"wp:featuredmedia":[{"embeddable":true,"href":"https:\/\/bladnanews.com\/fr\/wp-json\/wp\/v2\/media\/7628"}],"wp:attachment":[{"href":"https:\/\/bladnanews.com\/fr\/wp-json\/wp\/v2\/media?parent=7629"}],"wp:term":[{"taxonomy":"category","embeddable":true,"href":"https:\/\/bladnanews.com\/fr\/wp-json\/wp\/v2\/categories?post=7629"},{"taxonomy":"post_tag","embeddable":true,"href":"https:\/\/bladnanews.com\/fr\/wp-json\/wp\/v2\/tags?post=7629"}],"curies":[{"name":"wp","href":"https:\/\/api.w.org\/{rel}","templated":true}]}}