{"id":7633,"date":"2026-01-24T16:09:41","date_gmt":"2026-01-24T16:09:41","guid":{"rendered":"https:\/\/bladnanews.com\/thierry-henry-and-jason-sudeikis-attend-arsenal-vs-chelsea-wsl\/"},"modified":"2026-01-24T16:09:41","modified_gmt":"2026-01-24T16:09:41","slug":"thierry-henry-et-jason-sudeikis-assistent-a-arsenal-contre-chelsea-en-wsl","status":"publish","type":"post","link":"https:\/\/bladnanews.com\/fr\/thierry-henry-et-jason-sudeikis-assistent-a-arsenal-contre-chelsea-en-wsl\/","title":{"rendered":"Thierry Henry et Jason Sudeikis assistent \u00e0 Arsenal contre Chelsea en WSL"},"content":{"rendered":"<p><strong>Thierry Henry et Jason Sudeikis assistent \u00e0 Arsenal contre Chelsea en WSL<\/strong><\/p>\n<p>La l\u00e9gende d'Arsenal Thierry Henry \u00e9tait dans les tribunes dimanche lors de la rencontre entre les Gunners et Chelsea en Women's Super League, la star hollywoodienne Jason Sudeikis ayant \u00e9galement \u00e9t\u00e9 aper\u00e7ue \u00e0 l'Emirates Stadium.<\/p>\n<p>Sudeikis, surtout connu pour son r\u00f4le de Ted Lasso, a assist\u00e9 au choc londonien au c\u00f4t\u00e9 de Henry, alors qu'Arsenal et Chelsea s'affrontaient dans un match cl\u00e9 de la WSL.<\/p>\n<p>L'apparition de la star de Ted Lasso intervient alors que la s\u00e9rie s'appr\u00eate \u00e0 faire son retour, <em>une saison 4<\/em> \u00e9tant d\u00e9sormais confirm\u00e9e en pr\u00e9paration, ce qui ajoute un int\u00e9r\u00eat suppl\u00e9mentaire \u00e0 la visite de Sudeikis dans le nord de Londres.<\/p>\n<p>Henry, ancien capitaine d'Arsenal et l'un des plus grands joueurs de l'histoire du club, a assist\u00e9 \u00e0 l'\u00e9v\u00e9nement alors que les supporters remplissaient le stade pour l'une des rencontres phares du calendrier de la WSL.<\/p>\n<p>L'\u00e9quipe f\u00e9minine d'Arsenal continue d'attirer un public nombreux cette saison, et la rencontre de dimanche contre Chelsea a une fois de plus soulign\u00e9 la popularit\u00e9 croissante du championnat, des invit\u00e9s de marque ayant rejoint les fans pour le spectacle du match.<\/p>","protected":false},"excerpt":{"rendered":"<p>Thierry Henry and Jason Sudeikis attend Arsenal vs Chelsea WSL Arsenal icon Thierry Henry was in the stands on Sunday [&hellip;]<\/p>\n","protected":false},"author":3,"featured_media":7632,"comment_status":"","ping_status":"open","sticky":false,"template":"","format":"standard","meta":{"googlesitekit_rrm_CAow_uzEDA:productID":"","site-sidebar-layout":"default","site-content-layout":"","ast-site-content-layout":"default","site-content-style":"default","site-sidebar-style":"default","ast-global-header-display":"","ast-banner-title-visibility":"","ast-main-header-display":"","ast-hfb-above-header-display":"","ast-hfb-below-header-display":"","ast-hfb-mobile-header-display":"","site-post-title":"","ast-breadcrumbs-content":"","ast-featured-img":"","footer-sml-layout":"","ast-disable-related-posts":"","theme-transparent-header-meta":"","adv-header-id-meta":"","stick-header-meta":"","header-above-stick-meta":"","header-main-stick-meta":"","header-below-stick-meta":"","astra-migrate-meta-layouts":"default","ast-page-background-enabled":"default","ast-page-background-meta":{"desktop":{"background-color":"var(--ast-global-color-5)","background-image":"","background-repeat":"repeat","background-position":"center center","background-size":"auto","background-attachment":"scroll","background-type":"","background-media":"","overlay-type":"","overlay-color":"","overlay-opacity":"","overlay-gradient":""},"tablet":{"background-color":"","background-image":"","background-repeat":"repeat","background-position":"center center","background-size":"auto","background-attachment":"scroll","background-type":"","background-media":"","overlay-type":"","overlay-color":"","overlay-opacity":"","overlay-gradient":""},"mobile":{"background-color":"","background-image":"","background-repeat":"repeat","background-position":"center center","background-size":"auto","background-attachment":"scroll","background-type":"","background-media":"","overlay-type":"","overlay-color":"","overlay-opacity":"","overlay-gradient":""}},"ast-content-background-meta":{"desktop":{"background-color":"var(--ast-global-color-4)","background-image":"","background-repeat":"repeat","background-position":"center center","background-size":"auto","background-attachment":"scroll","background-type":"","background-media":"","overlay-type":"","overlay-color":"","overlay-opacity":"","overlay-gradient":""},"tablet":{"background-color":"var(--ast-global-color-4)","background-image":"","background-repeat":"repeat","background-position":"center center","background-size":"auto","background-attachment":"scroll","background-type":"","background-media":"","overlay-type":"","overlay-color":"","overlay-opacity":"","overlay-gradient":""},"mobile":{"background-color":"var(--ast-global-color-4)","background-image":"","background-repeat":"repeat","background-position":"center center","background-size":"auto","background-attachment":"scroll","background-type":"","background-media":"","overlay-type":"","overlay-color":"","overlay-opacity":"","overlay-gradient":""}},"footnotes":""},"categories":[20,1],"tags":[],"class_list":["post-7633","post","type-post","status-publish","format-standard","has-post-thumbnail","hentry","category-international","category-football-latest-news"],"yoast_head":"<!-- This site is optimized with the Yoast SEO Premium plugin v26.6 (Yoast SEO v27.4) - https:\/\/yoast.com\/product\/yoast-seo-premium-wordpress\/ -->\n<title>Thierry Henry and Jason Sudeikis attend Arsenal vs Chelsea WSL - Bladna News<\/title>\n<meta name=\"robots\" content=\"index, follow, max-snippet:-1, max-image-preview:large, max-video-preview:-1\" \/>\n<link rel=\"canonical\" href=\"https:\/\/bladnanews.com\/fr\/thierry-henry-et-jason-sudeikis-assistent-a-arsenal-contre-chelsea-en-wsl\/\" \/>\n<meta property=\"og:locale\" content=\"fr_FR\" \/>\n<meta property=\"og:type\" content=\"article\" \/>\n<meta property=\"og:title\" content=\"Thierry Henry and Jason Sudeikis attend Arsenal vs Chelsea WSL\" \/>\n<meta property=\"og:description\" content=\"Thierry Henry and Jason Sudeikis attend Arsenal vs Chelsea WSL Arsenal icon Thierry Henry was in the stands on Sunday [&hellip;]\" \/>\n<meta property=\"og:url\" content=\"https:\/\/bladnanews.com\/fr\/thierry-henry-et-jason-sudeikis-assistent-a-arsenal-contre-chelsea-en-wsl\/\" \/>\n<meta property=\"og:site_name\" content=\"Bladna News\" \/>\n<meta property=\"article:published_time\" content=\"2026-01-24T16:09:41+00:00\" \/>\n<meta property=\"og:image\" content=\"https:\/\/bladnanews.com\/wp-content\/uploads\/2025\/12\/freepik__bladna-newscom-moroccan-soccer-homepage-banner-mor__41838.png\" \/>\n\t<meta property=\"og:image:width\" content=\"1312\" \/>\n\t<meta property=\"og:image:height\" content=\"736\" \/>\n\t<meta property=\"og:image:type\" content=\"image\/png\" \/>\n<meta name=\"author\" content=\"Bladna News Staff\" \/>\n<meta name=\"twitter:card\" content=\"summary_large_image\" \/>\n<meta name=\"twitter:label1\" content=\"\u00c9crit par\" \/>\n\t<meta name=\"twitter:data1\" content=\"Bladna News Staff\" \/>\n\t<meta name=\"twitter:label2\" content=\"Dur\u00e9e de lecture estim\u00e9e\" \/>\n\t<meta name=\"twitter:data2\" content=\"1 minute\" \/>\n<script type=\"application\/ld+json\" class=\"yoast-schema-graph\">{\"@context\":\"https:\\\/\\\/schema.org\",\"@graph\":[{\"@type\":\"Article\",\"@id\":\"https:\\\/\\\/bladnanews.com\\\/thierry-henry-and-jason-sudeikis-attend-arsenal-vs-chelsea-wsl\\\/#article\",\"isPartOf\":{\"@id\":\"https:\\\/\\\/bladnanews.com\\\/thierry-henry-and-jason-sudeikis-attend-arsenal-vs-chelsea-wsl\\\/\"},\"author\":{\"name\":\"Bladna News Staff\",\"@id\":\"https:\\\/\\\/mediumseagreen-eel-531711.hostingersite.com\\\/#\\\/schema\\\/person\\\/268e18a453ab080ebf76df6ef7845083\"},\"headline\":\"Thierry Henry and Jason Sudeikis attend Arsenal vs Chelsea WSL\",\"datePublished\":\"2026-01-24T16:09:41+00:00\",\"mainEntityOfPage\":{\"@id\":\"https:\\\/\\\/bladnanews.com\\\/thierry-henry-and-jason-sudeikis-attend-arsenal-vs-chelsea-wsl\\\/\"},\"wordCount\":177,\"publisher\":{\"@id\":\"https:\\\/\\\/mediumseagreen-eel-531711.hostingersite.com\\\/#organization\"},\"image\":{\"@id\":\"https:\\\/\\\/bladnanews.com\\\/thierry-henry-and-jason-sudeikis-attend-arsenal-vs-chelsea-wsl\\\/#primaryimage\"},\"thumbnailUrl\":\"https:\\\/\\\/bladnanews.com\\\/wp-content\\\/uploads\\\/2026\\\/01\\\/BladnaNews-Thierry-Henry-and-Jason-Sudeikis-attend-Arsenal-vs-Chelsea-WSL-2026-01-25T091022.898Z-scaled.jpg\",\"articleSection\":[\"International\",\"Latest News\"],\"inLanguage\":\"fr-FR\",\"copyrightYear\":\"2026\",\"copyrightHolder\":{\"@id\":\"https:\\\/\\\/bladnanews.com\\\/fr\\\/#organization\"}},{\"@type\":\"WebPage\",\"@id\":\"https:\\\/\\\/bladnanews.com\\\/thierry-henry-and-jason-sudeikis-attend-arsenal-vs-chelsea-wsl\\\/\",\"url\":\"https:\\\/\\\/bladnanews.com\\\/thierry-henry-and-jason-sudeikis-attend-arsenal-vs-chelsea-wsl\\\/\",\"name\":\"Thierry Henry and Jason Sudeikis attend Arsenal vs Chelsea WSL - Bladna News\",\"isPartOf\":{\"@id\":\"https:\\\/\\\/mediumseagreen-eel-531711.hostingersite.com\\\/#website\"},\"primaryImageOfPage\":{\"@id\":\"https:\\\/\\\/bladnanews.com\\\/thierry-henry-and-jason-sudeikis-attend-arsenal-vs-chelsea-wsl\\\/#primaryimage\"},\"image\":{\"@id\":\"https:\\\/\\\/bladnanews.com\\\/thierry-henry-and-jason-sudeikis-attend-arsenal-vs-chelsea-wsl\\\/#primaryimage\"},\"thumbnailUrl\":\"https:\\\/\\\/bladnanews.com\\\/wp-content\\\/uploads\\\/2026\\\/01\\\/BladnaNews-Thierry-Henry-and-Jason-Sudeikis-attend-Arsenal-vs-Chelsea-WSL-2026-01-25T091022.898Z-scaled.jpg\",\"datePublished\":\"2026-01-24T16:09:41+00:00\",\"breadcrumb\":{\"@id\":\"https:\\\/\\\/bladnanews.com\\\/thierry-henry-and-jason-sudeikis-attend-arsenal-vs-chelsea-wsl\\\/#breadcrumb\"},\"inLanguage\":\"fr-FR\",\"potentialAction\":[{\"@type\":\"ReadAction\",\"target\":[\"https:\\\/\\\/bladnanews.com\\\/thierry-henry-and-jason-sudeikis-attend-arsenal-vs-chelsea-wsl\\\/\"]}]},{\"@type\":\"ImageObject\",\"inLanguage\":\"fr-FR\",\"@id\":\"https:\\\/\\\/bladnanews.com\\\/thierry-henry-and-jason-sudeikis-attend-arsenal-vs-chelsea-wsl\\\/#primaryimage\",\"url\":\"https:\\\/\\\/bladnanews.com\\\/wp-content\\\/uploads\\\/2026\\\/01\\\/BladnaNews-Thierry-Henry-and-Jason-Sudeikis-attend-Arsenal-vs-Chelsea-WSL-2026-01-25T091022.898Z-scaled.jpg\",\"contentUrl\":\"https:\\\/\\\/bladnanews.com\\\/wp-content\\\/uploads\\\/2026\\\/01\\\/BladnaNews-Thierry-Henry-and-Jason-Sudeikis-attend-Arsenal-vs-Chelsea-WSL-2026-01-25T091022.898Z-scaled.jpg\",\"width\":2560,\"height\":1440,\"caption\":\"Thierry Henry smiling, showcasing his bald head and joyful expression, dressed in a black checkered suit, set against a blurred background.\"},{\"@type\":\"BreadcrumbList\",\"@id\":\"https:\\\/\\\/bladnanews.com\\\/thierry-henry-and-jason-sudeikis-attend-arsenal-vs-chelsea-wsl\\\/#breadcrumb\",\"itemListElement\":[{\"@type\":\"ListItem\",\"position\":1,\"name\":\"Home\",\"item\":\"https:\\\/\\\/bladnanews.com\\\/\"},{\"@type\":\"ListItem\",\"position\":2,\"name\":\"Thierry Henry and Jason Sudeikis attend Arsenal vs Chelsea WSL\"}]},{\"@type\":\"WebSite\",\"@id\":\"https:\\\/\\\/mediumseagreen-eel-531711.hostingersite.com\\\/#website\",\"url\":\"https:\\\/\\\/mediumseagreen-eel-531711.hostingersite.com\\\/\",\"name\":\"Bladna News - Morocco\",\"description\":\"Where Moroccan Football Meets the World\",\"publisher\":{\"@id\":\"https:\\\/\\\/mediumseagreen-eel-531711.hostingersite.com\\\/#organization\"},\"potentialAction\":[{\"@type\":\"SearchAction\",\"target\":{\"@type\":\"EntryPoint\",\"urlTemplate\":\"https:\\\/\\\/mediumseagreen-eel-531711.hostingersite.com\\\/?s={search_term_string}\"},\"query-input\":{\"@type\":\"PropertyValueSpecification\",\"valueRequired\":true,\"valueName\":\"search_term_string\"}}],\"inLanguage\":\"fr-FR\"},{\"@type\":\"Organization\",\"@id\":\"https:\\\/\\\/mediumseagreen-eel-531711.hostingersite.com\\\/#organization\",\"name\":\"Bladna News.com\",\"url\":\"https:\\\/\\\/mediumseagreen-eel-531711.hostingersite.com\\\/\",\"logo\":{\"@type\":\"ImageObject\",\"inLanguage\":\"fr-FR\",\"@id\":\"https:\\\/\\\/mediumseagreen-eel-531711.hostingersite.com\\\/#\\\/schema\\\/logo\\\/image\\\/\",\"url\":\"https:\\\/\\\/bladnanews.com\\\/wp-content\\\/uploads\\\/2025\\\/12\\\/logo-bladnanews-V2-web-black-red.png\",\"contentUrl\":\"https:\\\/\\\/bladnanews.com\\\/wp-content\\\/uploads\\\/2025\\\/12\\\/logo-bladnanews-V2-web-black-red.png\",\"width\":703,\"height\":287,\"caption\":\"Bladna News.com\"},\"image\":{\"@id\":\"https:\\\/\\\/mediumseagreen-eel-531711.hostingersite.com\\\/#\\\/schema\\\/logo\\\/image\\\/\"},\"email\":\"info@bladnanews.com\",\"legalName\":\"Bladna News\"},{\"@type\":\"Person\",\"@id\":\"https:\\\/\\\/mediumseagreen-eel-531711.hostingersite.com\\\/#\\\/schema\\\/person\\\/268e18a453ab080ebf76df6ef7845083\",\"name\":\"Bladna News Staff\",\"url\":\"https:\\\/\\\/bladnanews.com\\\/fr\\\/author\\\/bladna-news-staff\\\/\"}]}<\/script>\n<!-- \/ Yoast SEO Premium plugin. -->","yoast_head_json":{"title":"Thierry Henry et Jason Sudeikis assistent \u00e0 Arsenal contre Chelsea en WSL - Bladna News","robots":{"index":"index","follow":"follow","max-snippet":"max-snippet:-1","max-image-preview":"max-image-preview:large","max-video-preview":"max-video-preview:-1"},"canonical":"https:\/\/bladnanews.com\/fr\/thierry-henry-et-jason-sudeikis-assistent-a-arsenal-contre-chelsea-en-wsl\/","og_locale":"fr_FR","og_type":"article","og_title":"Thierry Henry and Jason Sudeikis attend Arsenal vs Chelsea WSL","og_description":"Thierry Henry and Jason Sudeikis attend Arsenal vs Chelsea WSL Arsenal icon Thierry Henry was in the stands on Sunday [&hellip;]","og_url":"https:\/\/bladnanews.com\/fr\/thierry-henry-et-jason-sudeikis-assistent-a-arsenal-contre-chelsea-en-wsl\/","og_site_name":"Bladna News","article_published_time":"2026-01-24T16:09:41+00:00","og_image":[{"width":1312,"height":736,"url":"https:\/\/bladnanews.com\/wp-content\/uploads\/2025\/12\/freepik__bladna-newscom-moroccan-soccer-homepage-banner-mor__41838.png","type":"image\/png"}],"author":"Bladna News Staff","twitter_card":"summary_large_image","twitter_misc":{"\u00c9crit par":"Bladna News Staff","Dur\u00e9e de lecture estim\u00e9e":"1 minute"},"schema":{"@context":"https:\/\/schema.org","@graph":[{"@type":"Article","@id":"https:\/\/bladnanews.com\/thierry-henry-and-jason-sudeikis-attend-arsenal-vs-chelsea-wsl\/#article","isPartOf":{"@id":"https:\/\/bladnanews.com\/thierry-henry-and-jason-sudeikis-attend-arsenal-vs-chelsea-wsl\/"},"author":{"name":"Bladna News Staff","@id":"https:\/\/mediumseagreen-eel-531711.hostingersite.com\/#\/schema\/person\/268e18a453ab080ebf76df6ef7845083"},"headline":"Thierry Henry and Jason Sudeikis attend Arsenal vs Chelsea WSL","datePublished":"2026-01-24T16:09:41+00:00","mainEntityOfPage":{"@id":"https:\/\/bladnanews.com\/thierry-henry-and-jason-sudeikis-attend-arsenal-vs-chelsea-wsl\/"},"wordCount":177,"publisher":{"@id":"https:\/\/mediumseagreen-eel-531711.hostingersite.com\/#organization"},"image":{"@id":"https:\/\/bladnanews.com\/thierry-henry-and-jason-sudeikis-attend-arsenal-vs-chelsea-wsl\/#primaryimage"},"thumbnailUrl":"https:\/\/bladnanews.com\/wp-content\/uploads\/2026\/01\/BladnaNews-Thierry-Henry-and-Jason-Sudeikis-attend-Arsenal-vs-Chelsea-WSL-2026-01-25T091022.898Z-scaled.jpg","articleSection":["International","Latest News"],"inLanguage":"fr-FR","copyrightYear":"2026","copyrightHolder":{"@id":"https:\/\/bladnanews.com\/fr\/#organization"}},{"@type":"WebPage","@id":"https:\/\/bladnanews.com\/thierry-henry-and-jason-sudeikis-attend-arsenal-vs-chelsea-wsl\/","url":"https:\/\/bladnanews.com\/thierry-henry-and-jason-sudeikis-attend-arsenal-vs-chelsea-wsl\/","name":"Thierry Henry et Jason Sudeikis assistent \u00e0 Arsenal contre Chelsea en WSL - Bladna News","isPartOf":{"@id":"https:\/\/mediumseagreen-eel-531711.hostingersite.com\/#website"},"primaryImageOfPage":{"@id":"https:\/\/bladnanews.com\/thierry-henry-and-jason-sudeikis-attend-arsenal-vs-chelsea-wsl\/#primaryimage"},"image":{"@id":"https:\/\/bladnanews.com\/thierry-henry-and-jason-sudeikis-attend-arsenal-vs-chelsea-wsl\/#primaryimage"},"thumbnailUrl":"https:\/\/bladnanews.com\/wp-content\/uploads\/2026\/01\/BladnaNews-Thierry-Henry-and-Jason-Sudeikis-attend-Arsenal-vs-Chelsea-WSL-2026-01-25T091022.898Z-scaled.jpg","datePublished":"2026-01-24T16:09:41+00:00","breadcrumb":{"@id":"https:\/\/bladnanews.com\/thierry-henry-and-jason-sudeikis-attend-arsenal-vs-chelsea-wsl\/#breadcrumb"},"inLanguage":"fr-FR","potentialAction":[{"@type":"ReadAction","target":["https:\/\/bladnanews.com\/thierry-henry-and-jason-sudeikis-attend-arsenal-vs-chelsea-wsl\/"]}]},{"@type":"ImageObject","inLanguage":"fr-FR","@id":"https:\/\/bladnanews.com\/thierry-henry-and-jason-sudeikis-attend-arsenal-vs-chelsea-wsl\/#primaryimage","url":"https:\/\/bladnanews.com\/wp-content\/uploads\/2026\/01\/BladnaNews-Thierry-Henry-and-Jason-Sudeikis-attend-Arsenal-vs-Chelsea-WSL-2026-01-25T091022.898Z-scaled.jpg","contentUrl":"https:\/\/bladnanews.com\/wp-content\/uploads\/2026\/01\/BladnaNews-Thierry-Henry-and-Jason-Sudeikis-attend-Arsenal-vs-Chelsea-WSL-2026-01-25T091022.898Z-scaled.jpg","width":2560,"height":1440,"caption":"Thierry Henry smiling, showcasing his bald head and joyful expression, dressed in a black checkered suit, set against a blurred background."},{"@type":"BreadcrumbList","@id":"https:\/\/bladnanews.com\/thierry-henry-and-jason-sudeikis-attend-arsenal-vs-chelsea-wsl\/#breadcrumb","itemListElement":[{"@type":"ListItem","position":1,"name":"Home","item":"https:\/\/bladnanews.com\/"},{"@type":"ListItem","position":2,"name":"Thierry Henry and Jason Sudeikis attend Arsenal vs Chelsea WSL"}]},{"@type":"WebSite","@id":"https:\/\/mediumseagreen-eel-531711.hostingersite.com\/#website","url":"https:\/\/mediumseagreen-eel-531711.hostingersite.com\/","name":"Bladna News - Maroc","description":"Quand le football marocain rencontre le monde","publisher":{"@id":"https:\/\/mediumseagreen-eel-531711.hostingersite.com\/#organization"},"potentialAction":[{"@type":"SearchAction","target":{"@type":"EntryPoint","urlTemplate":"https:\/\/mediumseagreen-eel-531711.hostingersite.com\/?s={search_term_string}"},"query-input":{"@type":"PropertyValueSpecification","valueRequired":true,"valueName":"search_term_string"}}],"inLanguage":"fr-FR"},{"@type":"Organization","@id":"https:\/\/mediumseagreen-eel-531711.hostingersite.com\/#organization","name":"Bladna News.com","url":"https:\/\/mediumseagreen-eel-531711.hostingersite.com\/","logo":{"@type":"ImageObject","inLanguage":"fr-FR","@id":"https:\/\/mediumseagreen-eel-531711.hostingersite.com\/#\/schema\/logo\/image\/","url":"https:\/\/bladnanews.com\/wp-content\/uploads\/2025\/12\/logo-bladnanews-V2-web-black-red.png","contentUrl":"https:\/\/bladnanews.com\/wp-content\/uploads\/2025\/12\/logo-bladnanews-V2-web-black-red.png","width":703,"height":287,"caption":"Bladna News.com"},"image":{"@id":"https:\/\/mediumseagreen-eel-531711.hostingersite.com\/#\/schema\/logo\/image\/"},"email":"info@bladnanews.com","legalName":"Bladna News"},{"@type":"Person","@id":"https:\/\/mediumseagreen-eel-531711.hostingersite.com\/#\/schema\/person\/268e18a453ab080ebf76df6ef7845083","name":"\u00c9quipe r\u00e9dactionnelle de Bladna News","url":"https:\/\/bladnanews.com\/fr\/author\/bladna-news-staff\/"}]}},"_links":{"self":[{"href":"https:\/\/bladnanews.com\/fr\/wp-json\/wp\/v2\/posts\/7633","targetHints":{"allow":["GET"]}}],"collection":[{"href":"https:\/\/bladnanews.com\/fr\/wp-json\/wp\/v2\/posts"}],"about":[{"href":"https:\/\/bladnanews.com\/fr\/wp-json\/wp\/v2\/types\/post"}],"author":[{"embeddable":true,"href":"https:\/\/bladnanews.com\/fr\/wp-json\/wp\/v2\/users\/3"}],"replies":[{"embeddable":true,"href":"https:\/\/bladnanews.com\/fr\/wp-json\/wp\/v2\/comments?post=7633"}],"version-history":[{"count":0,"href":"https:\/\/bladnanews.com\/fr\/wp-json\/wp\/v2\/posts\/7633\/revisions"}],"wp:featuredmedia":[{"embeddable":true,"href":"https:\/\/bladnanews.com\/fr\/wp-json\/wp\/v2\/media\/7632"}],"wp:attachment":[{"href":"https:\/\/bladnanews.com\/fr\/wp-json\/wp\/v2\/media?parent=7633"}],"wp:term":[{"taxonomy":"category","embeddable":true,"href":"https:\/\/bladnanews.com\/fr\/wp-json\/wp\/v2\/categories?post=7633"},{"taxonomy":"post_tag","embeddable":true,"href":"https:\/\/bladnanews.com\/fr\/wp-json\/wp\/v2\/tags?post=7633"}],"curies":[{"name":"wp","href":"https:\/\/api.w.org\/{rel}","templated":true}]}}