{"id":7635,"date":"2026-01-24T16:34:33","date_gmt":"2026-01-24T16:34:33","guid":{"rendered":"https:\/\/bladnanews.com\/harry-kane-blanks-as-bayern-munich-stunned-by-augsburg\/"},"modified":"2026-01-24T16:34:33","modified_gmt":"2026-01-24T16:34:33","slug":"harry-kane-reste-muet-tandis-que-le-bayern-munich-est-stupefait-par-augsbourg","status":"publish","type":"post","link":"https:\/\/bladnanews.com\/fr\/harry-kane-reste-muet-tandis-que-le-bayern-munich-est-stupefait-par-augsbourg\/","title":{"rendered":"Harry Kane reste muet alors que le Bayern Munich est stup\u00e9fait par Augsbourg"},"content":{"rendered":"<p>Harry Kane a v\u00e9cu un apr\u00e8s-midi frustrant alors que le Bayern Munich \u00e9tait surpris 1-0 par Augsbourg, le capitaine anglais n'ayant pas trouv\u00e9 le chemin des filets malgr\u00e9 une s\u00e9rie d'occasions.<\/p>\n<p>Le Bayern a d\u00e9marr\u00e9 en ma\u00eetre et a fait circuler le ballon avec intention, mais la derni\u00e8re passe et la finition ont fait d\u00e9faut. Kane, si souvent d\u00e9cisif dans les matchs serr\u00e9s, n'a pas cadr\u00e9 ses tentatives lorsque les occasions se sont pr\u00e9sent\u00e9es et n'a pas r\u00e9ussi \u00e0 faire la diff\u00e9rence avant la pause.<\/p>\n<p>Augsbourg, disciplin\u00e9 et bien organis\u00e9, a pris de l'ampleur dans le match et est devenu de plus en plus dangereux en contre-attaque. Le Bayern a continu\u00e9 de pousser apr\u00e8s la mi-temps, mais sa domination en possession ne s'est pas traduite par des buts, et les touches de balle de Kane dans les zones dangereuses n'ont pas produit son efficacit\u00e9 habituelle.<\/p>\n<p>Le moment d\u00e9cisif est survenu lorsqu'Augsbourg a fait payer le Bayern, marquant le seul but du match pour stup\u00e9fier les visiteurs et renverser la rencontre. Le Bayern a r\u00e9pondu en projetant plus d'hommes vers l'avant, mais Augsbourg est rest\u00e9 solide tandis que Kane et ses co\u00e9quipiers sont rest\u00e9s bredouilles.<\/p>\n<p>Ceci a couronn\u00e9 une prestation anormalement discr\u00e8te de Kane, qui a \u00e9t\u00e9 pratiquement absent devant le but en un jour o\u00f9 le Bayern avait le plus besoin de lui. La d\u00e9faite oblige le Bayern \u00e0 m\u00e9diter sur une opportunit\u00e9 manqu\u00e9e et sur une rare absence au tableau de chasse de son attaquant vedette, tandis qu'Augsbourg c\u00e9l\u00e8bre une c\u00e9l\u00e8bre victoire 1-0.<\/p>","protected":false},"excerpt":{"rendered":"<p>Harry Kane endured a frustrating afternoon as Bayern Munich were shocked 1-0 by Augsburg, with the England captain unable to [&hellip;]<\/p>\n","protected":false},"author":3,"featured_media":7634,"comment_status":"","ping_status":"open","sticky":false,"template":"","format":"standard","meta":{"googlesitekit_rrm_CAow_uzEDA:productID":"","site-sidebar-layout":"default","site-content-layout":"","ast-site-content-layout":"default","site-content-style":"default","site-sidebar-style":"default","ast-global-header-display":"","ast-banner-title-visibility":"","ast-main-header-display":"","ast-hfb-above-header-display":"","ast-hfb-below-header-display":"","ast-hfb-mobile-header-display":"","site-post-title":"","ast-breadcrumbs-content":"","ast-featured-img":"","footer-sml-layout":"","ast-disable-related-posts":"","theme-transparent-header-meta":"","adv-header-id-meta":"","stick-header-meta":"","header-above-stick-meta":"","header-main-stick-meta":"","header-below-stick-meta":"","astra-migrate-meta-layouts":"default","ast-page-background-enabled":"default","ast-page-background-meta":{"desktop":{"background-color":"var(--ast-global-color-5)","background-image":"","background-repeat":"repeat","background-position":"center center","background-size":"auto","background-attachment":"scroll","background-type":"","background-media":"","overlay-type":"","overlay-color":"","overlay-opacity":"","overlay-gradient":""},"tablet":{"background-color":"","background-image":"","background-repeat":"repeat","background-position":"center center","background-size":"auto","background-attachment":"scroll","background-type":"","background-media":"","overlay-type":"","overlay-color":"","overlay-opacity":"","overlay-gradient":""},"mobile":{"background-color":"","background-image":"","background-repeat":"repeat","background-position":"center center","background-size":"auto","background-attachment":"scroll","background-type":"","background-media":"","overlay-type":"","overlay-color":"","overlay-opacity":"","overlay-gradient":""}},"ast-content-background-meta":{"desktop":{"background-color":"var(--ast-global-color-4)","background-image":"","background-repeat":"repeat","background-position":"center center","background-size":"auto","background-attachment":"scroll","background-type":"","background-media":"","overlay-type":"","overlay-color":"","overlay-opacity":"","overlay-gradient":""},"tablet":{"background-color":"var(--ast-global-color-4)","background-image":"","background-repeat":"repeat","background-position":"center center","background-size":"auto","background-attachment":"scroll","background-type":"","background-media":"","overlay-type":"","overlay-color":"","overlay-opacity":"","overlay-gradient":""},"mobile":{"background-color":"var(--ast-global-color-4)","background-image":"","background-repeat":"repeat","background-position":"center center","background-size":"auto","background-attachment":"scroll","background-type":"","background-media":"","overlay-type":"","overlay-color":"","overlay-opacity":"","overlay-gradient":""}},"footnotes":""},"categories":[20,1],"tags":[],"class_list":["post-7635","post","type-post","status-publish","format-standard","has-post-thumbnail","hentry","category-international","category-football-latest-news"],"yoast_head":"<!-- This site is optimized with the Yoast SEO Premium plugin v26.6 (Yoast SEO v27.4) - https:\/\/yoast.com\/product\/yoast-seo-premium-wordpress\/ -->\n<title>Harry Kane blanks as Bayern Munich stunned by Augsburg - Bladna News<\/title>\n<meta name=\"robots\" content=\"index, follow, max-snippet:-1, max-image-preview:large, max-video-preview:-1\" \/>\n<link rel=\"canonical\" href=\"https:\/\/bladnanews.com\/fr\/harry-kane-reste-muet-tandis-que-le-bayern-munich-est-stupefait-par-augsbourg\/\" \/>\n<meta property=\"og:locale\" content=\"fr_FR\" \/>\n<meta property=\"og:type\" content=\"article\" \/>\n<meta property=\"og:title\" content=\"Harry Kane blanks as Bayern Munich stunned by Augsburg\" \/>\n<meta property=\"og:description\" content=\"Harry Kane endured a frustrating afternoon as Bayern Munich were shocked 1-0 by Augsburg, with the England captain unable to [&hellip;]\" \/>\n<meta property=\"og:url\" content=\"https:\/\/bladnanews.com\/fr\/harry-kane-reste-muet-tandis-que-le-bayern-munich-est-stupefait-par-augsbourg\/\" \/>\n<meta property=\"og:site_name\" content=\"Bladna News\" \/>\n<meta property=\"article:published_time\" content=\"2026-01-24T16:34:33+00:00\" \/>\n<meta property=\"og:image\" content=\"https:\/\/bladnanews.com\/wp-content\/uploads\/2025\/12\/freepik__bladna-newscom-moroccan-soccer-homepage-banner-mor__41838.png\" \/>\n\t<meta property=\"og:image:width\" content=\"1312\" \/>\n\t<meta property=\"og:image:height\" content=\"736\" \/>\n\t<meta property=\"og:image:type\" content=\"image\/png\" \/>\n<meta name=\"author\" content=\"Bladna News Staff\" \/>\n<meta name=\"twitter:card\" content=\"summary_large_image\" \/>\n<meta name=\"twitter:label1\" content=\"\u00c9crit par\" \/>\n\t<meta name=\"twitter:data1\" content=\"Bladna News Staff\" \/>\n\t<meta name=\"twitter:label2\" content=\"Dur\u00e9e de lecture estim\u00e9e\" \/>\n\t<meta name=\"twitter:data2\" content=\"1 minute\" \/>\n<script type=\"application\/ld+json\" class=\"yoast-schema-graph\">{\"@context\":\"https:\\\/\\\/schema.org\",\"@graph\":[{\"@type\":\"Article\",\"@id\":\"https:\\\/\\\/bladnanews.com\\\/harry-kane-blanks-as-bayern-munich-stunned-by-augsburg\\\/#article\",\"isPartOf\":{\"@id\":\"https:\\\/\\\/bladnanews.com\\\/harry-kane-blanks-as-bayern-munich-stunned-by-augsburg\\\/\"},\"author\":{\"name\":\"Bladna News Staff\",\"@id\":\"https:\\\/\\\/mediumseagreen-eel-531711.hostingersite.com\\\/#\\\/schema\\\/person\\\/268e18a453ab080ebf76df6ef7845083\"},\"headline\":\"Harry Kane blanks as Bayern Munich stunned by Augsburg\",\"datePublished\":\"2026-01-24T16:34:33+00:00\",\"mainEntityOfPage\":{\"@id\":\"https:\\\/\\\/bladnanews.com\\\/harry-kane-blanks-as-bayern-munich-stunned-by-augsburg\\\/\"},\"wordCount\":227,\"publisher\":{\"@id\":\"https:\\\/\\\/mediumseagreen-eel-531711.hostingersite.com\\\/#organization\"},\"image\":{\"@id\":\"https:\\\/\\\/bladnanews.com\\\/harry-kane-blanks-as-bayern-munich-stunned-by-augsburg\\\/#primaryimage\"},\"thumbnailUrl\":\"https:\\\/\\\/bladnanews.com\\\/wp-content\\\/uploads\\\/2026\\\/01\\\/BladnaNews-Harry-Kane-blanks-as-Bayern-Munich-stunned-by-Augsburg-2026-01-25T091051.637Z.jpg\",\"articleSection\":[\"International\",\"Latest News\"],\"inLanguage\":\"fr-FR\",\"copyrightYear\":\"2026\",\"copyrightHolder\":{\"@id\":\"https:\\\/\\\/bladnanews.com\\\/fr\\\/#organization\"}},{\"@type\":\"WebPage\",\"@id\":\"https:\\\/\\\/bladnanews.com\\\/harry-kane-blanks-as-bayern-munich-stunned-by-augsburg\\\/\",\"url\":\"https:\\\/\\\/bladnanews.com\\\/harry-kane-blanks-as-bayern-munich-stunned-by-augsburg\\\/\",\"name\":\"Harry Kane blanks as Bayern Munich stunned by Augsburg - Bladna News\",\"isPartOf\":{\"@id\":\"https:\\\/\\\/mediumseagreen-eel-531711.hostingersite.com\\\/#website\"},\"primaryImageOfPage\":{\"@id\":\"https:\\\/\\\/bladnanews.com\\\/harry-kane-blanks-as-bayern-munich-stunned-by-augsburg\\\/#primaryimage\"},\"image\":{\"@id\":\"https:\\\/\\\/bladnanews.com\\\/harry-kane-blanks-as-bayern-munich-stunned-by-augsburg\\\/#primaryimage\"},\"thumbnailUrl\":\"https:\\\/\\\/bladnanews.com\\\/wp-content\\\/uploads\\\/2026\\\/01\\\/BladnaNews-Harry-Kane-blanks-as-Bayern-Munich-stunned-by-Augsburg-2026-01-25T091051.637Z.jpg\",\"datePublished\":\"2026-01-24T16:34:33+00:00\",\"breadcrumb\":{\"@id\":\"https:\\\/\\\/bladnanews.com\\\/harry-kane-blanks-as-bayern-munich-stunned-by-augsburg\\\/#breadcrumb\"},\"inLanguage\":\"fr-FR\",\"potentialAction\":[{\"@type\":\"ReadAction\",\"target\":[\"https:\\\/\\\/bladnanews.com\\\/harry-kane-blanks-as-bayern-munich-stunned-by-augsburg\\\/\"]}]},{\"@type\":\"ImageObject\",\"inLanguage\":\"fr-FR\",\"@id\":\"https:\\\/\\\/bladnanews.com\\\/harry-kane-blanks-as-bayern-munich-stunned-by-augsburg\\\/#primaryimage\",\"url\":\"https:\\\/\\\/bladnanews.com\\\/wp-content\\\/uploads\\\/2026\\\/01\\\/BladnaNews-Harry-Kane-blanks-as-Bayern-Munich-stunned-by-Augsburg-2026-01-25T091051.637Z.jpg\",\"contentUrl\":\"https:\\\/\\\/bladnanews.com\\\/wp-content\\\/uploads\\\/2026\\\/01\\\/BladnaNews-Harry-Kane-blanks-as-Bayern-Munich-stunned-by-Augsburg-2026-01-25T091051.637Z.jpg\",\"width\":1920,\"height\":1080,\"caption\":\"Harry Kane in Bayern Munich's red kit, engaged in play, with scenes of intense match action against Augsburg, showcasing vibrant stadium energy.\"},{\"@type\":\"BreadcrumbList\",\"@id\":\"https:\\\/\\\/bladnanews.com\\\/harry-kane-blanks-as-bayern-munich-stunned-by-augsburg\\\/#breadcrumb\",\"itemListElement\":[{\"@type\":\"ListItem\",\"position\":1,\"name\":\"Home\",\"item\":\"https:\\\/\\\/bladnanews.com\\\/\"},{\"@type\":\"ListItem\",\"position\":2,\"name\":\"Harry Kane blanks as Bayern Munich stunned by Augsburg\"}]},{\"@type\":\"WebSite\",\"@id\":\"https:\\\/\\\/mediumseagreen-eel-531711.hostingersite.com\\\/#website\",\"url\":\"https:\\\/\\\/mediumseagreen-eel-531711.hostingersite.com\\\/\",\"name\":\"Bladna News - Morocco\",\"description\":\"Where Moroccan Football Meets the World\",\"publisher\":{\"@id\":\"https:\\\/\\\/mediumseagreen-eel-531711.hostingersite.com\\\/#organization\"},\"potentialAction\":[{\"@type\":\"SearchAction\",\"target\":{\"@type\":\"EntryPoint\",\"urlTemplate\":\"https:\\\/\\\/mediumseagreen-eel-531711.hostingersite.com\\\/?s={search_term_string}\"},\"query-input\":{\"@type\":\"PropertyValueSpecification\",\"valueRequired\":true,\"valueName\":\"search_term_string\"}}],\"inLanguage\":\"fr-FR\"},{\"@type\":\"Organization\",\"@id\":\"https:\\\/\\\/mediumseagreen-eel-531711.hostingersite.com\\\/#organization\",\"name\":\"Bladna News.com\",\"url\":\"https:\\\/\\\/mediumseagreen-eel-531711.hostingersite.com\\\/\",\"logo\":{\"@type\":\"ImageObject\",\"inLanguage\":\"fr-FR\",\"@id\":\"https:\\\/\\\/mediumseagreen-eel-531711.hostingersite.com\\\/#\\\/schema\\\/logo\\\/image\\\/\",\"url\":\"https:\\\/\\\/bladnanews.com\\\/wp-content\\\/uploads\\\/2025\\\/12\\\/logo-bladnanews-V2-web-black-red.png\",\"contentUrl\":\"https:\\\/\\\/bladnanews.com\\\/wp-content\\\/uploads\\\/2025\\\/12\\\/logo-bladnanews-V2-web-black-red.png\",\"width\":703,\"height\":287,\"caption\":\"Bladna News.com\"},\"image\":{\"@id\":\"https:\\\/\\\/mediumseagreen-eel-531711.hostingersite.com\\\/#\\\/schema\\\/logo\\\/image\\\/\"},\"email\":\"info@bladnanews.com\",\"legalName\":\"Bladna News\"},{\"@type\":\"Person\",\"@id\":\"https:\\\/\\\/mediumseagreen-eel-531711.hostingersite.com\\\/#\\\/schema\\\/person\\\/268e18a453ab080ebf76df6ef7845083\",\"name\":\"Bladna News Staff\",\"url\":\"https:\\\/\\\/bladnanews.com\\\/fr\\\/author\\\/bladna-news-staff\\\/\"}]}<\/script>\n<!-- \/ Yoast SEO Premium plugin. -->","yoast_head_json":{"title":"Harry Kane muet alors que le Bayern Munich est stup\u00e9fait par Augsbourg - Bladna News","robots":{"index":"index","follow":"follow","max-snippet":"max-snippet:-1","max-image-preview":"max-image-preview:large","max-video-preview":"max-video-preview:-1"},"canonical":"https:\/\/bladnanews.com\/fr\/harry-kane-reste-muet-tandis-que-le-bayern-munich-est-stupefait-par-augsbourg\/","og_locale":"fr_FR","og_type":"article","og_title":"Harry Kane blanks as Bayern Munich stunned by Augsburg","og_description":"Harry Kane endured a frustrating afternoon as Bayern Munich were shocked 1-0 by Augsburg, with the England captain unable to [&hellip;]","og_url":"https:\/\/bladnanews.com\/fr\/harry-kane-reste-muet-tandis-que-le-bayern-munich-est-stupefait-par-augsbourg\/","og_site_name":"Bladna News","article_published_time":"2026-01-24T16:34:33+00:00","og_image":[{"width":1312,"height":736,"url":"https:\/\/bladnanews.com\/wp-content\/uploads\/2025\/12\/freepik__bladna-newscom-moroccan-soccer-homepage-banner-mor__41838.png","type":"image\/png"}],"author":"Bladna News Staff","twitter_card":"summary_large_image","twitter_misc":{"\u00c9crit par":"Bladna News Staff","Dur\u00e9e de lecture estim\u00e9e":"1 minute"},"schema":{"@context":"https:\/\/schema.org","@graph":[{"@type":"Article","@id":"https:\/\/bladnanews.com\/harry-kane-blanks-as-bayern-munich-stunned-by-augsburg\/#article","isPartOf":{"@id":"https:\/\/bladnanews.com\/harry-kane-blanks-as-bayern-munich-stunned-by-augsburg\/"},"author":{"name":"Bladna News Staff","@id":"https:\/\/mediumseagreen-eel-531711.hostingersite.com\/#\/schema\/person\/268e18a453ab080ebf76df6ef7845083"},"headline":"Harry Kane blanks as Bayern Munich stunned by Augsburg","datePublished":"2026-01-24T16:34:33+00:00","mainEntityOfPage":{"@id":"https:\/\/bladnanews.com\/harry-kane-blanks-as-bayern-munich-stunned-by-augsburg\/"},"wordCount":227,"publisher":{"@id":"https:\/\/mediumseagreen-eel-531711.hostingersite.com\/#organization"},"image":{"@id":"https:\/\/bladnanews.com\/harry-kane-blanks-as-bayern-munich-stunned-by-augsburg\/#primaryimage"},"thumbnailUrl":"https:\/\/bladnanews.com\/wp-content\/uploads\/2026\/01\/BladnaNews-Harry-Kane-blanks-as-Bayern-Munich-stunned-by-Augsburg-2026-01-25T091051.637Z.jpg","articleSection":["International","Latest News"],"inLanguage":"fr-FR","copyrightYear":"2026","copyrightHolder":{"@id":"https:\/\/bladnanews.com\/fr\/#organization"}},{"@type":"WebPage","@id":"https:\/\/bladnanews.com\/harry-kane-blanks-as-bayern-munich-stunned-by-augsburg\/","url":"https:\/\/bladnanews.com\/harry-kane-blanks-as-bayern-munich-stunned-by-augsburg\/","name":"Harry Kane muet alors que le Bayern Munich est stup\u00e9fait par Augsbourg - Bladna News","isPartOf":{"@id":"https:\/\/mediumseagreen-eel-531711.hostingersite.com\/#website"},"primaryImageOfPage":{"@id":"https:\/\/bladnanews.com\/harry-kane-blanks-as-bayern-munich-stunned-by-augsburg\/#primaryimage"},"image":{"@id":"https:\/\/bladnanews.com\/harry-kane-blanks-as-bayern-munich-stunned-by-augsburg\/#primaryimage"},"thumbnailUrl":"https:\/\/bladnanews.com\/wp-content\/uploads\/2026\/01\/BladnaNews-Harry-Kane-blanks-as-Bayern-Munich-stunned-by-Augsburg-2026-01-25T091051.637Z.jpg","datePublished":"2026-01-24T16:34:33+00:00","breadcrumb":{"@id":"https:\/\/bladnanews.com\/harry-kane-blanks-as-bayern-munich-stunned-by-augsburg\/#breadcrumb"},"inLanguage":"fr-FR","potentialAction":[{"@type":"ReadAction","target":["https:\/\/bladnanews.com\/harry-kane-blanks-as-bayern-munich-stunned-by-augsburg\/"]}]},{"@type":"ImageObject","inLanguage":"fr-FR","@id":"https:\/\/bladnanews.com\/harry-kane-blanks-as-bayern-munich-stunned-by-augsburg\/#primaryimage","url":"https:\/\/bladnanews.com\/wp-content\/uploads\/2026\/01\/BladnaNews-Harry-Kane-blanks-as-Bayern-Munich-stunned-by-Augsburg-2026-01-25T091051.637Z.jpg","contentUrl":"https:\/\/bladnanews.com\/wp-content\/uploads\/2026\/01\/BladnaNews-Harry-Kane-blanks-as-Bayern-Munich-stunned-by-Augsburg-2026-01-25T091051.637Z.jpg","width":1920,"height":1080,"caption":"Harry Kane in Bayern Munich's red kit, engaged in play, with scenes of intense match action against Augsburg, showcasing vibrant stadium energy."},{"@type":"BreadcrumbList","@id":"https:\/\/bladnanews.com\/harry-kane-blanks-as-bayern-munich-stunned-by-augsburg\/#breadcrumb","itemListElement":[{"@type":"ListItem","position":1,"name":"Home","item":"https:\/\/bladnanews.com\/"},{"@type":"ListItem","position":2,"name":"Harry Kane blanks as Bayern Munich stunned by Augsburg"}]},{"@type":"WebSite","@id":"https:\/\/mediumseagreen-eel-531711.hostingersite.com\/#website","url":"https:\/\/mediumseagreen-eel-531711.hostingersite.com\/","name":"Bladna News - Maroc","description":"Quand le football marocain rencontre le monde","publisher":{"@id":"https:\/\/mediumseagreen-eel-531711.hostingersite.com\/#organization"},"potentialAction":[{"@type":"SearchAction","target":{"@type":"EntryPoint","urlTemplate":"https:\/\/mediumseagreen-eel-531711.hostingersite.com\/?s={search_term_string}"},"query-input":{"@type":"PropertyValueSpecification","valueRequired":true,"valueName":"search_term_string"}}],"inLanguage":"fr-FR"},{"@type":"Organization","@id":"https:\/\/mediumseagreen-eel-531711.hostingersite.com\/#organization","name":"Bladna News.com","url":"https:\/\/mediumseagreen-eel-531711.hostingersite.com\/","logo":{"@type":"ImageObject","inLanguage":"fr-FR","@id":"https:\/\/mediumseagreen-eel-531711.hostingersite.com\/#\/schema\/logo\/image\/","url":"https:\/\/bladnanews.com\/wp-content\/uploads\/2025\/12\/logo-bladnanews-V2-web-black-red.png","contentUrl":"https:\/\/bladnanews.com\/wp-content\/uploads\/2025\/12\/logo-bladnanews-V2-web-black-red.png","width":703,"height":287,"caption":"Bladna News.com"},"image":{"@id":"https:\/\/mediumseagreen-eel-531711.hostingersite.com\/#\/schema\/logo\/image\/"},"email":"info@bladnanews.com","legalName":"Bladna News"},{"@type":"Person","@id":"https:\/\/mediumseagreen-eel-531711.hostingersite.com\/#\/schema\/person\/268e18a453ab080ebf76df6ef7845083","name":"\u00c9quipe r\u00e9dactionnelle de Bladna News","url":"https:\/\/bladnanews.com\/fr\/author\/bladna-news-staff\/"}]}},"_links":{"self":[{"href":"https:\/\/bladnanews.com\/fr\/wp-json\/wp\/v2\/posts\/7635","targetHints":{"allow":["GET"]}}],"collection":[{"href":"https:\/\/bladnanews.com\/fr\/wp-json\/wp\/v2\/posts"}],"about":[{"href":"https:\/\/bladnanews.com\/fr\/wp-json\/wp\/v2\/types\/post"}],"author":[{"embeddable":true,"href":"https:\/\/bladnanews.com\/fr\/wp-json\/wp\/v2\/users\/3"}],"replies":[{"embeddable":true,"href":"https:\/\/bladnanews.com\/fr\/wp-json\/wp\/v2\/comments?post=7635"}],"version-history":[{"count":0,"href":"https:\/\/bladnanews.com\/fr\/wp-json\/wp\/v2\/posts\/7635\/revisions"}],"wp:featuredmedia":[{"embeddable":true,"href":"https:\/\/bladnanews.com\/fr\/wp-json\/wp\/v2\/media\/7634"}],"wp:attachment":[{"href":"https:\/\/bladnanews.com\/fr\/wp-json\/wp\/v2\/media?parent=7635"}],"wp:term":[{"taxonomy":"category","embeddable":true,"href":"https:\/\/bladnanews.com\/fr\/wp-json\/wp\/v2\/categories?post=7635"},{"taxonomy":"post_tag","embeddable":true,"href":"https:\/\/bladnanews.com\/fr\/wp-json\/wp\/v2\/tags?post=7635"}],"curies":[{"name":"wp","href":"https:\/\/api.w.org\/{rel}","templated":true}]}}