{"id":7705,"date":"2026-01-25T09:45:41","date_gmt":"2026-01-25T09:45:41","guid":{"rendered":"https:\/\/bladnanews.com\/mbappe-dedicates-panenka-to-brahim-diaz-in-real-win\/"},"modified":"2026-01-25T09:45:41","modified_gmt":"2026-01-25T09:45:41","slug":"mbappe-dedie-un-panenka-a-brahim-diaz-dans-la-victoire-du-real","status":"publish","type":"post","link":"https:\/\/bladnanews.com\/fr\/mbappe-dedie-un-panenka-a-brahim-diaz-dans-la-victoire-du-real\/","title":{"rendered":"Mbapp\u00e9 d\u00e9die un Panenka \u00e0 Brahim Diaz dans la victoire du Real."},"content":{"rendered":"<p>Kylian Mbapp\u00e9 a marqu\u00e9 son Panenka r\u00e9ussi pour le Real Madrid contre Villarreal avec un message clair \u00e0 Brahim D\u00edaz, d\u00e9diant ce penalty \u00e0 son co\u00e9quipier apr\u00e8s que l'international marocain est devenu un sujet de discussion \u00e0 la Coupe d'Afrique des Nations.<\/p>\n<p>Le Real Madrid s'est d\u00e9plac\u00e9 \u00e0 Villarreal et en est reparti avec une victoire, Mbapp\u00e9 figurant parmi les buteurs. Le capitaine fran\u00e7ais a transform\u00e9 un penalty d'un Panenka serein, et sa c\u00e9l\u00e9bration a rapidement attir\u00e9 l'attention lorsqu'il a point\u00e9 D\u00edaz du doigt, un geste soulignant leur lien \u00e9troit au sein de l'effectif.<\/p>\n<p>Cette d\u00e9dicace est intervenue apr\u00e8s que D\u00edaz a \u00e9t\u00e9 d\u00e9peint en \u201cm\u00e9chant\u201d de la CAN suite \u00e0 la controverse autour de son changement de nationalit\u00e9 sportive et de son r\u00f4le pour le Maroc dans le tournoi. Mbapp\u00e9 a clairement montr\u00e9 qu'il soutenait son coll\u00e8gue du Real Madrid, utilisant le moment de son but sur penalty pour afficher son soutien devant les cam\u00e9ras.<\/p>\n<p>Apr\u00e8s le match, Mbapp\u00e9 a expliqu\u00e9 sa c\u00e9l\u00e9bration et confirm\u00e9 qu'elle visait D\u00edaz, d\u00e9clarant qu'il avait voulu lui d\u00e9dier ce penalty. Ce fut une r\u00e9ponse discr\u00e8te mais cibl\u00e9e au bruit m\u00e9diatique entourant D\u00edaz pendant la CAN, ajoutant une dimension personnelle \u00e0 la victoire du Real Madrid \u00e0 Villarreal.<\/p>\n<p>Le Real poursuit d\u00e9sormais sa route avec du momentum, tandis que le geste de Mbapp\u00e9 a assur\u00e9 que cette soir\u00e9e portait plus que le simple r\u00e9sultat, offrant une d\u00e9monstration publique de solidarit\u00e9 envers D\u00edaz au milieu des critiques qui l'ont suivi pendant le tournoi international.<\/p>","protected":false},"excerpt":{"rendered":"<p>Kylian Mbappe marked his successful Panenka for Real Madrid against Villarreal with a clear message to Brahim Diaz, dedicating the [&hellip;]<\/p>\n","protected":false},"author":3,"featured_media":7704,"comment_status":"","ping_status":"open","sticky":false,"template":"","format":"standard","meta":{"googlesitekit_rrm_CAow_uzEDA:productID":"","site-sidebar-layout":"default","site-content-layout":"","ast-site-content-layout":"default","site-content-style":"default","site-sidebar-style":"default","ast-global-header-display":"","ast-banner-title-visibility":"","ast-main-header-display":"","ast-hfb-above-header-display":"","ast-hfb-below-header-display":"","ast-hfb-mobile-header-display":"","site-post-title":"","ast-breadcrumbs-content":"","ast-featured-img":"","footer-sml-layout":"","ast-disable-related-posts":"","theme-transparent-header-meta":"","adv-header-id-meta":"","stick-header-meta":"","header-above-stick-meta":"","header-main-stick-meta":"","header-below-stick-meta":"","astra-migrate-meta-layouts":"default","ast-page-background-enabled":"default","ast-page-background-meta":{"desktop":{"background-color":"var(--ast-global-color-5)","background-image":"","background-repeat":"repeat","background-position":"center center","background-size":"auto","background-attachment":"scroll","background-type":"","background-media":"","overlay-type":"","overlay-color":"","overlay-opacity":"","overlay-gradient":""},"tablet":{"background-color":"","background-image":"","background-repeat":"repeat","background-position":"center center","background-size":"auto","background-attachment":"scroll","background-type":"","background-media":"","overlay-type":"","overlay-color":"","overlay-opacity":"","overlay-gradient":""},"mobile":{"background-color":"","background-image":"","background-repeat":"repeat","background-position":"center center","background-size":"auto","background-attachment":"scroll","background-type":"","background-media":"","overlay-type":"","overlay-color":"","overlay-opacity":"","overlay-gradient":""}},"ast-content-background-meta":{"desktop":{"background-color":"var(--ast-global-color-4)","background-image":"","background-repeat":"repeat","background-position":"center center","background-size":"auto","background-attachment":"scroll","background-type":"","background-media":"","overlay-type":"","overlay-color":"","overlay-opacity":"","overlay-gradient":""},"tablet":{"background-color":"var(--ast-global-color-4)","background-image":"","background-repeat":"repeat","background-position":"center center","background-size":"auto","background-attachment":"scroll","background-type":"","background-media":"","overlay-type":"","overlay-color":"","overlay-opacity":"","overlay-gradient":""},"mobile":{"background-color":"var(--ast-global-color-4)","background-image":"","background-repeat":"repeat","background-position":"center center","background-size":"auto","background-attachment":"scroll","background-type":"","background-media":"","overlay-type":"","overlay-color":"","overlay-opacity":"","overlay-gradient":""}},"footnotes":""},"categories":[20,1],"tags":[],"class_list":["post-7705","post","type-post","status-publish","format-standard","has-post-thumbnail","hentry","category-international","category-football-latest-news"],"yoast_head":"<!-- This site is optimized with the Yoast SEO Premium plugin v26.6 (Yoast SEO v27.4) - https:\/\/yoast.com\/product\/yoast-seo-premium-wordpress\/ -->\n<title>Mbappe dedicates Panenka to Brahim Diaz in Real win - Bladna News<\/title>\n<meta name=\"robots\" content=\"index, follow, max-snippet:-1, max-image-preview:large, max-video-preview:-1\" \/>\n<link rel=\"canonical\" href=\"https:\/\/bladnanews.com\/fr\/mbappe-dedie-un-panenka-a-brahim-diaz-dans-la-victoire-du-real\/\" \/>\n<meta property=\"og:locale\" content=\"fr_FR\" \/>\n<meta property=\"og:type\" content=\"article\" \/>\n<meta property=\"og:title\" content=\"Mbappe dedicates Panenka to Brahim Diaz in Real win\" \/>\n<meta property=\"og:description\" content=\"Kylian Mbappe marked his successful Panenka for Real Madrid against Villarreal with a clear message to Brahim Diaz, dedicating the [&hellip;]\" \/>\n<meta property=\"og:url\" content=\"https:\/\/bladnanews.com\/fr\/mbappe-dedie-un-panenka-a-brahim-diaz-dans-la-victoire-du-real\/\" \/>\n<meta property=\"og:site_name\" content=\"Bladna News\" \/>\n<meta property=\"article:published_time\" content=\"2026-01-25T09:45:41+00:00\" \/>\n<meta property=\"og:image\" content=\"https:\/\/bladnanews.com\/wp-content\/uploads\/2025\/12\/freepik__bladna-newscom-moroccan-soccer-homepage-banner-mor__41838.png\" \/>\n\t<meta property=\"og:image:width\" content=\"1312\" \/>\n\t<meta property=\"og:image:height\" content=\"736\" \/>\n\t<meta property=\"og:image:type\" content=\"image\/png\" \/>\n<meta name=\"author\" content=\"Bladna News Staff\" \/>\n<meta name=\"twitter:card\" content=\"summary_large_image\" \/>\n<meta name=\"twitter:label1\" content=\"\u00c9crit par\" \/>\n\t<meta name=\"twitter:data1\" content=\"Bladna News Staff\" \/>\n\t<meta name=\"twitter:label2\" content=\"Dur\u00e9e de lecture estim\u00e9e\" \/>\n\t<meta name=\"twitter:data2\" content=\"1 minute\" \/>\n<script type=\"application\/ld+json\" class=\"yoast-schema-graph\">{\"@context\":\"https:\\\/\\\/schema.org\",\"@graph\":[{\"@type\":\"Article\",\"@id\":\"https:\\\/\\\/bladnanews.com\\\/mbappe-dedicates-panenka-to-brahim-diaz-in-real-win\\\/#article\",\"isPartOf\":{\"@id\":\"https:\\\/\\\/bladnanews.com\\\/mbappe-dedicates-panenka-to-brahim-diaz-in-real-win\\\/\"},\"author\":{\"name\":\"Bladna News Staff\",\"@id\":\"https:\\\/\\\/mediumseagreen-eel-531711.hostingersite.com\\\/#\\\/schema\\\/person\\\/268e18a453ab080ebf76df6ef7845083\"},\"headline\":\"Mbappe dedicates Panenka to Brahim Diaz in Real win\",\"datePublished\":\"2026-01-25T09:45:41+00:00\",\"mainEntityOfPage\":{\"@id\":\"https:\\\/\\\/bladnanews.com\\\/mbappe-dedicates-panenka-to-brahim-diaz-in-real-win\\\/\"},\"wordCount\":235,\"publisher\":{\"@id\":\"https:\\\/\\\/mediumseagreen-eel-531711.hostingersite.com\\\/#organization\"},\"image\":{\"@id\":\"https:\\\/\\\/bladnanews.com\\\/mbappe-dedicates-panenka-to-brahim-diaz-in-real-win\\\/#primaryimage\"},\"thumbnailUrl\":\"https:\\\/\\\/bladnanews.com\\\/wp-content\\\/uploads\\\/2026\\\/01\\\/BladnaNews-Mbappe-dedicates-Panenka-to-Brahim-Diaz-in-Real-win-2026-01-25T211001.507Z.jpg\",\"articleSection\":[\"International\",\"Latest News\"],\"inLanguage\":\"fr-FR\",\"copyrightYear\":\"2026\",\"copyrightHolder\":{\"@id\":\"https:\\\/\\\/bladnanews.com\\\/fr\\\/#organization\"}},{\"@type\":\"WebPage\",\"@id\":\"https:\\\/\\\/bladnanews.com\\\/mbappe-dedicates-panenka-to-brahim-diaz-in-real-win\\\/\",\"url\":\"https:\\\/\\\/bladnanews.com\\\/mbappe-dedicates-panenka-to-brahim-diaz-in-real-win\\\/\",\"name\":\"Mbappe dedicates Panenka to Brahim Diaz in Real win - Bladna News\",\"isPartOf\":{\"@id\":\"https:\\\/\\\/mediumseagreen-eel-531711.hostingersite.com\\\/#website\"},\"primaryImageOfPage\":{\"@id\":\"https:\\\/\\\/bladnanews.com\\\/mbappe-dedicates-panenka-to-brahim-diaz-in-real-win\\\/#primaryimage\"},\"image\":{\"@id\":\"https:\\\/\\\/bladnanews.com\\\/mbappe-dedicates-panenka-to-brahim-diaz-in-real-win\\\/#primaryimage\"},\"thumbnailUrl\":\"https:\\\/\\\/bladnanews.com\\\/wp-content\\\/uploads\\\/2026\\\/01\\\/BladnaNews-Mbappe-dedicates-Panenka-to-Brahim-Diaz-in-Real-win-2026-01-25T211001.507Z.jpg\",\"datePublished\":\"2026-01-25T09:45:41+00:00\",\"breadcrumb\":{\"@id\":\"https:\\\/\\\/bladnanews.com\\\/mbappe-dedicates-panenka-to-brahim-diaz-in-real-win\\\/#breadcrumb\"},\"inLanguage\":\"fr-FR\",\"potentialAction\":[{\"@type\":\"ReadAction\",\"target\":[\"https:\\\/\\\/bladnanews.com\\\/mbappe-dedicates-panenka-to-brahim-diaz-in-real-win\\\/\"]}]},{\"@type\":\"ImageObject\",\"inLanguage\":\"fr-FR\",\"@id\":\"https:\\\/\\\/bladnanews.com\\\/mbappe-dedicates-panenka-to-brahim-diaz-in-real-win\\\/#primaryimage\",\"url\":\"https:\\\/\\\/bladnanews.com\\\/wp-content\\\/uploads\\\/2026\\\/01\\\/BladnaNews-Mbappe-dedicates-Panenka-to-Brahim-Diaz-in-Real-win-2026-01-25T211001.507Z.jpg\",\"contentUrl\":\"https:\\\/\\\/bladnanews.com\\\/wp-content\\\/uploads\\\/2026\\\/01\\\/BladnaNews-Mbappe-dedicates-Panenka-to-Brahim-Diaz-in-Real-win-2026-01-25T211001.507Z.jpg\",\"width\":2032,\"height\":1143,\"caption\":\"Brahim Diaz and Kylian Mbapp\u00e9 celebrate a goal together, wearing their white Real Madrid kits, showcasing joy on the pitch.\"},{\"@type\":\"BreadcrumbList\",\"@id\":\"https:\\\/\\\/bladnanews.com\\\/mbappe-dedicates-panenka-to-brahim-diaz-in-real-win\\\/#breadcrumb\",\"itemListElement\":[{\"@type\":\"ListItem\",\"position\":1,\"name\":\"Home\",\"item\":\"https:\\\/\\\/bladnanews.com\\\/\"},{\"@type\":\"ListItem\",\"position\":2,\"name\":\"Mbappe dedicates Panenka to Brahim Diaz in Real win\"}]},{\"@type\":\"WebSite\",\"@id\":\"https:\\\/\\\/mediumseagreen-eel-531711.hostingersite.com\\\/#website\",\"url\":\"https:\\\/\\\/mediumseagreen-eel-531711.hostingersite.com\\\/\",\"name\":\"Bladna News - Morocco\",\"description\":\"Where Moroccan Football Meets the World\",\"publisher\":{\"@id\":\"https:\\\/\\\/mediumseagreen-eel-531711.hostingersite.com\\\/#organization\"},\"potentialAction\":[{\"@type\":\"SearchAction\",\"target\":{\"@type\":\"EntryPoint\",\"urlTemplate\":\"https:\\\/\\\/mediumseagreen-eel-531711.hostingersite.com\\\/?s={search_term_string}\"},\"query-input\":{\"@type\":\"PropertyValueSpecification\",\"valueRequired\":true,\"valueName\":\"search_term_string\"}}],\"inLanguage\":\"fr-FR\"},{\"@type\":\"Organization\",\"@id\":\"https:\\\/\\\/mediumseagreen-eel-531711.hostingersite.com\\\/#organization\",\"name\":\"Bladna News.com\",\"url\":\"https:\\\/\\\/mediumseagreen-eel-531711.hostingersite.com\\\/\",\"logo\":{\"@type\":\"ImageObject\",\"inLanguage\":\"fr-FR\",\"@id\":\"https:\\\/\\\/mediumseagreen-eel-531711.hostingersite.com\\\/#\\\/schema\\\/logo\\\/image\\\/\",\"url\":\"https:\\\/\\\/bladnanews.com\\\/wp-content\\\/uploads\\\/2025\\\/12\\\/logo-bladnanews-V2-web-black-red.png\",\"contentUrl\":\"https:\\\/\\\/bladnanews.com\\\/wp-content\\\/uploads\\\/2025\\\/12\\\/logo-bladnanews-V2-web-black-red.png\",\"width\":703,\"height\":287,\"caption\":\"Bladna News.com\"},\"image\":{\"@id\":\"https:\\\/\\\/mediumseagreen-eel-531711.hostingersite.com\\\/#\\\/schema\\\/logo\\\/image\\\/\"},\"email\":\"info@bladnanews.com\",\"legalName\":\"Bladna News\"},{\"@type\":\"Person\",\"@id\":\"https:\\\/\\\/mediumseagreen-eel-531711.hostingersite.com\\\/#\\\/schema\\\/person\\\/268e18a453ab080ebf76df6ef7845083\",\"name\":\"Bladna News Staff\",\"url\":\"https:\\\/\\\/bladnanews.com\\\/fr\\\/author\\\/bladna-news-staff\\\/\"}]}<\/script>\n<!-- \/ Yoast SEO Premium plugin. -->","yoast_head_json":{"title":"Mbapp\u00e9 d\u00e9die un Panenka \u00e0 Brahim Diaz dans la victoire du Real - Bladna News","robots":{"index":"index","follow":"follow","max-snippet":"max-snippet:-1","max-image-preview":"max-image-preview:large","max-video-preview":"max-video-preview:-1"},"canonical":"https:\/\/bladnanews.com\/fr\/mbappe-dedie-un-panenka-a-brahim-diaz-dans-la-victoire-du-real\/","og_locale":"fr_FR","og_type":"article","og_title":"Mbappe dedicates Panenka to Brahim Diaz in Real win","og_description":"Kylian Mbappe marked his successful Panenka for Real Madrid against Villarreal with a clear message to Brahim Diaz, dedicating the [&hellip;]","og_url":"https:\/\/bladnanews.com\/fr\/mbappe-dedie-un-panenka-a-brahim-diaz-dans-la-victoire-du-real\/","og_site_name":"Bladna News","article_published_time":"2026-01-25T09:45:41+00:00","og_image":[{"width":1312,"height":736,"url":"https:\/\/bladnanews.com\/wp-content\/uploads\/2025\/12\/freepik__bladna-newscom-moroccan-soccer-homepage-banner-mor__41838.png","type":"image\/png"}],"author":"Bladna News Staff","twitter_card":"summary_large_image","twitter_misc":{"\u00c9crit par":"Bladna News Staff","Dur\u00e9e de lecture estim\u00e9e":"1 minute"},"schema":{"@context":"https:\/\/schema.org","@graph":[{"@type":"Article","@id":"https:\/\/bladnanews.com\/mbappe-dedicates-panenka-to-brahim-diaz-in-real-win\/#article","isPartOf":{"@id":"https:\/\/bladnanews.com\/mbappe-dedicates-panenka-to-brahim-diaz-in-real-win\/"},"author":{"name":"Bladna News Staff","@id":"https:\/\/mediumseagreen-eel-531711.hostingersite.com\/#\/schema\/person\/268e18a453ab080ebf76df6ef7845083"},"headline":"Mbappe dedicates Panenka to Brahim Diaz in Real win","datePublished":"2026-01-25T09:45:41+00:00","mainEntityOfPage":{"@id":"https:\/\/bladnanews.com\/mbappe-dedicates-panenka-to-brahim-diaz-in-real-win\/"},"wordCount":235,"publisher":{"@id":"https:\/\/mediumseagreen-eel-531711.hostingersite.com\/#organization"},"image":{"@id":"https:\/\/bladnanews.com\/mbappe-dedicates-panenka-to-brahim-diaz-in-real-win\/#primaryimage"},"thumbnailUrl":"https:\/\/bladnanews.com\/wp-content\/uploads\/2026\/01\/BladnaNews-Mbappe-dedicates-Panenka-to-Brahim-Diaz-in-Real-win-2026-01-25T211001.507Z.jpg","articleSection":["International","Latest News"],"inLanguage":"fr-FR","copyrightYear":"2026","copyrightHolder":{"@id":"https:\/\/bladnanews.com\/fr\/#organization"}},{"@type":"WebPage","@id":"https:\/\/bladnanews.com\/mbappe-dedicates-panenka-to-brahim-diaz-in-real-win\/","url":"https:\/\/bladnanews.com\/mbappe-dedicates-panenka-to-brahim-diaz-in-real-win\/","name":"Mbapp\u00e9 d\u00e9die un Panenka \u00e0 Brahim Diaz dans la victoire du Real - Bladna News","isPartOf":{"@id":"https:\/\/mediumseagreen-eel-531711.hostingersite.com\/#website"},"primaryImageOfPage":{"@id":"https:\/\/bladnanews.com\/mbappe-dedicates-panenka-to-brahim-diaz-in-real-win\/#primaryimage"},"image":{"@id":"https:\/\/bladnanews.com\/mbappe-dedicates-panenka-to-brahim-diaz-in-real-win\/#primaryimage"},"thumbnailUrl":"https:\/\/bladnanews.com\/wp-content\/uploads\/2026\/01\/BladnaNews-Mbappe-dedicates-Panenka-to-Brahim-Diaz-in-Real-win-2026-01-25T211001.507Z.jpg","datePublished":"2026-01-25T09:45:41+00:00","breadcrumb":{"@id":"https:\/\/bladnanews.com\/mbappe-dedicates-panenka-to-brahim-diaz-in-real-win\/#breadcrumb"},"inLanguage":"fr-FR","potentialAction":[{"@type":"ReadAction","target":["https:\/\/bladnanews.com\/mbappe-dedicates-panenka-to-brahim-diaz-in-real-win\/"]}]},{"@type":"ImageObject","inLanguage":"fr-FR","@id":"https:\/\/bladnanews.com\/mbappe-dedicates-panenka-to-brahim-diaz-in-real-win\/#primaryimage","url":"https:\/\/bladnanews.com\/wp-content\/uploads\/2026\/01\/BladnaNews-Mbappe-dedicates-Panenka-to-Brahim-Diaz-in-Real-win-2026-01-25T211001.507Z.jpg","contentUrl":"https:\/\/bladnanews.com\/wp-content\/uploads\/2026\/01\/BladnaNews-Mbappe-dedicates-Panenka-to-Brahim-Diaz-in-Real-win-2026-01-25T211001.507Z.jpg","width":2032,"height":1143,"caption":"Brahim Diaz and Kylian Mbapp\u00e9 celebrate a goal together, wearing their white Real Madrid kits, showcasing joy on the pitch."},{"@type":"BreadcrumbList","@id":"https:\/\/bladnanews.com\/mbappe-dedicates-panenka-to-brahim-diaz-in-real-win\/#breadcrumb","itemListElement":[{"@type":"ListItem","position":1,"name":"Home","item":"https:\/\/bladnanews.com\/"},{"@type":"ListItem","position":2,"name":"Mbappe dedicates Panenka to Brahim Diaz in Real win"}]},{"@type":"WebSite","@id":"https:\/\/mediumseagreen-eel-531711.hostingersite.com\/#website","url":"https:\/\/mediumseagreen-eel-531711.hostingersite.com\/","name":"Bladna News - Maroc","description":"Quand le football marocain rencontre le monde","publisher":{"@id":"https:\/\/mediumseagreen-eel-531711.hostingersite.com\/#organization"},"potentialAction":[{"@type":"SearchAction","target":{"@type":"EntryPoint","urlTemplate":"https:\/\/mediumseagreen-eel-531711.hostingersite.com\/?s={search_term_string}"},"query-input":{"@type":"PropertyValueSpecification","valueRequired":true,"valueName":"search_term_string"}}],"inLanguage":"fr-FR"},{"@type":"Organization","@id":"https:\/\/mediumseagreen-eel-531711.hostingersite.com\/#organization","name":"Bladna News.com","url":"https:\/\/mediumseagreen-eel-531711.hostingersite.com\/","logo":{"@type":"ImageObject","inLanguage":"fr-FR","@id":"https:\/\/mediumseagreen-eel-531711.hostingersite.com\/#\/schema\/logo\/image\/","url":"https:\/\/bladnanews.com\/wp-content\/uploads\/2025\/12\/logo-bladnanews-V2-web-black-red.png","contentUrl":"https:\/\/bladnanews.com\/wp-content\/uploads\/2025\/12\/logo-bladnanews-V2-web-black-red.png","width":703,"height":287,"caption":"Bladna News.com"},"image":{"@id":"https:\/\/mediumseagreen-eel-531711.hostingersite.com\/#\/schema\/logo\/image\/"},"email":"info@bladnanews.com","legalName":"Bladna News"},{"@type":"Person","@id":"https:\/\/mediumseagreen-eel-531711.hostingersite.com\/#\/schema\/person\/268e18a453ab080ebf76df6ef7845083","name":"\u00c9quipe r\u00e9dactionnelle de Bladna News","url":"https:\/\/bladnanews.com\/fr\/author\/bladna-news-staff\/"}]}},"_links":{"self":[{"href":"https:\/\/bladnanews.com\/fr\/wp-json\/wp\/v2\/posts\/7705","targetHints":{"allow":["GET"]}}],"collection":[{"href":"https:\/\/bladnanews.com\/fr\/wp-json\/wp\/v2\/posts"}],"about":[{"href":"https:\/\/bladnanews.com\/fr\/wp-json\/wp\/v2\/types\/post"}],"author":[{"embeddable":true,"href":"https:\/\/bladnanews.com\/fr\/wp-json\/wp\/v2\/users\/3"}],"replies":[{"embeddable":true,"href":"https:\/\/bladnanews.com\/fr\/wp-json\/wp\/v2\/comments?post=7705"}],"version-history":[{"count":0,"href":"https:\/\/bladnanews.com\/fr\/wp-json\/wp\/v2\/posts\/7705\/revisions"}],"wp:featuredmedia":[{"embeddable":true,"href":"https:\/\/bladnanews.com\/fr\/wp-json\/wp\/v2\/media\/7704"}],"wp:attachment":[{"href":"https:\/\/bladnanews.com\/fr\/wp-json\/wp\/v2\/media?parent=7705"}],"wp:term":[{"taxonomy":"category","embeddable":true,"href":"https:\/\/bladnanews.com\/fr\/wp-json\/wp\/v2\/categories?post=7705"},{"taxonomy":"post_tag","embeddable":true,"href":"https:\/\/bladnanews.com\/fr\/wp-json\/wp\/v2\/tags?post=7705"}],"curies":[{"name":"wp","href":"https:\/\/api.w.org\/{rel}","templated":true}]}}