{"id":7709,"date":"2026-01-25T11:43:48","date_gmt":"2026-01-25T11:43:48","guid":{"rendered":"https:\/\/bladnanews.com\/liverpool-make-first-call-to-xabi-alonso-over-head-coach-job\/"},"modified":"2026-01-25T11:43:48","modified_gmt":"2026-01-25T11:43:48","slug":"liverpool-prend-contact-pour-la-premiere-fois-avec-xabi-alonso-concernant-le-poste-dentraineur-principal","status":"publish","type":"post","link":"https:\/\/bladnanews.com\/fr\/liverpool-prend-contact-pour-la-premiere-fois-avec-xabi-alonso-concernant-le-poste-dentraineur-principal\/","title":{"rendered":"Liverpool fait un premier appel \u00e0 Xabi Alonso pour le poste d'entra\u00eeneur principal."},"content":{"rendered":"<p>Liverpool a effectu\u00e9 une premi\u00e8re approche aupr\u00e8s de Xabi Alonso alors que le club intensifie sa recherche d'un nouvel entra\u00eeneur principal, un calendrier pr\u00e9cis \u00e9tant d\u00e9sormais \u00e9tabli pour le d\u00e9part d'Arne Slot.<\/p>\n<p>La hi\u00e9rarchie du club a commenc\u00e9 \u00e0 contacter en coulisses les principaux candidats, et Alonso serait l'un des premiers noms \u00e9voqu\u00e9s dans le cadre de la planification d'un changement au poste d'entra\u00eeneur.<\/p>\n<p>Slot, en poste \u00e0 Anfield, devrait quitter ses fonctions cet \u00e9t\u00e9, Liverpool \u0153uvrant \u00e0 assurer une transition harmonieuse plut\u00f4t qu'une pr\u00e9cipitation de derni\u00e8re minute. L'objectif est d'identifier un successeur suffisamment t\u00f4t, afin de permettre des d\u00e9cisions claires concernant l'effectif et la pr\u00e9-saison.<\/p>\n<p>L'ascension d'Alonso dans le monde de l'encadrement l'a solidement plac\u00e9 sur l'\u00e9cran radar de Liverpool, et l'ancien milieu de terrain des Reds y reste tr\u00e8s estim\u00e9. Le club aurait d\u00e9sormais pass\u00e9 ce premier \u201ccoup de fil\u201d initial tout en \u00e9valuant le paysage et en planifiant ses prochaines \u00e9tapes avant le d\u00e9part de l'entra\u00eeneur n\u00e9erlandais.<\/p>\n<p>La situation reste \u00e9volutive, mais il a \u00e9t\u00e9 r\u00e9v\u00e9l\u00e9 que Liverpool a d\u00e9j\u00e0 commenc\u00e9 \u00e0 \u00e9tablir des contacts directs alors que la planification de l'apr\u00e8s-Slot est en cours.<\/p>","protected":false},"excerpt":{"rendered":"<p>Liverpool have made a first approach to Xabi Alonso as they step up their search for a new head coach, [&hellip;]<\/p>\n","protected":false},"author":3,"featured_media":7708,"comment_status":"","ping_status":"open","sticky":false,"template":"","format":"standard","meta":{"googlesitekit_rrm_CAow_uzEDA:productID":"","site-sidebar-layout":"default","site-content-layout":"","ast-site-content-layout":"default","site-content-style":"default","site-sidebar-style":"default","ast-global-header-display":"","ast-banner-title-visibility":"","ast-main-header-display":"","ast-hfb-above-header-display":"","ast-hfb-below-header-display":"","ast-hfb-mobile-header-display":"","site-post-title":"","ast-breadcrumbs-content":"","ast-featured-img":"","footer-sml-layout":"","ast-disable-related-posts":"","theme-transparent-header-meta":"","adv-header-id-meta":"","stick-header-meta":"","header-above-stick-meta":"","header-main-stick-meta":"","header-below-stick-meta":"","astra-migrate-meta-layouts":"default","ast-page-background-enabled":"default","ast-page-background-meta":{"desktop":{"background-color":"var(--ast-global-color-5)","background-image":"","background-repeat":"repeat","background-position":"center center","background-size":"auto","background-attachment":"scroll","background-type":"","background-media":"","overlay-type":"","overlay-color":"","overlay-opacity":"","overlay-gradient":""},"tablet":{"background-color":"","background-image":"","background-repeat":"repeat","background-position":"center center","background-size":"auto","background-attachment":"scroll","background-type":"","background-media":"","overlay-type":"","overlay-color":"","overlay-opacity":"","overlay-gradient":""},"mobile":{"background-color":"","background-image":"","background-repeat":"repeat","background-position":"center center","background-size":"auto","background-attachment":"scroll","background-type":"","background-media":"","overlay-type":"","overlay-color":"","overlay-opacity":"","overlay-gradient":""}},"ast-content-background-meta":{"desktop":{"background-color":"var(--ast-global-color-4)","background-image":"","background-repeat":"repeat","background-position":"center center","background-size":"auto","background-attachment":"scroll","background-type":"","background-media":"","overlay-type":"","overlay-color":"","overlay-opacity":"","overlay-gradient":""},"tablet":{"background-color":"var(--ast-global-color-4)","background-image":"","background-repeat":"repeat","background-position":"center center","background-size":"auto","background-attachment":"scroll","background-type":"","background-media":"","overlay-type":"","overlay-color":"","overlay-opacity":"","overlay-gradient":""},"mobile":{"background-color":"var(--ast-global-color-4)","background-image":"","background-repeat":"repeat","background-position":"center center","background-size":"auto","background-attachment":"scroll","background-type":"","background-media":"","overlay-type":"","overlay-color":"","overlay-opacity":"","overlay-gradient":""}},"footnotes":""},"categories":[20,1],"tags":[],"class_list":["post-7709","post","type-post","status-publish","format-standard","has-post-thumbnail","hentry","category-international","category-football-latest-news"],"yoast_head":"<!-- This site is optimized with the Yoast SEO Premium plugin v26.6 (Yoast SEO v27.4) - https:\/\/yoast.com\/product\/yoast-seo-premium-wordpress\/ -->\n<title>Liverpool make first call to Xabi Alonso over head coach job - Bladna News<\/title>\n<meta name=\"robots\" content=\"index, follow, max-snippet:-1, max-image-preview:large, max-video-preview:-1\" \/>\n<link rel=\"canonical\" href=\"https:\/\/bladnanews.com\/fr\/liverpool-prend-contact-pour-la-premiere-fois-avec-xabi-alonso-concernant-le-poste-dentraineur-principal\/\" \/>\n<meta property=\"og:locale\" content=\"fr_FR\" \/>\n<meta property=\"og:type\" content=\"article\" \/>\n<meta property=\"og:title\" content=\"Liverpool make first call to Xabi Alonso over head coach job\" \/>\n<meta property=\"og:description\" content=\"Liverpool have made a first approach to Xabi Alonso as they step up their search for a new head coach, [&hellip;]\" \/>\n<meta property=\"og:url\" content=\"https:\/\/bladnanews.com\/fr\/liverpool-prend-contact-pour-la-premiere-fois-avec-xabi-alonso-concernant-le-poste-dentraineur-principal\/\" \/>\n<meta property=\"og:site_name\" content=\"Bladna News\" \/>\n<meta property=\"article:published_time\" content=\"2026-01-25T11:43:48+00:00\" \/>\n<meta property=\"og:image\" content=\"https:\/\/bladnanews.com\/wp-content\/uploads\/2025\/12\/freepik__bladna-newscom-moroccan-soccer-homepage-banner-mor__41838.png\" \/>\n\t<meta property=\"og:image:width\" content=\"1312\" \/>\n\t<meta property=\"og:image:height\" content=\"736\" \/>\n\t<meta property=\"og:image:type\" content=\"image\/png\" \/>\n<meta name=\"author\" content=\"Bladna News Staff\" \/>\n<meta name=\"twitter:card\" content=\"summary_large_image\" \/>\n<meta name=\"twitter:label1\" content=\"\u00c9crit par\" \/>\n\t<meta name=\"twitter:data1\" content=\"Bladna News Staff\" \/>\n\t<meta name=\"twitter:label2\" content=\"Dur\u00e9e de lecture estim\u00e9e\" \/>\n\t<meta name=\"twitter:data2\" content=\"1 minute\" \/>\n<script type=\"application\/ld+json\" class=\"yoast-schema-graph\">{\"@context\":\"https:\\\/\\\/schema.org\",\"@graph\":[{\"@type\":\"Article\",\"@id\":\"https:\\\/\\\/bladnanews.com\\\/liverpool-make-first-call-to-xabi-alonso-over-head-coach-job\\\/#article\",\"isPartOf\":{\"@id\":\"https:\\\/\\\/bladnanews.com\\\/liverpool-make-first-call-to-xabi-alonso-over-head-coach-job\\\/\"},\"author\":{\"name\":\"Bladna News Staff\",\"@id\":\"https:\\\/\\\/mediumseagreen-eel-531711.hostingersite.com\\\/#\\\/schema\\\/person\\\/268e18a453ab080ebf76df6ef7845083\"},\"headline\":\"Liverpool make first call to Xabi Alonso over head coach job\",\"datePublished\":\"2026-01-25T11:43:48+00:00\",\"mainEntityOfPage\":{\"@id\":\"https:\\\/\\\/bladnanews.com\\\/liverpool-make-first-call-to-xabi-alonso-over-head-coach-job\\\/\"},\"wordCount\":205,\"publisher\":{\"@id\":\"https:\\\/\\\/mediumseagreen-eel-531711.hostingersite.com\\\/#organization\"},\"image\":{\"@id\":\"https:\\\/\\\/bladnanews.com\\\/liverpool-make-first-call-to-xabi-alonso-over-head-coach-job\\\/#primaryimage\"},\"thumbnailUrl\":\"https:\\\/\\\/bladnanews.com\\\/wp-content\\\/uploads\\\/2026\\\/01\\\/BladnaNews-Liverpool-make-first-call-to-Xabi-Alonso-over-head-coach-job-2026-01-25T211051.471Z.jpg\",\"articleSection\":[\"International\",\"Latest News\"],\"inLanguage\":\"fr-FR\",\"copyrightYear\":\"2026\",\"copyrightHolder\":{\"@id\":\"https:\\\/\\\/bladnanews.com\\\/fr\\\/#organization\"}},{\"@type\":\"WebPage\",\"@id\":\"https:\\\/\\\/bladnanews.com\\\/liverpool-make-first-call-to-xabi-alonso-over-head-coach-job\\\/\",\"url\":\"https:\\\/\\\/bladnanews.com\\\/liverpool-make-first-call-to-xabi-alonso-over-head-coach-job\\\/\",\"name\":\"Liverpool make first call to Xabi Alonso over head coach job - Bladna News\",\"isPartOf\":{\"@id\":\"https:\\\/\\\/mediumseagreen-eel-531711.hostingersite.com\\\/#website\"},\"primaryImageOfPage\":{\"@id\":\"https:\\\/\\\/bladnanews.com\\\/liverpool-make-first-call-to-xabi-alonso-over-head-coach-job\\\/#primaryimage\"},\"image\":{\"@id\":\"https:\\\/\\\/bladnanews.com\\\/liverpool-make-first-call-to-xabi-alonso-over-head-coach-job\\\/#primaryimage\"},\"thumbnailUrl\":\"https:\\\/\\\/bladnanews.com\\\/wp-content\\\/uploads\\\/2026\\\/01\\\/BladnaNews-Liverpool-make-first-call-to-Xabi-Alonso-over-head-coach-job-2026-01-25T211051.471Z.jpg\",\"datePublished\":\"2026-01-25T11:43:48+00:00\",\"breadcrumb\":{\"@id\":\"https:\\\/\\\/bladnanews.com\\\/liverpool-make-first-call-to-xabi-alonso-over-head-coach-job\\\/#breadcrumb\"},\"inLanguage\":\"fr-FR\",\"potentialAction\":[{\"@type\":\"ReadAction\",\"target\":[\"https:\\\/\\\/bladnanews.com\\\/liverpool-make-first-call-to-xabi-alonso-over-head-coach-job\\\/\"]}]},{\"@type\":\"ImageObject\",\"inLanguage\":\"fr-FR\",\"@id\":\"https:\\\/\\\/bladnanews.com\\\/liverpool-make-first-call-to-xabi-alonso-over-head-coach-job\\\/#primaryimage\",\"url\":\"https:\\\/\\\/bladnanews.com\\\/wp-content\\\/uploads\\\/2026\\\/01\\\/BladnaNews-Liverpool-make-first-call-to-Xabi-Alonso-over-head-coach-job-2026-01-25T211051.471Z.jpg\",\"contentUrl\":\"https:\\\/\\\/bladnanews.com\\\/wp-content\\\/uploads\\\/2026\\\/01\\\/BladnaNews-Liverpool-make-first-call-to-Xabi-Alonso-over-head-coach-job-2026-01-25T211051.471Z.jpg\",\"width\":1920,\"height\":1080,\"caption\":\"Xabi Alonso and another football manager, both in smart attire, display focused expressions amidst a blurred stadium background.\"},{\"@type\":\"BreadcrumbList\",\"@id\":\"https:\\\/\\\/bladnanews.com\\\/liverpool-make-first-call-to-xabi-alonso-over-head-coach-job\\\/#breadcrumb\",\"itemListElement\":[{\"@type\":\"ListItem\",\"position\":1,\"name\":\"Home\",\"item\":\"https:\\\/\\\/bladnanews.com\\\/\"},{\"@type\":\"ListItem\",\"position\":2,\"name\":\"Liverpool make first call to Xabi Alonso over head coach job\"}]},{\"@type\":\"WebSite\",\"@id\":\"https:\\\/\\\/mediumseagreen-eel-531711.hostingersite.com\\\/#website\",\"url\":\"https:\\\/\\\/mediumseagreen-eel-531711.hostingersite.com\\\/\",\"name\":\"Bladna News - Morocco\",\"description\":\"Where Moroccan Football Meets the World\",\"publisher\":{\"@id\":\"https:\\\/\\\/mediumseagreen-eel-531711.hostingersite.com\\\/#organization\"},\"potentialAction\":[{\"@type\":\"SearchAction\",\"target\":{\"@type\":\"EntryPoint\",\"urlTemplate\":\"https:\\\/\\\/mediumseagreen-eel-531711.hostingersite.com\\\/?s={search_term_string}\"},\"query-input\":{\"@type\":\"PropertyValueSpecification\",\"valueRequired\":true,\"valueName\":\"search_term_string\"}}],\"inLanguage\":\"fr-FR\"},{\"@type\":\"Organization\",\"@id\":\"https:\\\/\\\/mediumseagreen-eel-531711.hostingersite.com\\\/#organization\",\"name\":\"Bladna News.com\",\"url\":\"https:\\\/\\\/mediumseagreen-eel-531711.hostingersite.com\\\/\",\"logo\":{\"@type\":\"ImageObject\",\"inLanguage\":\"fr-FR\",\"@id\":\"https:\\\/\\\/mediumseagreen-eel-531711.hostingersite.com\\\/#\\\/schema\\\/logo\\\/image\\\/\",\"url\":\"https:\\\/\\\/bladnanews.com\\\/wp-content\\\/uploads\\\/2025\\\/12\\\/logo-bladnanews-V2-web-black-red.png\",\"contentUrl\":\"https:\\\/\\\/bladnanews.com\\\/wp-content\\\/uploads\\\/2025\\\/12\\\/logo-bladnanews-V2-web-black-red.png\",\"width\":703,\"height\":287,\"caption\":\"Bladna News.com\"},\"image\":{\"@id\":\"https:\\\/\\\/mediumseagreen-eel-531711.hostingersite.com\\\/#\\\/schema\\\/logo\\\/image\\\/\"},\"email\":\"info@bladnanews.com\",\"legalName\":\"Bladna News\"},{\"@type\":\"Person\",\"@id\":\"https:\\\/\\\/mediumseagreen-eel-531711.hostingersite.com\\\/#\\\/schema\\\/person\\\/268e18a453ab080ebf76df6ef7845083\",\"name\":\"Bladna News Staff\",\"url\":\"https:\\\/\\\/bladnanews.com\\\/fr\\\/author\\\/bladna-news-staff\\\/\"}]}<\/script>\n<!-- \/ Yoast SEO Premium plugin. -->","yoast_head_json":{"title":"Liverpool fait un premier appel \u00e0 Xabi Alonso pour le poste d'entra\u00eeneur principal - Bladna News","robots":{"index":"index","follow":"follow","max-snippet":"max-snippet:-1","max-image-preview":"max-image-preview:large","max-video-preview":"max-video-preview:-1"},"canonical":"https:\/\/bladnanews.com\/fr\/liverpool-prend-contact-pour-la-premiere-fois-avec-xabi-alonso-concernant-le-poste-dentraineur-principal\/","og_locale":"fr_FR","og_type":"article","og_title":"Liverpool make first call to Xabi Alonso over head coach job","og_description":"Liverpool have made a first approach to Xabi Alonso as they step up their search for a new head coach, [&hellip;]","og_url":"https:\/\/bladnanews.com\/fr\/liverpool-prend-contact-pour-la-premiere-fois-avec-xabi-alonso-concernant-le-poste-dentraineur-principal\/","og_site_name":"Bladna News","article_published_time":"2026-01-25T11:43:48+00:00","og_image":[{"width":1312,"height":736,"url":"https:\/\/bladnanews.com\/wp-content\/uploads\/2025\/12\/freepik__bladna-newscom-moroccan-soccer-homepage-banner-mor__41838.png","type":"image\/png"}],"author":"Bladna News Staff","twitter_card":"summary_large_image","twitter_misc":{"\u00c9crit par":"Bladna News Staff","Dur\u00e9e de lecture estim\u00e9e":"1 minute"},"schema":{"@context":"https:\/\/schema.org","@graph":[{"@type":"Article","@id":"https:\/\/bladnanews.com\/liverpool-make-first-call-to-xabi-alonso-over-head-coach-job\/#article","isPartOf":{"@id":"https:\/\/bladnanews.com\/liverpool-make-first-call-to-xabi-alonso-over-head-coach-job\/"},"author":{"name":"Bladna News Staff","@id":"https:\/\/mediumseagreen-eel-531711.hostingersite.com\/#\/schema\/person\/268e18a453ab080ebf76df6ef7845083"},"headline":"Liverpool make first call to Xabi Alonso over head coach job","datePublished":"2026-01-25T11:43:48+00:00","mainEntityOfPage":{"@id":"https:\/\/bladnanews.com\/liverpool-make-first-call-to-xabi-alonso-over-head-coach-job\/"},"wordCount":205,"publisher":{"@id":"https:\/\/mediumseagreen-eel-531711.hostingersite.com\/#organization"},"image":{"@id":"https:\/\/bladnanews.com\/liverpool-make-first-call-to-xabi-alonso-over-head-coach-job\/#primaryimage"},"thumbnailUrl":"https:\/\/bladnanews.com\/wp-content\/uploads\/2026\/01\/BladnaNews-Liverpool-make-first-call-to-Xabi-Alonso-over-head-coach-job-2026-01-25T211051.471Z.jpg","articleSection":["International","Latest News"],"inLanguage":"fr-FR","copyrightYear":"2026","copyrightHolder":{"@id":"https:\/\/bladnanews.com\/fr\/#organization"}},{"@type":"WebPage","@id":"https:\/\/bladnanews.com\/liverpool-make-first-call-to-xabi-alonso-over-head-coach-job\/","url":"https:\/\/bladnanews.com\/liverpool-make-first-call-to-xabi-alonso-over-head-coach-job\/","name":"Liverpool fait un premier appel \u00e0 Xabi Alonso pour le poste d'entra\u00eeneur principal - Bladna News","isPartOf":{"@id":"https:\/\/mediumseagreen-eel-531711.hostingersite.com\/#website"},"primaryImageOfPage":{"@id":"https:\/\/bladnanews.com\/liverpool-make-first-call-to-xabi-alonso-over-head-coach-job\/#primaryimage"},"image":{"@id":"https:\/\/bladnanews.com\/liverpool-make-first-call-to-xabi-alonso-over-head-coach-job\/#primaryimage"},"thumbnailUrl":"https:\/\/bladnanews.com\/wp-content\/uploads\/2026\/01\/BladnaNews-Liverpool-make-first-call-to-Xabi-Alonso-over-head-coach-job-2026-01-25T211051.471Z.jpg","datePublished":"2026-01-25T11:43:48+00:00","breadcrumb":{"@id":"https:\/\/bladnanews.com\/liverpool-make-first-call-to-xabi-alonso-over-head-coach-job\/#breadcrumb"},"inLanguage":"fr-FR","potentialAction":[{"@type":"ReadAction","target":["https:\/\/bladnanews.com\/liverpool-make-first-call-to-xabi-alonso-over-head-coach-job\/"]}]},{"@type":"ImageObject","inLanguage":"fr-FR","@id":"https:\/\/bladnanews.com\/liverpool-make-first-call-to-xabi-alonso-over-head-coach-job\/#primaryimage","url":"https:\/\/bladnanews.com\/wp-content\/uploads\/2026\/01\/BladnaNews-Liverpool-make-first-call-to-Xabi-Alonso-over-head-coach-job-2026-01-25T211051.471Z.jpg","contentUrl":"https:\/\/bladnanews.com\/wp-content\/uploads\/2026\/01\/BladnaNews-Liverpool-make-first-call-to-Xabi-Alonso-over-head-coach-job-2026-01-25T211051.471Z.jpg","width":1920,"height":1080,"caption":"Xabi Alonso and another football manager, both in smart attire, display focused expressions amidst a blurred stadium background."},{"@type":"BreadcrumbList","@id":"https:\/\/bladnanews.com\/liverpool-make-first-call-to-xabi-alonso-over-head-coach-job\/#breadcrumb","itemListElement":[{"@type":"ListItem","position":1,"name":"Home","item":"https:\/\/bladnanews.com\/"},{"@type":"ListItem","position":2,"name":"Liverpool make first call to Xabi Alonso over head coach job"}]},{"@type":"WebSite","@id":"https:\/\/mediumseagreen-eel-531711.hostingersite.com\/#website","url":"https:\/\/mediumseagreen-eel-531711.hostingersite.com\/","name":"Bladna News - Maroc","description":"Quand le football marocain rencontre le monde","publisher":{"@id":"https:\/\/mediumseagreen-eel-531711.hostingersite.com\/#organization"},"potentialAction":[{"@type":"SearchAction","target":{"@type":"EntryPoint","urlTemplate":"https:\/\/mediumseagreen-eel-531711.hostingersite.com\/?s={search_term_string}"},"query-input":{"@type":"PropertyValueSpecification","valueRequired":true,"valueName":"search_term_string"}}],"inLanguage":"fr-FR"},{"@type":"Organization","@id":"https:\/\/mediumseagreen-eel-531711.hostingersite.com\/#organization","name":"Bladna News.com","url":"https:\/\/mediumseagreen-eel-531711.hostingersite.com\/","logo":{"@type":"ImageObject","inLanguage":"fr-FR","@id":"https:\/\/mediumseagreen-eel-531711.hostingersite.com\/#\/schema\/logo\/image\/","url":"https:\/\/bladnanews.com\/wp-content\/uploads\/2025\/12\/logo-bladnanews-V2-web-black-red.png","contentUrl":"https:\/\/bladnanews.com\/wp-content\/uploads\/2025\/12\/logo-bladnanews-V2-web-black-red.png","width":703,"height":287,"caption":"Bladna News.com"},"image":{"@id":"https:\/\/mediumseagreen-eel-531711.hostingersite.com\/#\/schema\/logo\/image\/"},"email":"info@bladnanews.com","legalName":"Bladna News"},{"@type":"Person","@id":"https:\/\/mediumseagreen-eel-531711.hostingersite.com\/#\/schema\/person\/268e18a453ab080ebf76df6ef7845083","name":"\u00c9quipe r\u00e9dactionnelle de Bladna News","url":"https:\/\/bladnanews.com\/fr\/author\/bladna-news-staff\/"}]}},"_links":{"self":[{"href":"https:\/\/bladnanews.com\/fr\/wp-json\/wp\/v2\/posts\/7709","targetHints":{"allow":["GET"]}}],"collection":[{"href":"https:\/\/bladnanews.com\/fr\/wp-json\/wp\/v2\/posts"}],"about":[{"href":"https:\/\/bladnanews.com\/fr\/wp-json\/wp\/v2\/types\/post"}],"author":[{"embeddable":true,"href":"https:\/\/bladnanews.com\/fr\/wp-json\/wp\/v2\/users\/3"}],"replies":[{"embeddable":true,"href":"https:\/\/bladnanews.com\/fr\/wp-json\/wp\/v2\/comments?post=7709"}],"version-history":[{"count":0,"href":"https:\/\/bladnanews.com\/fr\/wp-json\/wp\/v2\/posts\/7709\/revisions"}],"wp:featuredmedia":[{"embeddable":true,"href":"https:\/\/bladnanews.com\/fr\/wp-json\/wp\/v2\/media\/7708"}],"wp:attachment":[{"href":"https:\/\/bladnanews.com\/fr\/wp-json\/wp\/v2\/media?parent=7709"}],"wp:term":[{"taxonomy":"category","embeddable":true,"href":"https:\/\/bladnanews.com\/fr\/wp-json\/wp\/v2\/categories?post=7709"},{"taxonomy":"post_tag","embeddable":true,"href":"https:\/\/bladnanews.com\/fr\/wp-json\/wp\/v2\/tags?post=7709"}],"curies":[{"name":"wp","href":"https:\/\/api.w.org\/{rel}","templated":true}]}}