{"id":7731,"date":"2026-01-25T14:20:26","date_gmt":"2026-01-25T14:20:26","guid":{"rendered":"https:\/\/bladnanews.com\/pep-guardiola-insists-he-will-honor-his-man-city-contract\/"},"modified":"2026-01-25T14:20:26","modified_gmt":"2026-01-25T14:20:26","slug":"pep-guardiola-insiste-sur-le-fait-quil-honorera-son-contrat-avec-manchester-city","status":"publish","type":"post","link":"https:\/\/bladnanews.com\/fr\/pep-guardiola-insiste-sur-le-fait-quil-honorera-son-contrat-avec-manchester-city\/","title":{"rendered":"Pep Guardiola insiste sur le fait qu'il honorera son contrat avec Manchester City."},"content":{"rendered":"<p>Pep Guardiola a insist\u00e9 sur le fait qu'il respecterait son contrat avec Manchester City, alors que les sp\u00e9culations persistent quant \u00e0 la dur\u00e9e de son s\u00e9jour \u00e0 l'Etihad Stadium.<\/p>\n<p>L'entra\u00eeneur catalan a \u00e9t\u00e9 associ\u00e9 \u00e0 l'id\u00e9e de quitter ses fonctions \u00e0 l'\u00e9t\u00e9 2026, mais il a d\u00e9livr\u00e9 un message clair lorsqu'on l'a interrog\u00e9 sur son avenir et la probabilit\u00e9 d'un d\u00e9part anticip\u00e9.<\/p>\n<p><strong>\u201c Je n'ai jamais rompu un contrat \u201d,\u201d<\/strong> a d\u00e9clar\u00e9 Guardiola, soulignant qu'il avait l'intention de respecter les termes de son accord actuel avec City.<\/p>\n<p>La position de Guardiola intervient dans un contexte de d\u00e9bat permanent sur son prochain mouvement et sur la possibilit\u00e9 qu'il rel\u00e8ve \u00e9ventuellement un d\u00e9fi diff\u00e9rent. Pour l'instant, il a clairement indiqu\u00e9 que toute d\u00e9cision serait prise dans le cadre de son accord.<\/p>\n<p>City est dirig\u00e9 par Guardiola depuis 2016, le club ayant connu une longue s\u00e9rie de succ\u00e8s nationaux et de troph\u00e9es majeurs sous sa direction. Malgr\u00e9 les questions sur la suite, ses derniers commentaires visent \u00e0 apaiser les discussions sur un d\u00e9part imminent.<\/p>\n<p>Alors que le d\u00e9bat sur 2026 se poursuit, le message de Guardiola \u00e9tait simple : il ne pr\u00e9voit pas de quitter Manchester City tant qu'il est sous contrat.<\/p>","protected":false},"excerpt":{"rendered":"<p>Pep Guardiola has insisted he will respect his Manchester City contract as speculation continues over how long he will stay [&hellip;]<\/p>\n","protected":false},"author":3,"featured_media":7730,"comment_status":"","ping_status":"open","sticky":false,"template":"","format":"standard","meta":{"googlesitekit_rrm_CAow_uzEDA:productID":"","site-sidebar-layout":"default","site-content-layout":"","ast-site-content-layout":"default","site-content-style":"default","site-sidebar-style":"default","ast-global-header-display":"","ast-banner-title-visibility":"","ast-main-header-display":"","ast-hfb-above-header-display":"","ast-hfb-below-header-display":"","ast-hfb-mobile-header-display":"","site-post-title":"","ast-breadcrumbs-content":"","ast-featured-img":"","footer-sml-layout":"","ast-disable-related-posts":"","theme-transparent-header-meta":"","adv-header-id-meta":"","stick-header-meta":"","header-above-stick-meta":"","header-main-stick-meta":"","header-below-stick-meta":"","astra-migrate-meta-layouts":"default","ast-page-background-enabled":"default","ast-page-background-meta":{"desktop":{"background-color":"var(--ast-global-color-5)","background-image":"","background-repeat":"repeat","background-position":"center center","background-size":"auto","background-attachment":"scroll","background-type":"","background-media":"","overlay-type":"","overlay-color":"","overlay-opacity":"","overlay-gradient":""},"tablet":{"background-color":"","background-image":"","background-repeat":"repeat","background-position":"center center","background-size":"auto","background-attachment":"scroll","background-type":"","background-media":"","overlay-type":"","overlay-color":"","overlay-opacity":"","overlay-gradient":""},"mobile":{"background-color":"","background-image":"","background-repeat":"repeat","background-position":"center center","background-size":"auto","background-attachment":"scroll","background-type":"","background-media":"","overlay-type":"","overlay-color":"","overlay-opacity":"","overlay-gradient":""}},"ast-content-background-meta":{"desktop":{"background-color":"var(--ast-global-color-4)","background-image":"","background-repeat":"repeat","background-position":"center center","background-size":"auto","background-attachment":"scroll","background-type":"","background-media":"","overlay-type":"","overlay-color":"","overlay-opacity":"","overlay-gradient":""},"tablet":{"background-color":"var(--ast-global-color-4)","background-image":"","background-repeat":"repeat","background-position":"center center","background-size":"auto","background-attachment":"scroll","background-type":"","background-media":"","overlay-type":"","overlay-color":"","overlay-opacity":"","overlay-gradient":""},"mobile":{"background-color":"var(--ast-global-color-4)","background-image":"","background-repeat":"repeat","background-position":"center center","background-size":"auto","background-attachment":"scroll","background-type":"","background-media":"","overlay-type":"","overlay-color":"","overlay-opacity":"","overlay-gradient":""}},"footnotes":""},"categories":[20,1],"tags":[],"class_list":["post-7731","post","type-post","status-publish","format-standard","has-post-thumbnail","hentry","category-international","category-football-latest-news"],"yoast_head":"<!-- This site is optimized with the Yoast SEO Premium plugin v26.6 (Yoast SEO v27.4) - https:\/\/yoast.com\/product\/yoast-seo-premium-wordpress\/ -->\n<title>Pep Guardiola insists he will honor his Man City contract - Bladna News<\/title>\n<meta name=\"robots\" content=\"index, follow, max-snippet:-1, max-image-preview:large, max-video-preview:-1\" \/>\n<link rel=\"canonical\" href=\"https:\/\/bladnanews.com\/fr\/pep-guardiola-insiste-sur-le-fait-quil-honorera-son-contrat-avec-manchester-city\/\" \/>\n<meta property=\"og:locale\" content=\"fr_FR\" \/>\n<meta property=\"og:type\" content=\"article\" \/>\n<meta property=\"og:title\" content=\"Pep Guardiola insists he will honor his Man City contract\" \/>\n<meta property=\"og:description\" content=\"Pep Guardiola has insisted he will respect his Manchester City contract as speculation continues over how long he will stay [&hellip;]\" \/>\n<meta property=\"og:url\" content=\"https:\/\/bladnanews.com\/fr\/pep-guardiola-insiste-sur-le-fait-quil-honorera-son-contrat-avec-manchester-city\/\" \/>\n<meta property=\"og:site_name\" content=\"Bladna News\" \/>\n<meta property=\"article:published_time\" content=\"2026-01-25T14:20:26+00:00\" \/>\n<meta property=\"og:image\" content=\"https:\/\/bladnanews.com\/wp-content\/uploads\/2025\/12\/freepik__bladna-newscom-moroccan-soccer-homepage-banner-mor__41838.png\" \/>\n\t<meta property=\"og:image:width\" content=\"1312\" \/>\n\t<meta property=\"og:image:height\" content=\"736\" \/>\n\t<meta property=\"og:image:type\" content=\"image\/png\" \/>\n<meta name=\"author\" content=\"Bladna News Staff\" \/>\n<meta name=\"twitter:card\" content=\"summary_large_image\" \/>\n<meta name=\"twitter:label1\" content=\"\u00c9crit par\" \/>\n\t<meta name=\"twitter:data1\" content=\"Bladna News Staff\" \/>\n\t<meta name=\"twitter:label2\" content=\"Dur\u00e9e de lecture estim\u00e9e\" \/>\n\t<meta name=\"twitter:data2\" content=\"1 minute\" \/>\n<script type=\"application\/ld+json\" class=\"yoast-schema-graph\">{\"@context\":\"https:\\\/\\\/schema.org\",\"@graph\":[{\"@type\":\"Article\",\"@id\":\"https:\\\/\\\/bladnanews.com\\\/pep-guardiola-insists-he-will-honor-his-man-city-contract\\\/#article\",\"isPartOf\":{\"@id\":\"https:\\\/\\\/bladnanews.com\\\/pep-guardiola-insists-he-will-honor-his-man-city-contract\\\/\"},\"author\":{\"name\":\"Bladna News Staff\",\"@id\":\"https:\\\/\\\/mediumseagreen-eel-531711.hostingersite.com\\\/#\\\/schema\\\/person\\\/268e18a453ab080ebf76df6ef7845083\"},\"headline\":\"Pep Guardiola insists he will honor his Man City contract\",\"datePublished\":\"2026-01-25T14:20:26+00:00\",\"mainEntityOfPage\":{\"@id\":\"https:\\\/\\\/bladnanews.com\\\/pep-guardiola-insists-he-will-honor-his-man-city-contract\\\/\"},\"wordCount\":195,\"publisher\":{\"@id\":\"https:\\\/\\\/mediumseagreen-eel-531711.hostingersite.com\\\/#organization\"},\"image\":{\"@id\":\"https:\\\/\\\/bladnanews.com\\\/pep-guardiola-insists-he-will-honor-his-man-city-contract\\\/#primaryimage\"},\"thumbnailUrl\":\"https:\\\/\\\/bladnanews.com\\\/wp-content\\\/uploads\\\/2026\\\/01\\\/BladnaNews-Pep-Guardiola-insists-he-will-honor-his-Man-City-contract-2026-01-26T011017.369Z.jpg\",\"articleSection\":[\"International\",\"Latest News\"],\"inLanguage\":\"fr-FR\",\"copyrightYear\":\"2026\",\"copyrightHolder\":{\"@id\":\"https:\\\/\\\/bladnanews.com\\\/fr\\\/#organization\"}},{\"@type\":\"WebPage\",\"@id\":\"https:\\\/\\\/bladnanews.com\\\/pep-guardiola-insists-he-will-honor-his-man-city-contract\\\/\",\"url\":\"https:\\\/\\\/bladnanews.com\\\/pep-guardiola-insists-he-will-honor-his-man-city-contract\\\/\",\"name\":\"Pep Guardiola insists he will honor his Man City contract - Bladna News\",\"isPartOf\":{\"@id\":\"https:\\\/\\\/mediumseagreen-eel-531711.hostingersite.com\\\/#website\"},\"primaryImageOfPage\":{\"@id\":\"https:\\\/\\\/bladnanews.com\\\/pep-guardiola-insists-he-will-honor-his-man-city-contract\\\/#primaryimage\"},\"image\":{\"@id\":\"https:\\\/\\\/bladnanews.com\\\/pep-guardiola-insists-he-will-honor-his-man-city-contract\\\/#primaryimage\"},\"thumbnailUrl\":\"https:\\\/\\\/bladnanews.com\\\/wp-content\\\/uploads\\\/2026\\\/01\\\/BladnaNews-Pep-Guardiola-insists-he-will-honor-his-Man-City-contract-2026-01-26T011017.369Z.jpg\",\"datePublished\":\"2026-01-25T14:20:26+00:00\",\"breadcrumb\":{\"@id\":\"https:\\\/\\\/bladnanews.com\\\/pep-guardiola-insists-he-will-honor-his-man-city-contract\\\/#breadcrumb\"},\"inLanguage\":\"fr-FR\",\"potentialAction\":[{\"@type\":\"ReadAction\",\"target\":[\"https:\\\/\\\/bladnanews.com\\\/pep-guardiola-insists-he-will-honor-his-man-city-contract\\\/\"]}]},{\"@type\":\"ImageObject\",\"inLanguage\":\"fr-FR\",\"@id\":\"https:\\\/\\\/bladnanews.com\\\/pep-guardiola-insists-he-will-honor-his-man-city-contract\\\/#primaryimage\",\"url\":\"https:\\\/\\\/bladnanews.com\\\/wp-content\\\/uploads\\\/2026\\\/01\\\/BladnaNews-Pep-Guardiola-insists-he-will-honor-his-Man-City-contract-2026-01-26T011017.369Z.jpg\",\"contentUrl\":\"https:\\\/\\\/bladnanews.com\\\/wp-content\\\/uploads\\\/2026\\\/01\\\/BladnaNews-Pep-Guardiola-insists-he-will-honor-his-Man-City-contract-2026-01-26T011017.369Z.jpg\",\"width\":1920,\"height\":1080,\"caption\":\"Pep Guardiola, wearing a white shirt, looks contemplatively downwards in front of the Manchester City logo, showcasing the club's colours.\"},{\"@type\":\"BreadcrumbList\",\"@id\":\"https:\\\/\\\/bladnanews.com\\\/pep-guardiola-insists-he-will-honor-his-man-city-contract\\\/#breadcrumb\",\"itemListElement\":[{\"@type\":\"ListItem\",\"position\":1,\"name\":\"Home\",\"item\":\"https:\\\/\\\/bladnanews.com\\\/\"},{\"@type\":\"ListItem\",\"position\":2,\"name\":\"Pep Guardiola insists he will honor his Man City contract\"}]},{\"@type\":\"WebSite\",\"@id\":\"https:\\\/\\\/mediumseagreen-eel-531711.hostingersite.com\\\/#website\",\"url\":\"https:\\\/\\\/mediumseagreen-eel-531711.hostingersite.com\\\/\",\"name\":\"Bladna News - Morocco\",\"description\":\"Where Moroccan Football Meets the World\",\"publisher\":{\"@id\":\"https:\\\/\\\/mediumseagreen-eel-531711.hostingersite.com\\\/#organization\"},\"potentialAction\":[{\"@type\":\"SearchAction\",\"target\":{\"@type\":\"EntryPoint\",\"urlTemplate\":\"https:\\\/\\\/mediumseagreen-eel-531711.hostingersite.com\\\/?s={search_term_string}\"},\"query-input\":{\"@type\":\"PropertyValueSpecification\",\"valueRequired\":true,\"valueName\":\"search_term_string\"}}],\"inLanguage\":\"fr-FR\"},{\"@type\":\"Organization\",\"@id\":\"https:\\\/\\\/mediumseagreen-eel-531711.hostingersite.com\\\/#organization\",\"name\":\"Bladna News.com\",\"url\":\"https:\\\/\\\/mediumseagreen-eel-531711.hostingersite.com\\\/\",\"logo\":{\"@type\":\"ImageObject\",\"inLanguage\":\"fr-FR\",\"@id\":\"https:\\\/\\\/mediumseagreen-eel-531711.hostingersite.com\\\/#\\\/schema\\\/logo\\\/image\\\/\",\"url\":\"https:\\\/\\\/bladnanews.com\\\/wp-content\\\/uploads\\\/2025\\\/12\\\/logo-bladnanews-V2-web-black-red.png\",\"contentUrl\":\"https:\\\/\\\/bladnanews.com\\\/wp-content\\\/uploads\\\/2025\\\/12\\\/logo-bladnanews-V2-web-black-red.png\",\"width\":703,\"height\":287,\"caption\":\"Bladna News.com\"},\"image\":{\"@id\":\"https:\\\/\\\/mediumseagreen-eel-531711.hostingersite.com\\\/#\\\/schema\\\/logo\\\/image\\\/\"},\"email\":\"info@bladnanews.com\",\"legalName\":\"Bladna News\"},{\"@type\":\"Person\",\"@id\":\"https:\\\/\\\/mediumseagreen-eel-531711.hostingersite.com\\\/#\\\/schema\\\/person\\\/268e18a453ab080ebf76df6ef7845083\",\"name\":\"Bladna News Staff\",\"url\":\"https:\\\/\\\/bladnanews.com\\\/fr\\\/author\\\/bladna-news-staff\\\/\"}]}<\/script>\n<!-- \/ Yoast SEO Premium plugin. -->","yoast_head_json":{"title":"Pep Guardiola insiste sur le fait qu'il honorera son contrat avec Manchester City - Bladna News","robots":{"index":"index","follow":"follow","max-snippet":"max-snippet:-1","max-image-preview":"max-image-preview:large","max-video-preview":"max-video-preview:-1"},"canonical":"https:\/\/bladnanews.com\/fr\/pep-guardiola-insiste-sur-le-fait-quil-honorera-son-contrat-avec-manchester-city\/","og_locale":"fr_FR","og_type":"article","og_title":"Pep Guardiola insists he will honor his Man City contract","og_description":"Pep Guardiola has insisted he will respect his Manchester City contract as speculation continues over how long he will stay [&hellip;]","og_url":"https:\/\/bladnanews.com\/fr\/pep-guardiola-insiste-sur-le-fait-quil-honorera-son-contrat-avec-manchester-city\/","og_site_name":"Bladna News","article_published_time":"2026-01-25T14:20:26+00:00","og_image":[{"width":1312,"height":736,"url":"https:\/\/bladnanews.com\/wp-content\/uploads\/2025\/12\/freepik__bladna-newscom-moroccan-soccer-homepage-banner-mor__41838.png","type":"image\/png"}],"author":"Bladna News Staff","twitter_card":"summary_large_image","twitter_misc":{"\u00c9crit par":"Bladna News Staff","Dur\u00e9e de lecture estim\u00e9e":"1 minute"},"schema":{"@context":"https:\/\/schema.org","@graph":[{"@type":"Article","@id":"https:\/\/bladnanews.com\/pep-guardiola-insists-he-will-honor-his-man-city-contract\/#article","isPartOf":{"@id":"https:\/\/bladnanews.com\/pep-guardiola-insists-he-will-honor-his-man-city-contract\/"},"author":{"name":"Bladna News Staff","@id":"https:\/\/mediumseagreen-eel-531711.hostingersite.com\/#\/schema\/person\/268e18a453ab080ebf76df6ef7845083"},"headline":"Pep Guardiola insists he will honor his Man City contract","datePublished":"2026-01-25T14:20:26+00:00","mainEntityOfPage":{"@id":"https:\/\/bladnanews.com\/pep-guardiola-insists-he-will-honor-his-man-city-contract\/"},"wordCount":195,"publisher":{"@id":"https:\/\/mediumseagreen-eel-531711.hostingersite.com\/#organization"},"image":{"@id":"https:\/\/bladnanews.com\/pep-guardiola-insists-he-will-honor-his-man-city-contract\/#primaryimage"},"thumbnailUrl":"https:\/\/bladnanews.com\/wp-content\/uploads\/2026\/01\/BladnaNews-Pep-Guardiola-insists-he-will-honor-his-Man-City-contract-2026-01-26T011017.369Z.jpg","articleSection":["International","Latest News"],"inLanguage":"fr-FR","copyrightYear":"2026","copyrightHolder":{"@id":"https:\/\/bladnanews.com\/fr\/#organization"}},{"@type":"WebPage","@id":"https:\/\/bladnanews.com\/pep-guardiola-insists-he-will-honor-his-man-city-contract\/","url":"https:\/\/bladnanews.com\/pep-guardiola-insists-he-will-honor-his-man-city-contract\/","name":"Pep Guardiola insiste sur le fait qu'il honorera son contrat avec Manchester City - Bladna News","isPartOf":{"@id":"https:\/\/mediumseagreen-eel-531711.hostingersite.com\/#website"},"primaryImageOfPage":{"@id":"https:\/\/bladnanews.com\/pep-guardiola-insists-he-will-honor-his-man-city-contract\/#primaryimage"},"image":{"@id":"https:\/\/bladnanews.com\/pep-guardiola-insists-he-will-honor-his-man-city-contract\/#primaryimage"},"thumbnailUrl":"https:\/\/bladnanews.com\/wp-content\/uploads\/2026\/01\/BladnaNews-Pep-Guardiola-insists-he-will-honor-his-Man-City-contract-2026-01-26T011017.369Z.jpg","datePublished":"2026-01-25T14:20:26+00:00","breadcrumb":{"@id":"https:\/\/bladnanews.com\/pep-guardiola-insists-he-will-honor-his-man-city-contract\/#breadcrumb"},"inLanguage":"fr-FR","potentialAction":[{"@type":"ReadAction","target":["https:\/\/bladnanews.com\/pep-guardiola-insists-he-will-honor-his-man-city-contract\/"]}]},{"@type":"ImageObject","inLanguage":"fr-FR","@id":"https:\/\/bladnanews.com\/pep-guardiola-insists-he-will-honor-his-man-city-contract\/#primaryimage","url":"https:\/\/bladnanews.com\/wp-content\/uploads\/2026\/01\/BladnaNews-Pep-Guardiola-insists-he-will-honor-his-Man-City-contract-2026-01-26T011017.369Z.jpg","contentUrl":"https:\/\/bladnanews.com\/wp-content\/uploads\/2026\/01\/BladnaNews-Pep-Guardiola-insists-he-will-honor-his-Man-City-contract-2026-01-26T011017.369Z.jpg","width":1920,"height":1080,"caption":"Pep Guardiola, wearing a white shirt, looks contemplatively downwards in front of the Manchester City logo, showcasing the club's colours."},{"@type":"BreadcrumbList","@id":"https:\/\/bladnanews.com\/pep-guardiola-insists-he-will-honor-his-man-city-contract\/#breadcrumb","itemListElement":[{"@type":"ListItem","position":1,"name":"Home","item":"https:\/\/bladnanews.com\/"},{"@type":"ListItem","position":2,"name":"Pep Guardiola insists he will honor his Man City contract"}]},{"@type":"WebSite","@id":"https:\/\/mediumseagreen-eel-531711.hostingersite.com\/#website","url":"https:\/\/mediumseagreen-eel-531711.hostingersite.com\/","name":"Bladna News - Maroc","description":"Quand le football marocain rencontre le monde","publisher":{"@id":"https:\/\/mediumseagreen-eel-531711.hostingersite.com\/#organization"},"potentialAction":[{"@type":"SearchAction","target":{"@type":"EntryPoint","urlTemplate":"https:\/\/mediumseagreen-eel-531711.hostingersite.com\/?s={search_term_string}"},"query-input":{"@type":"PropertyValueSpecification","valueRequired":true,"valueName":"search_term_string"}}],"inLanguage":"fr-FR"},{"@type":"Organization","@id":"https:\/\/mediumseagreen-eel-531711.hostingersite.com\/#organization","name":"Bladna News.com","url":"https:\/\/mediumseagreen-eel-531711.hostingersite.com\/","logo":{"@type":"ImageObject","inLanguage":"fr-FR","@id":"https:\/\/mediumseagreen-eel-531711.hostingersite.com\/#\/schema\/logo\/image\/","url":"https:\/\/bladnanews.com\/wp-content\/uploads\/2025\/12\/logo-bladnanews-V2-web-black-red.png","contentUrl":"https:\/\/bladnanews.com\/wp-content\/uploads\/2025\/12\/logo-bladnanews-V2-web-black-red.png","width":703,"height":287,"caption":"Bladna News.com"},"image":{"@id":"https:\/\/mediumseagreen-eel-531711.hostingersite.com\/#\/schema\/logo\/image\/"},"email":"info@bladnanews.com","legalName":"Bladna News"},{"@type":"Person","@id":"https:\/\/mediumseagreen-eel-531711.hostingersite.com\/#\/schema\/person\/268e18a453ab080ebf76df6ef7845083","name":"\u00c9quipe r\u00e9dactionnelle de Bladna News","url":"https:\/\/bladnanews.com\/fr\/author\/bladna-news-staff\/"}]}},"_links":{"self":[{"href":"https:\/\/bladnanews.com\/fr\/wp-json\/wp\/v2\/posts\/7731","targetHints":{"allow":["GET"]}}],"collection":[{"href":"https:\/\/bladnanews.com\/fr\/wp-json\/wp\/v2\/posts"}],"about":[{"href":"https:\/\/bladnanews.com\/fr\/wp-json\/wp\/v2\/types\/post"}],"author":[{"embeddable":true,"href":"https:\/\/bladnanews.com\/fr\/wp-json\/wp\/v2\/users\/3"}],"replies":[{"embeddable":true,"href":"https:\/\/bladnanews.com\/fr\/wp-json\/wp\/v2\/comments?post=7731"}],"version-history":[{"count":0,"href":"https:\/\/bladnanews.com\/fr\/wp-json\/wp\/v2\/posts\/7731\/revisions"}],"wp:featuredmedia":[{"embeddable":true,"href":"https:\/\/bladnanews.com\/fr\/wp-json\/wp\/v2\/media\/7730"}],"wp:attachment":[{"href":"https:\/\/bladnanews.com\/fr\/wp-json\/wp\/v2\/media?parent=7731"}],"wp:term":[{"taxonomy":"category","embeddable":true,"href":"https:\/\/bladnanews.com\/fr\/wp-json\/wp\/v2\/categories?post=7731"},{"taxonomy":"post_tag","embeddable":true,"href":"https:\/\/bladnanews.com\/fr\/wp-json\/wp\/v2\/tags?post=7731"}],"curies":[{"name":"wp","href":"https:\/\/api.w.org\/{rel}","templated":true}]}}