{"id":7749,"date":"2026-01-25T16:24:29","date_gmt":"2026-01-25T16:24:29","guid":{"rendered":"https:\/\/bladnanews.com\/next-man-city-captain-prediction-amid-bernardo-silva-exit\/"},"modified":"2026-01-25T16:24:29","modified_gmt":"2026-01-25T16:24:29","slug":"prediction-du-prochain-capitaine-de-manchester-city-dans-le-contexte-du-depart-de-bernardo-silva","status":"publish","type":"post","link":"https:\/\/bladnanews.com\/fr\/prediction-du-prochain-capitaine-de-manchester-city-dans-le-contexte-du-depart-de-bernardo-silva\/","title":{"rendered":"Pr\u00e9diction du prochain capitaine de Manchester City dans le contexte du d\u00e9part de Bernardo Silva"},"content":{"rendered":"<p>Manchester City anticipe d\u00e9j\u00e0 qui pourrait reprendre le brassard de capitaine si Bernardo Silva venait \u00e0 partir, une nouvelle pr\u00e9vision citant R\u00faben Dias et Erling Haaland parmi les principaux candidats.<\/p>\n<p>Silva a \u00e9t\u00e9 une figure cl\u00e9 pour City et a r\u00e9guli\u00e8rement fait partie du groupe de leaders, mais son avenir reste un sujet de d\u00e9bat majeur. Alors qu'un d\u00e9part est d\u00e9sormais \u00e9voqu\u00e9, l'attention s'est tourn\u00e9e vers la mani\u00e8re dont Pep Guardiola pourrait remodeler le leadership sur le terrain.<\/p>\n<p>Parmi les noms associ\u00e9s \u00e0 ce r\u00f4le, Dias se distingue comme une option naturelle, s'\u00e9tant impos\u00e9 comme l'une des voix seniors de l'\u00e9quipe depuis son arriv\u00e9e \u00e0 l'Etihad. Haaland a \u00e9galement \u00e9t\u00e9 mentionn\u00e9 comme un candidat, \u00e9tant devenu l'un des joueurs les plus importants de City et une pr\u00e9sence affirm\u00e9e dans les vestiaires.<\/p>\n<p>Cette pr\u00e9vision intervient alors que City se pr\u00e9pare pour une nouvelle saison au plus haut niveau, o\u00f9 le leadership sur le terrain sera \u00e0 nouveau crucial. Si Silva venait \u00e0 partir, le club aurait une d\u00e9cision \u00e0 prendre concernant le prochain capitaine permanent et lequel des leaders actuels est le mieux plac\u00e9 pour endosser cette responsabilit\u00e9.<\/p>","protected":false},"excerpt":{"rendered":"<p>Manchester City are already looking ahead to who could take the captain\u2019s armband if Bernardo Silva moves on, with a [&hellip;]<\/p>\n","protected":false},"author":3,"featured_media":7748,"comment_status":"","ping_status":"open","sticky":false,"template":"","format":"standard","meta":{"googlesitekit_rrm_CAow_uzEDA:productID":"","site-sidebar-layout":"default","site-content-layout":"","ast-site-content-layout":"default","site-content-style":"default","site-sidebar-style":"default","ast-global-header-display":"","ast-banner-title-visibility":"","ast-main-header-display":"","ast-hfb-above-header-display":"","ast-hfb-below-header-display":"","ast-hfb-mobile-header-display":"","site-post-title":"","ast-breadcrumbs-content":"","ast-featured-img":"","footer-sml-layout":"","ast-disable-related-posts":"","theme-transparent-header-meta":"","adv-header-id-meta":"","stick-header-meta":"","header-above-stick-meta":"","header-main-stick-meta":"","header-below-stick-meta":"","astra-migrate-meta-layouts":"default","ast-page-background-enabled":"default","ast-page-background-meta":{"desktop":{"background-color":"var(--ast-global-color-5)","background-image":"","background-repeat":"repeat","background-position":"center center","background-size":"auto","background-attachment":"scroll","background-type":"","background-media":"","overlay-type":"","overlay-color":"","overlay-opacity":"","overlay-gradient":""},"tablet":{"background-color":"","background-image":"","background-repeat":"repeat","background-position":"center center","background-size":"auto","background-attachment":"scroll","background-type":"","background-media":"","overlay-type":"","overlay-color":"","overlay-opacity":"","overlay-gradient":""},"mobile":{"background-color":"","background-image":"","background-repeat":"repeat","background-position":"center center","background-size":"auto","background-attachment":"scroll","background-type":"","background-media":"","overlay-type":"","overlay-color":"","overlay-opacity":"","overlay-gradient":""}},"ast-content-background-meta":{"desktop":{"background-color":"var(--ast-global-color-4)","background-image":"","background-repeat":"repeat","background-position":"center center","background-size":"auto","background-attachment":"scroll","background-type":"","background-media":"","overlay-type":"","overlay-color":"","overlay-opacity":"","overlay-gradient":""},"tablet":{"background-color":"var(--ast-global-color-4)","background-image":"","background-repeat":"repeat","background-position":"center center","background-size":"auto","background-attachment":"scroll","background-type":"","background-media":"","overlay-type":"","overlay-color":"","overlay-opacity":"","overlay-gradient":""},"mobile":{"background-color":"var(--ast-global-color-4)","background-image":"","background-repeat":"repeat","background-position":"center center","background-size":"auto","background-attachment":"scroll","background-type":"","background-media":"","overlay-type":"","overlay-color":"","overlay-opacity":"","overlay-gradient":""}},"footnotes":""},"categories":[20,1],"tags":[],"class_list":["post-7749","post","type-post","status-publish","format-standard","has-post-thumbnail","hentry","category-international","category-football-latest-news"],"yoast_head":"<!-- This site is optimized with the Yoast SEO Premium plugin v26.6 (Yoast SEO v27.4) - https:\/\/yoast.com\/product\/yoast-seo-premium-wordpress\/ -->\n<title>Next Man City captain prediction amid Bernardo Silva exit - Bladna News<\/title>\n<meta name=\"robots\" content=\"index, follow, max-snippet:-1, max-image-preview:large, max-video-preview:-1\" \/>\n<link rel=\"canonical\" href=\"https:\/\/bladnanews.com\/fr\/prediction-du-prochain-capitaine-de-manchester-city-dans-le-contexte-du-depart-de-bernardo-silva\/\" \/>\n<meta property=\"og:locale\" content=\"fr_FR\" \/>\n<meta property=\"og:type\" content=\"article\" \/>\n<meta property=\"og:title\" content=\"Next Man City captain prediction amid Bernardo Silva exit\" \/>\n<meta property=\"og:description\" content=\"Manchester City are already looking ahead to who could take the captain\u2019s armband if Bernardo Silva moves on, with a [&hellip;]\" \/>\n<meta property=\"og:url\" content=\"https:\/\/bladnanews.com\/fr\/prediction-du-prochain-capitaine-de-manchester-city-dans-le-contexte-du-depart-de-bernardo-silva\/\" \/>\n<meta property=\"og:site_name\" content=\"Bladna News\" \/>\n<meta property=\"article:published_time\" content=\"2026-01-25T16:24:29+00:00\" \/>\n<meta property=\"og:image\" content=\"https:\/\/bladnanews.com\/wp-content\/uploads\/2025\/12\/freepik__bladna-newscom-moroccan-soccer-homepage-banner-mor__41838.png\" \/>\n\t<meta property=\"og:image:width\" content=\"1312\" \/>\n\t<meta property=\"og:image:height\" content=\"736\" \/>\n\t<meta property=\"og:image:type\" content=\"image\/png\" \/>\n<meta name=\"author\" content=\"Bladna News Staff\" \/>\n<meta name=\"twitter:card\" content=\"summary_large_image\" \/>\n<meta name=\"twitter:label1\" content=\"\u00c9crit par\" \/>\n\t<meta name=\"twitter:data1\" content=\"Bladna News Staff\" \/>\n\t<meta name=\"twitter:label2\" content=\"Dur\u00e9e de lecture estim\u00e9e\" \/>\n\t<meta name=\"twitter:data2\" content=\"1 minute\" \/>\n<script type=\"application\/ld+json\" class=\"yoast-schema-graph\">{\"@context\":\"https:\\\/\\\/schema.org\",\"@graph\":[{\"@type\":\"Article\",\"@id\":\"https:\\\/\\\/bladnanews.com\\\/next-man-city-captain-prediction-amid-bernardo-silva-exit\\\/#article\",\"isPartOf\":{\"@id\":\"https:\\\/\\\/bladnanews.com\\\/next-man-city-captain-prediction-amid-bernardo-silva-exit\\\/\"},\"author\":{\"name\":\"Bladna News Staff\",\"@id\":\"https:\\\/\\\/mediumseagreen-eel-531711.hostingersite.com\\\/#\\\/schema\\\/person\\\/268e18a453ab080ebf76df6ef7845083\"},\"headline\":\"Next Man City captain prediction amid Bernardo Silva exit\",\"datePublished\":\"2026-01-25T16:24:29+00:00\",\"mainEntityOfPage\":{\"@id\":\"https:\\\/\\\/bladnanews.com\\\/next-man-city-captain-prediction-amid-bernardo-silva-exit\\\/\"},\"wordCount\":193,\"publisher\":{\"@id\":\"https:\\\/\\\/mediumseagreen-eel-531711.hostingersite.com\\\/#organization\"},\"image\":{\"@id\":\"https:\\\/\\\/bladnanews.com\\\/next-man-city-captain-prediction-amid-bernardo-silva-exit\\\/#primaryimage\"},\"thumbnailUrl\":\"https:\\\/\\\/bladnanews.com\\\/wp-content\\\/uploads\\\/2026\\\/01\\\/BladnaNews-Next-Man-City-captain-prediction-amid-Bernardo-Silva-exit-2026-01-26T051035.242Z.jpg\",\"articleSection\":[\"International\",\"Latest News\"],\"inLanguage\":\"fr-FR\",\"copyrightYear\":\"2026\",\"copyrightHolder\":{\"@id\":\"https:\\\/\\\/bladnanews.com\\\/fr\\\/#organization\"}},{\"@type\":\"WebPage\",\"@id\":\"https:\\\/\\\/bladnanews.com\\\/next-man-city-captain-prediction-amid-bernardo-silva-exit\\\/\",\"url\":\"https:\\\/\\\/bladnanews.com\\\/next-man-city-captain-prediction-amid-bernardo-silva-exit\\\/\",\"name\":\"Next Man City captain prediction amid Bernardo Silva exit - Bladna News\",\"isPartOf\":{\"@id\":\"https:\\\/\\\/mediumseagreen-eel-531711.hostingersite.com\\\/#website\"},\"primaryImageOfPage\":{\"@id\":\"https:\\\/\\\/bladnanews.com\\\/next-man-city-captain-prediction-amid-bernardo-silva-exit\\\/#primaryimage\"},\"image\":{\"@id\":\"https:\\\/\\\/bladnanews.com\\\/next-man-city-captain-prediction-amid-bernardo-silva-exit\\\/#primaryimage\"},\"thumbnailUrl\":\"https:\\\/\\\/bladnanews.com\\\/wp-content\\\/uploads\\\/2026\\\/01\\\/BladnaNews-Next-Man-City-captain-prediction-amid-Bernardo-Silva-exit-2026-01-26T051035.242Z.jpg\",\"datePublished\":\"2026-01-25T16:24:29+00:00\",\"breadcrumb\":{\"@id\":\"https:\\\/\\\/bladnanews.com\\\/next-man-city-captain-prediction-amid-bernardo-silva-exit\\\/#breadcrumb\"},\"inLanguage\":\"fr-FR\",\"potentialAction\":[{\"@type\":\"ReadAction\",\"target\":[\"https:\\\/\\\/bladnanews.com\\\/next-man-city-captain-prediction-amid-bernardo-silva-exit\\\/\"]}]},{\"@type\":\"ImageObject\",\"inLanguage\":\"fr-FR\",\"@id\":\"https:\\\/\\\/bladnanews.com\\\/next-man-city-captain-prediction-amid-bernardo-silva-exit\\\/#primaryimage\",\"url\":\"https:\\\/\\\/bladnanews.com\\\/wp-content\\\/uploads\\\/2026\\\/01\\\/BladnaNews-Next-Man-City-captain-prediction-amid-Bernardo-Silva-exit-2026-01-26T051035.242Z.jpg\",\"contentUrl\":\"https:\\\/\\\/bladnanews.com\\\/wp-content\\\/uploads\\\/2026\\\/01\\\/BladnaNews-Next-Man-City-captain-prediction-amid-Bernardo-Silva-exit-2026-01-26T051035.242Z.jpg\",\"width\":1920,\"height\":1080,\"caption\":\"Erling Haaland, Bernardo Silva, and R\u00faben Dias in Manchester City's sky blue kit, showcasing team dynamics during a match.\"},{\"@type\":\"BreadcrumbList\",\"@id\":\"https:\\\/\\\/bladnanews.com\\\/next-man-city-captain-prediction-amid-bernardo-silva-exit\\\/#breadcrumb\",\"itemListElement\":[{\"@type\":\"ListItem\",\"position\":1,\"name\":\"Home\",\"item\":\"https:\\\/\\\/bladnanews.com\\\/\"},{\"@type\":\"ListItem\",\"position\":2,\"name\":\"Next Man City captain prediction amid Bernardo Silva exit\"}]},{\"@type\":\"WebSite\",\"@id\":\"https:\\\/\\\/mediumseagreen-eel-531711.hostingersite.com\\\/#website\",\"url\":\"https:\\\/\\\/mediumseagreen-eel-531711.hostingersite.com\\\/\",\"name\":\"Bladna News - Morocco\",\"description\":\"Where Moroccan Football Meets the World\",\"publisher\":{\"@id\":\"https:\\\/\\\/mediumseagreen-eel-531711.hostingersite.com\\\/#organization\"},\"potentialAction\":[{\"@type\":\"SearchAction\",\"target\":{\"@type\":\"EntryPoint\",\"urlTemplate\":\"https:\\\/\\\/mediumseagreen-eel-531711.hostingersite.com\\\/?s={search_term_string}\"},\"query-input\":{\"@type\":\"PropertyValueSpecification\",\"valueRequired\":true,\"valueName\":\"search_term_string\"}}],\"inLanguage\":\"fr-FR\"},{\"@type\":\"Organization\",\"@id\":\"https:\\\/\\\/mediumseagreen-eel-531711.hostingersite.com\\\/#organization\",\"name\":\"Bladna News.com\",\"url\":\"https:\\\/\\\/mediumseagreen-eel-531711.hostingersite.com\\\/\",\"logo\":{\"@type\":\"ImageObject\",\"inLanguage\":\"fr-FR\",\"@id\":\"https:\\\/\\\/mediumseagreen-eel-531711.hostingersite.com\\\/#\\\/schema\\\/logo\\\/image\\\/\",\"url\":\"https:\\\/\\\/bladnanews.com\\\/wp-content\\\/uploads\\\/2025\\\/12\\\/logo-bladnanews-V2-web-black-red.png\",\"contentUrl\":\"https:\\\/\\\/bladnanews.com\\\/wp-content\\\/uploads\\\/2025\\\/12\\\/logo-bladnanews-V2-web-black-red.png\",\"width\":703,\"height\":287,\"caption\":\"Bladna News.com\"},\"image\":{\"@id\":\"https:\\\/\\\/mediumseagreen-eel-531711.hostingersite.com\\\/#\\\/schema\\\/logo\\\/image\\\/\"},\"email\":\"info@bladnanews.com\",\"legalName\":\"Bladna News\"},{\"@type\":\"Person\",\"@id\":\"https:\\\/\\\/mediumseagreen-eel-531711.hostingersite.com\\\/#\\\/schema\\\/person\\\/268e18a453ab080ebf76df6ef7845083\",\"name\":\"Bladna News Staff\",\"url\":\"https:\\\/\\\/bladnanews.com\\\/fr\\\/author\\\/bladna-news-staff\\\/\"}]}<\/script>\n<!-- \/ Yoast SEO Premium plugin. -->","yoast_head_json":{"title":"Pr\u00e9diction du prochain capitaine de Manchester City suite au d\u00e9part de Bernardo Silva - Bladna News","robots":{"index":"index","follow":"follow","max-snippet":"max-snippet:-1","max-image-preview":"max-image-preview:large","max-video-preview":"max-video-preview:-1"},"canonical":"https:\/\/bladnanews.com\/fr\/prediction-du-prochain-capitaine-de-manchester-city-dans-le-contexte-du-depart-de-bernardo-silva\/","og_locale":"fr_FR","og_type":"article","og_title":"Next Man City captain prediction amid Bernardo Silva exit","og_description":"Manchester City are already looking ahead to who could take the captain\u2019s armband if Bernardo Silva moves on, with a [&hellip;]","og_url":"https:\/\/bladnanews.com\/fr\/prediction-du-prochain-capitaine-de-manchester-city-dans-le-contexte-du-depart-de-bernardo-silva\/","og_site_name":"Bladna News","article_published_time":"2026-01-25T16:24:29+00:00","og_image":[{"width":1312,"height":736,"url":"https:\/\/bladnanews.com\/wp-content\/uploads\/2025\/12\/freepik__bladna-newscom-moroccan-soccer-homepage-banner-mor__41838.png","type":"image\/png"}],"author":"Bladna News Staff","twitter_card":"summary_large_image","twitter_misc":{"\u00c9crit par":"Bladna News Staff","Dur\u00e9e de lecture estim\u00e9e":"1 minute"},"schema":{"@context":"https:\/\/schema.org","@graph":[{"@type":"Article","@id":"https:\/\/bladnanews.com\/next-man-city-captain-prediction-amid-bernardo-silva-exit\/#article","isPartOf":{"@id":"https:\/\/bladnanews.com\/next-man-city-captain-prediction-amid-bernardo-silva-exit\/"},"author":{"name":"Bladna News Staff","@id":"https:\/\/mediumseagreen-eel-531711.hostingersite.com\/#\/schema\/person\/268e18a453ab080ebf76df6ef7845083"},"headline":"Next Man City captain prediction amid Bernardo Silva exit","datePublished":"2026-01-25T16:24:29+00:00","mainEntityOfPage":{"@id":"https:\/\/bladnanews.com\/next-man-city-captain-prediction-amid-bernardo-silva-exit\/"},"wordCount":193,"publisher":{"@id":"https:\/\/mediumseagreen-eel-531711.hostingersite.com\/#organization"},"image":{"@id":"https:\/\/bladnanews.com\/next-man-city-captain-prediction-amid-bernardo-silva-exit\/#primaryimage"},"thumbnailUrl":"https:\/\/bladnanews.com\/wp-content\/uploads\/2026\/01\/BladnaNews-Next-Man-City-captain-prediction-amid-Bernardo-Silva-exit-2026-01-26T051035.242Z.jpg","articleSection":["International","Latest News"],"inLanguage":"fr-FR","copyrightYear":"2026","copyrightHolder":{"@id":"https:\/\/bladnanews.com\/fr\/#organization"}},{"@type":"WebPage","@id":"https:\/\/bladnanews.com\/next-man-city-captain-prediction-amid-bernardo-silva-exit\/","url":"https:\/\/bladnanews.com\/next-man-city-captain-prediction-amid-bernardo-silva-exit\/","name":"Pr\u00e9diction du prochain capitaine de Manchester City suite au d\u00e9part de Bernardo Silva - Bladna News","isPartOf":{"@id":"https:\/\/mediumseagreen-eel-531711.hostingersite.com\/#website"},"primaryImageOfPage":{"@id":"https:\/\/bladnanews.com\/next-man-city-captain-prediction-amid-bernardo-silva-exit\/#primaryimage"},"image":{"@id":"https:\/\/bladnanews.com\/next-man-city-captain-prediction-amid-bernardo-silva-exit\/#primaryimage"},"thumbnailUrl":"https:\/\/bladnanews.com\/wp-content\/uploads\/2026\/01\/BladnaNews-Next-Man-City-captain-prediction-amid-Bernardo-Silva-exit-2026-01-26T051035.242Z.jpg","datePublished":"2026-01-25T16:24:29+00:00","breadcrumb":{"@id":"https:\/\/bladnanews.com\/next-man-city-captain-prediction-amid-bernardo-silva-exit\/#breadcrumb"},"inLanguage":"fr-FR","potentialAction":[{"@type":"ReadAction","target":["https:\/\/bladnanews.com\/next-man-city-captain-prediction-amid-bernardo-silva-exit\/"]}]},{"@type":"ImageObject","inLanguage":"fr-FR","@id":"https:\/\/bladnanews.com\/next-man-city-captain-prediction-amid-bernardo-silva-exit\/#primaryimage","url":"https:\/\/bladnanews.com\/wp-content\/uploads\/2026\/01\/BladnaNews-Next-Man-City-captain-prediction-amid-Bernardo-Silva-exit-2026-01-26T051035.242Z.jpg","contentUrl":"https:\/\/bladnanews.com\/wp-content\/uploads\/2026\/01\/BladnaNews-Next-Man-City-captain-prediction-amid-Bernardo-Silva-exit-2026-01-26T051035.242Z.jpg","width":1920,"height":1080,"caption":"Erling Haaland, Bernardo Silva, and R\u00faben Dias in Manchester City's sky blue kit, showcasing team dynamics during a match."},{"@type":"BreadcrumbList","@id":"https:\/\/bladnanews.com\/next-man-city-captain-prediction-amid-bernardo-silva-exit\/#breadcrumb","itemListElement":[{"@type":"ListItem","position":1,"name":"Home","item":"https:\/\/bladnanews.com\/"},{"@type":"ListItem","position":2,"name":"Next Man City captain prediction amid Bernardo Silva exit"}]},{"@type":"WebSite","@id":"https:\/\/mediumseagreen-eel-531711.hostingersite.com\/#website","url":"https:\/\/mediumseagreen-eel-531711.hostingersite.com\/","name":"Bladna News - Maroc","description":"Quand le football marocain rencontre le monde","publisher":{"@id":"https:\/\/mediumseagreen-eel-531711.hostingersite.com\/#organization"},"potentialAction":[{"@type":"SearchAction","target":{"@type":"EntryPoint","urlTemplate":"https:\/\/mediumseagreen-eel-531711.hostingersite.com\/?s={search_term_string}"},"query-input":{"@type":"PropertyValueSpecification","valueRequired":true,"valueName":"search_term_string"}}],"inLanguage":"fr-FR"},{"@type":"Organization","@id":"https:\/\/mediumseagreen-eel-531711.hostingersite.com\/#organization","name":"Bladna News.com","url":"https:\/\/mediumseagreen-eel-531711.hostingersite.com\/","logo":{"@type":"ImageObject","inLanguage":"fr-FR","@id":"https:\/\/mediumseagreen-eel-531711.hostingersite.com\/#\/schema\/logo\/image\/","url":"https:\/\/bladnanews.com\/wp-content\/uploads\/2025\/12\/logo-bladnanews-V2-web-black-red.png","contentUrl":"https:\/\/bladnanews.com\/wp-content\/uploads\/2025\/12\/logo-bladnanews-V2-web-black-red.png","width":703,"height":287,"caption":"Bladna News.com"},"image":{"@id":"https:\/\/mediumseagreen-eel-531711.hostingersite.com\/#\/schema\/logo\/image\/"},"email":"info@bladnanews.com","legalName":"Bladna News"},{"@type":"Person","@id":"https:\/\/mediumseagreen-eel-531711.hostingersite.com\/#\/schema\/person\/268e18a453ab080ebf76df6ef7845083","name":"\u00c9quipe r\u00e9dactionnelle de Bladna News","url":"https:\/\/bladnanews.com\/fr\/author\/bladna-news-staff\/"}]}},"_links":{"self":[{"href":"https:\/\/bladnanews.com\/fr\/wp-json\/wp\/v2\/posts\/7749","targetHints":{"allow":["GET"]}}],"collection":[{"href":"https:\/\/bladnanews.com\/fr\/wp-json\/wp\/v2\/posts"}],"about":[{"href":"https:\/\/bladnanews.com\/fr\/wp-json\/wp\/v2\/types\/post"}],"author":[{"embeddable":true,"href":"https:\/\/bladnanews.com\/fr\/wp-json\/wp\/v2\/users\/3"}],"replies":[{"embeddable":true,"href":"https:\/\/bladnanews.com\/fr\/wp-json\/wp\/v2\/comments?post=7749"}],"version-history":[{"count":0,"href":"https:\/\/bladnanews.com\/fr\/wp-json\/wp\/v2\/posts\/7749\/revisions"}],"wp:featuredmedia":[{"embeddable":true,"href":"https:\/\/bladnanews.com\/fr\/wp-json\/wp\/v2\/media\/7748"}],"wp:attachment":[{"href":"https:\/\/bladnanews.com\/fr\/wp-json\/wp\/v2\/media?parent=7749"}],"wp:term":[{"taxonomy":"category","embeddable":true,"href":"https:\/\/bladnanews.com\/fr\/wp-json\/wp\/v2\/categories?post=7749"},{"taxonomy":"post_tag","embeddable":true,"href":"https:\/\/bladnanews.com\/fr\/wp-json\/wp\/v2\/tags?post=7749"}],"curies":[{"name":"wp","href":"https:\/\/api.w.org\/{rel}","templated":true}]}}