{"id":7751,"date":"2026-01-25T16:58:51","date_gmt":"2026-01-25T16:58:51","guid":{"rendered":"https:\/\/bladnanews.com\/liam-rosenior-explains-cole-palmer-absence-and-responds-to-transfer-talk\/"},"modified":"2026-01-25T16:58:51","modified_gmt":"2026-01-25T16:58:51","slug":"liam-rosenior-explique-labsence-de-cole-palmer-et-repond-aux-rumeurs-de-transfert","status":"publish","type":"post","link":"https:\/\/bladnanews.com\/fr\/liam-rosenior-explique-labsence-de-cole-palmer-et-repond-aux-rumeurs-de-transfert\/","title":{"rendered":"Liam Rosenior explique l'absence de Cole Palmer et r\u00e9pond aux rumeurs de transfert"},"content":{"rendered":"<p>Liam Rosenior a expliqu\u00e9 pourquoi Cole Palmer n'a pas fait le d\u00e9placement avec Chelsea pour affronter Crystal Palace, tout en r\u00e9pondant aux r\u00e9centes rumeurs de transfert concernant l'international anglais.<\/p>\n<p>Palmer \u00e9tait un absent notable du groupe de match de Chelsea \u00e0 Selhurst Park, ce qui a relanc\u00e9 les discussions sur sa situation apr\u00e8s que des rapports aient d\u00e9crit l'attaquant comme \u201catteint du mal du pays\u201d. Le joueur de 22 ans est l'un des \u00e9l\u00e9ments cl\u00e9s de Chelsea et son absence a imm\u00e9diatement soulev\u00e9 des interrogations.<\/p>\n<p>\u00c9voquant la non-participation de Palmer, Rosenior a confirm\u00e9 que cette d\u00e9cision \u00e9tait due \u00e0 un probl\u00e8me de forme physique et a insist\u00e9 sur le fait qu'il n'y avait pas d'histoire plus importante derri\u00e8re cela. Il a clairement indiqu\u00e9 que le club g\u00e9rait le joueur avec prudence et que la priorit\u00e9 \u00e9tait de le ramener \u00e0 pleine sant\u00e9 plut\u00f4t que de prendre des risques.<\/p>\n<p>Rosenior a \u00e9galement cherch\u00e9 \u00e0 mettre fin aux bruits de transfert, soulignant que Palmer restait un \u00e9l\u00e9ment important des projets de Chelsea. Il a d\u00e9clar\u00e9 que le club ne pr\u00eatait pas attention aux rumeurs et que l'objectif \u00e9tait le retour de Palmer et sa poursuite de contribution.<\/p>\n<p>Chelsea esp\u00e8re maintenant que Palmer sera de nouveau disponible rapidement, Rosenior soulignant qu'il n'y a aucune inqui\u00e9tude concernant l'engagement du joueur malgr\u00e9 l'int\u00e9r\u00eat ext\u00e9rieur et les gros titres persistants.<\/p>","protected":false},"excerpt":{"rendered":"<p>Liam Rosenior has explained why Cole Palmer did not travel with Chelsea for their trip to Crystal Palace, while also [&hellip;]<\/p>\n","protected":false},"author":3,"featured_media":7750,"comment_status":"","ping_status":"open","sticky":false,"template":"","format":"standard","meta":{"googlesitekit_rrm_CAow_uzEDA:productID":"","site-sidebar-layout":"default","site-content-layout":"","ast-site-content-layout":"default","site-content-style":"default","site-sidebar-style":"default","ast-global-header-display":"","ast-banner-title-visibility":"","ast-main-header-display":"","ast-hfb-above-header-display":"","ast-hfb-below-header-display":"","ast-hfb-mobile-header-display":"","site-post-title":"","ast-breadcrumbs-content":"","ast-featured-img":"","footer-sml-layout":"","ast-disable-related-posts":"","theme-transparent-header-meta":"","adv-header-id-meta":"","stick-header-meta":"","header-above-stick-meta":"","header-main-stick-meta":"","header-below-stick-meta":"","astra-migrate-meta-layouts":"default","ast-page-background-enabled":"default","ast-page-background-meta":{"desktop":{"background-color":"var(--ast-global-color-5)","background-image":"","background-repeat":"repeat","background-position":"center center","background-size":"auto","background-attachment":"scroll","background-type":"","background-media":"","overlay-type":"","overlay-color":"","overlay-opacity":"","overlay-gradient":""},"tablet":{"background-color":"","background-image":"","background-repeat":"repeat","background-position":"center center","background-size":"auto","background-attachment":"scroll","background-type":"","background-media":"","overlay-type":"","overlay-color":"","overlay-opacity":"","overlay-gradient":""},"mobile":{"background-color":"","background-image":"","background-repeat":"repeat","background-position":"center center","background-size":"auto","background-attachment":"scroll","background-type":"","background-media":"","overlay-type":"","overlay-color":"","overlay-opacity":"","overlay-gradient":""}},"ast-content-background-meta":{"desktop":{"background-color":"var(--ast-global-color-4)","background-image":"","background-repeat":"repeat","background-position":"center center","background-size":"auto","background-attachment":"scroll","background-type":"","background-media":"","overlay-type":"","overlay-color":"","overlay-opacity":"","overlay-gradient":""},"tablet":{"background-color":"var(--ast-global-color-4)","background-image":"","background-repeat":"repeat","background-position":"center center","background-size":"auto","background-attachment":"scroll","background-type":"","background-media":"","overlay-type":"","overlay-color":"","overlay-opacity":"","overlay-gradient":""},"mobile":{"background-color":"var(--ast-global-color-4)","background-image":"","background-repeat":"repeat","background-position":"center center","background-size":"auto","background-attachment":"scroll","background-type":"","background-media":"","overlay-type":"","overlay-color":"","overlay-opacity":"","overlay-gradient":""}},"footnotes":""},"categories":[20,1],"tags":[],"class_list":["post-7751","post","type-post","status-publish","format-standard","has-post-thumbnail","hentry","category-international","category-football-latest-news"],"yoast_head":"<!-- This site is optimized with the Yoast SEO Premium plugin v26.6 (Yoast SEO v27.4) - https:\/\/yoast.com\/product\/yoast-seo-premium-wordpress\/ -->\n<title>Liam Rosenior explains Cole Palmer absence and responds to transfer talk - Bladna News<\/title>\n<meta name=\"robots\" content=\"index, follow, max-snippet:-1, max-image-preview:large, max-video-preview:-1\" \/>\n<link rel=\"canonical\" href=\"https:\/\/bladnanews.com\/fr\/liam-rosenior-explique-labsence-de-cole-palmer-et-repond-aux-rumeurs-de-transfert\/\" \/>\n<meta property=\"og:locale\" content=\"fr_FR\" \/>\n<meta property=\"og:type\" content=\"article\" \/>\n<meta property=\"og:title\" content=\"Liam Rosenior explains Cole Palmer absence and responds to transfer talk\" \/>\n<meta property=\"og:description\" content=\"Liam Rosenior has explained why Cole Palmer did not travel with Chelsea for their trip to Crystal Palace, while also [&hellip;]\" \/>\n<meta property=\"og:url\" content=\"https:\/\/bladnanews.com\/fr\/liam-rosenior-explique-labsence-de-cole-palmer-et-repond-aux-rumeurs-de-transfert\/\" \/>\n<meta property=\"og:site_name\" content=\"Bladna News\" \/>\n<meta property=\"article:published_time\" content=\"2026-01-25T16:58:51+00:00\" \/>\n<meta property=\"og:image\" content=\"https:\/\/bladnanews.com\/wp-content\/uploads\/2025\/12\/freepik__bladna-newscom-moroccan-soccer-homepage-banner-mor__41838.png\" \/>\n\t<meta property=\"og:image:width\" content=\"1312\" \/>\n\t<meta property=\"og:image:height\" content=\"736\" \/>\n\t<meta property=\"og:image:type\" content=\"image\/png\" \/>\n<meta name=\"author\" content=\"Bladna News Staff\" \/>\n<meta name=\"twitter:card\" content=\"summary_large_image\" \/>\n<meta name=\"twitter:label1\" content=\"\u00c9crit par\" \/>\n\t<meta name=\"twitter:data1\" content=\"Bladna News Staff\" \/>\n\t<meta name=\"twitter:label2\" content=\"Dur\u00e9e de lecture estim\u00e9e\" \/>\n\t<meta name=\"twitter:data2\" content=\"1 minute\" \/>\n<script type=\"application\/ld+json\" class=\"yoast-schema-graph\">{\"@context\":\"https:\\\/\\\/schema.org\",\"@graph\":[{\"@type\":\"Article\",\"@id\":\"https:\\\/\\\/bladnanews.com\\\/liam-rosenior-explains-cole-palmer-absence-and-responds-to-transfer-talk\\\/#article\",\"isPartOf\":{\"@id\":\"https:\\\/\\\/bladnanews.com\\\/liam-rosenior-explains-cole-palmer-absence-and-responds-to-transfer-talk\\\/\"},\"author\":{\"name\":\"Bladna News Staff\",\"@id\":\"https:\\\/\\\/mediumseagreen-eel-531711.hostingersite.com\\\/#\\\/schema\\\/person\\\/268e18a453ab080ebf76df6ef7845083\"},\"headline\":\"Liam Rosenior explains Cole Palmer absence and responds to transfer talk\",\"datePublished\":\"2026-01-25T16:58:51+00:00\",\"mainEntityOfPage\":{\"@id\":\"https:\\\/\\\/bladnanews.com\\\/liam-rosenior-explains-cole-palmer-absence-and-responds-to-transfer-talk\\\/\"},\"wordCount\":204,\"publisher\":{\"@id\":\"https:\\\/\\\/mediumseagreen-eel-531711.hostingersite.com\\\/#organization\"},\"image\":{\"@id\":\"https:\\\/\\\/bladnanews.com\\\/liam-rosenior-explains-cole-palmer-absence-and-responds-to-transfer-talk\\\/#primaryimage\"},\"thumbnailUrl\":\"https:\\\/\\\/bladnanews.com\\\/wp-content\\\/uploads\\\/2026\\\/01\\\/BladnaNews-Liam-Rosenior-explains-Cole-Palmer-absence-and-responds-to-transfer-talk-2026-01-26T090931.920Z.jpg\",\"articleSection\":[\"International\",\"Latest News\"],\"inLanguage\":\"fr-FR\",\"copyrightYear\":\"2026\",\"copyrightHolder\":{\"@id\":\"https:\\\/\\\/bladnanews.com\\\/fr\\\/#organization\"}},{\"@type\":\"WebPage\",\"@id\":\"https:\\\/\\\/bladnanews.com\\\/liam-rosenior-explains-cole-palmer-absence-and-responds-to-transfer-talk\\\/\",\"url\":\"https:\\\/\\\/bladnanews.com\\\/liam-rosenior-explains-cole-palmer-absence-and-responds-to-transfer-talk\\\/\",\"name\":\"Liam Rosenior explains Cole Palmer absence and responds to transfer talk - Bladna News\",\"isPartOf\":{\"@id\":\"https:\\\/\\\/mediumseagreen-eel-531711.hostingersite.com\\\/#website\"},\"primaryImageOfPage\":{\"@id\":\"https:\\\/\\\/bladnanews.com\\\/liam-rosenior-explains-cole-palmer-absence-and-responds-to-transfer-talk\\\/#primaryimage\"},\"image\":{\"@id\":\"https:\\\/\\\/bladnanews.com\\\/liam-rosenior-explains-cole-palmer-absence-and-responds-to-transfer-talk\\\/#primaryimage\"},\"thumbnailUrl\":\"https:\\\/\\\/bladnanews.com\\\/wp-content\\\/uploads\\\/2026\\\/01\\\/BladnaNews-Liam-Rosenior-explains-Cole-Palmer-absence-and-responds-to-transfer-talk-2026-01-26T090931.920Z.jpg\",\"datePublished\":\"2026-01-25T16:58:51+00:00\",\"breadcrumb\":{\"@id\":\"https:\\\/\\\/bladnanews.com\\\/liam-rosenior-explains-cole-palmer-absence-and-responds-to-transfer-talk\\\/#breadcrumb\"},\"inLanguage\":\"fr-FR\",\"potentialAction\":[{\"@type\":\"ReadAction\",\"target\":[\"https:\\\/\\\/bladnanews.com\\\/liam-rosenior-explains-cole-palmer-absence-and-responds-to-transfer-talk\\\/\"]}]},{\"@type\":\"ImageObject\",\"inLanguage\":\"fr-FR\",\"@id\":\"https:\\\/\\\/bladnanews.com\\\/liam-rosenior-explains-cole-palmer-absence-and-responds-to-transfer-talk\\\/#primaryimage\",\"url\":\"https:\\\/\\\/bladnanews.com\\\/wp-content\\\/uploads\\\/2026\\\/01\\\/BladnaNews-Liam-Rosenior-explains-Cole-Palmer-absence-and-responds-to-transfer-talk-2026-01-26T090931.920Z.jpg\",\"contentUrl\":\"https:\\\/\\\/bladnanews.com\\\/wp-content\\\/uploads\\\/2026\\\/01\\\/BladnaNews-Liam-Rosenior-explains-Cole-Palmer-absence-and-responds-to-transfer-talk-2026-01-26T090931.920Z.jpg\",\"width\":1920,\"height\":1080,\"caption\":\"Liam Rosenior claps in a black jacket on the left, while Cole Palmer stands in Chelsea's blue kit on the right, looking focused.\"},{\"@type\":\"BreadcrumbList\",\"@id\":\"https:\\\/\\\/bladnanews.com\\\/liam-rosenior-explains-cole-palmer-absence-and-responds-to-transfer-talk\\\/#breadcrumb\",\"itemListElement\":[{\"@type\":\"ListItem\",\"position\":1,\"name\":\"Home\",\"item\":\"https:\\\/\\\/bladnanews.com\\\/\"},{\"@type\":\"ListItem\",\"position\":2,\"name\":\"Liam Rosenior explains Cole Palmer absence and responds to transfer talk\"}]},{\"@type\":\"WebSite\",\"@id\":\"https:\\\/\\\/mediumseagreen-eel-531711.hostingersite.com\\\/#website\",\"url\":\"https:\\\/\\\/mediumseagreen-eel-531711.hostingersite.com\\\/\",\"name\":\"Bladna News - Morocco\",\"description\":\"Where Moroccan Football Meets the World\",\"publisher\":{\"@id\":\"https:\\\/\\\/mediumseagreen-eel-531711.hostingersite.com\\\/#organization\"},\"potentialAction\":[{\"@type\":\"SearchAction\",\"target\":{\"@type\":\"EntryPoint\",\"urlTemplate\":\"https:\\\/\\\/mediumseagreen-eel-531711.hostingersite.com\\\/?s={search_term_string}\"},\"query-input\":{\"@type\":\"PropertyValueSpecification\",\"valueRequired\":true,\"valueName\":\"search_term_string\"}}],\"inLanguage\":\"fr-FR\"},{\"@type\":\"Organization\",\"@id\":\"https:\\\/\\\/mediumseagreen-eel-531711.hostingersite.com\\\/#organization\",\"name\":\"Bladna News.com\",\"url\":\"https:\\\/\\\/mediumseagreen-eel-531711.hostingersite.com\\\/\",\"logo\":{\"@type\":\"ImageObject\",\"inLanguage\":\"fr-FR\",\"@id\":\"https:\\\/\\\/mediumseagreen-eel-531711.hostingersite.com\\\/#\\\/schema\\\/logo\\\/image\\\/\",\"url\":\"https:\\\/\\\/bladnanews.com\\\/wp-content\\\/uploads\\\/2025\\\/12\\\/logo-bladnanews-V2-web-black-red.png\",\"contentUrl\":\"https:\\\/\\\/bladnanews.com\\\/wp-content\\\/uploads\\\/2025\\\/12\\\/logo-bladnanews-V2-web-black-red.png\",\"width\":703,\"height\":287,\"caption\":\"Bladna News.com\"},\"image\":{\"@id\":\"https:\\\/\\\/mediumseagreen-eel-531711.hostingersite.com\\\/#\\\/schema\\\/logo\\\/image\\\/\"},\"email\":\"info@bladnanews.com\",\"legalName\":\"Bladna News\"},{\"@type\":\"Person\",\"@id\":\"https:\\\/\\\/mediumseagreen-eel-531711.hostingersite.com\\\/#\\\/schema\\\/person\\\/268e18a453ab080ebf76df6ef7845083\",\"name\":\"Bladna News Staff\",\"url\":\"https:\\\/\\\/bladnanews.com\\\/fr\\\/author\\\/bladna-news-staff\\\/\"}]}<\/script>\n<!-- \/ Yoast SEO Premium plugin. -->","yoast_head_json":{"title":"Liam Rosenior explique l'absence de Cole Palmer et r\u00e9pond aux rumeurs de transfert - Bladna News","robots":{"index":"index","follow":"follow","max-snippet":"max-snippet:-1","max-image-preview":"max-image-preview:large","max-video-preview":"max-video-preview:-1"},"canonical":"https:\/\/bladnanews.com\/fr\/liam-rosenior-explique-labsence-de-cole-palmer-et-repond-aux-rumeurs-de-transfert\/","og_locale":"fr_FR","og_type":"article","og_title":"Liam Rosenior explains Cole Palmer absence and responds to transfer talk","og_description":"Liam Rosenior has explained why Cole Palmer did not travel with Chelsea for their trip to Crystal Palace, while also [&hellip;]","og_url":"https:\/\/bladnanews.com\/fr\/liam-rosenior-explique-labsence-de-cole-palmer-et-repond-aux-rumeurs-de-transfert\/","og_site_name":"Bladna News","article_published_time":"2026-01-25T16:58:51+00:00","og_image":[{"width":1312,"height":736,"url":"https:\/\/bladnanews.com\/wp-content\/uploads\/2025\/12\/freepik__bladna-newscom-moroccan-soccer-homepage-banner-mor__41838.png","type":"image\/png"}],"author":"Bladna News Staff","twitter_card":"summary_large_image","twitter_misc":{"\u00c9crit par":"Bladna News Staff","Dur\u00e9e de lecture estim\u00e9e":"1 minute"},"schema":{"@context":"https:\/\/schema.org","@graph":[{"@type":"Article","@id":"https:\/\/bladnanews.com\/liam-rosenior-explains-cole-palmer-absence-and-responds-to-transfer-talk\/#article","isPartOf":{"@id":"https:\/\/bladnanews.com\/liam-rosenior-explains-cole-palmer-absence-and-responds-to-transfer-talk\/"},"author":{"name":"Bladna News Staff","@id":"https:\/\/mediumseagreen-eel-531711.hostingersite.com\/#\/schema\/person\/268e18a453ab080ebf76df6ef7845083"},"headline":"Liam Rosenior explains Cole Palmer absence and responds to transfer talk","datePublished":"2026-01-25T16:58:51+00:00","mainEntityOfPage":{"@id":"https:\/\/bladnanews.com\/liam-rosenior-explains-cole-palmer-absence-and-responds-to-transfer-talk\/"},"wordCount":204,"publisher":{"@id":"https:\/\/mediumseagreen-eel-531711.hostingersite.com\/#organization"},"image":{"@id":"https:\/\/bladnanews.com\/liam-rosenior-explains-cole-palmer-absence-and-responds-to-transfer-talk\/#primaryimage"},"thumbnailUrl":"https:\/\/bladnanews.com\/wp-content\/uploads\/2026\/01\/BladnaNews-Liam-Rosenior-explains-Cole-Palmer-absence-and-responds-to-transfer-talk-2026-01-26T090931.920Z.jpg","articleSection":["International","Latest News"],"inLanguage":"fr-FR","copyrightYear":"2026","copyrightHolder":{"@id":"https:\/\/bladnanews.com\/fr\/#organization"}},{"@type":"WebPage","@id":"https:\/\/bladnanews.com\/liam-rosenior-explains-cole-palmer-absence-and-responds-to-transfer-talk\/","url":"https:\/\/bladnanews.com\/liam-rosenior-explains-cole-palmer-absence-and-responds-to-transfer-talk\/","name":"Liam Rosenior explique l'absence de Cole Palmer et r\u00e9pond aux rumeurs de transfert - Bladna News","isPartOf":{"@id":"https:\/\/mediumseagreen-eel-531711.hostingersite.com\/#website"},"primaryImageOfPage":{"@id":"https:\/\/bladnanews.com\/liam-rosenior-explains-cole-palmer-absence-and-responds-to-transfer-talk\/#primaryimage"},"image":{"@id":"https:\/\/bladnanews.com\/liam-rosenior-explains-cole-palmer-absence-and-responds-to-transfer-talk\/#primaryimage"},"thumbnailUrl":"https:\/\/bladnanews.com\/wp-content\/uploads\/2026\/01\/BladnaNews-Liam-Rosenior-explains-Cole-Palmer-absence-and-responds-to-transfer-talk-2026-01-26T090931.920Z.jpg","datePublished":"2026-01-25T16:58:51+00:00","breadcrumb":{"@id":"https:\/\/bladnanews.com\/liam-rosenior-explains-cole-palmer-absence-and-responds-to-transfer-talk\/#breadcrumb"},"inLanguage":"fr-FR","potentialAction":[{"@type":"ReadAction","target":["https:\/\/bladnanews.com\/liam-rosenior-explains-cole-palmer-absence-and-responds-to-transfer-talk\/"]}]},{"@type":"ImageObject","inLanguage":"fr-FR","@id":"https:\/\/bladnanews.com\/liam-rosenior-explains-cole-palmer-absence-and-responds-to-transfer-talk\/#primaryimage","url":"https:\/\/bladnanews.com\/wp-content\/uploads\/2026\/01\/BladnaNews-Liam-Rosenior-explains-Cole-Palmer-absence-and-responds-to-transfer-talk-2026-01-26T090931.920Z.jpg","contentUrl":"https:\/\/bladnanews.com\/wp-content\/uploads\/2026\/01\/BladnaNews-Liam-Rosenior-explains-Cole-Palmer-absence-and-responds-to-transfer-talk-2026-01-26T090931.920Z.jpg","width":1920,"height":1080,"caption":"Liam Rosenior claps in a black jacket on the left, while Cole Palmer stands in Chelsea's blue kit on the right, looking focused."},{"@type":"BreadcrumbList","@id":"https:\/\/bladnanews.com\/liam-rosenior-explains-cole-palmer-absence-and-responds-to-transfer-talk\/#breadcrumb","itemListElement":[{"@type":"ListItem","position":1,"name":"Home","item":"https:\/\/bladnanews.com\/"},{"@type":"ListItem","position":2,"name":"Liam Rosenior explains Cole Palmer absence and responds to transfer talk"}]},{"@type":"WebSite","@id":"https:\/\/mediumseagreen-eel-531711.hostingersite.com\/#website","url":"https:\/\/mediumseagreen-eel-531711.hostingersite.com\/","name":"Bladna News - Maroc","description":"Quand le football marocain rencontre le monde","publisher":{"@id":"https:\/\/mediumseagreen-eel-531711.hostingersite.com\/#organization"},"potentialAction":[{"@type":"SearchAction","target":{"@type":"EntryPoint","urlTemplate":"https:\/\/mediumseagreen-eel-531711.hostingersite.com\/?s={search_term_string}"},"query-input":{"@type":"PropertyValueSpecification","valueRequired":true,"valueName":"search_term_string"}}],"inLanguage":"fr-FR"},{"@type":"Organization","@id":"https:\/\/mediumseagreen-eel-531711.hostingersite.com\/#organization","name":"Bladna News.com","url":"https:\/\/mediumseagreen-eel-531711.hostingersite.com\/","logo":{"@type":"ImageObject","inLanguage":"fr-FR","@id":"https:\/\/mediumseagreen-eel-531711.hostingersite.com\/#\/schema\/logo\/image\/","url":"https:\/\/bladnanews.com\/wp-content\/uploads\/2025\/12\/logo-bladnanews-V2-web-black-red.png","contentUrl":"https:\/\/bladnanews.com\/wp-content\/uploads\/2025\/12\/logo-bladnanews-V2-web-black-red.png","width":703,"height":287,"caption":"Bladna News.com"},"image":{"@id":"https:\/\/mediumseagreen-eel-531711.hostingersite.com\/#\/schema\/logo\/image\/"},"email":"info@bladnanews.com","legalName":"Bladna News"},{"@type":"Person","@id":"https:\/\/mediumseagreen-eel-531711.hostingersite.com\/#\/schema\/person\/268e18a453ab080ebf76df6ef7845083","name":"\u00c9quipe r\u00e9dactionnelle de Bladna News","url":"https:\/\/bladnanews.com\/fr\/author\/bladna-news-staff\/"}]}},"_links":{"self":[{"href":"https:\/\/bladnanews.com\/fr\/wp-json\/wp\/v2\/posts\/7751","targetHints":{"allow":["GET"]}}],"collection":[{"href":"https:\/\/bladnanews.com\/fr\/wp-json\/wp\/v2\/posts"}],"about":[{"href":"https:\/\/bladnanews.com\/fr\/wp-json\/wp\/v2\/types\/post"}],"author":[{"embeddable":true,"href":"https:\/\/bladnanews.com\/fr\/wp-json\/wp\/v2\/users\/3"}],"replies":[{"embeddable":true,"href":"https:\/\/bladnanews.com\/fr\/wp-json\/wp\/v2\/comments?post=7751"}],"version-history":[{"count":0,"href":"https:\/\/bladnanews.com\/fr\/wp-json\/wp\/v2\/posts\/7751\/revisions"}],"wp:featuredmedia":[{"embeddable":true,"href":"https:\/\/bladnanews.com\/fr\/wp-json\/wp\/v2\/media\/7750"}],"wp:attachment":[{"href":"https:\/\/bladnanews.com\/fr\/wp-json\/wp\/v2\/media?parent=7751"}],"wp:term":[{"taxonomy":"category","embeddable":true,"href":"https:\/\/bladnanews.com\/fr\/wp-json\/wp\/v2\/categories?post=7751"},{"taxonomy":"post_tag","embeddable":true,"href":"https:\/\/bladnanews.com\/fr\/wp-json\/wp\/v2\/tags?post=7751"}],"curies":[{"name":"wp","href":"https:\/\/api.w.org\/{rel}","templated":true}]}}