{"id":7753,"date":"2026-01-25T17:12:53","date_gmt":"2026-01-25T17:12:53","guid":{"rendered":"https:\/\/bladnanews.com\/lamine-yamal-leads-barcelona-win-over-oviedo-to-go-top\/"},"modified":"2026-01-25T17:12:53","modified_gmt":"2026-01-25T17:12:53","slug":"lamine-yamal-mene-le-fc-barcelone-a-la-victoire-contre-oviedo-pour-prendre-la-tete-du-classement","status":"publish","type":"post","link":"https:\/\/bladnanews.com\/fr\/lamine-yamal-mene-le-fc-barcelone-a-la-victoire-contre-oviedo-pour-prendre-la-tete-du-classement\/","title":{"rendered":"Lamine Yamal m\u00e8ne le FC Barcelone \u00e0 la victoire contre Oviedo pour prendre la t\u00eate du classement."},"content":{"rendered":"<p>Barcelone est retourn\u00e9e en t\u00eate de la Liga apr\u00e8s sa victoire face au Real Oviedo au Camp Nou, Lamine Yamal \u00e9tant une nouvelle fois le joueur qui a fait la diff\u00e9rence.<\/p>\n<p>L'ailier adolescent a fourni l'\u00e9tincelle d\u00e8s le d\u00e9but, faisant preuve d'une s\u00e9r\u00e9nit\u00e9 inhabituelle pour son \u00e2ge et repoussant \u00e0 plusieurs reprises Oviedo dans ses retranchements. Barcelone a contr\u00f4l\u00e9 la majorit\u00e9 du ballon et a patiemment cherch\u00e9 les ouvertures, tandis que les visiteurs se repliaient profond\u00e9ment et tentaient de ralentir le rythme \u00e0 chaque occasion.<\/p>\n<p>La qualit\u00e9 de Yamal a fini par faire la diff\u00e9rence, son impact dans le dernier tiers ayant aid\u00e9 le Bar\u00e7a \u00e0 transformer la pression en buts. Alors que le match \u00e9voluait en faveur de Barcelone, la Blaugrana a ensuite bien g\u00e9r\u00e9 la rencontre, conservant sa structure et limitant les occasions d'Oviedo de revenir au score.<\/p>\n<p>Des aspects positifs ont \u00e9galement \u00e9t\u00e9 observ\u00e9s sur l'ensemble du terrain, la classe de Barcelone s'\u00e9tant illustr\u00e9e \u00e0 domicile, plusieurs joueurs cl\u00e9s ayant contribu\u00e9 \u00e0 garantir que le r\u00e9sultat ne leur \u00e9chappe pas. Cette victoire a suffi \u00e0 les replacer au sommet du classement.<\/p>\n<p>Cela a \u00e9t\u00e9 un nouveau rappel de l'importance croissante de Yamal dans l'effectif de Xavi. Bien qu'encore adolescent, il continue de produire des moments d\u00e9cisifs, et ce match a une nouvelle fois d\u00e9montr\u00e9 que le dernier prodige du Bar\u00e7a performe d\u00e9j\u00e0 au plus haut niveau.<\/p>","protected":false},"excerpt":{"rendered":"<p>Barcelona returned to the top of La Liga after beating Real Oviedo at Camp Nou, with Lamine Yamal once again [&hellip;]<\/p>\n","protected":false},"author":3,"featured_media":7752,"comment_status":"","ping_status":"open","sticky":false,"template":"","format":"standard","meta":{"googlesitekit_rrm_CAow_uzEDA:productID":"","site-sidebar-layout":"default","site-content-layout":"","ast-site-content-layout":"default","site-content-style":"default","site-sidebar-style":"default","ast-global-header-display":"","ast-banner-title-visibility":"","ast-main-header-display":"","ast-hfb-above-header-display":"","ast-hfb-below-header-display":"","ast-hfb-mobile-header-display":"","site-post-title":"","ast-breadcrumbs-content":"","ast-featured-img":"","footer-sml-layout":"","ast-disable-related-posts":"","theme-transparent-header-meta":"","adv-header-id-meta":"","stick-header-meta":"","header-above-stick-meta":"","header-main-stick-meta":"","header-below-stick-meta":"","astra-migrate-meta-layouts":"default","ast-page-background-enabled":"default","ast-page-background-meta":{"desktop":{"background-color":"var(--ast-global-color-5)","background-image":"","background-repeat":"repeat","background-position":"center center","background-size":"auto","background-attachment":"scroll","background-type":"","background-media":"","overlay-type":"","overlay-color":"","overlay-opacity":"","overlay-gradient":""},"tablet":{"background-color":"","background-image":"","background-repeat":"repeat","background-position":"center center","background-size":"auto","background-attachment":"scroll","background-type":"","background-media":"","overlay-type":"","overlay-color":"","overlay-opacity":"","overlay-gradient":""},"mobile":{"background-color":"","background-image":"","background-repeat":"repeat","background-position":"center center","background-size":"auto","background-attachment":"scroll","background-type":"","background-media":"","overlay-type":"","overlay-color":"","overlay-opacity":"","overlay-gradient":""}},"ast-content-background-meta":{"desktop":{"background-color":"var(--ast-global-color-4)","background-image":"","background-repeat":"repeat","background-position":"center center","background-size":"auto","background-attachment":"scroll","background-type":"","background-media":"","overlay-type":"","overlay-color":"","overlay-opacity":"","overlay-gradient":""},"tablet":{"background-color":"var(--ast-global-color-4)","background-image":"","background-repeat":"repeat","background-position":"center center","background-size":"auto","background-attachment":"scroll","background-type":"","background-media":"","overlay-type":"","overlay-color":"","overlay-opacity":"","overlay-gradient":""},"mobile":{"background-color":"var(--ast-global-color-4)","background-image":"","background-repeat":"repeat","background-position":"center center","background-size":"auto","background-attachment":"scroll","background-type":"","background-media":"","overlay-type":"","overlay-color":"","overlay-opacity":"","overlay-gradient":""}},"footnotes":""},"categories":[20,1],"tags":[],"class_list":["post-7753","post","type-post","status-publish","format-standard","has-post-thumbnail","hentry","category-international","category-football-latest-news"],"yoast_head":"<!-- This site is optimized with the Yoast SEO Premium plugin v26.6 (Yoast SEO v27.4) - https:\/\/yoast.com\/product\/yoast-seo-premium-wordpress\/ -->\n<title>Lamine Yamal leads Barcelona win over Oviedo to go top - Bladna News<\/title>\n<meta name=\"robots\" content=\"index, follow, max-snippet:-1, max-image-preview:large, max-video-preview:-1\" \/>\n<link rel=\"canonical\" href=\"https:\/\/bladnanews.com\/fr\/lamine-yamal-mene-le-fc-barcelone-a-la-victoire-contre-oviedo-pour-prendre-la-tete-du-classement\/\" \/>\n<meta property=\"og:locale\" content=\"fr_FR\" \/>\n<meta property=\"og:type\" content=\"article\" \/>\n<meta property=\"og:title\" content=\"Lamine Yamal leads Barcelona win over Oviedo to go top\" \/>\n<meta property=\"og:description\" content=\"Barcelona returned to the top of La Liga after beating Real Oviedo at Camp Nou, with Lamine Yamal once again [&hellip;]\" \/>\n<meta property=\"og:url\" content=\"https:\/\/bladnanews.com\/fr\/lamine-yamal-mene-le-fc-barcelone-a-la-victoire-contre-oviedo-pour-prendre-la-tete-du-classement\/\" \/>\n<meta property=\"og:site_name\" content=\"Bladna News\" \/>\n<meta property=\"article:published_time\" content=\"2026-01-25T17:12:53+00:00\" \/>\n<meta property=\"og:image\" content=\"https:\/\/bladnanews.com\/wp-content\/uploads\/2025\/12\/freepik__bladna-newscom-moroccan-soccer-homepage-banner-mor__41838.png\" \/>\n\t<meta property=\"og:image:width\" content=\"1312\" \/>\n\t<meta property=\"og:image:height\" content=\"736\" \/>\n\t<meta property=\"og:image:type\" content=\"image\/png\" \/>\n<meta name=\"author\" content=\"Bladna News Staff\" \/>\n<meta name=\"twitter:card\" content=\"summary_large_image\" \/>\n<meta name=\"twitter:label1\" content=\"\u00c9crit par\" \/>\n\t<meta name=\"twitter:data1\" content=\"Bladna News Staff\" \/>\n\t<meta name=\"twitter:label2\" content=\"Dur\u00e9e de lecture estim\u00e9e\" \/>\n\t<meta name=\"twitter:data2\" content=\"1 minute\" \/>\n<script type=\"application\/ld+json\" class=\"yoast-schema-graph\">{\"@context\":\"https:\\\/\\\/schema.org\",\"@graph\":[{\"@type\":\"Article\",\"@id\":\"https:\\\/\\\/bladnanews.com\\\/lamine-yamal-leads-barcelona-win-over-oviedo-to-go-top\\\/#article\",\"isPartOf\":{\"@id\":\"https:\\\/\\\/bladnanews.com\\\/lamine-yamal-leads-barcelona-win-over-oviedo-to-go-top\\\/\"},\"author\":{\"name\":\"Bladna News Staff\",\"@id\":\"https:\\\/\\\/mediumseagreen-eel-531711.hostingersite.com\\\/#\\\/schema\\\/person\\\/268e18a453ab080ebf76df6ef7845083\"},\"headline\":\"Lamine Yamal leads Barcelona win over Oviedo to go top\",\"datePublished\":\"2026-01-25T17:12:53+00:00\",\"mainEntityOfPage\":{\"@id\":\"https:\\\/\\\/bladnanews.com\\\/lamine-yamal-leads-barcelona-win-over-oviedo-to-go-top\\\/\"},\"wordCount\":210,\"publisher\":{\"@id\":\"https:\\\/\\\/mediumseagreen-eel-531711.hostingersite.com\\\/#organization\"},\"image\":{\"@id\":\"https:\\\/\\\/bladnanews.com\\\/lamine-yamal-leads-barcelona-win-over-oviedo-to-go-top\\\/#primaryimage\"},\"thumbnailUrl\":\"https:\\\/\\\/bladnanews.com\\\/wp-content\\\/uploads\\\/2026\\\/01\\\/BladnaNews-Lamine-Yamal-leads-Barcelona-win-over-Oviedo-to-go-top-2026-01-26T091015.597Z.jpg\",\"articleSection\":[\"International\",\"Latest News\"],\"inLanguage\":\"fr-FR\",\"copyrightYear\":\"2026\",\"copyrightHolder\":{\"@id\":\"https:\\\/\\\/bladnanews.com\\\/fr\\\/#organization\"}},{\"@type\":\"WebPage\",\"@id\":\"https:\\\/\\\/bladnanews.com\\\/lamine-yamal-leads-barcelona-win-over-oviedo-to-go-top\\\/\",\"url\":\"https:\\\/\\\/bladnanews.com\\\/lamine-yamal-leads-barcelona-win-over-oviedo-to-go-top\\\/\",\"name\":\"Lamine Yamal leads Barcelona win over Oviedo to go top - Bladna News\",\"isPartOf\":{\"@id\":\"https:\\\/\\\/mediumseagreen-eel-531711.hostingersite.com\\\/#website\"},\"primaryImageOfPage\":{\"@id\":\"https:\\\/\\\/bladnanews.com\\\/lamine-yamal-leads-barcelona-win-over-oviedo-to-go-top\\\/#primaryimage\"},\"image\":{\"@id\":\"https:\\\/\\\/bladnanews.com\\\/lamine-yamal-leads-barcelona-win-over-oviedo-to-go-top\\\/#primaryimage\"},\"thumbnailUrl\":\"https:\\\/\\\/bladnanews.com\\\/wp-content\\\/uploads\\\/2026\\\/01\\\/BladnaNews-Lamine-Yamal-leads-Barcelona-win-over-Oviedo-to-go-top-2026-01-26T091015.597Z.jpg\",\"datePublished\":\"2026-01-25T17:12:53+00:00\",\"breadcrumb\":{\"@id\":\"https:\\\/\\\/bladnanews.com\\\/lamine-yamal-leads-barcelona-win-over-oviedo-to-go-top\\\/#breadcrumb\"},\"inLanguage\":\"fr-FR\",\"potentialAction\":[{\"@type\":\"ReadAction\",\"target\":[\"https:\\\/\\\/bladnanews.com\\\/lamine-yamal-leads-barcelona-win-over-oviedo-to-go-top\\\/\"]}]},{\"@type\":\"ImageObject\",\"inLanguage\":\"fr-FR\",\"@id\":\"https:\\\/\\\/bladnanews.com\\\/lamine-yamal-leads-barcelona-win-over-oviedo-to-go-top\\\/#primaryimage\",\"url\":\"https:\\\/\\\/bladnanews.com\\\/wp-content\\\/uploads\\\/2026\\\/01\\\/BladnaNews-Lamine-Yamal-leads-Barcelona-win-over-Oviedo-to-go-top-2026-01-26T091015.597Z.jpg\",\"contentUrl\":\"https:\\\/\\\/bladnanews.com\\\/wp-content\\\/uploads\\\/2026\\\/01\\\/BladnaNews-Lamine-Yamal-leads-Barcelona-win-over-Oviedo-to-go-top-2026-01-26T091015.597Z.jpg\",\"width\":1920,\"height\":1080,\"caption\":\"Lamine Yamal celebrates in Barcelona's vibrant kit, showcasing his skills during a match against Oviedo. Team camaraderie shines as players react to a key moment.\"},{\"@type\":\"BreadcrumbList\",\"@id\":\"https:\\\/\\\/bladnanews.com\\\/lamine-yamal-leads-barcelona-win-over-oviedo-to-go-top\\\/#breadcrumb\",\"itemListElement\":[{\"@type\":\"ListItem\",\"position\":1,\"name\":\"Home\",\"item\":\"https:\\\/\\\/bladnanews.com\\\/\"},{\"@type\":\"ListItem\",\"position\":2,\"name\":\"Lamine Yamal leads Barcelona win over Oviedo to go top\"}]},{\"@type\":\"WebSite\",\"@id\":\"https:\\\/\\\/mediumseagreen-eel-531711.hostingersite.com\\\/#website\",\"url\":\"https:\\\/\\\/mediumseagreen-eel-531711.hostingersite.com\\\/\",\"name\":\"Bladna News - Morocco\",\"description\":\"Where Moroccan Football Meets the World\",\"publisher\":{\"@id\":\"https:\\\/\\\/mediumseagreen-eel-531711.hostingersite.com\\\/#organization\"},\"potentialAction\":[{\"@type\":\"SearchAction\",\"target\":{\"@type\":\"EntryPoint\",\"urlTemplate\":\"https:\\\/\\\/mediumseagreen-eel-531711.hostingersite.com\\\/?s={search_term_string}\"},\"query-input\":{\"@type\":\"PropertyValueSpecification\",\"valueRequired\":true,\"valueName\":\"search_term_string\"}}],\"inLanguage\":\"fr-FR\"},{\"@type\":\"Organization\",\"@id\":\"https:\\\/\\\/mediumseagreen-eel-531711.hostingersite.com\\\/#organization\",\"name\":\"Bladna News.com\",\"url\":\"https:\\\/\\\/mediumseagreen-eel-531711.hostingersite.com\\\/\",\"logo\":{\"@type\":\"ImageObject\",\"inLanguage\":\"fr-FR\",\"@id\":\"https:\\\/\\\/mediumseagreen-eel-531711.hostingersite.com\\\/#\\\/schema\\\/logo\\\/image\\\/\",\"url\":\"https:\\\/\\\/bladnanews.com\\\/wp-content\\\/uploads\\\/2025\\\/12\\\/logo-bladnanews-V2-web-black-red.png\",\"contentUrl\":\"https:\\\/\\\/bladnanews.com\\\/wp-content\\\/uploads\\\/2025\\\/12\\\/logo-bladnanews-V2-web-black-red.png\",\"width\":703,\"height\":287,\"caption\":\"Bladna News.com\"},\"image\":{\"@id\":\"https:\\\/\\\/mediumseagreen-eel-531711.hostingersite.com\\\/#\\\/schema\\\/logo\\\/image\\\/\"},\"email\":\"info@bladnanews.com\",\"legalName\":\"Bladna News\"},{\"@type\":\"Person\",\"@id\":\"https:\\\/\\\/mediumseagreen-eel-531711.hostingersite.com\\\/#\\\/schema\\\/person\\\/268e18a453ab080ebf76df6ef7845083\",\"name\":\"Bladna News Staff\",\"url\":\"https:\\\/\\\/bladnanews.com\\\/fr\\\/author\\\/bladna-news-staff\\\/\"}]}<\/script>\n<!-- \/ Yoast SEO Premium plugin. -->","yoast_head_json":{"title":"Lamine Yamal m\u00e8ne le FC Barcelone \u00e0 la victoire contre Oviedo et le propulse en t\u00eate - Bladna News","robots":{"index":"index","follow":"follow","max-snippet":"max-snippet:-1","max-image-preview":"max-image-preview:large","max-video-preview":"max-video-preview:-1"},"canonical":"https:\/\/bladnanews.com\/fr\/lamine-yamal-mene-le-fc-barcelone-a-la-victoire-contre-oviedo-pour-prendre-la-tete-du-classement\/","og_locale":"fr_FR","og_type":"article","og_title":"Lamine Yamal leads Barcelona win over Oviedo to go top","og_description":"Barcelona returned to the top of La Liga after beating Real Oviedo at Camp Nou, with Lamine Yamal once again [&hellip;]","og_url":"https:\/\/bladnanews.com\/fr\/lamine-yamal-mene-le-fc-barcelone-a-la-victoire-contre-oviedo-pour-prendre-la-tete-du-classement\/","og_site_name":"Bladna News","article_published_time":"2026-01-25T17:12:53+00:00","og_image":[{"width":1312,"height":736,"url":"https:\/\/bladnanews.com\/wp-content\/uploads\/2025\/12\/freepik__bladna-newscom-moroccan-soccer-homepage-banner-mor__41838.png","type":"image\/png"}],"author":"Bladna News Staff","twitter_card":"summary_large_image","twitter_misc":{"\u00c9crit par":"Bladna News Staff","Dur\u00e9e de lecture estim\u00e9e":"1 minute"},"schema":{"@context":"https:\/\/schema.org","@graph":[{"@type":"Article","@id":"https:\/\/bladnanews.com\/lamine-yamal-leads-barcelona-win-over-oviedo-to-go-top\/#article","isPartOf":{"@id":"https:\/\/bladnanews.com\/lamine-yamal-leads-barcelona-win-over-oviedo-to-go-top\/"},"author":{"name":"Bladna News Staff","@id":"https:\/\/mediumseagreen-eel-531711.hostingersite.com\/#\/schema\/person\/268e18a453ab080ebf76df6ef7845083"},"headline":"Lamine Yamal leads Barcelona win over Oviedo to go top","datePublished":"2026-01-25T17:12:53+00:00","mainEntityOfPage":{"@id":"https:\/\/bladnanews.com\/lamine-yamal-leads-barcelona-win-over-oviedo-to-go-top\/"},"wordCount":210,"publisher":{"@id":"https:\/\/mediumseagreen-eel-531711.hostingersite.com\/#organization"},"image":{"@id":"https:\/\/bladnanews.com\/lamine-yamal-leads-barcelona-win-over-oviedo-to-go-top\/#primaryimage"},"thumbnailUrl":"https:\/\/bladnanews.com\/wp-content\/uploads\/2026\/01\/BladnaNews-Lamine-Yamal-leads-Barcelona-win-over-Oviedo-to-go-top-2026-01-26T091015.597Z.jpg","articleSection":["International","Latest News"],"inLanguage":"fr-FR","copyrightYear":"2026","copyrightHolder":{"@id":"https:\/\/bladnanews.com\/fr\/#organization"}},{"@type":"WebPage","@id":"https:\/\/bladnanews.com\/lamine-yamal-leads-barcelona-win-over-oviedo-to-go-top\/","url":"https:\/\/bladnanews.com\/lamine-yamal-leads-barcelona-win-over-oviedo-to-go-top\/","name":"Lamine Yamal m\u00e8ne le FC Barcelone \u00e0 la victoire contre Oviedo et le propulse en t\u00eate - Bladna News","isPartOf":{"@id":"https:\/\/mediumseagreen-eel-531711.hostingersite.com\/#website"},"primaryImageOfPage":{"@id":"https:\/\/bladnanews.com\/lamine-yamal-leads-barcelona-win-over-oviedo-to-go-top\/#primaryimage"},"image":{"@id":"https:\/\/bladnanews.com\/lamine-yamal-leads-barcelona-win-over-oviedo-to-go-top\/#primaryimage"},"thumbnailUrl":"https:\/\/bladnanews.com\/wp-content\/uploads\/2026\/01\/BladnaNews-Lamine-Yamal-leads-Barcelona-win-over-Oviedo-to-go-top-2026-01-26T091015.597Z.jpg","datePublished":"2026-01-25T17:12:53+00:00","breadcrumb":{"@id":"https:\/\/bladnanews.com\/lamine-yamal-leads-barcelona-win-over-oviedo-to-go-top\/#breadcrumb"},"inLanguage":"fr-FR","potentialAction":[{"@type":"ReadAction","target":["https:\/\/bladnanews.com\/lamine-yamal-leads-barcelona-win-over-oviedo-to-go-top\/"]}]},{"@type":"ImageObject","inLanguage":"fr-FR","@id":"https:\/\/bladnanews.com\/lamine-yamal-leads-barcelona-win-over-oviedo-to-go-top\/#primaryimage","url":"https:\/\/bladnanews.com\/wp-content\/uploads\/2026\/01\/BladnaNews-Lamine-Yamal-leads-Barcelona-win-over-Oviedo-to-go-top-2026-01-26T091015.597Z.jpg","contentUrl":"https:\/\/bladnanews.com\/wp-content\/uploads\/2026\/01\/BladnaNews-Lamine-Yamal-leads-Barcelona-win-over-Oviedo-to-go-top-2026-01-26T091015.597Z.jpg","width":1920,"height":1080,"caption":"Lamine Yamal celebrates in Barcelona's vibrant kit, showcasing his skills during a match against Oviedo. Team camaraderie shines as players react to a key moment."},{"@type":"BreadcrumbList","@id":"https:\/\/bladnanews.com\/lamine-yamal-leads-barcelona-win-over-oviedo-to-go-top\/#breadcrumb","itemListElement":[{"@type":"ListItem","position":1,"name":"Home","item":"https:\/\/bladnanews.com\/"},{"@type":"ListItem","position":2,"name":"Lamine Yamal leads Barcelona win over Oviedo to go top"}]},{"@type":"WebSite","@id":"https:\/\/mediumseagreen-eel-531711.hostingersite.com\/#website","url":"https:\/\/mediumseagreen-eel-531711.hostingersite.com\/","name":"Bladna News - Maroc","description":"Quand le football marocain rencontre le monde","publisher":{"@id":"https:\/\/mediumseagreen-eel-531711.hostingersite.com\/#organization"},"potentialAction":[{"@type":"SearchAction","target":{"@type":"EntryPoint","urlTemplate":"https:\/\/mediumseagreen-eel-531711.hostingersite.com\/?s={search_term_string}"},"query-input":{"@type":"PropertyValueSpecification","valueRequired":true,"valueName":"search_term_string"}}],"inLanguage":"fr-FR"},{"@type":"Organization","@id":"https:\/\/mediumseagreen-eel-531711.hostingersite.com\/#organization","name":"Bladna News.com","url":"https:\/\/mediumseagreen-eel-531711.hostingersite.com\/","logo":{"@type":"ImageObject","inLanguage":"fr-FR","@id":"https:\/\/mediumseagreen-eel-531711.hostingersite.com\/#\/schema\/logo\/image\/","url":"https:\/\/bladnanews.com\/wp-content\/uploads\/2025\/12\/logo-bladnanews-V2-web-black-red.png","contentUrl":"https:\/\/bladnanews.com\/wp-content\/uploads\/2025\/12\/logo-bladnanews-V2-web-black-red.png","width":703,"height":287,"caption":"Bladna News.com"},"image":{"@id":"https:\/\/mediumseagreen-eel-531711.hostingersite.com\/#\/schema\/logo\/image\/"},"email":"info@bladnanews.com","legalName":"Bladna News"},{"@type":"Person","@id":"https:\/\/mediumseagreen-eel-531711.hostingersite.com\/#\/schema\/person\/268e18a453ab080ebf76df6ef7845083","name":"\u00c9quipe r\u00e9dactionnelle de Bladna News","url":"https:\/\/bladnanews.com\/fr\/author\/bladna-news-staff\/"}]}},"_links":{"self":[{"href":"https:\/\/bladnanews.com\/fr\/wp-json\/wp\/v2\/posts\/7753","targetHints":{"allow":["GET"]}}],"collection":[{"href":"https:\/\/bladnanews.com\/fr\/wp-json\/wp\/v2\/posts"}],"about":[{"href":"https:\/\/bladnanews.com\/fr\/wp-json\/wp\/v2\/types\/post"}],"author":[{"embeddable":true,"href":"https:\/\/bladnanews.com\/fr\/wp-json\/wp\/v2\/users\/3"}],"replies":[{"embeddable":true,"href":"https:\/\/bladnanews.com\/fr\/wp-json\/wp\/v2\/comments?post=7753"}],"version-history":[{"count":0,"href":"https:\/\/bladnanews.com\/fr\/wp-json\/wp\/v2\/posts\/7753\/revisions"}],"wp:featuredmedia":[{"embeddable":true,"href":"https:\/\/bladnanews.com\/fr\/wp-json\/wp\/v2\/media\/7752"}],"wp:attachment":[{"href":"https:\/\/bladnanews.com\/fr\/wp-json\/wp\/v2\/media?parent=7753"}],"wp:term":[{"taxonomy":"category","embeddable":true,"href":"https:\/\/bladnanews.com\/fr\/wp-json\/wp\/v2\/categories?post=7753"},{"taxonomy":"post_tag","embeddable":true,"href":"https:\/\/bladnanews.com\/fr\/wp-json\/wp\/v2\/tags?post=7753"}],"curies":[{"name":"wp","href":"https:\/\/api.w.org\/{rel}","templated":true}]}}