{"id":7755,"date":"2026-01-25T17:49:54","date_gmt":"2026-01-25T17:49:54","guid":{"rendered":"https:\/\/bladnanews.com\/van-dijk-backs-vice-captain-robertson-amid-tottenham-links\/"},"modified":"2026-01-25T17:49:54","modified_gmt":"2026-01-25T17:49:54","slug":"van-dijk-soutient-le-vice-capitaine-robertson-malgre-les-rumeurs-de-transfert-vers-tottenham","status":"publish","type":"post","link":"https:\/\/bladnanews.com\/fr\/van-dijk-soutient-le-vice-capitaine-robertson-malgre-les-rumeurs-de-transfert-vers-tottenham\/","title":{"rendered":"Van Dijk soutient le vice-capitaine Robertson malgr\u00e9 les rumeurs de transfert vers Tottenham"},"content":{"rendered":"<p>Virgil van Dijk a soutenu qu'Andy Robertson resterait une figure importante \u00e0 Liverpool, apr\u00e8s des informations faisant \u00e9tat d'un int\u00e9r\u00eat inattendu de Tottenham pour l'arri\u00e8re gauche \u00e9cossais.<\/p>\n<p>Le capitaine de Liverpool a \u00e9t\u00e9 interrog\u00e9 sur les rumeurs liant Robertson \u00e0 un d\u00e9part d'Anfield et a clairement indiqu\u00e9 sa position concernant le statut du vice-capitaine dans l'effectif.<\/p>\n<p><strong>\u201c Il est mon vice-capitaine, \u201d<\/strong> a d\u00e9clar\u00e9 Van Dijk, soulignant le statut et l'influence de Robertson au sein du vestiaire, tandis que les sp\u00e9culations sur son avenir se poursuivent.<\/p>\n<p>Robertson a \u00e9t\u00e9 un \u00e9l\u00e9ment cl\u00e9 du groupe dirigeant de Liverpool et l'un des joueurs les plus r\u00e9guliers de l'effectif depuis son arriv\u00e9e \u00e0 Merseyside, son r\u00f4le de suppl\u00e9ant de Van Dijk refl\u00e9tant l'estime dont il b\u00e9n\u00e9ficie au sein du club.<\/p>\n<p>L'int\u00e9r\u00eat suppos\u00e9 de Tottenham a ajout\u00e9 un angle inattendu au r\u00e9cit estival, mais les commentaires de Van Dijk ont d\u00e9livr\u00e9 un message ferme en provenance du camp liverpoolien et ont mis en lumi\u00e8re le statut de Robertson en tant que joueur cadre.<\/p>\n<p>Pour l'instant, Liverpool reste concentr\u00e9 sur les pr\u00e9paratifs de la nouvelle saison, la position de Van Dijk renfor\u00e7ant la conviction que Robertson est consid\u00e9r\u00e9 comme central pour l'\u00e9quipe et son leadership.<\/p>","protected":false},"excerpt":{"rendered":"<p>Virgil van Dijk has backed Andy Robertson to remain an important figure at Liverpool after reports of surprise interest from [&hellip;]<\/p>\n","protected":false},"author":3,"featured_media":7754,"comment_status":"","ping_status":"open","sticky":false,"template":"","format":"standard","meta":{"googlesitekit_rrm_CAow_uzEDA:productID":"","site-sidebar-layout":"default","site-content-layout":"","ast-site-content-layout":"default","site-content-style":"default","site-sidebar-style":"default","ast-global-header-display":"","ast-banner-title-visibility":"","ast-main-header-display":"","ast-hfb-above-header-display":"","ast-hfb-below-header-display":"","ast-hfb-mobile-header-display":"","site-post-title":"","ast-breadcrumbs-content":"","ast-featured-img":"","footer-sml-layout":"","ast-disable-related-posts":"","theme-transparent-header-meta":"","adv-header-id-meta":"","stick-header-meta":"","header-above-stick-meta":"","header-main-stick-meta":"","header-below-stick-meta":"","astra-migrate-meta-layouts":"default","ast-page-background-enabled":"default","ast-page-background-meta":{"desktop":{"background-color":"var(--ast-global-color-5)","background-image":"","background-repeat":"repeat","background-position":"center center","background-size":"auto","background-attachment":"scroll","background-type":"","background-media":"","overlay-type":"","overlay-color":"","overlay-opacity":"","overlay-gradient":""},"tablet":{"background-color":"","background-image":"","background-repeat":"repeat","background-position":"center center","background-size":"auto","background-attachment":"scroll","background-type":"","background-media":"","overlay-type":"","overlay-color":"","overlay-opacity":"","overlay-gradient":""},"mobile":{"background-color":"","background-image":"","background-repeat":"repeat","background-position":"center center","background-size":"auto","background-attachment":"scroll","background-type":"","background-media":"","overlay-type":"","overlay-color":"","overlay-opacity":"","overlay-gradient":""}},"ast-content-background-meta":{"desktop":{"background-color":"var(--ast-global-color-4)","background-image":"","background-repeat":"repeat","background-position":"center center","background-size":"auto","background-attachment":"scroll","background-type":"","background-media":"","overlay-type":"","overlay-color":"","overlay-opacity":"","overlay-gradient":""},"tablet":{"background-color":"var(--ast-global-color-4)","background-image":"","background-repeat":"repeat","background-position":"center center","background-size":"auto","background-attachment":"scroll","background-type":"","background-media":"","overlay-type":"","overlay-color":"","overlay-opacity":"","overlay-gradient":""},"mobile":{"background-color":"var(--ast-global-color-4)","background-image":"","background-repeat":"repeat","background-position":"center center","background-size":"auto","background-attachment":"scroll","background-type":"","background-media":"","overlay-type":"","overlay-color":"","overlay-opacity":"","overlay-gradient":""}},"footnotes":""},"categories":[20,1],"tags":[],"class_list":["post-7755","post","type-post","status-publish","format-standard","has-post-thumbnail","hentry","category-international","category-football-latest-news"],"yoast_head":"<!-- This site is optimized with the Yoast SEO Premium plugin v26.6 (Yoast SEO v27.4) - https:\/\/yoast.com\/product\/yoast-seo-premium-wordpress\/ -->\n<title>Van Dijk backs vice-captain Robertson amid Tottenham links - Bladna News<\/title>\n<meta name=\"robots\" content=\"index, follow, max-snippet:-1, max-image-preview:large, max-video-preview:-1\" \/>\n<link rel=\"canonical\" href=\"https:\/\/bladnanews.com\/fr\/van-dijk-soutient-le-vice-capitaine-robertson-malgre-les-rumeurs-de-transfert-vers-tottenham\/\" \/>\n<meta property=\"og:locale\" content=\"fr_FR\" \/>\n<meta property=\"og:type\" content=\"article\" \/>\n<meta property=\"og:title\" content=\"Van Dijk backs vice-captain Robertson amid Tottenham links\" \/>\n<meta property=\"og:description\" content=\"Virgil van Dijk has backed Andy Robertson to remain an important figure at Liverpool after reports of surprise interest from [&hellip;]\" \/>\n<meta property=\"og:url\" content=\"https:\/\/bladnanews.com\/fr\/van-dijk-soutient-le-vice-capitaine-robertson-malgre-les-rumeurs-de-transfert-vers-tottenham\/\" \/>\n<meta property=\"og:site_name\" content=\"Bladna News\" \/>\n<meta property=\"article:published_time\" content=\"2026-01-25T17:49:54+00:00\" \/>\n<meta property=\"og:image\" content=\"https:\/\/bladnanews.com\/wp-content\/uploads\/2025\/12\/freepik__bladna-newscom-moroccan-soccer-homepage-banner-mor__41838.png\" \/>\n\t<meta property=\"og:image:width\" content=\"1312\" \/>\n\t<meta property=\"og:image:height\" content=\"736\" \/>\n\t<meta property=\"og:image:type\" content=\"image\/png\" \/>\n<meta name=\"author\" content=\"Bladna News Staff\" \/>\n<meta name=\"twitter:card\" content=\"summary_large_image\" \/>\n<meta name=\"twitter:label1\" content=\"\u00c9crit par\" \/>\n\t<meta name=\"twitter:data1\" content=\"Bladna News Staff\" \/>\n\t<meta name=\"twitter:label2\" content=\"Dur\u00e9e de lecture estim\u00e9e\" \/>\n\t<meta name=\"twitter:data2\" content=\"1 minute\" \/>\n<script type=\"application\/ld+json\" class=\"yoast-schema-graph\">{\"@context\":\"https:\\\/\\\/schema.org\",\"@graph\":[{\"@type\":\"Article\",\"@id\":\"https:\\\/\\\/bladnanews.com\\\/van-dijk-backs-vice-captain-robertson-amid-tottenham-links\\\/#article\",\"isPartOf\":{\"@id\":\"https:\\\/\\\/bladnanews.com\\\/van-dijk-backs-vice-captain-robertson-amid-tottenham-links\\\/\"},\"author\":{\"name\":\"Bladna News Staff\",\"@id\":\"https:\\\/\\\/mediumseagreen-eel-531711.hostingersite.com\\\/#\\\/schema\\\/person\\\/268e18a453ab080ebf76df6ef7845083\"},\"headline\":\"Van Dijk backs vice-captain Robertson amid Tottenham links\",\"datePublished\":\"2026-01-25T17:49:54+00:00\",\"mainEntityOfPage\":{\"@id\":\"https:\\\/\\\/bladnanews.com\\\/van-dijk-backs-vice-captain-robertson-amid-tottenham-links\\\/\"},\"wordCount\":197,\"publisher\":{\"@id\":\"https:\\\/\\\/mediumseagreen-eel-531711.hostingersite.com\\\/#organization\"},\"image\":{\"@id\":\"https:\\\/\\\/bladnanews.com\\\/van-dijk-backs-vice-captain-robertson-amid-tottenham-links\\\/#primaryimage\"},\"thumbnailUrl\":\"https:\\\/\\\/bladnanews.com\\\/wp-content\\\/uploads\\\/2026\\\/01\\\/BladnaNews-Van-Dijk-backs-vice-captain-Robertson-amid-Tottenham-links-2026-01-26T091056.736Z.jpg\",\"articleSection\":[\"International\",\"Latest News\"],\"inLanguage\":\"fr-FR\",\"copyrightYear\":\"2026\",\"copyrightHolder\":{\"@id\":\"https:\\\/\\\/bladnanews.com\\\/fr\\\/#organization\"}},{\"@type\":\"WebPage\",\"@id\":\"https:\\\/\\\/bladnanews.com\\\/van-dijk-backs-vice-captain-robertson-amid-tottenham-links\\\/\",\"url\":\"https:\\\/\\\/bladnanews.com\\\/van-dijk-backs-vice-captain-robertson-amid-tottenham-links\\\/\",\"name\":\"Van Dijk backs vice-captain Robertson amid Tottenham links - Bladna News\",\"isPartOf\":{\"@id\":\"https:\\\/\\\/mediumseagreen-eel-531711.hostingersite.com\\\/#website\"},\"primaryImageOfPage\":{\"@id\":\"https:\\\/\\\/bladnanews.com\\\/van-dijk-backs-vice-captain-robertson-amid-tottenham-links\\\/#primaryimage\"},\"image\":{\"@id\":\"https:\\\/\\\/bladnanews.com\\\/van-dijk-backs-vice-captain-robertson-amid-tottenham-links\\\/#primaryimage\"},\"thumbnailUrl\":\"https:\\\/\\\/bladnanews.com\\\/wp-content\\\/uploads\\\/2026\\\/01\\\/BladnaNews-Van-Dijk-backs-vice-captain-Robertson-amid-Tottenham-links-2026-01-26T091056.736Z.jpg\",\"datePublished\":\"2026-01-25T17:49:54+00:00\",\"breadcrumb\":{\"@id\":\"https:\\\/\\\/bladnanews.com\\\/van-dijk-backs-vice-captain-robertson-amid-tottenham-links\\\/#breadcrumb\"},\"inLanguage\":\"fr-FR\",\"potentialAction\":[{\"@type\":\"ReadAction\",\"target\":[\"https:\\\/\\\/bladnanews.com\\\/van-dijk-backs-vice-captain-robertson-amid-tottenham-links\\\/\"]}]},{\"@type\":\"ImageObject\",\"inLanguage\":\"fr-FR\",\"@id\":\"https:\\\/\\\/bladnanews.com\\\/van-dijk-backs-vice-captain-robertson-amid-tottenham-links\\\/#primaryimage\",\"url\":\"https:\\\/\\\/bladnanews.com\\\/wp-content\\\/uploads\\\/2026\\\/01\\\/BladnaNews-Van-Dijk-backs-vice-captain-Robertson-amid-Tottenham-links-2026-01-26T091056.736Z.jpg\",\"contentUrl\":\"https:\\\/\\\/bladnanews.com\\\/wp-content\\\/uploads\\\/2026\\\/01\\\/BladnaNews-Van-Dijk-backs-vice-captain-Robertson-amid-Tottenham-links-2026-01-26T091056.736Z.jpg\",\"width\":1920,\"height\":1080,\"caption\":\"Liverpool's Andrew Robertson in a red kit, alongside Virgil van Dijk in a white kit, both celebrating on the pitch.\"},{\"@type\":\"BreadcrumbList\",\"@id\":\"https:\\\/\\\/bladnanews.com\\\/van-dijk-backs-vice-captain-robertson-amid-tottenham-links\\\/#breadcrumb\",\"itemListElement\":[{\"@type\":\"ListItem\",\"position\":1,\"name\":\"Home\",\"item\":\"https:\\\/\\\/bladnanews.com\\\/\"},{\"@type\":\"ListItem\",\"position\":2,\"name\":\"Van Dijk backs vice-captain Robertson amid Tottenham links\"}]},{\"@type\":\"WebSite\",\"@id\":\"https:\\\/\\\/mediumseagreen-eel-531711.hostingersite.com\\\/#website\",\"url\":\"https:\\\/\\\/mediumseagreen-eel-531711.hostingersite.com\\\/\",\"name\":\"Bladna News - Morocco\",\"description\":\"Where Moroccan Football Meets the World\",\"publisher\":{\"@id\":\"https:\\\/\\\/mediumseagreen-eel-531711.hostingersite.com\\\/#organization\"},\"potentialAction\":[{\"@type\":\"SearchAction\",\"target\":{\"@type\":\"EntryPoint\",\"urlTemplate\":\"https:\\\/\\\/mediumseagreen-eel-531711.hostingersite.com\\\/?s={search_term_string}\"},\"query-input\":{\"@type\":\"PropertyValueSpecification\",\"valueRequired\":true,\"valueName\":\"search_term_string\"}}],\"inLanguage\":\"fr-FR\"},{\"@type\":\"Organization\",\"@id\":\"https:\\\/\\\/mediumseagreen-eel-531711.hostingersite.com\\\/#organization\",\"name\":\"Bladna News.com\",\"url\":\"https:\\\/\\\/mediumseagreen-eel-531711.hostingersite.com\\\/\",\"logo\":{\"@type\":\"ImageObject\",\"inLanguage\":\"fr-FR\",\"@id\":\"https:\\\/\\\/mediumseagreen-eel-531711.hostingersite.com\\\/#\\\/schema\\\/logo\\\/image\\\/\",\"url\":\"https:\\\/\\\/bladnanews.com\\\/wp-content\\\/uploads\\\/2025\\\/12\\\/logo-bladnanews-V2-web-black-red.png\",\"contentUrl\":\"https:\\\/\\\/bladnanews.com\\\/wp-content\\\/uploads\\\/2025\\\/12\\\/logo-bladnanews-V2-web-black-red.png\",\"width\":703,\"height\":287,\"caption\":\"Bladna News.com\"},\"image\":{\"@id\":\"https:\\\/\\\/mediumseagreen-eel-531711.hostingersite.com\\\/#\\\/schema\\\/logo\\\/image\\\/\"},\"email\":\"info@bladnanews.com\",\"legalName\":\"Bladna News\"},{\"@type\":\"Person\",\"@id\":\"https:\\\/\\\/mediumseagreen-eel-531711.hostingersite.com\\\/#\\\/schema\\\/person\\\/268e18a453ab080ebf76df6ef7845083\",\"name\":\"Bladna News Staff\",\"url\":\"https:\\\/\\\/bladnanews.com\\\/fr\\\/author\\\/bladna-news-staff\\\/\"}]}<\/script>\n<!-- \/ Yoast SEO Premium plugin. -->","yoast_head_json":{"title":"Van Dijk soutient le vice-capitaine Robertson malgr\u00e9 les rumeurs de transfert vers Tottenham - Bladna News","robots":{"index":"index","follow":"follow","max-snippet":"max-snippet:-1","max-image-preview":"max-image-preview:large","max-video-preview":"max-video-preview:-1"},"canonical":"https:\/\/bladnanews.com\/fr\/van-dijk-soutient-le-vice-capitaine-robertson-malgre-les-rumeurs-de-transfert-vers-tottenham\/","og_locale":"fr_FR","og_type":"article","og_title":"Van Dijk backs vice-captain Robertson amid Tottenham links","og_description":"Virgil van Dijk has backed Andy Robertson to remain an important figure at Liverpool after reports of surprise interest from [&hellip;]","og_url":"https:\/\/bladnanews.com\/fr\/van-dijk-soutient-le-vice-capitaine-robertson-malgre-les-rumeurs-de-transfert-vers-tottenham\/","og_site_name":"Bladna News","article_published_time":"2026-01-25T17:49:54+00:00","og_image":[{"width":1312,"height":736,"url":"https:\/\/bladnanews.com\/wp-content\/uploads\/2025\/12\/freepik__bladna-newscom-moroccan-soccer-homepage-banner-mor__41838.png","type":"image\/png"}],"author":"Bladna News Staff","twitter_card":"summary_large_image","twitter_misc":{"\u00c9crit par":"Bladna News Staff","Dur\u00e9e de lecture estim\u00e9e":"1 minute"},"schema":{"@context":"https:\/\/schema.org","@graph":[{"@type":"Article","@id":"https:\/\/bladnanews.com\/van-dijk-backs-vice-captain-robertson-amid-tottenham-links\/#article","isPartOf":{"@id":"https:\/\/bladnanews.com\/van-dijk-backs-vice-captain-robertson-amid-tottenham-links\/"},"author":{"name":"Bladna News Staff","@id":"https:\/\/mediumseagreen-eel-531711.hostingersite.com\/#\/schema\/person\/268e18a453ab080ebf76df6ef7845083"},"headline":"Van Dijk backs vice-captain Robertson amid Tottenham links","datePublished":"2026-01-25T17:49:54+00:00","mainEntityOfPage":{"@id":"https:\/\/bladnanews.com\/van-dijk-backs-vice-captain-robertson-amid-tottenham-links\/"},"wordCount":197,"publisher":{"@id":"https:\/\/mediumseagreen-eel-531711.hostingersite.com\/#organization"},"image":{"@id":"https:\/\/bladnanews.com\/van-dijk-backs-vice-captain-robertson-amid-tottenham-links\/#primaryimage"},"thumbnailUrl":"https:\/\/bladnanews.com\/wp-content\/uploads\/2026\/01\/BladnaNews-Van-Dijk-backs-vice-captain-Robertson-amid-Tottenham-links-2026-01-26T091056.736Z.jpg","articleSection":["International","Latest News"],"inLanguage":"fr-FR","copyrightYear":"2026","copyrightHolder":{"@id":"https:\/\/bladnanews.com\/fr\/#organization"}},{"@type":"WebPage","@id":"https:\/\/bladnanews.com\/van-dijk-backs-vice-captain-robertson-amid-tottenham-links\/","url":"https:\/\/bladnanews.com\/van-dijk-backs-vice-captain-robertson-amid-tottenham-links\/","name":"Van Dijk soutient le vice-capitaine Robertson malgr\u00e9 les rumeurs de transfert vers Tottenham - Bladna News","isPartOf":{"@id":"https:\/\/mediumseagreen-eel-531711.hostingersite.com\/#website"},"primaryImageOfPage":{"@id":"https:\/\/bladnanews.com\/van-dijk-backs-vice-captain-robertson-amid-tottenham-links\/#primaryimage"},"image":{"@id":"https:\/\/bladnanews.com\/van-dijk-backs-vice-captain-robertson-amid-tottenham-links\/#primaryimage"},"thumbnailUrl":"https:\/\/bladnanews.com\/wp-content\/uploads\/2026\/01\/BladnaNews-Van-Dijk-backs-vice-captain-Robertson-amid-Tottenham-links-2026-01-26T091056.736Z.jpg","datePublished":"2026-01-25T17:49:54+00:00","breadcrumb":{"@id":"https:\/\/bladnanews.com\/van-dijk-backs-vice-captain-robertson-amid-tottenham-links\/#breadcrumb"},"inLanguage":"fr-FR","potentialAction":[{"@type":"ReadAction","target":["https:\/\/bladnanews.com\/van-dijk-backs-vice-captain-robertson-amid-tottenham-links\/"]}]},{"@type":"ImageObject","inLanguage":"fr-FR","@id":"https:\/\/bladnanews.com\/van-dijk-backs-vice-captain-robertson-amid-tottenham-links\/#primaryimage","url":"https:\/\/bladnanews.com\/wp-content\/uploads\/2026\/01\/BladnaNews-Van-Dijk-backs-vice-captain-Robertson-amid-Tottenham-links-2026-01-26T091056.736Z.jpg","contentUrl":"https:\/\/bladnanews.com\/wp-content\/uploads\/2026\/01\/BladnaNews-Van-Dijk-backs-vice-captain-Robertson-amid-Tottenham-links-2026-01-26T091056.736Z.jpg","width":1920,"height":1080,"caption":"Liverpool's Andrew Robertson in a red kit, alongside Virgil van Dijk in a white kit, both celebrating on the pitch."},{"@type":"BreadcrumbList","@id":"https:\/\/bladnanews.com\/van-dijk-backs-vice-captain-robertson-amid-tottenham-links\/#breadcrumb","itemListElement":[{"@type":"ListItem","position":1,"name":"Home","item":"https:\/\/bladnanews.com\/"},{"@type":"ListItem","position":2,"name":"Van Dijk backs vice-captain Robertson amid Tottenham links"}]},{"@type":"WebSite","@id":"https:\/\/mediumseagreen-eel-531711.hostingersite.com\/#website","url":"https:\/\/mediumseagreen-eel-531711.hostingersite.com\/","name":"Bladna News - Maroc","description":"Quand le football marocain rencontre le monde","publisher":{"@id":"https:\/\/mediumseagreen-eel-531711.hostingersite.com\/#organization"},"potentialAction":[{"@type":"SearchAction","target":{"@type":"EntryPoint","urlTemplate":"https:\/\/mediumseagreen-eel-531711.hostingersite.com\/?s={search_term_string}"},"query-input":{"@type":"PropertyValueSpecification","valueRequired":true,"valueName":"search_term_string"}}],"inLanguage":"fr-FR"},{"@type":"Organization","@id":"https:\/\/mediumseagreen-eel-531711.hostingersite.com\/#organization","name":"Bladna News.com","url":"https:\/\/mediumseagreen-eel-531711.hostingersite.com\/","logo":{"@type":"ImageObject","inLanguage":"fr-FR","@id":"https:\/\/mediumseagreen-eel-531711.hostingersite.com\/#\/schema\/logo\/image\/","url":"https:\/\/bladnanews.com\/wp-content\/uploads\/2025\/12\/logo-bladnanews-V2-web-black-red.png","contentUrl":"https:\/\/bladnanews.com\/wp-content\/uploads\/2025\/12\/logo-bladnanews-V2-web-black-red.png","width":703,"height":287,"caption":"Bladna News.com"},"image":{"@id":"https:\/\/mediumseagreen-eel-531711.hostingersite.com\/#\/schema\/logo\/image\/"},"email":"info@bladnanews.com","legalName":"Bladna News"},{"@type":"Person","@id":"https:\/\/mediumseagreen-eel-531711.hostingersite.com\/#\/schema\/person\/268e18a453ab080ebf76df6ef7845083","name":"\u00c9quipe r\u00e9dactionnelle de Bladna News","url":"https:\/\/bladnanews.com\/fr\/author\/bladna-news-staff\/"}]}},"_links":{"self":[{"href":"https:\/\/bladnanews.com\/fr\/wp-json\/wp\/v2\/posts\/7755","targetHints":{"allow":["GET"]}}],"collection":[{"href":"https:\/\/bladnanews.com\/fr\/wp-json\/wp\/v2\/posts"}],"about":[{"href":"https:\/\/bladnanews.com\/fr\/wp-json\/wp\/v2\/types\/post"}],"author":[{"embeddable":true,"href":"https:\/\/bladnanews.com\/fr\/wp-json\/wp\/v2\/users\/3"}],"replies":[{"embeddable":true,"href":"https:\/\/bladnanews.com\/fr\/wp-json\/wp\/v2\/comments?post=7755"}],"version-history":[{"count":0,"href":"https:\/\/bladnanews.com\/fr\/wp-json\/wp\/v2\/posts\/7755\/revisions"}],"wp:featuredmedia":[{"embeddable":true,"href":"https:\/\/bladnanews.com\/fr\/wp-json\/wp\/v2\/media\/7754"}],"wp:attachment":[{"href":"https:\/\/bladnanews.com\/fr\/wp-json\/wp\/v2\/media?parent=7755"}],"wp:term":[{"taxonomy":"category","embeddable":true,"href":"https:\/\/bladnanews.com\/fr\/wp-json\/wp\/v2\/categories?post=7755"},{"taxonomy":"post_tag","embeddable":true,"href":"https:\/\/bladnanews.com\/fr\/wp-json\/wp\/v2\/tags?post=7755"}],"curies":[{"name":"wp","href":"https:\/\/api.w.org\/{rel}","templated":true}]}}