{"id":7804,"date":"2026-01-26T09:50:27","date_gmt":"2026-01-26T09:50:27","guid":{"rendered":"https:\/\/bladnanews.com\/psg-set-to-complete-capture-of-barcelona-gem-dro-fernandez\/"},"modified":"2026-01-26T09:50:27","modified_gmt":"2026-01-26T09:50:27","slug":"le-psg-sapprete-a-finaliser-le-recrutement-du-joyau-du-barca-dro-fernandez","status":"publish","type":"post","link":"https:\/\/bladnanews.com\/fr\/le-psg-sapprete-a-finaliser-le-recrutement-du-joyau-du-barca-dro-fernandez\/","title":{"rendered":"Le PSG s'appr\u00eate \u00e0 finaliser le recrutement du joyau du Bar\u00e7a, Dro Fernandez."},"content":{"rendered":"<p>Le Paris Saint-Germain s'appr\u00eate \u00e0 finaliser le recrutement du tr\u00e8s prometteur jeune joueur du Bar\u00e7a, Dro Fernandez, une op\u00e9ration qui a surpris la direction du Camp Nou.<\/p>\n<p>Le transfert devrait \u00eatre officialis\u00e9 prochainement, l'adolescent \u00e9tant sur le point de quitter le Bar\u00e7a pour le champion de France, alors qu'il \u00e9tait consid\u00e9r\u00e9 comme l'un des plus brillants espoirs du centre de formation du club.<\/p>\n<p>Le responsable du Bar\u00e7a, Deco, a reconnu qu'il n'avait pas vu venir cette d\u00e9cision, qualifiant la situation de \u201csurprise\u201d, alors que le PSG a agi rapidement pour obtenir la signature du joueur.<\/p>\n<p>Le transfert de Fernandez s'annonce comme une autre recrue notable pour le PSG, qui continue de cibler les jeunes talents d'\u00e9lite, tandis que le Bar\u00e7a doit se r\u00e9soudre \u00e0 perdre un joueur qu'il esp\u00e9rait int\u00e9grer dans ses projets futurs.<\/p>","protected":false},"excerpt":{"rendered":"<p>Paris Saint-Germain are set to complete the capture of highly-rated Barcelona youngster Dro Fernandez in a move that has surprised [&hellip;]<\/p>\n","protected":false},"author":3,"featured_media":7803,"comment_status":"","ping_status":"open","sticky":false,"template":"","format":"standard","meta":{"googlesitekit_rrm_CAow_uzEDA:productID":"","site-sidebar-layout":"default","site-content-layout":"","ast-site-content-layout":"default","site-content-style":"default","site-sidebar-style":"default","ast-global-header-display":"","ast-banner-title-visibility":"","ast-main-header-display":"","ast-hfb-above-header-display":"","ast-hfb-below-header-display":"","ast-hfb-mobile-header-display":"","site-post-title":"","ast-breadcrumbs-content":"","ast-featured-img":"","footer-sml-layout":"","ast-disable-related-posts":"","theme-transparent-header-meta":"","adv-header-id-meta":"","stick-header-meta":"","header-above-stick-meta":"","header-main-stick-meta":"","header-below-stick-meta":"","astra-migrate-meta-layouts":"default","ast-page-background-enabled":"default","ast-page-background-meta":{"desktop":{"background-color":"var(--ast-global-color-5)","background-image":"","background-repeat":"repeat","background-position":"center center","background-size":"auto","background-attachment":"scroll","background-type":"","background-media":"","overlay-type":"","overlay-color":"","overlay-opacity":"","overlay-gradient":""},"tablet":{"background-color":"","background-image":"","background-repeat":"repeat","background-position":"center center","background-size":"auto","background-attachment":"scroll","background-type":"","background-media":"","overlay-type":"","overlay-color":"","overlay-opacity":"","overlay-gradient":""},"mobile":{"background-color":"","background-image":"","background-repeat":"repeat","background-position":"center center","background-size":"auto","background-attachment":"scroll","background-type":"","background-media":"","overlay-type":"","overlay-color":"","overlay-opacity":"","overlay-gradient":""}},"ast-content-background-meta":{"desktop":{"background-color":"var(--ast-global-color-4)","background-image":"","background-repeat":"repeat","background-position":"center center","background-size":"auto","background-attachment":"scroll","background-type":"","background-media":"","overlay-type":"","overlay-color":"","overlay-opacity":"","overlay-gradient":""},"tablet":{"background-color":"var(--ast-global-color-4)","background-image":"","background-repeat":"repeat","background-position":"center center","background-size":"auto","background-attachment":"scroll","background-type":"","background-media":"","overlay-type":"","overlay-color":"","overlay-opacity":"","overlay-gradient":""},"mobile":{"background-color":"var(--ast-global-color-4)","background-image":"","background-repeat":"repeat","background-position":"center center","background-size":"auto","background-attachment":"scroll","background-type":"","background-media":"","overlay-type":"","overlay-color":"","overlay-opacity":"","overlay-gradient":""}},"footnotes":""},"categories":[20,1],"tags":[],"class_list":["post-7804","post","type-post","status-publish","format-standard","has-post-thumbnail","hentry","category-international","category-football-latest-news"],"yoast_head":"<!-- This site is optimized with the Yoast SEO Premium plugin v26.6 (Yoast SEO v27.5) - https:\/\/yoast.com\/product\/yoast-seo-premium-wordpress\/ -->\n<title>PSG set to complete capture of Barcelona gem Dro Fernandez - Bladna News<\/title>\n<meta name=\"robots\" content=\"index, follow, max-snippet:-1, max-image-preview:large, max-video-preview:-1\" \/>\n<link rel=\"canonical\" href=\"https:\/\/bladnanews.com\/fr\/le-psg-sapprete-a-finaliser-le-recrutement-du-joyau-du-barca-dro-fernandez\/\" \/>\n<meta property=\"og:locale\" content=\"fr_FR\" \/>\n<meta property=\"og:type\" content=\"article\" \/>\n<meta property=\"og:title\" content=\"PSG set to complete capture of Barcelona gem Dro Fernandez\" \/>\n<meta property=\"og:description\" content=\"Paris Saint-Germain are set to complete the capture of highly-rated Barcelona youngster Dro Fernandez in a move that has surprised [&hellip;]\" \/>\n<meta property=\"og:url\" content=\"https:\/\/bladnanews.com\/fr\/le-psg-sapprete-a-finaliser-le-recrutement-du-joyau-du-barca-dro-fernandez\/\" \/>\n<meta property=\"og:site_name\" content=\"Bladna News\" \/>\n<meta property=\"article:published_time\" content=\"2026-01-26T09:50:27+00:00\" \/>\n<meta property=\"og:image\" content=\"https:\/\/bladnanews.com\/wp-content\/uploads\/2025\/12\/freepik__bladna-newscom-moroccan-soccer-homepage-banner-mor__41838.png\" \/>\n\t<meta property=\"og:image:width\" content=\"1312\" \/>\n\t<meta property=\"og:image:height\" content=\"736\" \/>\n\t<meta property=\"og:image:type\" content=\"image\/png\" \/>\n<meta name=\"author\" content=\"Bladna News Staff\" \/>\n<meta name=\"twitter:card\" content=\"summary_large_image\" \/>\n<meta name=\"twitter:label1\" content=\"\u00c9crit par\" \/>\n\t<meta name=\"twitter:data1\" content=\"Bladna News Staff\" \/>\n\t<meta name=\"twitter:label2\" content=\"Dur\u00e9e de lecture estim\u00e9e\" \/>\n\t<meta name=\"twitter:data2\" content=\"1 minute\" \/>\n<script type=\"application\/ld+json\" class=\"yoast-schema-graph\">{\"@context\":\"https:\\\/\\\/schema.org\",\"@graph\":[{\"@type\":\"Article\",\"@id\":\"https:\\\/\\\/bladnanews.com\\\/psg-set-to-complete-capture-of-barcelona-gem-dro-fernandez\\\/#article\",\"isPartOf\":{\"@id\":\"https:\\\/\\\/bladnanews.com\\\/psg-set-to-complete-capture-of-barcelona-gem-dro-fernandez\\\/\"},\"author\":{\"name\":\"Bladna News Staff\",\"@id\":\"https:\\\/\\\/mediumseagreen-eel-531711.hostingersite.com\\\/#\\\/schema\\\/person\\\/268e18a453ab080ebf76df6ef7845083\"},\"headline\":\"PSG set to complete capture of Barcelona gem Dro Fernandez\",\"datePublished\":\"2026-01-26T09:50:27+00:00\",\"mainEntityOfPage\":{\"@id\":\"https:\\\/\\\/bladnanews.com\\\/psg-set-to-complete-capture-of-barcelona-gem-dro-fernandez\\\/\"},\"wordCount\":134,\"publisher\":{\"@id\":\"https:\\\/\\\/mediumseagreen-eel-531711.hostingersite.com\\\/#organization\"},\"image\":{\"@id\":\"https:\\\/\\\/bladnanews.com\\\/psg-set-to-complete-capture-of-barcelona-gem-dro-fernandez\\\/#primaryimage\"},\"thumbnailUrl\":\"https:\\\/\\\/bladnanews.com\\\/wp-content\\\/uploads\\\/2026\\\/01\\\/BladnaNews-PSG-set-to-complete-capture-of-Barcelona-gem-Dro-Fernandez-2026-01-26T171020.197Z-scaled.jpg\",\"articleSection\":[\"International\",\"Latest News\"],\"inLanguage\":\"fr-FR\",\"copyrightYear\":\"2026\",\"copyrightHolder\":{\"@id\":\"https:\\\/\\\/bladnanews.com\\\/fr\\\/#organization\"}},{\"@type\":\"WebPage\",\"@id\":\"https:\\\/\\\/bladnanews.com\\\/psg-set-to-complete-capture-of-barcelona-gem-dro-fernandez\\\/\",\"url\":\"https:\\\/\\\/bladnanews.com\\\/psg-set-to-complete-capture-of-barcelona-gem-dro-fernandez\\\/\",\"name\":\"PSG set to complete capture of Barcelona gem Dro Fernandez - Bladna News\",\"isPartOf\":{\"@id\":\"https:\\\/\\\/mediumseagreen-eel-531711.hostingersite.com\\\/#website\"},\"primaryImageOfPage\":{\"@id\":\"https:\\\/\\\/bladnanews.com\\\/psg-set-to-complete-capture-of-barcelona-gem-dro-fernandez\\\/#primaryimage\"},\"image\":{\"@id\":\"https:\\\/\\\/bladnanews.com\\\/psg-set-to-complete-capture-of-barcelona-gem-dro-fernandez\\\/#primaryimage\"},\"thumbnailUrl\":\"https:\\\/\\\/bladnanews.com\\\/wp-content\\\/uploads\\\/2026\\\/01\\\/BladnaNews-PSG-set-to-complete-capture-of-Barcelona-gem-Dro-Fernandez-2026-01-26T171020.197Z-scaled.jpg\",\"datePublished\":\"2026-01-26T09:50:27+00:00\",\"breadcrumb\":{\"@id\":\"https:\\\/\\\/bladnanews.com\\\/psg-set-to-complete-capture-of-barcelona-gem-dro-fernandez\\\/#breadcrumb\"},\"inLanguage\":\"fr-FR\",\"potentialAction\":[{\"@type\":\"ReadAction\",\"target\":[\"https:\\\/\\\/bladnanews.com\\\/psg-set-to-complete-capture-of-barcelona-gem-dro-fernandez\\\/\"]}]},{\"@type\":\"ImageObject\",\"inLanguage\":\"fr-FR\",\"@id\":\"https:\\\/\\\/bladnanews.com\\\/psg-set-to-complete-capture-of-barcelona-gem-dro-fernandez\\\/#primaryimage\",\"url\":\"https:\\\/\\\/bladnanews.com\\\/wp-content\\\/uploads\\\/2026\\\/01\\\/BladnaNews-PSG-set-to-complete-capture-of-Barcelona-gem-Dro-Fernandez-2026-01-26T171020.197Z-scaled.jpg\",\"contentUrl\":\"https:\\\/\\\/bladnanews.com\\\/wp-content\\\/uploads\\\/2026\\\/01\\\/BladnaNews-PSG-set-to-complete-capture-of-Barcelona-gem-Dro-Fernandez-2026-01-26T171020.197Z-scaled.jpg\",\"width\":2560,\"height\":1440,\"caption\":\"Barcelona's young talent, Dro Fernandez, in the club's iconic blue and maroon kit, focused during a match at Camp Nou.\"},{\"@type\":\"BreadcrumbList\",\"@id\":\"https:\\\/\\\/bladnanews.com\\\/psg-set-to-complete-capture-of-barcelona-gem-dro-fernandez\\\/#breadcrumb\",\"itemListElement\":[{\"@type\":\"ListItem\",\"position\":1,\"name\":\"Home\",\"item\":\"https:\\\/\\\/bladnanews.com\\\/\"},{\"@type\":\"ListItem\",\"position\":2,\"name\":\"PSG set to complete capture of Barcelona gem Dro Fernandez\"}]},{\"@type\":\"WebSite\",\"@id\":\"https:\\\/\\\/mediumseagreen-eel-531711.hostingersite.com\\\/#website\",\"url\":\"https:\\\/\\\/mediumseagreen-eel-531711.hostingersite.com\\\/\",\"name\":\"Bladna News - Morocco\",\"description\":\"Where Moroccan Football Meets the World\",\"publisher\":{\"@id\":\"https:\\\/\\\/mediumseagreen-eel-531711.hostingersite.com\\\/#organization\"},\"potentialAction\":[{\"@type\":\"SearchAction\",\"target\":{\"@type\":\"EntryPoint\",\"urlTemplate\":\"https:\\\/\\\/mediumseagreen-eel-531711.hostingersite.com\\\/?s={search_term_string}\"},\"query-input\":{\"@type\":\"PropertyValueSpecification\",\"valueRequired\":true,\"valueName\":\"search_term_string\"}}],\"inLanguage\":\"fr-FR\"},{\"@type\":\"Organization\",\"@id\":\"https:\\\/\\\/mediumseagreen-eel-531711.hostingersite.com\\\/#organization\",\"name\":\"Bladna News.com\",\"url\":\"https:\\\/\\\/mediumseagreen-eel-531711.hostingersite.com\\\/\",\"logo\":{\"@type\":\"ImageObject\",\"inLanguage\":\"fr-FR\",\"@id\":\"https:\\\/\\\/mediumseagreen-eel-531711.hostingersite.com\\\/#\\\/schema\\\/logo\\\/image\\\/\",\"url\":\"https:\\\/\\\/bladnanews.com\\\/wp-content\\\/uploads\\\/2025\\\/12\\\/logo-bladnanews-V2-web-black-red.png\",\"contentUrl\":\"https:\\\/\\\/bladnanews.com\\\/wp-content\\\/uploads\\\/2025\\\/12\\\/logo-bladnanews-V2-web-black-red.png\",\"width\":703,\"height\":287,\"caption\":\"Bladna News.com\"},\"image\":{\"@id\":\"https:\\\/\\\/mediumseagreen-eel-531711.hostingersite.com\\\/#\\\/schema\\\/logo\\\/image\\\/\"},\"email\":\"info@bladnanews.com\",\"legalName\":\"Bladna News\"},{\"@type\":\"Person\",\"@id\":\"https:\\\/\\\/mediumseagreen-eel-531711.hostingersite.com\\\/#\\\/schema\\\/person\\\/268e18a453ab080ebf76df6ef7845083\",\"name\":\"Bladna News Staff\",\"url\":\"https:\\\/\\\/bladnanews.com\\\/fr\\\/author\\\/bladna-news-staff\\\/\"}]}<\/script>\n<!-- \/ Yoast SEO Premium plugin. -->","yoast_head_json":{"title":"Le PSG s'appr\u00eate \u00e0 finaliser le recrutement du joyau du Bar\u00e7a, Dro Fernandez - Bladna News","robots":{"index":"index","follow":"follow","max-snippet":"max-snippet:-1","max-image-preview":"max-image-preview:large","max-video-preview":"max-video-preview:-1"},"canonical":"https:\/\/bladnanews.com\/fr\/le-psg-sapprete-a-finaliser-le-recrutement-du-joyau-du-barca-dro-fernandez\/","og_locale":"fr_FR","og_type":"article","og_title":"PSG set to complete capture of Barcelona gem Dro Fernandez","og_description":"Paris Saint-Germain are set to complete the capture of highly-rated Barcelona youngster Dro Fernandez in a move that has surprised [&hellip;]","og_url":"https:\/\/bladnanews.com\/fr\/le-psg-sapprete-a-finaliser-le-recrutement-du-joyau-du-barca-dro-fernandez\/","og_site_name":"Bladna News","article_published_time":"2026-01-26T09:50:27+00:00","og_image":[{"width":1312,"height":736,"url":"https:\/\/bladnanews.com\/wp-content\/uploads\/2025\/12\/freepik__bladna-newscom-moroccan-soccer-homepage-banner-mor__41838.png","type":"image\/png"}],"author":"Bladna News Staff","twitter_card":"summary_large_image","twitter_misc":{"\u00c9crit par":"Bladna News Staff","Dur\u00e9e de lecture estim\u00e9e":"1 minute"},"schema":{"@context":"https:\/\/schema.org","@graph":[{"@type":"Article","@id":"https:\/\/bladnanews.com\/psg-set-to-complete-capture-of-barcelona-gem-dro-fernandez\/#article","isPartOf":{"@id":"https:\/\/bladnanews.com\/psg-set-to-complete-capture-of-barcelona-gem-dro-fernandez\/"},"author":{"name":"Bladna News Staff","@id":"https:\/\/mediumseagreen-eel-531711.hostingersite.com\/#\/schema\/person\/268e18a453ab080ebf76df6ef7845083"},"headline":"PSG set to complete capture of Barcelona gem Dro Fernandez","datePublished":"2026-01-26T09:50:27+00:00","mainEntityOfPage":{"@id":"https:\/\/bladnanews.com\/psg-set-to-complete-capture-of-barcelona-gem-dro-fernandez\/"},"wordCount":134,"publisher":{"@id":"https:\/\/mediumseagreen-eel-531711.hostingersite.com\/#organization"},"image":{"@id":"https:\/\/bladnanews.com\/psg-set-to-complete-capture-of-barcelona-gem-dro-fernandez\/#primaryimage"},"thumbnailUrl":"https:\/\/bladnanews.com\/wp-content\/uploads\/2026\/01\/BladnaNews-PSG-set-to-complete-capture-of-Barcelona-gem-Dro-Fernandez-2026-01-26T171020.197Z-scaled.jpg","articleSection":["International","Latest News"],"inLanguage":"fr-FR","copyrightYear":"2026","copyrightHolder":{"@id":"https:\/\/bladnanews.com\/fr\/#organization"}},{"@type":"WebPage","@id":"https:\/\/bladnanews.com\/psg-set-to-complete-capture-of-barcelona-gem-dro-fernandez\/","url":"https:\/\/bladnanews.com\/psg-set-to-complete-capture-of-barcelona-gem-dro-fernandez\/","name":"Le PSG s'appr\u00eate \u00e0 finaliser le recrutement du joyau du Bar\u00e7a, Dro Fernandez - Bladna News","isPartOf":{"@id":"https:\/\/mediumseagreen-eel-531711.hostingersite.com\/#website"},"primaryImageOfPage":{"@id":"https:\/\/bladnanews.com\/psg-set-to-complete-capture-of-barcelona-gem-dro-fernandez\/#primaryimage"},"image":{"@id":"https:\/\/bladnanews.com\/psg-set-to-complete-capture-of-barcelona-gem-dro-fernandez\/#primaryimage"},"thumbnailUrl":"https:\/\/bladnanews.com\/wp-content\/uploads\/2026\/01\/BladnaNews-PSG-set-to-complete-capture-of-Barcelona-gem-Dro-Fernandez-2026-01-26T171020.197Z-scaled.jpg","datePublished":"2026-01-26T09:50:27+00:00","breadcrumb":{"@id":"https:\/\/bladnanews.com\/psg-set-to-complete-capture-of-barcelona-gem-dro-fernandez\/#breadcrumb"},"inLanguage":"fr-FR","potentialAction":[{"@type":"ReadAction","target":["https:\/\/bladnanews.com\/psg-set-to-complete-capture-of-barcelona-gem-dro-fernandez\/"]}]},{"@type":"ImageObject","inLanguage":"fr-FR","@id":"https:\/\/bladnanews.com\/psg-set-to-complete-capture-of-barcelona-gem-dro-fernandez\/#primaryimage","url":"https:\/\/bladnanews.com\/wp-content\/uploads\/2026\/01\/BladnaNews-PSG-set-to-complete-capture-of-Barcelona-gem-Dro-Fernandez-2026-01-26T171020.197Z-scaled.jpg","contentUrl":"https:\/\/bladnanews.com\/wp-content\/uploads\/2026\/01\/BladnaNews-PSG-set-to-complete-capture-of-Barcelona-gem-Dro-Fernandez-2026-01-26T171020.197Z-scaled.jpg","width":2560,"height":1440,"caption":"Barcelona's young talent, Dro Fernandez, in the club's iconic blue and maroon kit, focused during a match at Camp Nou."},{"@type":"BreadcrumbList","@id":"https:\/\/bladnanews.com\/psg-set-to-complete-capture-of-barcelona-gem-dro-fernandez\/#breadcrumb","itemListElement":[{"@type":"ListItem","position":1,"name":"Home","item":"https:\/\/bladnanews.com\/"},{"@type":"ListItem","position":2,"name":"PSG set to complete capture of Barcelona gem Dro Fernandez"}]},{"@type":"WebSite","@id":"https:\/\/mediumseagreen-eel-531711.hostingersite.com\/#website","url":"https:\/\/mediumseagreen-eel-531711.hostingersite.com\/","name":"Bladna News - Maroc","description":"Quand le football marocain rencontre le monde","publisher":{"@id":"https:\/\/mediumseagreen-eel-531711.hostingersite.com\/#organization"},"potentialAction":[{"@type":"SearchAction","target":{"@type":"EntryPoint","urlTemplate":"https:\/\/mediumseagreen-eel-531711.hostingersite.com\/?s={search_term_string}"},"query-input":{"@type":"PropertyValueSpecification","valueRequired":true,"valueName":"search_term_string"}}],"inLanguage":"fr-FR"},{"@type":"Organization","@id":"https:\/\/mediumseagreen-eel-531711.hostingersite.com\/#organization","name":"Bladna News.com","url":"https:\/\/mediumseagreen-eel-531711.hostingersite.com\/","logo":{"@type":"ImageObject","inLanguage":"fr-FR","@id":"https:\/\/mediumseagreen-eel-531711.hostingersite.com\/#\/schema\/logo\/image\/","url":"https:\/\/bladnanews.com\/wp-content\/uploads\/2025\/12\/logo-bladnanews-V2-web-black-red.png","contentUrl":"https:\/\/bladnanews.com\/wp-content\/uploads\/2025\/12\/logo-bladnanews-V2-web-black-red.png","width":703,"height":287,"caption":"Bladna News.com"},"image":{"@id":"https:\/\/mediumseagreen-eel-531711.hostingersite.com\/#\/schema\/logo\/image\/"},"email":"info@bladnanews.com","legalName":"Bladna News"},{"@type":"Person","@id":"https:\/\/mediumseagreen-eel-531711.hostingersite.com\/#\/schema\/person\/268e18a453ab080ebf76df6ef7845083","name":"\u00c9quipe r\u00e9dactionnelle de Bladna News","url":"https:\/\/bladnanews.com\/fr\/author\/bladna-news-staff\/"}]}},"_links":{"self":[{"href":"https:\/\/bladnanews.com\/fr\/wp-json\/wp\/v2\/posts\/7804","targetHints":{"allow":["GET"]}}],"collection":[{"href":"https:\/\/bladnanews.com\/fr\/wp-json\/wp\/v2\/posts"}],"about":[{"href":"https:\/\/bladnanews.com\/fr\/wp-json\/wp\/v2\/types\/post"}],"author":[{"embeddable":true,"href":"https:\/\/bladnanews.com\/fr\/wp-json\/wp\/v2\/users\/3"}],"replies":[{"embeddable":true,"href":"https:\/\/bladnanews.com\/fr\/wp-json\/wp\/v2\/comments?post=7804"}],"version-history":[{"count":0,"href":"https:\/\/bladnanews.com\/fr\/wp-json\/wp\/v2\/posts\/7804\/revisions"}],"wp:featuredmedia":[{"embeddable":true,"href":"https:\/\/bladnanews.com\/fr\/wp-json\/wp\/v2\/media\/7803"}],"wp:attachment":[{"href":"https:\/\/bladnanews.com\/fr\/wp-json\/wp\/v2\/media?parent=7804"}],"wp:term":[{"taxonomy":"category","embeddable":true,"href":"https:\/\/bladnanews.com\/fr\/wp-json\/wp\/v2\/categories?post=7804"},{"taxonomy":"post_tag","embeddable":true,"href":"https:\/\/bladnanews.com\/fr\/wp-json\/wp\/v2\/tags?post=7804"}],"curies":[{"name":"wp","href":"https:\/\/api.w.org\/{rel}","templated":true}]}}