{"id":7832,"date":"2026-01-26T12:47:45","date_gmt":"2026-01-26T12:47:45","guid":{"rendered":"https:\/\/bladnanews.com\/ex-france-star-claims-mbappe-will-win-2026-ballon-dor\/"},"modified":"2026-01-26T12:47:45","modified_gmt":"2026-01-26T12:47:45","slug":"ex-star-francais-affirme-que-mbappe-remportera-le-ballon-dor-2026","status":"publish","type":"post","link":"https:\/\/bladnanews.com\/fr\/ex-star-francais-affirme-que-mbappe-remportera-le-ballon-dor-2026\/","title":{"rendered":"Un ancien joueur fran\u00e7ais affirme que Mbapp\u00e9 remportera le Ballon d'Or 2026."},"content":{"rendered":"<p>Un ancien international fran\u00e7ais a affirm\u00e9 que Kylian Mbapp\u00e9 \u201c remportera \u201d le Ballon d'Or 2026, lan\u00e7ant cette pr\u00e9diction audacieuse m\u00eame si l'attaquant du Real Madrid pourrait terminer la saison actuelle sans troph\u00e9e majeur.<\/p>\n<p>L'ancien joueur des Bleus estime que le transfert de Mbapp\u00e9 \u00e0 Madrid l'a plac\u00e9 sur la bonne voie pour s'emparer de la r\u00e9compense individuelle la plus prestigieuse du football, soutenant que ce n'est qu'une question de temps avant qu'il ne soit sacr\u00e9 meilleur joueur du monde. Cette pr\u00e9diction confiante a \u00e9t\u00e9 formul\u00e9e malgr\u00e9 la possibilit\u00e9 que la premi\u00e8re campagne de Mbapp\u00e9 au Bernab\u00e9u n'apporte pas les titres que beaucoup anticipaient.<\/p>\n<p>Mbapp\u00e9, qui a finalis\u00e9 son transfert tant attendu au Real Madrid apr\u00e8s avoir quitt\u00e9 le Paris Saint-Germain, est soumis \u00e0 une intense surveillance depuis son arriv\u00e9e. Chaque performance est jug\u00e9e \u00e0 l'aune des troph\u00e9es, et la conversation autour du Ballon d'Or l'a accompagn\u00e9 tout au long de la saison.<\/p>\n<p>Mais l'ancien international fran\u00e7ais est convaincu que la perspective globale joue en faveur du joueur de 25 ans. Selon lui, le niveau individuel de Mbapp\u00e9, combin\u00e9 \u00e0 la capacit\u00e9 du Real Madrid \u00e0 concourir pour les plus grands honneurs ann\u00e9e apr\u00e8s ann\u00e9e, en fait le candidat tout d\u00e9sign\u00e9 pour remporter le troph\u00e9e en 2026.<\/p>\n<p>Cette affirmation intervient \u00e0 un moment o\u00f9 la saison madril\u00e8ne ne s'est pas d\u00e9roul\u00e9e de mani\u00e8re irr\u00e9prochable, laissant entrevoir la possibilit\u00e9 que Mbapp\u00e9 termine la campagne les mains vides. Malgr\u00e9 tout, le message de l'ancien international \u00e9tait clair : le Ballon d'Or arrivera, et 2026 est l'ann\u00e9e o\u00f9 il s'attend \u00e0 ce que Mbapp\u00e9 le soul\u00e8ve enfin.<\/p>","protected":false},"excerpt":{"rendered":"<p>A former France international has insisted Kylian Mbappe \u201cwill\u201d win the 2026 Ballon d\u2019Or, making the bold call even though [&hellip;]<\/p>\n","protected":false},"author":3,"featured_media":7831,"comment_status":"","ping_status":"open","sticky":false,"template":"","format":"standard","meta":{"googlesitekit_rrm_CAow_uzEDA:productID":"","site-sidebar-layout":"default","site-content-layout":"","ast-site-content-layout":"default","site-content-style":"default","site-sidebar-style":"default","ast-global-header-display":"","ast-banner-title-visibility":"","ast-main-header-display":"","ast-hfb-above-header-display":"","ast-hfb-below-header-display":"","ast-hfb-mobile-header-display":"","site-post-title":"","ast-breadcrumbs-content":"","ast-featured-img":"","footer-sml-layout":"","ast-disable-related-posts":"","theme-transparent-header-meta":"","adv-header-id-meta":"","stick-header-meta":"","header-above-stick-meta":"","header-main-stick-meta":"","header-below-stick-meta":"","astra-migrate-meta-layouts":"default","ast-page-background-enabled":"default","ast-page-background-meta":{"desktop":{"background-color":"var(--ast-global-color-5)","background-image":"","background-repeat":"repeat","background-position":"center center","background-size":"auto","background-attachment":"scroll","background-type":"","background-media":"","overlay-type":"","overlay-color":"","overlay-opacity":"","overlay-gradient":""},"tablet":{"background-color":"","background-image":"","background-repeat":"repeat","background-position":"center center","background-size":"auto","background-attachment":"scroll","background-type":"","background-media":"","overlay-type":"","overlay-color":"","overlay-opacity":"","overlay-gradient":""},"mobile":{"background-color":"","background-image":"","background-repeat":"repeat","background-position":"center center","background-size":"auto","background-attachment":"scroll","background-type":"","background-media":"","overlay-type":"","overlay-color":"","overlay-opacity":"","overlay-gradient":""}},"ast-content-background-meta":{"desktop":{"background-color":"var(--ast-global-color-4)","background-image":"","background-repeat":"repeat","background-position":"center center","background-size":"auto","background-attachment":"scroll","background-type":"","background-media":"","overlay-type":"","overlay-color":"","overlay-opacity":"","overlay-gradient":""},"tablet":{"background-color":"var(--ast-global-color-4)","background-image":"","background-repeat":"repeat","background-position":"center center","background-size":"auto","background-attachment":"scroll","background-type":"","background-media":"","overlay-type":"","overlay-color":"","overlay-opacity":"","overlay-gradient":""},"mobile":{"background-color":"var(--ast-global-color-4)","background-image":"","background-repeat":"repeat","background-position":"center center","background-size":"auto","background-attachment":"scroll","background-type":"","background-media":"","overlay-type":"","overlay-color":"","overlay-opacity":"","overlay-gradient":""}},"footnotes":""},"categories":[20,1],"tags":[],"class_list":["post-7832","post","type-post","status-publish","format-standard","has-post-thumbnail","hentry","category-international","category-football-latest-news"],"yoast_head":"<!-- This site is optimized with the Yoast SEO Premium plugin v26.6 (Yoast SEO v27.4) - https:\/\/yoast.com\/product\/yoast-seo-premium-wordpress\/ -->\n<title>Ex-France star claims Mbappe will win 2026 Ballon dOr - Bladna News<\/title>\n<meta name=\"robots\" content=\"index, follow, max-snippet:-1, max-image-preview:large, max-video-preview:-1\" \/>\n<link rel=\"canonical\" href=\"https:\/\/bladnanews.com\/fr\/ex-star-francais-affirme-que-mbappe-remportera-le-ballon-dor-2026\/\" \/>\n<meta property=\"og:locale\" content=\"fr_FR\" \/>\n<meta property=\"og:type\" content=\"article\" \/>\n<meta property=\"og:title\" content=\"Ex-France star claims Mbappe will win 2026 Ballon dOr\" \/>\n<meta property=\"og:description\" content=\"A former France international has insisted Kylian Mbappe \u201cwill\u201d win the 2026 Ballon d\u2019Or, making the bold call even though [&hellip;]\" \/>\n<meta property=\"og:url\" content=\"https:\/\/bladnanews.com\/fr\/ex-star-francais-affirme-que-mbappe-remportera-le-ballon-dor-2026\/\" \/>\n<meta property=\"og:site_name\" content=\"Bladna News\" \/>\n<meta property=\"article:published_time\" content=\"2026-01-26T12:47:45+00:00\" \/>\n<meta property=\"og:image\" content=\"https:\/\/bladnanews.com\/wp-content\/uploads\/2025\/12\/freepik__bladna-newscom-moroccan-soccer-homepage-banner-mor__41838.png\" \/>\n\t<meta property=\"og:image:width\" content=\"1312\" \/>\n\t<meta property=\"og:image:height\" content=\"736\" \/>\n\t<meta property=\"og:image:type\" content=\"image\/png\" \/>\n<meta name=\"author\" content=\"Bladna News Staff\" \/>\n<meta name=\"twitter:card\" content=\"summary_large_image\" \/>\n<meta name=\"twitter:label1\" content=\"\u00c9crit par\" \/>\n\t<meta name=\"twitter:data1\" content=\"Bladna News Staff\" \/>\n\t<meta name=\"twitter:label2\" content=\"Dur\u00e9e de lecture estim\u00e9e\" \/>\n\t<meta name=\"twitter:data2\" content=\"1 minute\" \/>\n<script type=\"application\/ld+json\" class=\"yoast-schema-graph\">{\"@context\":\"https:\\\/\\\/schema.org\",\"@graph\":[{\"@type\":\"Article\",\"@id\":\"https:\\\/\\\/bladnanews.com\\\/ex-france-star-claims-mbappe-will-win-2026-ballon-dor\\\/#article\",\"isPartOf\":{\"@id\":\"https:\\\/\\\/bladnanews.com\\\/ex-france-star-claims-mbappe-will-win-2026-ballon-dor\\\/\"},\"author\":{\"name\":\"Bladna News Staff\",\"@id\":\"https:\\\/\\\/mediumseagreen-eel-531711.hostingersite.com\\\/#\\\/schema\\\/person\\\/268e18a453ab080ebf76df6ef7845083\"},\"headline\":\"Ex-France star claims Mbappe will win 2026 Ballon dOr\",\"datePublished\":\"2026-01-26T12:47:45+00:00\",\"mainEntityOfPage\":{\"@id\":\"https:\\\/\\\/bladnanews.com\\\/ex-france-star-claims-mbappe-will-win-2026-ballon-dor\\\/\"},\"wordCount\":246,\"publisher\":{\"@id\":\"https:\\\/\\\/mediumseagreen-eel-531711.hostingersite.com\\\/#organization\"},\"image\":{\"@id\":\"https:\\\/\\\/bladnanews.com\\\/ex-france-star-claims-mbappe-will-win-2026-ballon-dor\\\/#primaryimage\"},\"thumbnailUrl\":\"https:\\\/\\\/bladnanews.com\\\/wp-content\\\/uploads\\\/2026\\\/01\\\/BladnaNews-Ex-France-star-claims-Mbappe-will-win-2026-Ballon-dOr-2026-01-26T210953.614Z.jpg\",\"articleSection\":[\"International\",\"Latest News\"],\"inLanguage\":\"fr-FR\",\"copyrightYear\":\"2026\",\"copyrightHolder\":{\"@id\":\"https:\\\/\\\/bladnanews.com\\\/fr\\\/#organization\"}},{\"@type\":\"WebPage\",\"@id\":\"https:\\\/\\\/bladnanews.com\\\/ex-france-star-claims-mbappe-will-win-2026-ballon-dor\\\/\",\"url\":\"https:\\\/\\\/bladnanews.com\\\/ex-france-star-claims-mbappe-will-win-2026-ballon-dor\\\/\",\"name\":\"Ex-France star claims Mbappe will win 2026 Ballon dOr - Bladna News\",\"isPartOf\":{\"@id\":\"https:\\\/\\\/mediumseagreen-eel-531711.hostingersite.com\\\/#website\"},\"primaryImageOfPage\":{\"@id\":\"https:\\\/\\\/bladnanews.com\\\/ex-france-star-claims-mbappe-will-win-2026-ballon-dor\\\/#primaryimage\"},\"image\":{\"@id\":\"https:\\\/\\\/bladnanews.com\\\/ex-france-star-claims-mbappe-will-win-2026-ballon-dor\\\/#primaryimage\"},\"thumbnailUrl\":\"https:\\\/\\\/bladnanews.com\\\/wp-content\\\/uploads\\\/2026\\\/01\\\/BladnaNews-Ex-France-star-claims-Mbappe-will-win-2026-Ballon-dOr-2026-01-26T210953.614Z.jpg\",\"datePublished\":\"2026-01-26T12:47:45+00:00\",\"breadcrumb\":{\"@id\":\"https:\\\/\\\/bladnanews.com\\\/ex-france-star-claims-mbappe-will-win-2026-ballon-dor\\\/#breadcrumb\"},\"inLanguage\":\"fr-FR\",\"potentialAction\":[{\"@type\":\"ReadAction\",\"target\":[\"https:\\\/\\\/bladnanews.com\\\/ex-france-star-claims-mbappe-will-win-2026-ballon-dor\\\/\"]}]},{\"@type\":\"ImageObject\",\"inLanguage\":\"fr-FR\",\"@id\":\"https:\\\/\\\/bladnanews.com\\\/ex-france-star-claims-mbappe-will-win-2026-ballon-dor\\\/#primaryimage\",\"url\":\"https:\\\/\\\/bladnanews.com\\\/wp-content\\\/uploads\\\/2026\\\/01\\\/BladnaNews-Ex-France-star-claims-Mbappe-will-win-2026-Ballon-dOr-2026-01-26T210953.614Z.jpg\",\"contentUrl\":\"https:\\\/\\\/bladnanews.com\\\/wp-content\\\/uploads\\\/2026\\\/01\\\/BladnaNews-Ex-France-star-claims-Mbappe-will-win-2026-Ballon-dOr-2026-01-26T210953.614Z.jpg\",\"width\":1920,\"height\":1080,\"caption\":\"Kylian Mbapp\u00e9 in a white football kit, looking contemplative, with the Ballon d'Or trophy prominently displayed beside him.\"},{\"@type\":\"BreadcrumbList\",\"@id\":\"https:\\\/\\\/bladnanews.com\\\/ex-france-star-claims-mbappe-will-win-2026-ballon-dor\\\/#breadcrumb\",\"itemListElement\":[{\"@type\":\"ListItem\",\"position\":1,\"name\":\"Home\",\"item\":\"https:\\\/\\\/bladnanews.com\\\/\"},{\"@type\":\"ListItem\",\"position\":2,\"name\":\"Ex-France star claims Mbappe will win 2026 Ballon dOr\"}]},{\"@type\":\"WebSite\",\"@id\":\"https:\\\/\\\/mediumseagreen-eel-531711.hostingersite.com\\\/#website\",\"url\":\"https:\\\/\\\/mediumseagreen-eel-531711.hostingersite.com\\\/\",\"name\":\"Bladna News - Morocco\",\"description\":\"Where Moroccan Football Meets the World\",\"publisher\":{\"@id\":\"https:\\\/\\\/mediumseagreen-eel-531711.hostingersite.com\\\/#organization\"},\"potentialAction\":[{\"@type\":\"SearchAction\",\"target\":{\"@type\":\"EntryPoint\",\"urlTemplate\":\"https:\\\/\\\/mediumseagreen-eel-531711.hostingersite.com\\\/?s={search_term_string}\"},\"query-input\":{\"@type\":\"PropertyValueSpecification\",\"valueRequired\":true,\"valueName\":\"search_term_string\"}}],\"inLanguage\":\"fr-FR\"},{\"@type\":\"Organization\",\"@id\":\"https:\\\/\\\/mediumseagreen-eel-531711.hostingersite.com\\\/#organization\",\"name\":\"Bladna News.com\",\"url\":\"https:\\\/\\\/mediumseagreen-eel-531711.hostingersite.com\\\/\",\"logo\":{\"@type\":\"ImageObject\",\"inLanguage\":\"fr-FR\",\"@id\":\"https:\\\/\\\/mediumseagreen-eel-531711.hostingersite.com\\\/#\\\/schema\\\/logo\\\/image\\\/\",\"url\":\"https:\\\/\\\/bladnanews.com\\\/wp-content\\\/uploads\\\/2025\\\/12\\\/logo-bladnanews-V2-web-black-red.png\",\"contentUrl\":\"https:\\\/\\\/bladnanews.com\\\/wp-content\\\/uploads\\\/2025\\\/12\\\/logo-bladnanews-V2-web-black-red.png\",\"width\":703,\"height\":287,\"caption\":\"Bladna News.com\"},\"image\":{\"@id\":\"https:\\\/\\\/mediumseagreen-eel-531711.hostingersite.com\\\/#\\\/schema\\\/logo\\\/image\\\/\"},\"email\":\"info@bladnanews.com\",\"legalName\":\"Bladna News\"},{\"@type\":\"Person\",\"@id\":\"https:\\\/\\\/mediumseagreen-eel-531711.hostingersite.com\\\/#\\\/schema\\\/person\\\/268e18a453ab080ebf76df6ef7845083\",\"name\":\"Bladna News Staff\",\"url\":\"https:\\\/\\\/bladnanews.com\\\/fr\\\/author\\\/bladna-news-staff\\\/\"}]}<\/script>\n<!-- \/ Yoast SEO Premium plugin. -->","yoast_head_json":{"title":"Un ancien joueur star fran\u00e7ais affirme que Mbapp\u00e9 remportera le Ballon d'Or 2026 - Bladna News","robots":{"index":"index","follow":"follow","max-snippet":"max-snippet:-1","max-image-preview":"max-image-preview:large","max-video-preview":"max-video-preview:-1"},"canonical":"https:\/\/bladnanews.com\/fr\/ex-star-francais-affirme-que-mbappe-remportera-le-ballon-dor-2026\/","og_locale":"fr_FR","og_type":"article","og_title":"Ex-France star claims Mbappe will win 2026 Ballon dOr","og_description":"A former France international has insisted Kylian Mbappe \u201cwill\u201d win the 2026 Ballon d\u2019Or, making the bold call even though [&hellip;]","og_url":"https:\/\/bladnanews.com\/fr\/ex-star-francais-affirme-que-mbappe-remportera-le-ballon-dor-2026\/","og_site_name":"Bladna News","article_published_time":"2026-01-26T12:47:45+00:00","og_image":[{"width":1312,"height":736,"url":"https:\/\/bladnanews.com\/wp-content\/uploads\/2025\/12\/freepik__bladna-newscom-moroccan-soccer-homepage-banner-mor__41838.png","type":"image\/png"}],"author":"Bladna News Staff","twitter_card":"summary_large_image","twitter_misc":{"\u00c9crit par":"Bladna News Staff","Dur\u00e9e de lecture estim\u00e9e":"1 minute"},"schema":{"@context":"https:\/\/schema.org","@graph":[{"@type":"Article","@id":"https:\/\/bladnanews.com\/ex-france-star-claims-mbappe-will-win-2026-ballon-dor\/#article","isPartOf":{"@id":"https:\/\/bladnanews.com\/ex-france-star-claims-mbappe-will-win-2026-ballon-dor\/"},"author":{"name":"Bladna News Staff","@id":"https:\/\/mediumseagreen-eel-531711.hostingersite.com\/#\/schema\/person\/268e18a453ab080ebf76df6ef7845083"},"headline":"Ex-France star claims Mbappe will win 2026 Ballon dOr","datePublished":"2026-01-26T12:47:45+00:00","mainEntityOfPage":{"@id":"https:\/\/bladnanews.com\/ex-france-star-claims-mbappe-will-win-2026-ballon-dor\/"},"wordCount":246,"publisher":{"@id":"https:\/\/mediumseagreen-eel-531711.hostingersite.com\/#organization"},"image":{"@id":"https:\/\/bladnanews.com\/ex-france-star-claims-mbappe-will-win-2026-ballon-dor\/#primaryimage"},"thumbnailUrl":"https:\/\/bladnanews.com\/wp-content\/uploads\/2026\/01\/BladnaNews-Ex-France-star-claims-Mbappe-will-win-2026-Ballon-dOr-2026-01-26T210953.614Z.jpg","articleSection":["International","Latest News"],"inLanguage":"fr-FR","copyrightYear":"2026","copyrightHolder":{"@id":"https:\/\/bladnanews.com\/fr\/#organization"}},{"@type":"WebPage","@id":"https:\/\/bladnanews.com\/ex-france-star-claims-mbappe-will-win-2026-ballon-dor\/","url":"https:\/\/bladnanews.com\/ex-france-star-claims-mbappe-will-win-2026-ballon-dor\/","name":"Un ancien joueur star fran\u00e7ais affirme que Mbapp\u00e9 remportera le Ballon d'Or 2026 - Bladna News","isPartOf":{"@id":"https:\/\/mediumseagreen-eel-531711.hostingersite.com\/#website"},"primaryImageOfPage":{"@id":"https:\/\/bladnanews.com\/ex-france-star-claims-mbappe-will-win-2026-ballon-dor\/#primaryimage"},"image":{"@id":"https:\/\/bladnanews.com\/ex-france-star-claims-mbappe-will-win-2026-ballon-dor\/#primaryimage"},"thumbnailUrl":"https:\/\/bladnanews.com\/wp-content\/uploads\/2026\/01\/BladnaNews-Ex-France-star-claims-Mbappe-will-win-2026-Ballon-dOr-2026-01-26T210953.614Z.jpg","datePublished":"2026-01-26T12:47:45+00:00","breadcrumb":{"@id":"https:\/\/bladnanews.com\/ex-france-star-claims-mbappe-will-win-2026-ballon-dor\/#breadcrumb"},"inLanguage":"fr-FR","potentialAction":[{"@type":"ReadAction","target":["https:\/\/bladnanews.com\/ex-france-star-claims-mbappe-will-win-2026-ballon-dor\/"]}]},{"@type":"ImageObject","inLanguage":"fr-FR","@id":"https:\/\/bladnanews.com\/ex-france-star-claims-mbappe-will-win-2026-ballon-dor\/#primaryimage","url":"https:\/\/bladnanews.com\/wp-content\/uploads\/2026\/01\/BladnaNews-Ex-France-star-claims-Mbappe-will-win-2026-Ballon-dOr-2026-01-26T210953.614Z.jpg","contentUrl":"https:\/\/bladnanews.com\/wp-content\/uploads\/2026\/01\/BladnaNews-Ex-France-star-claims-Mbappe-will-win-2026-Ballon-dOr-2026-01-26T210953.614Z.jpg","width":1920,"height":1080,"caption":"Kylian Mbapp\u00e9 in a white football kit, looking contemplative, with the Ballon d'Or trophy prominently displayed beside him."},{"@type":"BreadcrumbList","@id":"https:\/\/bladnanews.com\/ex-france-star-claims-mbappe-will-win-2026-ballon-dor\/#breadcrumb","itemListElement":[{"@type":"ListItem","position":1,"name":"Home","item":"https:\/\/bladnanews.com\/"},{"@type":"ListItem","position":2,"name":"Ex-France star claims Mbappe will win 2026 Ballon dOr"}]},{"@type":"WebSite","@id":"https:\/\/mediumseagreen-eel-531711.hostingersite.com\/#website","url":"https:\/\/mediumseagreen-eel-531711.hostingersite.com\/","name":"Bladna News - Maroc","description":"Quand le football marocain rencontre le monde","publisher":{"@id":"https:\/\/mediumseagreen-eel-531711.hostingersite.com\/#organization"},"potentialAction":[{"@type":"SearchAction","target":{"@type":"EntryPoint","urlTemplate":"https:\/\/mediumseagreen-eel-531711.hostingersite.com\/?s={search_term_string}"},"query-input":{"@type":"PropertyValueSpecification","valueRequired":true,"valueName":"search_term_string"}}],"inLanguage":"fr-FR"},{"@type":"Organization","@id":"https:\/\/mediumseagreen-eel-531711.hostingersite.com\/#organization","name":"Bladna News.com","url":"https:\/\/mediumseagreen-eel-531711.hostingersite.com\/","logo":{"@type":"ImageObject","inLanguage":"fr-FR","@id":"https:\/\/mediumseagreen-eel-531711.hostingersite.com\/#\/schema\/logo\/image\/","url":"https:\/\/bladnanews.com\/wp-content\/uploads\/2025\/12\/logo-bladnanews-V2-web-black-red.png","contentUrl":"https:\/\/bladnanews.com\/wp-content\/uploads\/2025\/12\/logo-bladnanews-V2-web-black-red.png","width":703,"height":287,"caption":"Bladna News.com"},"image":{"@id":"https:\/\/mediumseagreen-eel-531711.hostingersite.com\/#\/schema\/logo\/image\/"},"email":"info@bladnanews.com","legalName":"Bladna News"},{"@type":"Person","@id":"https:\/\/mediumseagreen-eel-531711.hostingersite.com\/#\/schema\/person\/268e18a453ab080ebf76df6ef7845083","name":"\u00c9quipe r\u00e9dactionnelle de Bladna News","url":"https:\/\/bladnanews.com\/fr\/author\/bladna-news-staff\/"}]}},"_links":{"self":[{"href":"https:\/\/bladnanews.com\/fr\/wp-json\/wp\/v2\/posts\/7832","targetHints":{"allow":["GET"]}}],"collection":[{"href":"https:\/\/bladnanews.com\/fr\/wp-json\/wp\/v2\/posts"}],"about":[{"href":"https:\/\/bladnanews.com\/fr\/wp-json\/wp\/v2\/types\/post"}],"author":[{"embeddable":true,"href":"https:\/\/bladnanews.com\/fr\/wp-json\/wp\/v2\/users\/3"}],"replies":[{"embeddable":true,"href":"https:\/\/bladnanews.com\/fr\/wp-json\/wp\/v2\/comments?post=7832"}],"version-history":[{"count":0,"href":"https:\/\/bladnanews.com\/fr\/wp-json\/wp\/v2\/posts\/7832\/revisions"}],"wp:featuredmedia":[{"embeddable":true,"href":"https:\/\/bladnanews.com\/fr\/wp-json\/wp\/v2\/media\/7831"}],"wp:attachment":[{"href":"https:\/\/bladnanews.com\/fr\/wp-json\/wp\/v2\/media?parent=7832"}],"wp:term":[{"taxonomy":"category","embeddable":true,"href":"https:\/\/bladnanews.com\/fr\/wp-json\/wp\/v2\/categories?post=7832"},{"taxonomy":"post_tag","embeddable":true,"href":"https:\/\/bladnanews.com\/fr\/wp-json\/wp\/v2\/tags?post=7832"}],"curies":[{"name":"wp","href":"https:\/\/api.w.org\/{rel}","templated":true}]}}