{"id":7855,"date":"2026-01-26T14:47:44","date_gmt":"2026-01-26T14:47:44","guid":{"rendered":"https:\/\/bladnanews.com\/ksi-vents-frustration-over-tommy-fury-loss-after-judges-call\/"},"modified":"2026-01-26T14:47:44","modified_gmt":"2026-01-26T14:47:44","slug":"ksi-exprime-sa-frustration-apres-la-defaite-contre-tommy-fury-suite-a-la-decision-des-juges","status":"publish","type":"post","link":"https:\/\/bladnanews.com\/fr\/ksi-exprime-sa-frustration-apres-la-defaite-contre-tommy-fury-suite-a-la-decision-des-juges\/","title":{"rendered":"KSI exprime sa frustration apr\u00e8s sa d\u00e9faite contre Tommy Fury, remettant en cause la d\u00e9cision des juges"},"content":{"rendered":"<p>KSI s'est exprim\u00e9 ouvertement sur la \u201c frustration \u201d ressentie apr\u00e8s sa d\u00e9faite face \u00e0 Tommy Fury, qualifiant l'exp\u00e9rience enti\u00e8re de \u201c putain de perte de temps \u201d en revenant sur la d\u00e9cision controvers\u00e9e.<\/p>\n<p>Le YouTubeur devenu boxeur a \u00e9t\u00e9 battu par Fury par d\u00e9cision majoritaire lors de leur combat Misfits Boxing en octobre 2023, un r\u00e9sultat qui a suscit\u00e9 des d\u00e9bats imm\u00e9diatement apr\u00e8s la cloche finale.<\/p>\n<p>Dans ses derni\u00e8res d\u00e9clarations, KSI a affirm\u00e9 s'\u00eatre engag\u00e9 \u00e0 fond dans le combat et sa pr\u00e9paration, mais \u00eatre ressorti en col\u00e8re de son issue. \u201c Putain de perte de temps \u201d, a-t-il d\u00e9clar\u00e9 en \u00e9voquant la d\u00e9faite et son \u00e9tat d'esprit par la suite.<\/p>\n<p>KSI a \u00e9galement r\u00e9v\u00e9l\u00e9 que Jake Paul, son rival de longue date, l'avait en r\u00e9alit\u00e9 soutenu avant le combat. Mais malgr\u00e9 ce soutien, KSI estime que les juges se sont tromp\u00e9s dans leur d\u00e9cision, affirmant qu'ils l'ont \u201c niqu\u00e9 \u201d sur les feuilles de score.<\/p>\n<p>Cette d\u00e9faite reste l'un des sujets les plus discut\u00e9s de la carri\u00e8re boxistique de KSI, l'influenceur insistant sur le fait que sa main aurait d\u00fb \u00eatre lev\u00e9e face \u00e0 Fury.<\/p>","protected":false},"excerpt":{"rendered":"<p>KSI has spoken openly about the \u201cfrustration\u201d he felt after losing to Tommy Fury, describing the whole experience as a [&hellip;]<\/p>\n","protected":false},"author":3,"featured_media":7854,"comment_status":"","ping_status":"open","sticky":false,"template":"","format":"standard","meta":{"googlesitekit_rrm_CAow_uzEDA:productID":"","site-sidebar-layout":"default","site-content-layout":"","ast-site-content-layout":"default","site-content-style":"default","site-sidebar-style":"default","ast-global-header-display":"","ast-banner-title-visibility":"","ast-main-header-display":"","ast-hfb-above-header-display":"","ast-hfb-below-header-display":"","ast-hfb-mobile-header-display":"","site-post-title":"","ast-breadcrumbs-content":"","ast-featured-img":"","footer-sml-layout":"","ast-disable-related-posts":"","theme-transparent-header-meta":"","adv-header-id-meta":"","stick-header-meta":"","header-above-stick-meta":"","header-main-stick-meta":"","header-below-stick-meta":"","astra-migrate-meta-layouts":"default","ast-page-background-enabled":"default","ast-page-background-meta":{"desktop":{"background-color":"var(--ast-global-color-5)","background-image":"","background-repeat":"repeat","background-position":"center center","background-size":"auto","background-attachment":"scroll","background-type":"","background-media":"","overlay-type":"","overlay-color":"","overlay-opacity":"","overlay-gradient":""},"tablet":{"background-color":"","background-image":"","background-repeat":"repeat","background-position":"center center","background-size":"auto","background-attachment":"scroll","background-type":"","background-media":"","overlay-type":"","overlay-color":"","overlay-opacity":"","overlay-gradient":""},"mobile":{"background-color":"","background-image":"","background-repeat":"repeat","background-position":"center center","background-size":"auto","background-attachment":"scroll","background-type":"","background-media":"","overlay-type":"","overlay-color":"","overlay-opacity":"","overlay-gradient":""}},"ast-content-background-meta":{"desktop":{"background-color":"var(--ast-global-color-4)","background-image":"","background-repeat":"repeat","background-position":"center center","background-size":"auto","background-attachment":"scroll","background-type":"","background-media":"","overlay-type":"","overlay-color":"","overlay-opacity":"","overlay-gradient":""},"tablet":{"background-color":"var(--ast-global-color-4)","background-image":"","background-repeat":"repeat","background-position":"center center","background-size":"auto","background-attachment":"scroll","background-type":"","background-media":"","overlay-type":"","overlay-color":"","overlay-opacity":"","overlay-gradient":""},"mobile":{"background-color":"var(--ast-global-color-4)","background-image":"","background-repeat":"repeat","background-position":"center center","background-size":"auto","background-attachment":"scroll","background-type":"","background-media":"","overlay-type":"","overlay-color":"","overlay-opacity":"","overlay-gradient":""}},"footnotes":""},"categories":[20,1],"tags":[],"class_list":["post-7855","post","type-post","status-publish","format-standard","has-post-thumbnail","hentry","category-international","category-football-latest-news"],"yoast_head":"<!-- This site is optimized with the Yoast SEO Premium plugin v26.6 (Yoast SEO v27.4) - https:\/\/yoast.com\/product\/yoast-seo-premium-wordpress\/ -->\n<title>KSI vents frustration over Tommy Fury loss after judges call - Bladna News<\/title>\n<meta name=\"robots\" content=\"index, follow, max-snippet:-1, max-image-preview:large, max-video-preview:-1\" \/>\n<link rel=\"canonical\" href=\"https:\/\/bladnanews.com\/fr\/ksi-exprime-sa-frustration-apres-la-defaite-contre-tommy-fury-suite-a-la-decision-des-juges\/\" \/>\n<meta property=\"og:locale\" content=\"fr_FR\" \/>\n<meta property=\"og:type\" content=\"article\" \/>\n<meta property=\"og:title\" content=\"KSI vents frustration over Tommy Fury loss after judges call\" \/>\n<meta property=\"og:description\" content=\"KSI has spoken openly about the \u201cfrustration\u201d he felt after losing to Tommy Fury, describing the whole experience as a [&hellip;]\" \/>\n<meta property=\"og:url\" content=\"https:\/\/bladnanews.com\/fr\/ksi-exprime-sa-frustration-apres-la-defaite-contre-tommy-fury-suite-a-la-decision-des-juges\/\" \/>\n<meta property=\"og:site_name\" content=\"Bladna News\" \/>\n<meta property=\"article:published_time\" content=\"2026-01-26T14:47:44+00:00\" \/>\n<meta property=\"og:image\" content=\"https:\/\/bladnanews.com\/wp-content\/uploads\/2025\/12\/freepik__bladna-newscom-moroccan-soccer-homepage-banner-mor__41838.png\" \/>\n\t<meta property=\"og:image:width\" content=\"1312\" \/>\n\t<meta property=\"og:image:height\" content=\"736\" \/>\n\t<meta property=\"og:image:type\" content=\"image\/png\" \/>\n<meta name=\"author\" content=\"Bladna News Staff\" \/>\n<meta name=\"twitter:card\" content=\"summary_large_image\" \/>\n<meta name=\"twitter:label1\" content=\"\u00c9crit par\" \/>\n\t<meta name=\"twitter:data1\" content=\"Bladna News Staff\" \/>\n\t<meta name=\"twitter:label2\" content=\"Dur\u00e9e de lecture estim\u00e9e\" \/>\n\t<meta name=\"twitter:data2\" content=\"1 minute\" \/>\n<script type=\"application\/ld+json\" class=\"yoast-schema-graph\">{\"@context\":\"https:\\\/\\\/schema.org\",\"@graph\":[{\"@type\":\"Article\",\"@id\":\"https:\\\/\\\/bladnanews.com\\\/ksi-vents-frustration-over-tommy-fury-loss-after-judges-call\\\/#article\",\"isPartOf\":{\"@id\":\"https:\\\/\\\/bladnanews.com\\\/ksi-vents-frustration-over-tommy-fury-loss-after-judges-call\\\/\"},\"author\":{\"name\":\"Bladna News Staff\",\"@id\":\"https:\\\/\\\/mediumseagreen-eel-531711.hostingersite.com\\\/#\\\/schema\\\/person\\\/268e18a453ab080ebf76df6ef7845083\"},\"headline\":\"KSI vents frustration over Tommy Fury loss after judges call\",\"datePublished\":\"2026-01-26T14:47:44+00:00\",\"mainEntityOfPage\":{\"@id\":\"https:\\\/\\\/bladnanews.com\\\/ksi-vents-frustration-over-tommy-fury-loss-after-judges-call\\\/\"},\"wordCount\":176,\"publisher\":{\"@id\":\"https:\\\/\\\/mediumseagreen-eel-531711.hostingersite.com\\\/#organization\"},\"image\":{\"@id\":\"https:\\\/\\\/bladnanews.com\\\/ksi-vents-frustration-over-tommy-fury-loss-after-judges-call\\\/#primaryimage\"},\"thumbnailUrl\":\"https:\\\/\\\/bladnanews.com\\\/wp-content\\\/uploads\\\/2026\\\/01\\\/BladnaNews-KSI-vents-frustration-over-Tommy-Fury-loss-after-judges-call-2026-01-27T011014.815Z-scaled.jpg\",\"articleSection\":[\"International\",\"Latest News\"],\"inLanguage\":\"fr-FR\",\"copyrightYear\":\"2026\",\"copyrightHolder\":{\"@id\":\"https:\\\/\\\/bladnanews.com\\\/fr\\\/#organization\"}},{\"@type\":\"WebPage\",\"@id\":\"https:\\\/\\\/bladnanews.com\\\/ksi-vents-frustration-over-tommy-fury-loss-after-judges-call\\\/\",\"url\":\"https:\\\/\\\/bladnanews.com\\\/ksi-vents-frustration-over-tommy-fury-loss-after-judges-call\\\/\",\"name\":\"KSI vents frustration over Tommy Fury loss after judges call - Bladna News\",\"isPartOf\":{\"@id\":\"https:\\\/\\\/mediumseagreen-eel-531711.hostingersite.com\\\/#website\"},\"primaryImageOfPage\":{\"@id\":\"https:\\\/\\\/bladnanews.com\\\/ksi-vents-frustration-over-tommy-fury-loss-after-judges-call\\\/#primaryimage\"},\"image\":{\"@id\":\"https:\\\/\\\/bladnanews.com\\\/ksi-vents-frustration-over-tommy-fury-loss-after-judges-call\\\/#primaryimage\"},\"thumbnailUrl\":\"https:\\\/\\\/bladnanews.com\\\/wp-content\\\/uploads\\\/2026\\\/01\\\/BladnaNews-KSI-vents-frustration-over-Tommy-Fury-loss-after-judges-call-2026-01-27T011014.815Z-scaled.jpg\",\"datePublished\":\"2026-01-26T14:47:44+00:00\",\"breadcrumb\":{\"@id\":\"https:\\\/\\\/bladnanews.com\\\/ksi-vents-frustration-over-tommy-fury-loss-after-judges-call\\\/#breadcrumb\"},\"inLanguage\":\"fr-FR\",\"potentialAction\":[{\"@type\":\"ReadAction\",\"target\":[\"https:\\\/\\\/bladnanews.com\\\/ksi-vents-frustration-over-tommy-fury-loss-after-judges-call\\\/\"]}]},{\"@type\":\"ImageObject\",\"inLanguage\":\"fr-FR\",\"@id\":\"https:\\\/\\\/bladnanews.com\\\/ksi-vents-frustration-over-tommy-fury-loss-after-judges-call\\\/#primaryimage\",\"url\":\"https:\\\/\\\/bladnanews.com\\\/wp-content\\\/uploads\\\/2026\\\/01\\\/BladnaNews-KSI-vents-frustration-over-Tommy-Fury-loss-after-judges-call-2026-01-27T011014.815Z-scaled.jpg\",\"contentUrl\":\"https:\\\/\\\/bladnanews.com\\\/wp-content\\\/uploads\\\/2026\\\/01\\\/BladnaNews-KSI-vents-frustration-over-Tommy-Fury-loss-after-judges-call-2026-01-27T011014.815Z-scaled.jpg\",\"width\":2560,\"height\":1440,\"caption\":\"Tommy Fury and KSI clash in an intense boxing match, surrounded by a vibrant crowd and bright lights, showcasing their competitive spirit.\"},{\"@type\":\"BreadcrumbList\",\"@id\":\"https:\\\/\\\/bladnanews.com\\\/ksi-vents-frustration-over-tommy-fury-loss-after-judges-call\\\/#breadcrumb\",\"itemListElement\":[{\"@type\":\"ListItem\",\"position\":1,\"name\":\"Home\",\"item\":\"https:\\\/\\\/bladnanews.com\\\/\"},{\"@type\":\"ListItem\",\"position\":2,\"name\":\"KSI vents frustration over Tommy Fury loss after judges call\"}]},{\"@type\":\"WebSite\",\"@id\":\"https:\\\/\\\/mediumseagreen-eel-531711.hostingersite.com\\\/#website\",\"url\":\"https:\\\/\\\/mediumseagreen-eel-531711.hostingersite.com\\\/\",\"name\":\"Bladna News - Morocco\",\"description\":\"Where Moroccan Football Meets the World\",\"publisher\":{\"@id\":\"https:\\\/\\\/mediumseagreen-eel-531711.hostingersite.com\\\/#organization\"},\"potentialAction\":[{\"@type\":\"SearchAction\",\"target\":{\"@type\":\"EntryPoint\",\"urlTemplate\":\"https:\\\/\\\/mediumseagreen-eel-531711.hostingersite.com\\\/?s={search_term_string}\"},\"query-input\":{\"@type\":\"PropertyValueSpecification\",\"valueRequired\":true,\"valueName\":\"search_term_string\"}}],\"inLanguage\":\"fr-FR\"},{\"@type\":\"Organization\",\"@id\":\"https:\\\/\\\/mediumseagreen-eel-531711.hostingersite.com\\\/#organization\",\"name\":\"Bladna News.com\",\"url\":\"https:\\\/\\\/mediumseagreen-eel-531711.hostingersite.com\\\/\",\"logo\":{\"@type\":\"ImageObject\",\"inLanguage\":\"fr-FR\",\"@id\":\"https:\\\/\\\/mediumseagreen-eel-531711.hostingersite.com\\\/#\\\/schema\\\/logo\\\/image\\\/\",\"url\":\"https:\\\/\\\/bladnanews.com\\\/wp-content\\\/uploads\\\/2025\\\/12\\\/logo-bladnanews-V2-web-black-red.png\",\"contentUrl\":\"https:\\\/\\\/bladnanews.com\\\/wp-content\\\/uploads\\\/2025\\\/12\\\/logo-bladnanews-V2-web-black-red.png\",\"width\":703,\"height\":287,\"caption\":\"Bladna News.com\"},\"image\":{\"@id\":\"https:\\\/\\\/mediumseagreen-eel-531711.hostingersite.com\\\/#\\\/schema\\\/logo\\\/image\\\/\"},\"email\":\"info@bladnanews.com\",\"legalName\":\"Bladna News\"},{\"@type\":\"Person\",\"@id\":\"https:\\\/\\\/mediumseagreen-eel-531711.hostingersite.com\\\/#\\\/schema\\\/person\\\/268e18a453ab080ebf76df6ef7845083\",\"name\":\"Bladna News Staff\",\"url\":\"https:\\\/\\\/bladnanews.com\\\/fr\\\/author\\\/bladna-news-staff\\\/\"}]}<\/script>\n<!-- \/ Yoast SEO Premium plugin. -->","yoast_head_json":{"title":"KSI exprime sa frustration apr\u00e8s la d\u00e9faite contre Tommy Fury suite \u00e0 la d\u00e9cision des juges - Bladna News","robots":{"index":"index","follow":"follow","max-snippet":"max-snippet:-1","max-image-preview":"max-image-preview:large","max-video-preview":"max-video-preview:-1"},"canonical":"https:\/\/bladnanews.com\/fr\/ksi-exprime-sa-frustration-apres-la-defaite-contre-tommy-fury-suite-a-la-decision-des-juges\/","og_locale":"fr_FR","og_type":"article","og_title":"KSI vents frustration over Tommy Fury loss after judges call","og_description":"KSI has spoken openly about the \u201cfrustration\u201d he felt after losing to Tommy Fury, describing the whole experience as a [&hellip;]","og_url":"https:\/\/bladnanews.com\/fr\/ksi-exprime-sa-frustration-apres-la-defaite-contre-tommy-fury-suite-a-la-decision-des-juges\/","og_site_name":"Bladna News","article_published_time":"2026-01-26T14:47:44+00:00","og_image":[{"width":1312,"height":736,"url":"https:\/\/bladnanews.com\/wp-content\/uploads\/2025\/12\/freepik__bladna-newscom-moroccan-soccer-homepage-banner-mor__41838.png","type":"image\/png"}],"author":"Bladna News Staff","twitter_card":"summary_large_image","twitter_misc":{"\u00c9crit par":"Bladna News Staff","Dur\u00e9e de lecture estim\u00e9e":"1 minute"},"schema":{"@context":"https:\/\/schema.org","@graph":[{"@type":"Article","@id":"https:\/\/bladnanews.com\/ksi-vents-frustration-over-tommy-fury-loss-after-judges-call\/#article","isPartOf":{"@id":"https:\/\/bladnanews.com\/ksi-vents-frustration-over-tommy-fury-loss-after-judges-call\/"},"author":{"name":"Bladna News Staff","@id":"https:\/\/mediumseagreen-eel-531711.hostingersite.com\/#\/schema\/person\/268e18a453ab080ebf76df6ef7845083"},"headline":"KSI vents frustration over Tommy Fury loss after judges call","datePublished":"2026-01-26T14:47:44+00:00","mainEntityOfPage":{"@id":"https:\/\/bladnanews.com\/ksi-vents-frustration-over-tommy-fury-loss-after-judges-call\/"},"wordCount":176,"publisher":{"@id":"https:\/\/mediumseagreen-eel-531711.hostingersite.com\/#organization"},"image":{"@id":"https:\/\/bladnanews.com\/ksi-vents-frustration-over-tommy-fury-loss-after-judges-call\/#primaryimage"},"thumbnailUrl":"https:\/\/bladnanews.com\/wp-content\/uploads\/2026\/01\/BladnaNews-KSI-vents-frustration-over-Tommy-Fury-loss-after-judges-call-2026-01-27T011014.815Z-scaled.jpg","articleSection":["International","Latest News"],"inLanguage":"fr-FR","copyrightYear":"2026","copyrightHolder":{"@id":"https:\/\/bladnanews.com\/fr\/#organization"}},{"@type":"WebPage","@id":"https:\/\/bladnanews.com\/ksi-vents-frustration-over-tommy-fury-loss-after-judges-call\/","url":"https:\/\/bladnanews.com\/ksi-vents-frustration-over-tommy-fury-loss-after-judges-call\/","name":"KSI exprime sa frustration apr\u00e8s la d\u00e9faite contre Tommy Fury suite \u00e0 la d\u00e9cision des juges - Bladna News","isPartOf":{"@id":"https:\/\/mediumseagreen-eel-531711.hostingersite.com\/#website"},"primaryImageOfPage":{"@id":"https:\/\/bladnanews.com\/ksi-vents-frustration-over-tommy-fury-loss-after-judges-call\/#primaryimage"},"image":{"@id":"https:\/\/bladnanews.com\/ksi-vents-frustration-over-tommy-fury-loss-after-judges-call\/#primaryimage"},"thumbnailUrl":"https:\/\/bladnanews.com\/wp-content\/uploads\/2026\/01\/BladnaNews-KSI-vents-frustration-over-Tommy-Fury-loss-after-judges-call-2026-01-27T011014.815Z-scaled.jpg","datePublished":"2026-01-26T14:47:44+00:00","breadcrumb":{"@id":"https:\/\/bladnanews.com\/ksi-vents-frustration-over-tommy-fury-loss-after-judges-call\/#breadcrumb"},"inLanguage":"fr-FR","potentialAction":[{"@type":"ReadAction","target":["https:\/\/bladnanews.com\/ksi-vents-frustration-over-tommy-fury-loss-after-judges-call\/"]}]},{"@type":"ImageObject","inLanguage":"fr-FR","@id":"https:\/\/bladnanews.com\/ksi-vents-frustration-over-tommy-fury-loss-after-judges-call\/#primaryimage","url":"https:\/\/bladnanews.com\/wp-content\/uploads\/2026\/01\/BladnaNews-KSI-vents-frustration-over-Tommy-Fury-loss-after-judges-call-2026-01-27T011014.815Z-scaled.jpg","contentUrl":"https:\/\/bladnanews.com\/wp-content\/uploads\/2026\/01\/BladnaNews-KSI-vents-frustration-over-Tommy-Fury-loss-after-judges-call-2026-01-27T011014.815Z-scaled.jpg","width":2560,"height":1440,"caption":"Tommy Fury and KSI clash in an intense boxing match, surrounded by a vibrant crowd and bright lights, showcasing their competitive spirit."},{"@type":"BreadcrumbList","@id":"https:\/\/bladnanews.com\/ksi-vents-frustration-over-tommy-fury-loss-after-judges-call\/#breadcrumb","itemListElement":[{"@type":"ListItem","position":1,"name":"Home","item":"https:\/\/bladnanews.com\/"},{"@type":"ListItem","position":2,"name":"KSI vents frustration over Tommy Fury loss after judges call"}]},{"@type":"WebSite","@id":"https:\/\/mediumseagreen-eel-531711.hostingersite.com\/#website","url":"https:\/\/mediumseagreen-eel-531711.hostingersite.com\/","name":"Bladna News - Maroc","description":"Quand le football marocain rencontre le monde","publisher":{"@id":"https:\/\/mediumseagreen-eel-531711.hostingersite.com\/#organization"},"potentialAction":[{"@type":"SearchAction","target":{"@type":"EntryPoint","urlTemplate":"https:\/\/mediumseagreen-eel-531711.hostingersite.com\/?s={search_term_string}"},"query-input":{"@type":"PropertyValueSpecification","valueRequired":true,"valueName":"search_term_string"}}],"inLanguage":"fr-FR"},{"@type":"Organization","@id":"https:\/\/mediumseagreen-eel-531711.hostingersite.com\/#organization","name":"Bladna News.com","url":"https:\/\/mediumseagreen-eel-531711.hostingersite.com\/","logo":{"@type":"ImageObject","inLanguage":"fr-FR","@id":"https:\/\/mediumseagreen-eel-531711.hostingersite.com\/#\/schema\/logo\/image\/","url":"https:\/\/bladnanews.com\/wp-content\/uploads\/2025\/12\/logo-bladnanews-V2-web-black-red.png","contentUrl":"https:\/\/bladnanews.com\/wp-content\/uploads\/2025\/12\/logo-bladnanews-V2-web-black-red.png","width":703,"height":287,"caption":"Bladna News.com"},"image":{"@id":"https:\/\/mediumseagreen-eel-531711.hostingersite.com\/#\/schema\/logo\/image\/"},"email":"info@bladnanews.com","legalName":"Bladna News"},{"@type":"Person","@id":"https:\/\/mediumseagreen-eel-531711.hostingersite.com\/#\/schema\/person\/268e18a453ab080ebf76df6ef7845083","name":"\u00c9quipe r\u00e9dactionnelle de Bladna News","url":"https:\/\/bladnanews.com\/fr\/author\/bladna-news-staff\/"}]}},"_links":{"self":[{"href":"https:\/\/bladnanews.com\/fr\/wp-json\/wp\/v2\/posts\/7855","targetHints":{"allow":["GET"]}}],"collection":[{"href":"https:\/\/bladnanews.com\/fr\/wp-json\/wp\/v2\/posts"}],"about":[{"href":"https:\/\/bladnanews.com\/fr\/wp-json\/wp\/v2\/types\/post"}],"author":[{"embeddable":true,"href":"https:\/\/bladnanews.com\/fr\/wp-json\/wp\/v2\/users\/3"}],"replies":[{"embeddable":true,"href":"https:\/\/bladnanews.com\/fr\/wp-json\/wp\/v2\/comments?post=7855"}],"version-history":[{"count":0,"href":"https:\/\/bladnanews.com\/fr\/wp-json\/wp\/v2\/posts\/7855\/revisions"}],"wp:featuredmedia":[{"embeddable":true,"href":"https:\/\/bladnanews.com\/fr\/wp-json\/wp\/v2\/media\/7854"}],"wp:attachment":[{"href":"https:\/\/bladnanews.com\/fr\/wp-json\/wp\/v2\/media?parent=7855"}],"wp:term":[{"taxonomy":"category","embeddable":true,"href":"https:\/\/bladnanews.com\/fr\/wp-json\/wp\/v2\/categories?post=7855"},{"taxonomy":"post_tag","embeddable":true,"href":"https:\/\/bladnanews.com\/fr\/wp-json\/wp\/v2\/tags?post=7855"}],"curies":[{"name":"wp","href":"https:\/\/api.w.org\/{rel}","templated":true}]}}