{"id":7857,"date":"2026-01-26T14:59:48","date_gmt":"2026-01-26T14:59:48","guid":{"rendered":"https:\/\/bladnanews.com\/brad-friedel-says-mls-move-would-be-terrible-for-pulisic\/"},"modified":"2026-01-26T14:59:48","modified_gmt":"2026-01-26T14:59:48","slug":"brad-friedel-affirme-quun-transfert-en-mls-serait-desastreux-pour-pulisic","status":"publish","type":"post","link":"https:\/\/bladnanews.com\/fr\/brad-friedel-affirme-quun-transfert-en-mls-serait-desastreux-pour-pulisic\/","title":{"rendered":"Brad Friedel estime qu'un transfert en MLS serait terrible pour Pulisic"},"content":{"rendered":"<p>Brad Friedel estime qu'un transfert en MLS serait une \u201c\u202fmauvaise id\u00e9e\u202f\u201d pour Christian Pulisic, affirmant que la star de l'\u00e9quipe nationale am\u00e9ricaine devrait rester en Europe tant qu'il est au sommet de sa forme.<\/p>\n<p>L'ancien gardien de but des \u00c9tats-Unis a \u00e9galement \u00e9voqu\u00e9 la situation de Pulisic \u00e0 l'AC Milan, d\u00e9clarant que le club de Serie A doit \u201c\u202fse ressaisir\u202f\u201d concernant l'avenir contractuel de l'ailier.<\/p>\n<p>Friedel a d\u00e9clar\u00e9 que Pulisic dispose d\u201c\u201d\u202fun pouvoir consid\u00e9rable\u202f\u00bb dans toute n\u00e9gociation en raison de son apport sur et en dehors du terrain, et a soutenu que cette influence devrait s'exercer dans le bon environnement plut\u00f4t que dans le cadre d'un retour pr\u00e9matur\u00e9 aux \u00c9tats-Unis.<\/p>\n<p>Pulisic, 26 ans, est une figure cl\u00e9 depuis son arriv\u00e9e \u00e0 Milan en provenance de Chelsea, et les propos de Friedel soulignent la conviction que le meilleur football de l'attaquant reste \u00e0 jouer au plus haut niveau en Europe.<\/p>\n<p>Friedel a soulign\u00e9 que la MLS reste une option pour la fin de carri\u00e8re de Pulisic, mais a averti qu'un \u00e9loignement trop pr\u00e9coce de l'\u00e9lite ne serait b\u00e9n\u00e9fique ni pour lui ni pour l'\u00e9quipe nationale.<\/p>\n<p>Son message \u00e9tait clair\u202f: si Milan souhaite conserver un joueur du niveau de Pulisic, le club doit agir avec d\u00e9termination et \u201c\u202fse ressaisir\u202f\u201d concernant un contrat, car l'Am\u00e9ricain a la stature pour influencer la suite des \u00e9v\u00e9nements.<\/p>","protected":false},"excerpt":{"rendered":"<p>Brad Friedel believes a move to MLS would be a \u201cterrible idea\u201d for Christian Pulisic, insisting the USMNT star should [&hellip;]<\/p>\n","protected":false},"author":3,"featured_media":7856,"comment_status":"","ping_status":"open","sticky":false,"template":"","format":"standard","meta":{"googlesitekit_rrm_CAow_uzEDA:productID":"","site-sidebar-layout":"default","site-content-layout":"","ast-site-content-layout":"default","site-content-style":"default","site-sidebar-style":"default","ast-global-header-display":"","ast-banner-title-visibility":"","ast-main-header-display":"","ast-hfb-above-header-display":"","ast-hfb-below-header-display":"","ast-hfb-mobile-header-display":"","site-post-title":"","ast-breadcrumbs-content":"","ast-featured-img":"","footer-sml-layout":"","ast-disable-related-posts":"","theme-transparent-header-meta":"","adv-header-id-meta":"","stick-header-meta":"","header-above-stick-meta":"","header-main-stick-meta":"","header-below-stick-meta":"","astra-migrate-meta-layouts":"default","ast-page-background-enabled":"default","ast-page-background-meta":{"desktop":{"background-color":"var(--ast-global-color-5)","background-image":"","background-repeat":"repeat","background-position":"center center","background-size":"auto","background-attachment":"scroll","background-type":"","background-media":"","overlay-type":"","overlay-color":"","overlay-opacity":"","overlay-gradient":""},"tablet":{"background-color":"","background-image":"","background-repeat":"repeat","background-position":"center center","background-size":"auto","background-attachment":"scroll","background-type":"","background-media":"","overlay-type":"","overlay-color":"","overlay-opacity":"","overlay-gradient":""},"mobile":{"background-color":"","background-image":"","background-repeat":"repeat","background-position":"center center","background-size":"auto","background-attachment":"scroll","background-type":"","background-media":"","overlay-type":"","overlay-color":"","overlay-opacity":"","overlay-gradient":""}},"ast-content-background-meta":{"desktop":{"background-color":"var(--ast-global-color-4)","background-image":"","background-repeat":"repeat","background-position":"center center","background-size":"auto","background-attachment":"scroll","background-type":"","background-media":"","overlay-type":"","overlay-color":"","overlay-opacity":"","overlay-gradient":""},"tablet":{"background-color":"var(--ast-global-color-4)","background-image":"","background-repeat":"repeat","background-position":"center center","background-size":"auto","background-attachment":"scroll","background-type":"","background-media":"","overlay-type":"","overlay-color":"","overlay-opacity":"","overlay-gradient":""},"mobile":{"background-color":"var(--ast-global-color-4)","background-image":"","background-repeat":"repeat","background-position":"center center","background-size":"auto","background-attachment":"scroll","background-type":"","background-media":"","overlay-type":"","overlay-color":"","overlay-opacity":"","overlay-gradient":""}},"footnotes":""},"categories":[20,1],"tags":[],"class_list":["post-7857","post","type-post","status-publish","format-standard","has-post-thumbnail","hentry","category-international","category-football-latest-news"],"yoast_head":"<!-- This site is optimized with the Yoast SEO Premium plugin v26.6 (Yoast SEO v27.4) - https:\/\/yoast.com\/product\/yoast-seo-premium-wordpress\/ -->\n<title>Brad Friedel says MLS move would be terrible for Pulisic - Bladna News<\/title>\n<meta name=\"robots\" content=\"index, follow, max-snippet:-1, max-image-preview:large, max-video-preview:-1\" \/>\n<link rel=\"canonical\" href=\"https:\/\/bladnanews.com\/fr\/brad-friedel-affirme-quun-transfert-en-mls-serait-desastreux-pour-pulisic\/\" \/>\n<meta property=\"og:locale\" content=\"fr_FR\" \/>\n<meta property=\"og:type\" content=\"article\" \/>\n<meta property=\"og:title\" content=\"Brad Friedel says MLS move would be terrible for Pulisic\" \/>\n<meta property=\"og:description\" content=\"Brad Friedel believes a move to MLS would be a \u201cterrible idea\u201d for Christian Pulisic, insisting the USMNT star should [&hellip;]\" \/>\n<meta property=\"og:url\" content=\"https:\/\/bladnanews.com\/fr\/brad-friedel-affirme-quun-transfert-en-mls-serait-desastreux-pour-pulisic\/\" \/>\n<meta property=\"og:site_name\" content=\"Bladna News\" \/>\n<meta property=\"article:published_time\" content=\"2026-01-26T14:59:48+00:00\" \/>\n<meta property=\"og:image\" content=\"https:\/\/bladnanews.com\/wp-content\/uploads\/2025\/12\/freepik__bladna-newscom-moroccan-soccer-homepage-banner-mor__41838.png\" \/>\n\t<meta property=\"og:image:width\" content=\"1312\" \/>\n\t<meta property=\"og:image:height\" content=\"736\" \/>\n\t<meta property=\"og:image:type\" content=\"image\/png\" \/>\n<meta name=\"author\" content=\"Bladna News Staff\" \/>\n<meta name=\"twitter:card\" content=\"summary_large_image\" \/>\n<meta name=\"twitter:label1\" content=\"\u00c9crit par\" \/>\n\t<meta name=\"twitter:data1\" content=\"Bladna News Staff\" \/>\n\t<meta name=\"twitter:label2\" content=\"Dur\u00e9e de lecture estim\u00e9e\" \/>\n\t<meta name=\"twitter:data2\" content=\"1 minute\" \/>\n<script type=\"application\/ld+json\" class=\"yoast-schema-graph\">{\"@context\":\"https:\\\/\\\/schema.org\",\"@graph\":[{\"@type\":\"Article\",\"@id\":\"https:\\\/\\\/bladnanews.com\\\/brad-friedel-says-mls-move-would-be-terrible-for-pulisic\\\/#article\",\"isPartOf\":{\"@id\":\"https:\\\/\\\/bladnanews.com\\\/brad-friedel-says-mls-move-would-be-terrible-for-pulisic\\\/\"},\"author\":{\"name\":\"Bladna News Staff\",\"@id\":\"https:\\\/\\\/mediumseagreen-eel-531711.hostingersite.com\\\/#\\\/schema\\\/person\\\/268e18a453ab080ebf76df6ef7845083\"},\"headline\":\"Brad Friedel says MLS move would be terrible for Pulisic\",\"datePublished\":\"2026-01-26T14:59:48+00:00\",\"mainEntityOfPage\":{\"@id\":\"https:\\\/\\\/bladnanews.com\\\/brad-friedel-says-mls-move-would-be-terrible-for-pulisic\\\/\"},\"wordCount\":222,\"publisher\":{\"@id\":\"https:\\\/\\\/mediumseagreen-eel-531711.hostingersite.com\\\/#organization\"},\"image\":{\"@id\":\"https:\\\/\\\/bladnanews.com\\\/brad-friedel-says-mls-move-would-be-terrible-for-pulisic\\\/#primaryimage\"},\"thumbnailUrl\":\"https:\\\/\\\/bladnanews.com\\\/wp-content\\\/uploads\\\/2026\\\/01\\\/BladnaNews-Brad-Friedel-says-MLS-move-would-be-terrible-for-Pulisic-2026-01-27T011043.429Z.jpg\",\"articleSection\":[\"International\",\"Latest News\"],\"inLanguage\":\"fr-FR\",\"copyrightYear\":\"2026\",\"copyrightHolder\":{\"@id\":\"https:\\\/\\\/bladnanews.com\\\/fr\\\/#organization\"}},{\"@type\":\"WebPage\",\"@id\":\"https:\\\/\\\/bladnanews.com\\\/brad-friedel-says-mls-move-would-be-terrible-for-pulisic\\\/\",\"url\":\"https:\\\/\\\/bladnanews.com\\\/brad-friedel-says-mls-move-would-be-terrible-for-pulisic\\\/\",\"name\":\"Brad Friedel says MLS move would be terrible for Pulisic - Bladna News\",\"isPartOf\":{\"@id\":\"https:\\\/\\\/mediumseagreen-eel-531711.hostingersite.com\\\/#website\"},\"primaryImageOfPage\":{\"@id\":\"https:\\\/\\\/bladnanews.com\\\/brad-friedel-says-mls-move-would-be-terrible-for-pulisic\\\/#primaryimage\"},\"image\":{\"@id\":\"https:\\\/\\\/bladnanews.com\\\/brad-friedel-says-mls-move-would-be-terrible-for-pulisic\\\/#primaryimage\"},\"thumbnailUrl\":\"https:\\\/\\\/bladnanews.com\\\/wp-content\\\/uploads\\\/2026\\\/01\\\/BladnaNews-Brad-Friedel-says-MLS-move-would-be-terrible-for-Pulisic-2026-01-27T011043.429Z.jpg\",\"datePublished\":\"2026-01-26T14:59:48+00:00\",\"breadcrumb\":{\"@id\":\"https:\\\/\\\/bladnanews.com\\\/brad-friedel-says-mls-move-would-be-terrible-for-pulisic\\\/#breadcrumb\"},\"inLanguage\":\"fr-FR\",\"potentialAction\":[{\"@type\":\"ReadAction\",\"target\":[\"https:\\\/\\\/bladnanews.com\\\/brad-friedel-says-mls-move-would-be-terrible-for-pulisic\\\/\"]}]},{\"@type\":\"ImageObject\",\"inLanguage\":\"fr-FR\",\"@id\":\"https:\\\/\\\/bladnanews.com\\\/brad-friedel-says-mls-move-would-be-terrible-for-pulisic\\\/#primaryimage\",\"url\":\"https:\\\/\\\/bladnanews.com\\\/wp-content\\\/uploads\\\/2026\\\/01\\\/BladnaNews-Brad-Friedel-says-MLS-move-would-be-terrible-for-Pulisic-2026-01-27T011043.429Z.jpg\",\"contentUrl\":\"https:\\\/\\\/bladnanews.com\\\/wp-content\\\/uploads\\\/2026\\\/01\\\/BladnaNews-Brad-Friedel-says-MLS-move-would-be-terrible-for-Pulisic-2026-01-27T011043.429Z.jpg\",\"width\":1920,\"height\":1080,\"caption\":\"Christian Pulisic, in a red and black kit, shows frustration during a match, holding his head in disbelief.\"},{\"@type\":\"BreadcrumbList\",\"@id\":\"https:\\\/\\\/bladnanews.com\\\/brad-friedel-says-mls-move-would-be-terrible-for-pulisic\\\/#breadcrumb\",\"itemListElement\":[{\"@type\":\"ListItem\",\"position\":1,\"name\":\"Home\",\"item\":\"https:\\\/\\\/bladnanews.com\\\/\"},{\"@type\":\"ListItem\",\"position\":2,\"name\":\"Brad Friedel says MLS move would be terrible for Pulisic\"}]},{\"@type\":\"WebSite\",\"@id\":\"https:\\\/\\\/mediumseagreen-eel-531711.hostingersite.com\\\/#website\",\"url\":\"https:\\\/\\\/mediumseagreen-eel-531711.hostingersite.com\\\/\",\"name\":\"Bladna News - Morocco\",\"description\":\"Where Moroccan Football Meets the World\",\"publisher\":{\"@id\":\"https:\\\/\\\/mediumseagreen-eel-531711.hostingersite.com\\\/#organization\"},\"potentialAction\":[{\"@type\":\"SearchAction\",\"target\":{\"@type\":\"EntryPoint\",\"urlTemplate\":\"https:\\\/\\\/mediumseagreen-eel-531711.hostingersite.com\\\/?s={search_term_string}\"},\"query-input\":{\"@type\":\"PropertyValueSpecification\",\"valueRequired\":true,\"valueName\":\"search_term_string\"}}],\"inLanguage\":\"fr-FR\"},{\"@type\":\"Organization\",\"@id\":\"https:\\\/\\\/mediumseagreen-eel-531711.hostingersite.com\\\/#organization\",\"name\":\"Bladna News.com\",\"url\":\"https:\\\/\\\/mediumseagreen-eel-531711.hostingersite.com\\\/\",\"logo\":{\"@type\":\"ImageObject\",\"inLanguage\":\"fr-FR\",\"@id\":\"https:\\\/\\\/mediumseagreen-eel-531711.hostingersite.com\\\/#\\\/schema\\\/logo\\\/image\\\/\",\"url\":\"https:\\\/\\\/bladnanews.com\\\/wp-content\\\/uploads\\\/2025\\\/12\\\/logo-bladnanews-V2-web-black-red.png\",\"contentUrl\":\"https:\\\/\\\/bladnanews.com\\\/wp-content\\\/uploads\\\/2025\\\/12\\\/logo-bladnanews-V2-web-black-red.png\",\"width\":703,\"height\":287,\"caption\":\"Bladna News.com\"},\"image\":{\"@id\":\"https:\\\/\\\/mediumseagreen-eel-531711.hostingersite.com\\\/#\\\/schema\\\/logo\\\/image\\\/\"},\"email\":\"info@bladnanews.com\",\"legalName\":\"Bladna News\"},{\"@type\":\"Person\",\"@id\":\"https:\\\/\\\/mediumseagreen-eel-531711.hostingersite.com\\\/#\\\/schema\\\/person\\\/268e18a453ab080ebf76df6ef7845083\",\"name\":\"Bladna News Staff\",\"url\":\"https:\\\/\\\/bladnanews.com\\\/fr\\\/author\\\/bladna-news-staff\\\/\"}]}<\/script>\n<!-- \/ Yoast SEO Premium plugin. -->","yoast_head_json":{"title":"Brad Friedel affirme qu'un transfert en MLS serait d\u00e9sastreux pour Pulisic - Bladna News","robots":{"index":"index","follow":"follow","max-snippet":"max-snippet:-1","max-image-preview":"max-image-preview:large","max-video-preview":"max-video-preview:-1"},"canonical":"https:\/\/bladnanews.com\/fr\/brad-friedel-affirme-quun-transfert-en-mls-serait-desastreux-pour-pulisic\/","og_locale":"fr_FR","og_type":"article","og_title":"Brad Friedel says MLS move would be terrible for Pulisic","og_description":"Brad Friedel believes a move to MLS would be a \u201cterrible idea\u201d for Christian Pulisic, insisting the USMNT star should [&hellip;]","og_url":"https:\/\/bladnanews.com\/fr\/brad-friedel-affirme-quun-transfert-en-mls-serait-desastreux-pour-pulisic\/","og_site_name":"Bladna News","article_published_time":"2026-01-26T14:59:48+00:00","og_image":[{"width":1312,"height":736,"url":"https:\/\/bladnanews.com\/wp-content\/uploads\/2025\/12\/freepik__bladna-newscom-moroccan-soccer-homepage-banner-mor__41838.png","type":"image\/png"}],"author":"Bladna News Staff","twitter_card":"summary_large_image","twitter_misc":{"\u00c9crit par":"Bladna News Staff","Dur\u00e9e de lecture estim\u00e9e":"1 minute"},"schema":{"@context":"https:\/\/schema.org","@graph":[{"@type":"Article","@id":"https:\/\/bladnanews.com\/brad-friedel-says-mls-move-would-be-terrible-for-pulisic\/#article","isPartOf":{"@id":"https:\/\/bladnanews.com\/brad-friedel-says-mls-move-would-be-terrible-for-pulisic\/"},"author":{"name":"Bladna News Staff","@id":"https:\/\/mediumseagreen-eel-531711.hostingersite.com\/#\/schema\/person\/268e18a453ab080ebf76df6ef7845083"},"headline":"Brad Friedel says MLS move would be terrible for Pulisic","datePublished":"2026-01-26T14:59:48+00:00","mainEntityOfPage":{"@id":"https:\/\/bladnanews.com\/brad-friedel-says-mls-move-would-be-terrible-for-pulisic\/"},"wordCount":222,"publisher":{"@id":"https:\/\/mediumseagreen-eel-531711.hostingersite.com\/#organization"},"image":{"@id":"https:\/\/bladnanews.com\/brad-friedel-says-mls-move-would-be-terrible-for-pulisic\/#primaryimage"},"thumbnailUrl":"https:\/\/bladnanews.com\/wp-content\/uploads\/2026\/01\/BladnaNews-Brad-Friedel-says-MLS-move-would-be-terrible-for-Pulisic-2026-01-27T011043.429Z.jpg","articleSection":["International","Latest News"],"inLanguage":"fr-FR","copyrightYear":"2026","copyrightHolder":{"@id":"https:\/\/bladnanews.com\/fr\/#organization"}},{"@type":"WebPage","@id":"https:\/\/bladnanews.com\/brad-friedel-says-mls-move-would-be-terrible-for-pulisic\/","url":"https:\/\/bladnanews.com\/brad-friedel-says-mls-move-would-be-terrible-for-pulisic\/","name":"Brad Friedel affirme qu'un transfert en MLS serait d\u00e9sastreux pour Pulisic - Bladna News","isPartOf":{"@id":"https:\/\/mediumseagreen-eel-531711.hostingersite.com\/#website"},"primaryImageOfPage":{"@id":"https:\/\/bladnanews.com\/brad-friedel-says-mls-move-would-be-terrible-for-pulisic\/#primaryimage"},"image":{"@id":"https:\/\/bladnanews.com\/brad-friedel-says-mls-move-would-be-terrible-for-pulisic\/#primaryimage"},"thumbnailUrl":"https:\/\/bladnanews.com\/wp-content\/uploads\/2026\/01\/BladnaNews-Brad-Friedel-says-MLS-move-would-be-terrible-for-Pulisic-2026-01-27T011043.429Z.jpg","datePublished":"2026-01-26T14:59:48+00:00","breadcrumb":{"@id":"https:\/\/bladnanews.com\/brad-friedel-says-mls-move-would-be-terrible-for-pulisic\/#breadcrumb"},"inLanguage":"fr-FR","potentialAction":[{"@type":"ReadAction","target":["https:\/\/bladnanews.com\/brad-friedel-says-mls-move-would-be-terrible-for-pulisic\/"]}]},{"@type":"ImageObject","inLanguage":"fr-FR","@id":"https:\/\/bladnanews.com\/brad-friedel-says-mls-move-would-be-terrible-for-pulisic\/#primaryimage","url":"https:\/\/bladnanews.com\/wp-content\/uploads\/2026\/01\/BladnaNews-Brad-Friedel-says-MLS-move-would-be-terrible-for-Pulisic-2026-01-27T011043.429Z.jpg","contentUrl":"https:\/\/bladnanews.com\/wp-content\/uploads\/2026\/01\/BladnaNews-Brad-Friedel-says-MLS-move-would-be-terrible-for-Pulisic-2026-01-27T011043.429Z.jpg","width":1920,"height":1080,"caption":"Christian Pulisic, in a red and black kit, shows frustration during a match, holding his head in disbelief."},{"@type":"BreadcrumbList","@id":"https:\/\/bladnanews.com\/brad-friedel-says-mls-move-would-be-terrible-for-pulisic\/#breadcrumb","itemListElement":[{"@type":"ListItem","position":1,"name":"Home","item":"https:\/\/bladnanews.com\/"},{"@type":"ListItem","position":2,"name":"Brad Friedel says MLS move would be terrible for Pulisic"}]},{"@type":"WebSite","@id":"https:\/\/mediumseagreen-eel-531711.hostingersite.com\/#website","url":"https:\/\/mediumseagreen-eel-531711.hostingersite.com\/","name":"Bladna News - Maroc","description":"Quand le football marocain rencontre le monde","publisher":{"@id":"https:\/\/mediumseagreen-eel-531711.hostingersite.com\/#organization"},"potentialAction":[{"@type":"SearchAction","target":{"@type":"EntryPoint","urlTemplate":"https:\/\/mediumseagreen-eel-531711.hostingersite.com\/?s={search_term_string}"},"query-input":{"@type":"PropertyValueSpecification","valueRequired":true,"valueName":"search_term_string"}}],"inLanguage":"fr-FR"},{"@type":"Organization","@id":"https:\/\/mediumseagreen-eel-531711.hostingersite.com\/#organization","name":"Bladna News.com","url":"https:\/\/mediumseagreen-eel-531711.hostingersite.com\/","logo":{"@type":"ImageObject","inLanguage":"fr-FR","@id":"https:\/\/mediumseagreen-eel-531711.hostingersite.com\/#\/schema\/logo\/image\/","url":"https:\/\/bladnanews.com\/wp-content\/uploads\/2025\/12\/logo-bladnanews-V2-web-black-red.png","contentUrl":"https:\/\/bladnanews.com\/wp-content\/uploads\/2025\/12\/logo-bladnanews-V2-web-black-red.png","width":703,"height":287,"caption":"Bladna News.com"},"image":{"@id":"https:\/\/mediumseagreen-eel-531711.hostingersite.com\/#\/schema\/logo\/image\/"},"email":"info@bladnanews.com","legalName":"Bladna News"},{"@type":"Person","@id":"https:\/\/mediumseagreen-eel-531711.hostingersite.com\/#\/schema\/person\/268e18a453ab080ebf76df6ef7845083","name":"\u00c9quipe r\u00e9dactionnelle de Bladna News","url":"https:\/\/bladnanews.com\/fr\/author\/bladna-news-staff\/"}]}},"_links":{"self":[{"href":"https:\/\/bladnanews.com\/fr\/wp-json\/wp\/v2\/posts\/7857","targetHints":{"allow":["GET"]}}],"collection":[{"href":"https:\/\/bladnanews.com\/fr\/wp-json\/wp\/v2\/posts"}],"about":[{"href":"https:\/\/bladnanews.com\/fr\/wp-json\/wp\/v2\/types\/post"}],"author":[{"embeddable":true,"href":"https:\/\/bladnanews.com\/fr\/wp-json\/wp\/v2\/users\/3"}],"replies":[{"embeddable":true,"href":"https:\/\/bladnanews.com\/fr\/wp-json\/wp\/v2\/comments?post=7857"}],"version-history":[{"count":0,"href":"https:\/\/bladnanews.com\/fr\/wp-json\/wp\/v2\/posts\/7857\/revisions"}],"wp:featuredmedia":[{"embeddable":true,"href":"https:\/\/bladnanews.com\/fr\/wp-json\/wp\/v2\/media\/7856"}],"wp:attachment":[{"href":"https:\/\/bladnanews.com\/fr\/wp-json\/wp\/v2\/media?parent=7857"}],"wp:term":[{"taxonomy":"category","embeddable":true,"href":"https:\/\/bladnanews.com\/fr\/wp-json\/wp\/v2\/categories?post=7857"},{"taxonomy":"post_tag","embeddable":true,"href":"https:\/\/bladnanews.com\/fr\/wp-json\/wp\/v2\/tags?post=7857"}],"curies":[{"name":"wp","href":"https:\/\/api.w.org\/{rel}","templated":true}]}}