{"id":7865,"date":"2026-01-26T15:34:22","date_gmt":"2026-01-26T15:34:22","guid":{"rendered":"https:\/\/bladnanews.com\/bayern-chief-gives-update-on-harry-kane-contract-talks\/"},"modified":"2026-01-26T15:34:22","modified_gmt":"2026-01-26T15:34:22","slug":"le-directeur-du-bayern-donne-des-nouvelles-sur-les-negociations-contractuelles-de-harry-kane","status":"publish","type":"post","link":"https:\/\/bladnanews.com\/fr\/le-directeur-du-bayern-donne-des-nouvelles-sur-les-negociations-contractuelles-de-harry-kane\/","title":{"rendered":"Le dirigeant du Bayern fait le point sur les n\u00e9gociations contractuelles d'Harry Kane"},"content":{"rendered":"<p>Le Bayern Munich a fourni une nouvelle mise \u00e0 jour sur la situation contractuelle de Harry Kane, alors que le champion de Bundesliga cherche \u00e0 s\u00e9curiser l'avenir \u00e0 long terme de son attaquant vedette.<\/p>\n<p>Le capitaine de l'Angleterre n'a rejoint le club qu'en provenance de Tottenham \u00e0 l'\u00e9t\u00e9 2023, mais son impact en Allemagne en a d\u00e9j\u00e0 fait l'un des premiers noms sur la feuille de match \u00e0 Munich. Le Bayern tient \u00e0 conserver cette fiabilit\u00e9 au sommet de l'attaque et est r\u00e9guli\u00e8rement interrog\u00e9 sur la mani\u00e8re dont il pr\u00e9voit de g\u00e9rer le contrat de Kane.<\/p>\n<p>\u00c9voquant la situation, le directeur du Bayern, Jan-Christian Dreesen, a clairement indiqu\u00e9 que le club \u00e9tait serein quant aux prochaines \u00e9tapes, insistant sur l'absence d'urgence \u00e0 r\u00e9gler quoi que ce soit imm\u00e9diatement. \u201c Nous en parlerons au moment opportun \u201d, a-t-il d\u00e9clar\u00e9.<\/p>\n<p>Kane, 30 ans, a sign\u00e9 un contrat courant jusqu'en 2027 \u00e0 son arriv\u00e9e \u00e0 l'Allianz Arena, et le Bayern reste confiant dans sa position. Le message du club est que les discussions seront men\u00e9es de mani\u00e8re normale, sans pression inutile, alors qu'il continue de construire autour de l'un des buteurs les plus r\u00e9guliers d'Europe.<\/p>\n<p>La position du Bayern souligne son intention de maintenir l'attaquant au c\u0153ur du projet, Kane continuant de mener la ligne depuis son transfert en Allemagne et restant une figure cl\u00e9 tant pour son club que pour sa s\u00e9lection nationale.<\/p>","protected":false},"excerpt":{"rendered":"<p>Bayern Munich have provided a fresh update on Harry Kane\u2019s contract situation as the Bundesliga champions look to secure the [&hellip;]<\/p>\n","protected":false},"author":3,"featured_media":7864,"comment_status":"","ping_status":"open","sticky":false,"template":"","format":"standard","meta":{"googlesitekit_rrm_CAow_uzEDA:productID":"","site-sidebar-layout":"default","site-content-layout":"","ast-site-content-layout":"default","site-content-style":"default","site-sidebar-style":"default","ast-global-header-display":"","ast-banner-title-visibility":"","ast-main-header-display":"","ast-hfb-above-header-display":"","ast-hfb-below-header-display":"","ast-hfb-mobile-header-display":"","site-post-title":"","ast-breadcrumbs-content":"","ast-featured-img":"","footer-sml-layout":"","ast-disable-related-posts":"","theme-transparent-header-meta":"","adv-header-id-meta":"","stick-header-meta":"","header-above-stick-meta":"","header-main-stick-meta":"","header-below-stick-meta":"","astra-migrate-meta-layouts":"default","ast-page-background-enabled":"default","ast-page-background-meta":{"desktop":{"background-color":"var(--ast-global-color-5)","background-image":"","background-repeat":"repeat","background-position":"center center","background-size":"auto","background-attachment":"scroll","background-type":"","background-media":"","overlay-type":"","overlay-color":"","overlay-opacity":"","overlay-gradient":""},"tablet":{"background-color":"","background-image":"","background-repeat":"repeat","background-position":"center center","background-size":"auto","background-attachment":"scroll","background-type":"","background-media":"","overlay-type":"","overlay-color":"","overlay-opacity":"","overlay-gradient":""},"mobile":{"background-color":"","background-image":"","background-repeat":"repeat","background-position":"center center","background-size":"auto","background-attachment":"scroll","background-type":"","background-media":"","overlay-type":"","overlay-color":"","overlay-opacity":"","overlay-gradient":""}},"ast-content-background-meta":{"desktop":{"background-color":"var(--ast-global-color-4)","background-image":"","background-repeat":"repeat","background-position":"center center","background-size":"auto","background-attachment":"scroll","background-type":"","background-media":"","overlay-type":"","overlay-color":"","overlay-opacity":"","overlay-gradient":""},"tablet":{"background-color":"var(--ast-global-color-4)","background-image":"","background-repeat":"repeat","background-position":"center center","background-size":"auto","background-attachment":"scroll","background-type":"","background-media":"","overlay-type":"","overlay-color":"","overlay-opacity":"","overlay-gradient":""},"mobile":{"background-color":"var(--ast-global-color-4)","background-image":"","background-repeat":"repeat","background-position":"center center","background-size":"auto","background-attachment":"scroll","background-type":"","background-media":"","overlay-type":"","overlay-color":"","overlay-opacity":"","overlay-gradient":""}},"footnotes":""},"categories":[20,1],"tags":[],"class_list":["post-7865","post","type-post","status-publish","format-standard","has-post-thumbnail","hentry","category-international","category-football-latest-news"],"yoast_head":"<!-- This site is optimized with the Yoast SEO Premium plugin v26.6 (Yoast SEO v27.4) - https:\/\/yoast.com\/product\/yoast-seo-premium-wordpress\/ -->\n<title>Bayern chief gives update on Harry Kane contract talks - Bladna News<\/title>\n<meta name=\"robots\" content=\"index, follow, max-snippet:-1, max-image-preview:large, max-video-preview:-1\" \/>\n<link rel=\"canonical\" href=\"https:\/\/bladnanews.com\/fr\/le-directeur-du-bayern-donne-des-nouvelles-sur-les-negociations-contractuelles-de-harry-kane\/\" \/>\n<meta property=\"og:locale\" content=\"fr_FR\" \/>\n<meta property=\"og:type\" content=\"article\" \/>\n<meta property=\"og:title\" content=\"Bayern chief gives update on Harry Kane contract talks\" \/>\n<meta property=\"og:description\" content=\"Bayern Munich have provided a fresh update on Harry Kane\u2019s contract situation as the Bundesliga champions look to secure the [&hellip;]\" \/>\n<meta property=\"og:url\" content=\"https:\/\/bladnanews.com\/fr\/le-directeur-du-bayern-donne-des-nouvelles-sur-les-negociations-contractuelles-de-harry-kane\/\" \/>\n<meta property=\"og:site_name\" content=\"Bladna News\" \/>\n<meta property=\"article:published_time\" content=\"2026-01-26T15:34:22+00:00\" \/>\n<meta property=\"og:image\" content=\"https:\/\/bladnanews.com\/wp-content\/uploads\/2025\/12\/freepik__bladna-newscom-moroccan-soccer-homepage-banner-mor__41838.png\" \/>\n\t<meta property=\"og:image:width\" content=\"1312\" \/>\n\t<meta property=\"og:image:height\" content=\"736\" \/>\n\t<meta property=\"og:image:type\" content=\"image\/png\" \/>\n<meta name=\"author\" content=\"Bladna News Staff\" \/>\n<meta name=\"twitter:card\" content=\"summary_large_image\" \/>\n<meta name=\"twitter:label1\" content=\"\u00c9crit par\" \/>\n\t<meta name=\"twitter:data1\" content=\"Bladna News Staff\" \/>\n\t<meta name=\"twitter:label2\" content=\"Dur\u00e9e de lecture estim\u00e9e\" \/>\n\t<meta name=\"twitter:data2\" content=\"1 minute\" \/>\n<script type=\"application\/ld+json\" class=\"yoast-schema-graph\">{\"@context\":\"https:\\\/\\\/schema.org\",\"@graph\":[{\"@type\":\"Article\",\"@id\":\"https:\\\/\\\/bladnanews.com\\\/bayern-chief-gives-update-on-harry-kane-contract-talks\\\/#article\",\"isPartOf\":{\"@id\":\"https:\\\/\\\/bladnanews.com\\\/bayern-chief-gives-update-on-harry-kane-contract-talks\\\/\"},\"author\":{\"name\":\"Bladna News Staff\",\"@id\":\"https:\\\/\\\/mediumseagreen-eel-531711.hostingersite.com\\\/#\\\/schema\\\/person\\\/268e18a453ab080ebf76df6ef7845083\"},\"headline\":\"Bayern chief gives update on Harry Kane contract talks\",\"datePublished\":\"2026-01-26T15:34:22+00:00\",\"mainEntityOfPage\":{\"@id\":\"https:\\\/\\\/bladnanews.com\\\/bayern-chief-gives-update-on-harry-kane-contract-talks\\\/\"},\"wordCount\":222,\"publisher\":{\"@id\":\"https:\\\/\\\/mediumseagreen-eel-531711.hostingersite.com\\\/#organization\"},\"image\":{\"@id\":\"https:\\\/\\\/bladnanews.com\\\/bayern-chief-gives-update-on-harry-kane-contract-talks\\\/#primaryimage\"},\"thumbnailUrl\":\"https:\\\/\\\/bladnanews.com\\\/wp-content\\\/uploads\\\/2026\\\/01\\\/BladnaNews-Bayern-chief-gives-update-on-Harry-Kane-contract-talks-2026-01-27T050954.002Z.jpg\",\"articleSection\":[\"International\",\"Latest News\"],\"inLanguage\":\"fr-FR\",\"copyrightYear\":\"2026\",\"copyrightHolder\":{\"@id\":\"https:\\\/\\\/bladnanews.com\\\/fr\\\/#organization\"}},{\"@type\":\"WebPage\",\"@id\":\"https:\\\/\\\/bladnanews.com\\\/bayern-chief-gives-update-on-harry-kane-contract-talks\\\/\",\"url\":\"https:\\\/\\\/bladnanews.com\\\/bayern-chief-gives-update-on-harry-kane-contract-talks\\\/\",\"name\":\"Bayern chief gives update on Harry Kane contract talks - Bladna News\",\"isPartOf\":{\"@id\":\"https:\\\/\\\/mediumseagreen-eel-531711.hostingersite.com\\\/#website\"},\"primaryImageOfPage\":{\"@id\":\"https:\\\/\\\/bladnanews.com\\\/bayern-chief-gives-update-on-harry-kane-contract-talks\\\/#primaryimage\"},\"image\":{\"@id\":\"https:\\\/\\\/bladnanews.com\\\/bayern-chief-gives-update-on-harry-kane-contract-talks\\\/#primaryimage\"},\"thumbnailUrl\":\"https:\\\/\\\/bladnanews.com\\\/wp-content\\\/uploads\\\/2026\\\/01\\\/BladnaNews-Bayern-chief-gives-update-on-Harry-Kane-contract-talks-2026-01-27T050954.002Z.jpg\",\"datePublished\":\"2026-01-26T15:34:22+00:00\",\"breadcrumb\":{\"@id\":\"https:\\\/\\\/bladnanews.com\\\/bayern-chief-gives-update-on-harry-kane-contract-talks\\\/#breadcrumb\"},\"inLanguage\":\"fr-FR\",\"potentialAction\":[{\"@type\":\"ReadAction\",\"target\":[\"https:\\\/\\\/bladnanews.com\\\/bayern-chief-gives-update-on-harry-kane-contract-talks\\\/\"]}]},{\"@type\":\"ImageObject\",\"inLanguage\":\"fr-FR\",\"@id\":\"https:\\\/\\\/bladnanews.com\\\/bayern-chief-gives-update-on-harry-kane-contract-talks\\\/#primaryimage\",\"url\":\"https:\\\/\\\/bladnanews.com\\\/wp-content\\\/uploads\\\/2026\\\/01\\\/BladnaNews-Bayern-chief-gives-update-on-Harry-Kane-contract-talks-2026-01-27T050954.002Z.jpg\",\"contentUrl\":\"https:\\\/\\\/bladnanews.com\\\/wp-content\\\/uploads\\\/2026\\\/01\\\/BladnaNews-Bayern-chief-gives-update-on-Harry-Kane-contract-talks-2026-01-27T050954.002Z.jpg\",\"width\":1600,\"height\":900,\"caption\":\"Harry Kane, wearing Bayern Munich's red kit, claps enthusiastically, showcasing determination amid a stadium atmosphere.\"},{\"@type\":\"BreadcrumbList\",\"@id\":\"https:\\\/\\\/bladnanews.com\\\/bayern-chief-gives-update-on-harry-kane-contract-talks\\\/#breadcrumb\",\"itemListElement\":[{\"@type\":\"ListItem\",\"position\":1,\"name\":\"Home\",\"item\":\"https:\\\/\\\/bladnanews.com\\\/\"},{\"@type\":\"ListItem\",\"position\":2,\"name\":\"Bayern chief gives update on Harry Kane contract talks\"}]},{\"@type\":\"WebSite\",\"@id\":\"https:\\\/\\\/mediumseagreen-eel-531711.hostingersite.com\\\/#website\",\"url\":\"https:\\\/\\\/mediumseagreen-eel-531711.hostingersite.com\\\/\",\"name\":\"Bladna News - Morocco\",\"description\":\"Where Moroccan Football Meets the World\",\"publisher\":{\"@id\":\"https:\\\/\\\/mediumseagreen-eel-531711.hostingersite.com\\\/#organization\"},\"potentialAction\":[{\"@type\":\"SearchAction\",\"target\":{\"@type\":\"EntryPoint\",\"urlTemplate\":\"https:\\\/\\\/mediumseagreen-eel-531711.hostingersite.com\\\/?s={search_term_string}\"},\"query-input\":{\"@type\":\"PropertyValueSpecification\",\"valueRequired\":true,\"valueName\":\"search_term_string\"}}],\"inLanguage\":\"fr-FR\"},{\"@type\":\"Organization\",\"@id\":\"https:\\\/\\\/mediumseagreen-eel-531711.hostingersite.com\\\/#organization\",\"name\":\"Bladna News.com\",\"url\":\"https:\\\/\\\/mediumseagreen-eel-531711.hostingersite.com\\\/\",\"logo\":{\"@type\":\"ImageObject\",\"inLanguage\":\"fr-FR\",\"@id\":\"https:\\\/\\\/mediumseagreen-eel-531711.hostingersite.com\\\/#\\\/schema\\\/logo\\\/image\\\/\",\"url\":\"https:\\\/\\\/bladnanews.com\\\/wp-content\\\/uploads\\\/2025\\\/12\\\/logo-bladnanews-V2-web-black-red.png\",\"contentUrl\":\"https:\\\/\\\/bladnanews.com\\\/wp-content\\\/uploads\\\/2025\\\/12\\\/logo-bladnanews-V2-web-black-red.png\",\"width\":703,\"height\":287,\"caption\":\"Bladna News.com\"},\"image\":{\"@id\":\"https:\\\/\\\/mediumseagreen-eel-531711.hostingersite.com\\\/#\\\/schema\\\/logo\\\/image\\\/\"},\"email\":\"info@bladnanews.com\",\"legalName\":\"Bladna News\"},{\"@type\":\"Person\",\"@id\":\"https:\\\/\\\/mediumseagreen-eel-531711.hostingersite.com\\\/#\\\/schema\\\/person\\\/268e18a453ab080ebf76df6ef7845083\",\"name\":\"Bladna News Staff\",\"url\":\"https:\\\/\\\/bladnanews.com\\\/fr\\\/author\\\/bladna-news-staff\\\/\"}]}<\/script>\n<!-- \/ Yoast SEO Premium plugin. -->","yoast_head_json":{"title":"Le directeur du Bayern donne des nouvelles sur les n\u00e9gociations de contrat de Harry Kane - Bladna News","robots":{"index":"index","follow":"follow","max-snippet":"max-snippet:-1","max-image-preview":"max-image-preview:large","max-video-preview":"max-video-preview:-1"},"canonical":"https:\/\/bladnanews.com\/fr\/le-directeur-du-bayern-donne-des-nouvelles-sur-les-negociations-contractuelles-de-harry-kane\/","og_locale":"fr_FR","og_type":"article","og_title":"Bayern chief gives update on Harry Kane contract talks","og_description":"Bayern Munich have provided a fresh update on Harry Kane\u2019s contract situation as the Bundesliga champions look to secure the [&hellip;]","og_url":"https:\/\/bladnanews.com\/fr\/le-directeur-du-bayern-donne-des-nouvelles-sur-les-negociations-contractuelles-de-harry-kane\/","og_site_name":"Bladna News","article_published_time":"2026-01-26T15:34:22+00:00","og_image":[{"width":1312,"height":736,"url":"https:\/\/bladnanews.com\/wp-content\/uploads\/2025\/12\/freepik__bladna-newscom-moroccan-soccer-homepage-banner-mor__41838.png","type":"image\/png"}],"author":"Bladna News Staff","twitter_card":"summary_large_image","twitter_misc":{"\u00c9crit par":"Bladna News Staff","Dur\u00e9e de lecture estim\u00e9e":"1 minute"},"schema":{"@context":"https:\/\/schema.org","@graph":[{"@type":"Article","@id":"https:\/\/bladnanews.com\/bayern-chief-gives-update-on-harry-kane-contract-talks\/#article","isPartOf":{"@id":"https:\/\/bladnanews.com\/bayern-chief-gives-update-on-harry-kane-contract-talks\/"},"author":{"name":"Bladna News Staff","@id":"https:\/\/mediumseagreen-eel-531711.hostingersite.com\/#\/schema\/person\/268e18a453ab080ebf76df6ef7845083"},"headline":"Bayern chief gives update on Harry Kane contract talks","datePublished":"2026-01-26T15:34:22+00:00","mainEntityOfPage":{"@id":"https:\/\/bladnanews.com\/bayern-chief-gives-update-on-harry-kane-contract-talks\/"},"wordCount":222,"publisher":{"@id":"https:\/\/mediumseagreen-eel-531711.hostingersite.com\/#organization"},"image":{"@id":"https:\/\/bladnanews.com\/bayern-chief-gives-update-on-harry-kane-contract-talks\/#primaryimage"},"thumbnailUrl":"https:\/\/bladnanews.com\/wp-content\/uploads\/2026\/01\/BladnaNews-Bayern-chief-gives-update-on-Harry-Kane-contract-talks-2026-01-27T050954.002Z.jpg","articleSection":["International","Latest News"],"inLanguage":"fr-FR","copyrightYear":"2026","copyrightHolder":{"@id":"https:\/\/bladnanews.com\/fr\/#organization"}},{"@type":"WebPage","@id":"https:\/\/bladnanews.com\/bayern-chief-gives-update-on-harry-kane-contract-talks\/","url":"https:\/\/bladnanews.com\/bayern-chief-gives-update-on-harry-kane-contract-talks\/","name":"Le directeur du Bayern donne des nouvelles sur les n\u00e9gociations de contrat de Harry Kane - Bladna News","isPartOf":{"@id":"https:\/\/mediumseagreen-eel-531711.hostingersite.com\/#website"},"primaryImageOfPage":{"@id":"https:\/\/bladnanews.com\/bayern-chief-gives-update-on-harry-kane-contract-talks\/#primaryimage"},"image":{"@id":"https:\/\/bladnanews.com\/bayern-chief-gives-update-on-harry-kane-contract-talks\/#primaryimage"},"thumbnailUrl":"https:\/\/bladnanews.com\/wp-content\/uploads\/2026\/01\/BladnaNews-Bayern-chief-gives-update-on-Harry-Kane-contract-talks-2026-01-27T050954.002Z.jpg","datePublished":"2026-01-26T15:34:22+00:00","breadcrumb":{"@id":"https:\/\/bladnanews.com\/bayern-chief-gives-update-on-harry-kane-contract-talks\/#breadcrumb"},"inLanguage":"fr-FR","potentialAction":[{"@type":"ReadAction","target":["https:\/\/bladnanews.com\/bayern-chief-gives-update-on-harry-kane-contract-talks\/"]}]},{"@type":"ImageObject","inLanguage":"fr-FR","@id":"https:\/\/bladnanews.com\/bayern-chief-gives-update-on-harry-kane-contract-talks\/#primaryimage","url":"https:\/\/bladnanews.com\/wp-content\/uploads\/2026\/01\/BladnaNews-Bayern-chief-gives-update-on-Harry-Kane-contract-talks-2026-01-27T050954.002Z.jpg","contentUrl":"https:\/\/bladnanews.com\/wp-content\/uploads\/2026\/01\/BladnaNews-Bayern-chief-gives-update-on-Harry-Kane-contract-talks-2026-01-27T050954.002Z.jpg","width":1600,"height":900,"caption":"Harry Kane, wearing Bayern Munich's red kit, claps enthusiastically, showcasing determination amid a stadium atmosphere."},{"@type":"BreadcrumbList","@id":"https:\/\/bladnanews.com\/bayern-chief-gives-update-on-harry-kane-contract-talks\/#breadcrumb","itemListElement":[{"@type":"ListItem","position":1,"name":"Home","item":"https:\/\/bladnanews.com\/"},{"@type":"ListItem","position":2,"name":"Bayern chief gives update on Harry Kane contract talks"}]},{"@type":"WebSite","@id":"https:\/\/mediumseagreen-eel-531711.hostingersite.com\/#website","url":"https:\/\/mediumseagreen-eel-531711.hostingersite.com\/","name":"Bladna News - Maroc","description":"Quand le football marocain rencontre le monde","publisher":{"@id":"https:\/\/mediumseagreen-eel-531711.hostingersite.com\/#organization"},"potentialAction":[{"@type":"SearchAction","target":{"@type":"EntryPoint","urlTemplate":"https:\/\/mediumseagreen-eel-531711.hostingersite.com\/?s={search_term_string}"},"query-input":{"@type":"PropertyValueSpecification","valueRequired":true,"valueName":"search_term_string"}}],"inLanguage":"fr-FR"},{"@type":"Organization","@id":"https:\/\/mediumseagreen-eel-531711.hostingersite.com\/#organization","name":"Bladna News.com","url":"https:\/\/mediumseagreen-eel-531711.hostingersite.com\/","logo":{"@type":"ImageObject","inLanguage":"fr-FR","@id":"https:\/\/mediumseagreen-eel-531711.hostingersite.com\/#\/schema\/logo\/image\/","url":"https:\/\/bladnanews.com\/wp-content\/uploads\/2025\/12\/logo-bladnanews-V2-web-black-red.png","contentUrl":"https:\/\/bladnanews.com\/wp-content\/uploads\/2025\/12\/logo-bladnanews-V2-web-black-red.png","width":703,"height":287,"caption":"Bladna News.com"},"image":{"@id":"https:\/\/mediumseagreen-eel-531711.hostingersite.com\/#\/schema\/logo\/image\/"},"email":"info@bladnanews.com","legalName":"Bladna News"},{"@type":"Person","@id":"https:\/\/mediumseagreen-eel-531711.hostingersite.com\/#\/schema\/person\/268e18a453ab080ebf76df6ef7845083","name":"\u00c9quipe r\u00e9dactionnelle de Bladna News","url":"https:\/\/bladnanews.com\/fr\/author\/bladna-news-staff\/"}]}},"_links":{"self":[{"href":"https:\/\/bladnanews.com\/fr\/wp-json\/wp\/v2\/posts\/7865","targetHints":{"allow":["GET"]}}],"collection":[{"href":"https:\/\/bladnanews.com\/fr\/wp-json\/wp\/v2\/posts"}],"about":[{"href":"https:\/\/bladnanews.com\/fr\/wp-json\/wp\/v2\/types\/post"}],"author":[{"embeddable":true,"href":"https:\/\/bladnanews.com\/fr\/wp-json\/wp\/v2\/users\/3"}],"replies":[{"embeddable":true,"href":"https:\/\/bladnanews.com\/fr\/wp-json\/wp\/v2\/comments?post=7865"}],"version-history":[{"count":0,"href":"https:\/\/bladnanews.com\/fr\/wp-json\/wp\/v2\/posts\/7865\/revisions"}],"wp:featuredmedia":[{"embeddable":true,"href":"https:\/\/bladnanews.com\/fr\/wp-json\/wp\/v2\/media\/7864"}],"wp:attachment":[{"href":"https:\/\/bladnanews.com\/fr\/wp-json\/wp\/v2\/media?parent=7865"}],"wp:term":[{"taxonomy":"category","embeddable":true,"href":"https:\/\/bladnanews.com\/fr\/wp-json\/wp\/v2\/categories?post=7865"},{"taxonomy":"post_tag","embeddable":true,"href":"https:\/\/bladnanews.com\/fr\/wp-json\/wp\/v2\/tags?post=7865"}],"curies":[{"name":"wp","href":"https:\/\/api.w.org\/{rel}","templated":true}]}}