{"id":789,"date":"2025-12-30T20:18:15","date_gmt":"2025-12-30T20:18:15","guid":{"rendered":"https:\/\/bladnanews.com\/alexi-lalas-weston-mckennies-talent-outweighs-usmnt-concerns\/"},"modified":"2025-12-31T11:06:48","modified_gmt":"2025-12-31T11:06:48","slug":"le-talent-dalexi-lalas-weston-mckennie-depasse-les-preoccupations-concernant-lequipe-nationale-masculine-des-etats-unis-usmnt","status":"publish","type":"post","link":"https:\/\/bladnanews.com\/fr\/le-talent-dalexi-lalas-weston-mckennie-depasse-les-preoccupations-concernant-lequipe-nationale-masculine-des-etats-unis-usmnt\/","title":{"rendered":"Alexi Lalas : Le talent de Weston McKennie l'emporte sur les pr\u00e9occupations concernant l'\u00e9quipe nationale masculine des \u00c9tats-Unis"},"content":{"rendered":"<p><html><br \/>\n<body><\/p>\n<p>L'ancien d\u00e9fenseur et analyste de l'\u00e9quipe nationale masculine des \u00c9tats-Unis (USMNT), Alexi Lalas, a exprim\u00e9 un soutien ferme envers Weston McKennie dans le d\u00e9bat entourant sa s\u00e9lection dans l'effectif am\u00e9ricain pour la prochaine Coupe du Monde. Malgr\u00e9 les r\u00e9centes inqui\u00e9tudes concernant la forme du milieu de terrain et ses probl\u00e8mes en dehors du terrain, Lalas a soulign\u00e9 que le talent ind\u00e9niable de McKennie et sa contribution potentielle sur le terrain \u00e9clipsent tout aspect n\u00e9gatif.<\/p>\n<p>McKennie, qui fait partie du dispositif de l'USMNT depuis plusieurs ann\u00e9es, demeure une figure centrale dans les plans de l'entra\u00eeneur Gregg Berhalter. Cependant, ses performances r\u00e9centes et des questions disciplinaires ont suscit\u00e9 des discussions parmi les supporters et les experts quant \u00e0 sa pertinence dans un effectif de Coupe du Monde exigeant constance et pr\u00e9paration optimale.<\/p>\n<p>S'appuyant sur sa vaste exp\u00e9rience avec l'USMNT et en tant que commentateur, Lalas a soutenu que les qualit\u00e9s techniques de McKennie apportent un avantage crucial \u00e0 la dynamique du milieu de terrain de l'\u00e9quipe. \u201c Cela d\u00e9passe souvent les mauvais c\u00f4t\u00e9s \u201d, a not\u00e9 Lalas, exprimant sa confiance dans le fait que les qualit\u00e9s de McKennie, notamment sa polyvalence, son engagement et sa capacit\u00e9 \u00e0 influencer le jeu, en font un atout indispensable.<\/p>\n<p>Le milieu de terrain de la Juventus a d\u00e9montr\u00e9 une combinaison rare de puissance physique et de capacit\u00e9 technique, ce qui le rend pr\u00e9cieux aussi bien dans des r\u00f4les d\u00e9fensifs que lorsqu'il est pouss\u00e9 vers des positions plus offensives. Malgr\u00e9 des performances parfois irr\u00e9guli\u00e8res, Lalas estime que le talent brut de McKennie et ses \u00e9clairs occasionnels de g\u00e9nie peuvent porter le jeu collectif de l'USMNT sur la plus grande sc\u00e8ne du football.<\/p>\n<p>Le parcours de McKennie n'a pas \u00e9t\u00e9 sans d\u00e9fis. Des blessures et des changements d'environnement en club ont parfois perturb\u00e9 son rythme, tandis que des incidents isol\u00e9s en dehors du terrain ont attir\u00e9 les critiques. N\u00e9anmoins, Lalas a maintenu que ces probl\u00e8mes ont \u00e9t\u00e9 exag\u00e9r\u00e9s par rapport \u00e0 l'importance globale du joueur pour l'\u00e9quipe. \u201c Sa valeur sur le terrain est quelque chose qu'on ne peut ignorer \u201d, a ajout\u00e9 Lalas, soulignant les qualit\u00e9s de leadership et la r\u00e9silience de McKennie sous pression.<\/p>\n<p>L'entra\u00eeneur Gregg Berhalter a d\u00fb prendre des d\u00e9cisions difficiles pour constituer une \u00e9quipe \u00e9quilibr\u00e9e et comp\u00e9titive pour la Coupe du Monde, pesant le pour et le contre entre les v\u00e9t\u00e9rans exp\u00e9riment\u00e9s et les talents \u00e9mergents. Le statut de McKennie en tant que v\u00e9t\u00e9ran de Coupe du Monde apporte un niveau de maturit\u00e9 et d'exp\u00e9rience internationale que les jeunes joueurs sont encore en train d'acqu\u00e9rir. Lalas a sugg\u00e9r\u00e9 qu'\u00e9carter McKennie risquerait de compromettre la flexibilit\u00e9 tactique et la coh\u00e9sion de l'\u00e9quipe.<\/p>\n<p>Par ailleurs, la capacit\u00e9 de McKennie \u00e0 faire le lien entre la d\u00e9fense et l'attaque permet \u00e0 l'USMNT d'effectuer des transitions plus fluides pendant les matchs, un facteur crucial face \u00e0 une concurrence d'\u00e9lite. Lalas a fait remarquer que dans les phases de groupes serr\u00e9es d'une Coupe du Monde, des moments de g\u00e9nie individuel peuvent \u00eatre d\u00e9cisifs, et les \u00e9clats sporadiques de cr\u00e9ativit\u00e9 de McKennie pourraient s'av\u00e9rer inestimables.<\/p>\n<p>Alors que certains critiques soutiennent que le milieu de terrain doit faire preuve de constance au niveau de son club pour justifier sa place en Coupe du Monde, la perspective analytique de Lalas se concentre non seulement sur la forme r\u00e9cente, mais aussi sur l'impact \u00e0 long terme. \u201c On peut parfois se permettre d'avoir un joueur qui n'est pas parfait mais qui a la capacit\u00e9 de changer un match \u201d, a-t-il d\u00e9clar\u00e9, soulignant l'\u00e9quilibre entre risque et r\u00e9compense dans la s\u00e9lection d'un effectif pour un tournoi.<\/p>\n<p>Alors que les \u00c9tats-Unis se pr\u00e9parent \u00e0 affronter certaines des nations footballistiques les plus fortes au monde, la s\u00e9lection de McKennie reste un sujet de discussion. Le soutien de Lalas rappelle la complexit\u00e9 qui sous-tend la s\u00e9lection d'une \u00e9quipe et l'importance de faire confiance \u00e0 un talent \u00e9prouv\u00e9, m\u00eame lorsque des inqui\u00e9tudes subsistent quant \u00e0 sa constance ou sa discipline.<\/p>\n<p>Pour l'avenir, l'USMNT fait face \u00e0 de grandes attentes pour capitaliser sur ses r\u00e9cents succ\u00e8s dans les comp\u00e9titions internationales. Le r\u00f4le de McKennie, qu'il soit titulaire ou joueur cl\u00e9 de l'effectif, sera suivi de pr\u00e8s tout au long du tournoi. Sa capacit\u00e9 \u00e0 se montrer \u00e0 la hauteur sous une pression intense pourrait grandement influencer la progression et les performances globales de l'\u00e9quipe.<\/p>\n<p><\/body><br \/>\n<\/html><\/p>","protected":false},"excerpt":{"rendered":"<p>Former U.S. Men\u2019s National Team (USMNT) defender and analyst Alexi Lalas has voiced strong support for Weston McKennie amid the [&hellip;]<\/p>\n","protected":false},"author":3,"featured_media":788,"comment_status":"closed","ping_status":"open","sticky":false,"template":"","format":"standard","meta":{"googlesitekit_rrm_CAow_uzEDA:productID":"","site-sidebar-layout":"default","site-content-layout":"","ast-site-content-layout":"default","site-content-style":"default","site-sidebar-style":"default","ast-global-header-display":"","ast-banner-title-visibility":"","ast-main-header-display":"","ast-hfb-above-header-display":"","ast-hfb-below-header-display":"","ast-hfb-mobile-header-display":"","site-post-title":"","ast-breadcrumbs-content":"","ast-featured-img":"","footer-sml-layout":"","ast-disable-related-posts":"","theme-transparent-header-meta":"","adv-header-id-meta":"","stick-header-meta":"","header-above-stick-meta":"","header-main-stick-meta":"","header-below-stick-meta":"","astra-migrate-meta-layouts":"default","ast-page-background-enabled":"default","ast-page-background-meta":{"desktop":{"background-color":"var(--ast-global-color-5)","background-image":"","background-repeat":"repeat","background-position":"center center","background-size":"auto","background-attachment":"scroll","background-type":"","background-media":"","overlay-type":"","overlay-color":"","overlay-opacity":"","overlay-gradient":""},"tablet":{"background-color":"","background-image":"","background-repeat":"repeat","background-position":"center center","background-size":"auto","background-attachment":"scroll","background-type":"","background-media":"","overlay-type":"","overlay-color":"","overlay-opacity":"","overlay-gradient":""},"mobile":{"background-color":"","background-image":"","background-repeat":"repeat","background-position":"center center","background-size":"auto","background-attachment":"scroll","background-type":"","background-media":"","overlay-type":"","overlay-color":"","overlay-opacity":"","overlay-gradient":""}},"ast-content-background-meta":{"desktop":{"background-color":"var(--ast-global-color-4)","background-image":"","background-repeat":"repeat","background-position":"center center","background-size":"auto","background-attachment":"scroll","background-type":"","background-media":"","overlay-type":"","overlay-color":"","overlay-opacity":"","overlay-gradient":""},"tablet":{"background-color":"var(--ast-global-color-4)","background-image":"","background-repeat":"repeat","background-position":"center center","background-size":"auto","background-attachment":"scroll","background-type":"","background-media":"","overlay-type":"","overlay-color":"","overlay-opacity":"","overlay-gradient":""},"mobile":{"background-color":"var(--ast-global-color-4)","background-image":"","background-repeat":"repeat","background-position":"center center","background-size":"auto","background-attachment":"scroll","background-type":"","background-media":"","overlay-type":"","overlay-color":"","overlay-opacity":"","overlay-gradient":""}},"footnotes":""},"categories":[20,1],"tags":[],"class_list":["post-789","post","type-post","status-publish","format-standard","has-post-thumbnail","hentry","category-international","category-football-latest-news"],"yoast_head":"<!-- This site is optimized with the Yoast SEO Premium plugin v26.6 (Yoast SEO v27.5) - https:\/\/yoast.com\/product\/yoast-seo-premium-wordpress\/ -->\n<title>Alexi Lalas: Weston McKennie\u2019s Talent Outweighs USMNT Concerns - Bladna News<\/title>\n<meta name=\"robots\" content=\"index, follow, max-snippet:-1, max-image-preview:large, max-video-preview:-1\" \/>\n<link rel=\"canonical\" href=\"https:\/\/bladnanews.com\/fr\/le-talent-dalexi-lalas-weston-mckennie-depasse-les-preoccupations-concernant-lequipe-nationale-masculine-des-etats-unis-usmnt\/\" \/>\n<meta property=\"og:locale\" content=\"fr_FR\" \/>\n<meta property=\"og:type\" content=\"article\" \/>\n<meta property=\"og:title\" content=\"Alexi Lalas: Weston McKennie\u2019s Talent Outweighs USMNT Concerns\" \/>\n<meta property=\"og:description\" content=\"Former U.S. Men\u2019s National Team (USMNT) defender and analyst Alexi Lalas has voiced strong support for Weston McKennie amid the [&hellip;]\" \/>\n<meta property=\"og:url\" content=\"https:\/\/bladnanews.com\/fr\/le-talent-dalexi-lalas-weston-mckennie-depasse-les-preoccupations-concernant-lequipe-nationale-masculine-des-etats-unis-usmnt\/\" \/>\n<meta property=\"og:site_name\" content=\"Bladna News\" \/>\n<meta property=\"article:published_time\" content=\"2025-12-30T20:18:15+00:00\" \/>\n<meta property=\"article:modified_time\" content=\"2025-12-31T11:06:48+00:00\" \/>\n<meta property=\"og:image\" content=\"https:\/\/bladnanews.com\/wp-content\/uploads\/2025\/12\/weston.jpg.jpgAlexi-Lalas-Weston-McKennies-Talent-Outweighs-USMNT-Concerns-2025-12-31T103124.779Z.jpg\" \/>\n\t<meta property=\"og:image:width\" content=\"2560\" \/>\n\t<meta property=\"og:image:height\" content=\"1440\" \/>\n\t<meta property=\"og:image:type\" content=\"image\/jpeg\" \/>\n<meta name=\"author\" content=\"Bladna News Staff\" \/>\n<meta name=\"twitter:card\" content=\"summary_large_image\" \/>\n<meta name=\"twitter:label1\" content=\"\u00c9crit par\" \/>\n\t<meta name=\"twitter:data1\" content=\"Bladna News Staff\" \/>\n\t<meta name=\"twitter:label2\" content=\"Dur\u00e9e de lecture estim\u00e9e\" \/>\n\t<meta name=\"twitter:data2\" content=\"3 minutes\" \/>\n<script type=\"application\/ld+json\" class=\"yoast-schema-graph\">{\"@context\":\"https:\\\/\\\/schema.org\",\"@graph\":[{\"@type\":\"Article\",\"@id\":\"https:\\\/\\\/bladnanews.com\\\/alexi-lalas-weston-mckennies-talent-outweighs-usmnt-concerns\\\/#article\",\"isPartOf\":{\"@id\":\"https:\\\/\\\/bladnanews.com\\\/alexi-lalas-weston-mckennies-talent-outweighs-usmnt-concerns\\\/\"},\"author\":{\"name\":\"Bladna News Staff\",\"@id\":\"https:\\\/\\\/mediumseagreen-eel-531711.hostingersite.com\\\/#\\\/schema\\\/person\\\/268e18a453ab080ebf76df6ef7845083\"},\"headline\":\"Alexi Lalas: Weston McKennie\u2019s Talent Outweighs USMNT Concerns\",\"datePublished\":\"2025-12-30T20:18:15+00:00\",\"dateModified\":\"2025-12-31T11:06:48+00:00\",\"mainEntityOfPage\":{\"@id\":\"https:\\\/\\\/bladnanews.com\\\/alexi-lalas-weston-mckennies-talent-outweighs-usmnt-concerns\\\/\"},\"wordCount\":602,\"publisher\":{\"@id\":\"https:\\\/\\\/mediumseagreen-eel-531711.hostingersite.com\\\/#organization\"},\"image\":{\"@id\":\"https:\\\/\\\/bladnanews.com\\\/alexi-lalas-weston-mckennies-talent-outweighs-usmnt-concerns\\\/#primaryimage\"},\"thumbnailUrl\":\"https:\\\/\\\/bladnanews.com\\\/wp-content\\\/uploads\\\/2025\\\/12\\\/weston.jpg.jpgAlexi-Lalas-Weston-McKennies-Talent-Outweighs-USMNT-Concerns-2025-12-31T103124.779Z.jpg\",\"articleSection\":[\"International\",\"Latest News\"],\"inLanguage\":\"fr-FR\",\"copyrightYear\":\"2025\",\"copyrightHolder\":{\"@id\":\"https:\\\/\\\/bladnanews.com\\\/fr\\\/#organization\"}},{\"@type\":\"WebPage\",\"@id\":\"https:\\\/\\\/bladnanews.com\\\/alexi-lalas-weston-mckennies-talent-outweighs-usmnt-concerns\\\/\",\"url\":\"https:\\\/\\\/bladnanews.com\\\/alexi-lalas-weston-mckennies-talent-outweighs-usmnt-concerns\\\/\",\"name\":\"Alexi Lalas: Weston McKennie\u2019s Talent Outweighs USMNT Concerns - Bladna News\",\"isPartOf\":{\"@id\":\"https:\\\/\\\/mediumseagreen-eel-531711.hostingersite.com\\\/#website\"},\"primaryImageOfPage\":{\"@id\":\"https:\\\/\\\/bladnanews.com\\\/alexi-lalas-weston-mckennies-talent-outweighs-usmnt-concerns\\\/#primaryimage\"},\"image\":{\"@id\":\"https:\\\/\\\/bladnanews.com\\\/alexi-lalas-weston-mckennies-talent-outweighs-usmnt-concerns\\\/#primaryimage\"},\"thumbnailUrl\":\"https:\\\/\\\/bladnanews.com\\\/wp-content\\\/uploads\\\/2025\\\/12\\\/weston.jpg.jpgAlexi-Lalas-Weston-McKennies-Talent-Outweighs-USMNT-Concerns-2025-12-31T103124.779Z.jpg\",\"datePublished\":\"2025-12-30T20:18:15+00:00\",\"dateModified\":\"2025-12-31T11:06:48+00:00\",\"breadcrumb\":{\"@id\":\"https:\\\/\\\/bladnanews.com\\\/alexi-lalas-weston-mckennies-talent-outweighs-usmnt-concerns\\\/#breadcrumb\"},\"inLanguage\":\"fr-FR\",\"potentialAction\":[{\"@type\":\"ReadAction\",\"target\":[\"https:\\\/\\\/bladnanews.com\\\/alexi-lalas-weston-mckennies-talent-outweighs-usmnt-concerns\\\/\"]}]},{\"@type\":\"ImageObject\",\"inLanguage\":\"fr-FR\",\"@id\":\"https:\\\/\\\/bladnanews.com\\\/alexi-lalas-weston-mckennies-talent-outweighs-usmnt-concerns\\\/#primaryimage\",\"url\":\"https:\\\/\\\/bladnanews.com\\\/wp-content\\\/uploads\\\/2025\\\/12\\\/weston.jpg.jpgAlexi-Lalas-Weston-McKennies-Talent-Outweighs-USMNT-Concerns-2025-12-31T103124.779Z.jpg\",\"contentUrl\":\"https:\\\/\\\/bladnanews.com\\\/wp-content\\\/uploads\\\/2025\\\/12\\\/weston.jpg.jpgAlexi-Lalas-Weston-McKennies-Talent-Outweighs-USMNT-Concerns-2025-12-31T103124.779Z.jpg\",\"width\":2560,\"height\":1440},{\"@type\":\"BreadcrumbList\",\"@id\":\"https:\\\/\\\/bladnanews.com\\\/alexi-lalas-weston-mckennies-talent-outweighs-usmnt-concerns\\\/#breadcrumb\",\"itemListElement\":[{\"@type\":\"ListItem\",\"position\":1,\"name\":\"Home\",\"item\":\"https:\\\/\\\/bladnanews.com\\\/\"},{\"@type\":\"ListItem\",\"position\":2,\"name\":\"Alexi Lalas: Weston McKennie\u2019s Talent Outweighs USMNT Concerns\"}]},{\"@type\":\"WebSite\",\"@id\":\"https:\\\/\\\/mediumseagreen-eel-531711.hostingersite.com\\\/#website\",\"url\":\"https:\\\/\\\/mediumseagreen-eel-531711.hostingersite.com\\\/\",\"name\":\"Bladna News - Morocco\",\"description\":\"Where Moroccan Football Meets the World\",\"publisher\":{\"@id\":\"https:\\\/\\\/mediumseagreen-eel-531711.hostingersite.com\\\/#organization\"},\"potentialAction\":[{\"@type\":\"SearchAction\",\"target\":{\"@type\":\"EntryPoint\",\"urlTemplate\":\"https:\\\/\\\/mediumseagreen-eel-531711.hostingersite.com\\\/?s={search_term_string}\"},\"query-input\":{\"@type\":\"PropertyValueSpecification\",\"valueRequired\":true,\"valueName\":\"search_term_string\"}}],\"inLanguage\":\"fr-FR\"},{\"@type\":\"Organization\",\"@id\":\"https:\\\/\\\/mediumseagreen-eel-531711.hostingersite.com\\\/#organization\",\"name\":\"Bladna News.com\",\"url\":\"https:\\\/\\\/mediumseagreen-eel-531711.hostingersite.com\\\/\",\"logo\":{\"@type\":\"ImageObject\",\"inLanguage\":\"fr-FR\",\"@id\":\"https:\\\/\\\/mediumseagreen-eel-531711.hostingersite.com\\\/#\\\/schema\\\/logo\\\/image\\\/\",\"url\":\"https:\\\/\\\/bladnanews.com\\\/wp-content\\\/uploads\\\/2025\\\/12\\\/logo-bladnanews-V2-web-black-red.png\",\"contentUrl\":\"https:\\\/\\\/bladnanews.com\\\/wp-content\\\/uploads\\\/2025\\\/12\\\/logo-bladnanews-V2-web-black-red.png\",\"width\":703,\"height\":287,\"caption\":\"Bladna News.com\"},\"image\":{\"@id\":\"https:\\\/\\\/mediumseagreen-eel-531711.hostingersite.com\\\/#\\\/schema\\\/logo\\\/image\\\/\"},\"email\":\"info@bladnanews.com\",\"legalName\":\"Bladna News\"},{\"@type\":\"Person\",\"@id\":\"https:\\\/\\\/mediumseagreen-eel-531711.hostingersite.com\\\/#\\\/schema\\\/person\\\/268e18a453ab080ebf76df6ef7845083\",\"name\":\"Bladna News Staff\",\"url\":\"https:\\\/\\\/bladnanews.com\\\/fr\\\/author\\\/bladna-news-staff\\\/\"}]}<\/script>\n<!-- \/ Yoast SEO Premium plugin. -->","yoast_head_json":{"title":"Alexi Lalas : Le talent de Weston McKennie d\u00e9passe les pr\u00e9occupations concernant l'\u00e9quipe nationale masculine des \u00c9tats-Unis - Bladna News","robots":{"index":"index","follow":"follow","max-snippet":"max-snippet:-1","max-image-preview":"max-image-preview:large","max-video-preview":"max-video-preview:-1"},"canonical":"https:\/\/bladnanews.com\/fr\/le-talent-dalexi-lalas-weston-mckennie-depasse-les-preoccupations-concernant-lequipe-nationale-masculine-des-etats-unis-usmnt\/","og_locale":"fr_FR","og_type":"article","og_title":"Alexi Lalas: Weston McKennie\u2019s Talent Outweighs USMNT Concerns","og_description":"Former U.S. Men\u2019s National Team (USMNT) defender and analyst Alexi Lalas has voiced strong support for Weston McKennie amid the [&hellip;]","og_url":"https:\/\/bladnanews.com\/fr\/le-talent-dalexi-lalas-weston-mckennie-depasse-les-preoccupations-concernant-lequipe-nationale-masculine-des-etats-unis-usmnt\/","og_site_name":"Bladna News","article_published_time":"2025-12-30T20:18:15+00:00","article_modified_time":"2025-12-31T11:06:48+00:00","og_image":[{"width":2560,"height":1440,"url":"https:\/\/bladnanews.com\/wp-content\/uploads\/2025\/12\/weston.jpg.jpgAlexi-Lalas-Weston-McKennies-Talent-Outweighs-USMNT-Concerns-2025-12-31T103124.779Z.jpg","type":"image\/jpeg"}],"author":"Bladna News Staff","twitter_card":"summary_large_image","twitter_misc":{"\u00c9crit par":"Bladna News Staff","Dur\u00e9e de lecture estim\u00e9e":"3 minutes"},"schema":{"@context":"https:\/\/schema.org","@graph":[{"@type":"Article","@id":"https:\/\/bladnanews.com\/alexi-lalas-weston-mckennies-talent-outweighs-usmnt-concerns\/#article","isPartOf":{"@id":"https:\/\/bladnanews.com\/alexi-lalas-weston-mckennies-talent-outweighs-usmnt-concerns\/"},"author":{"name":"Bladna News Staff","@id":"https:\/\/mediumseagreen-eel-531711.hostingersite.com\/#\/schema\/person\/268e18a453ab080ebf76df6ef7845083"},"headline":"Alexi Lalas: Weston McKennie\u2019s Talent Outweighs USMNT Concerns","datePublished":"2025-12-30T20:18:15+00:00","dateModified":"2025-12-31T11:06:48+00:00","mainEntityOfPage":{"@id":"https:\/\/bladnanews.com\/alexi-lalas-weston-mckennies-talent-outweighs-usmnt-concerns\/"},"wordCount":602,"publisher":{"@id":"https:\/\/mediumseagreen-eel-531711.hostingersite.com\/#organization"},"image":{"@id":"https:\/\/bladnanews.com\/alexi-lalas-weston-mckennies-talent-outweighs-usmnt-concerns\/#primaryimage"},"thumbnailUrl":"https:\/\/bladnanews.com\/wp-content\/uploads\/2025\/12\/weston.jpg.jpgAlexi-Lalas-Weston-McKennies-Talent-Outweighs-USMNT-Concerns-2025-12-31T103124.779Z.jpg","articleSection":["International","Latest News"],"inLanguage":"fr-FR","copyrightYear":"2025","copyrightHolder":{"@id":"https:\/\/bladnanews.com\/fr\/#organization"}},{"@type":"WebPage","@id":"https:\/\/bladnanews.com\/alexi-lalas-weston-mckennies-talent-outweighs-usmnt-concerns\/","url":"https:\/\/bladnanews.com\/alexi-lalas-weston-mckennies-talent-outweighs-usmnt-concerns\/","name":"Alexi Lalas : Le talent de Weston McKennie d\u00e9passe les pr\u00e9occupations concernant l'\u00e9quipe nationale masculine des \u00c9tats-Unis - Bladna News","isPartOf":{"@id":"https:\/\/mediumseagreen-eel-531711.hostingersite.com\/#website"},"primaryImageOfPage":{"@id":"https:\/\/bladnanews.com\/alexi-lalas-weston-mckennies-talent-outweighs-usmnt-concerns\/#primaryimage"},"image":{"@id":"https:\/\/bladnanews.com\/alexi-lalas-weston-mckennies-talent-outweighs-usmnt-concerns\/#primaryimage"},"thumbnailUrl":"https:\/\/bladnanews.com\/wp-content\/uploads\/2025\/12\/weston.jpg.jpgAlexi-Lalas-Weston-McKennies-Talent-Outweighs-USMNT-Concerns-2025-12-31T103124.779Z.jpg","datePublished":"2025-12-30T20:18:15+00:00","dateModified":"2025-12-31T11:06:48+00:00","breadcrumb":{"@id":"https:\/\/bladnanews.com\/alexi-lalas-weston-mckennies-talent-outweighs-usmnt-concerns\/#breadcrumb"},"inLanguage":"fr-FR","potentialAction":[{"@type":"ReadAction","target":["https:\/\/bladnanews.com\/alexi-lalas-weston-mckennies-talent-outweighs-usmnt-concerns\/"]}]},{"@type":"ImageObject","inLanguage":"fr-FR","@id":"https:\/\/bladnanews.com\/alexi-lalas-weston-mckennies-talent-outweighs-usmnt-concerns\/#primaryimage","url":"https:\/\/bladnanews.com\/wp-content\/uploads\/2025\/12\/weston.jpg.jpgAlexi-Lalas-Weston-McKennies-Talent-Outweighs-USMNT-Concerns-2025-12-31T103124.779Z.jpg","contentUrl":"https:\/\/bladnanews.com\/wp-content\/uploads\/2025\/12\/weston.jpg.jpgAlexi-Lalas-Weston-McKennies-Talent-Outweighs-USMNT-Concerns-2025-12-31T103124.779Z.jpg","width":2560,"height":1440},{"@type":"BreadcrumbList","@id":"https:\/\/bladnanews.com\/alexi-lalas-weston-mckennies-talent-outweighs-usmnt-concerns\/#breadcrumb","itemListElement":[{"@type":"ListItem","position":1,"name":"Home","item":"https:\/\/bladnanews.com\/"},{"@type":"ListItem","position":2,"name":"Alexi Lalas: Weston McKennie\u2019s Talent Outweighs USMNT Concerns"}]},{"@type":"WebSite","@id":"https:\/\/mediumseagreen-eel-531711.hostingersite.com\/#website","url":"https:\/\/mediumseagreen-eel-531711.hostingersite.com\/","name":"Bladna News - Maroc","description":"Quand le football marocain rencontre le monde","publisher":{"@id":"https:\/\/mediumseagreen-eel-531711.hostingersite.com\/#organization"},"potentialAction":[{"@type":"SearchAction","target":{"@type":"EntryPoint","urlTemplate":"https:\/\/mediumseagreen-eel-531711.hostingersite.com\/?s={search_term_string}"},"query-input":{"@type":"PropertyValueSpecification","valueRequired":true,"valueName":"search_term_string"}}],"inLanguage":"fr-FR"},{"@type":"Organization","@id":"https:\/\/mediumseagreen-eel-531711.hostingersite.com\/#organization","name":"Bladna News.com","url":"https:\/\/mediumseagreen-eel-531711.hostingersite.com\/","logo":{"@type":"ImageObject","inLanguage":"fr-FR","@id":"https:\/\/mediumseagreen-eel-531711.hostingersite.com\/#\/schema\/logo\/image\/","url":"https:\/\/bladnanews.com\/wp-content\/uploads\/2025\/12\/logo-bladnanews-V2-web-black-red.png","contentUrl":"https:\/\/bladnanews.com\/wp-content\/uploads\/2025\/12\/logo-bladnanews-V2-web-black-red.png","width":703,"height":287,"caption":"Bladna News.com"},"image":{"@id":"https:\/\/mediumseagreen-eel-531711.hostingersite.com\/#\/schema\/logo\/image\/"},"email":"info@bladnanews.com","legalName":"Bladna News"},{"@type":"Person","@id":"https:\/\/mediumseagreen-eel-531711.hostingersite.com\/#\/schema\/person\/268e18a453ab080ebf76df6ef7845083","name":"\u00c9quipe r\u00e9dactionnelle de Bladna News","url":"https:\/\/bladnanews.com\/fr\/author\/bladna-news-staff\/"}]}},"_links":{"self":[{"href":"https:\/\/bladnanews.com\/fr\/wp-json\/wp\/v2\/posts\/789","targetHints":{"allow":["GET"]}}],"collection":[{"href":"https:\/\/bladnanews.com\/fr\/wp-json\/wp\/v2\/posts"}],"about":[{"href":"https:\/\/bladnanews.com\/fr\/wp-json\/wp\/v2\/types\/post"}],"author":[{"embeddable":true,"href":"https:\/\/bladnanews.com\/fr\/wp-json\/wp\/v2\/users\/3"}],"replies":[{"embeddable":true,"href":"https:\/\/bladnanews.com\/fr\/wp-json\/wp\/v2\/comments?post=789"}],"version-history":[{"count":0,"href":"https:\/\/bladnanews.com\/fr\/wp-json\/wp\/v2\/posts\/789\/revisions"}],"wp:featuredmedia":[{"embeddable":true,"href":"https:\/\/bladnanews.com\/fr\/wp-json\/wp\/v2\/media\/788"}],"wp:attachment":[{"href":"https:\/\/bladnanews.com\/fr\/wp-json\/wp\/v2\/media?parent=789"}],"wp:term":[{"taxonomy":"category","embeddable":true,"href":"https:\/\/bladnanews.com\/fr\/wp-json\/wp\/v2\/categories?post=789"},{"taxonomy":"post_tag","embeddable":true,"href":"https:\/\/bladnanews.com\/fr\/wp-json\/wp\/v2\/tags?post=789"}],"curies":[{"name":"wp","href":"https:\/\/api.w.org\/{rel}","templated":true}]}}