{"id":7917,"date":"2026-01-27T10:31:42","date_gmt":"2026-01-27T10:31:42","guid":{"rendered":"https:\/\/bladnanews.com\/liverpool-warned-against-letting-alisson-leave-as-replacement-could-take-years\/"},"modified":"2026-01-27T10:31:42","modified_gmt":"2026-01-27T10:31:42","slug":"liverpool-averti-contre-le-depart-dalisson-car-son-remplacement-pourrait-prendre-des-annees","status":"publish","type":"post","link":"https:\/\/bladnanews.com\/fr\/liverpool-averti-contre-le-depart-dalisson-car-son-remplacement-pourrait-prendre-des-annees\/","title":{"rendered":"Liverpool averti contre le d\u00e9part d'Alisson, son remplacement pouvant prendre des ann\u00e9es"},"content":{"rendered":"<p>Liverpool a \u00e9t\u00e9 averti qu'il commettrait une \u00e9norme erreur s'il laissait Alisson Becker quitter le club, un grand gardien de but de Premier League insistant sur le fait qu'il pourrait falloir des ann\u00e9es pour trouver un rempla\u00e7ant ad\u00e9quat.<\/p>\n<p>L'international br\u00e9silien est une figure cl\u00e9 \u00e0 Anfield depuis son arriv\u00e9e de la Roma en 2018, jouant un r\u00f4le majeur dans les succ\u00e8s troph\u00e9s de Liverpool et se montrant r\u00e9guli\u00e8rement d\u00e9cisif dans les moments les plus importants.<\/p>\n<p>Malgr\u00e9 son importance, des questions ont \u00e9t\u00e9 soulev\u00e9es ces derniers mois concernant la planification \u00e0 long terme de Liverpool au poste de gardien et sur ce qui pourrait se passer si Alisson venait \u00e0 partir. L'ancien gardien de Premier League estime que le club devrait tout faire pour le garder.<\/p>\n<p>\u201c Pressez jusqu'\u00e0 la derni\u00e8re goutte ! \u201d tel \u00e9tait le message, la l\u00e9gende du poste exhortant Liverpool \u00e0 maximiser les ann\u00e9es restantes d'Alisson au plus haut niveau plut\u00f4t que de risquer l'incertitude de tenter de le remplacer.<\/p>\n<p>L'avertissement souligne clairement que les gardiens de but d'\u00e9lite sont rares, et que m\u00eame les plus grands clubs peuvent passer des ann\u00e9es \u00e0 chercher avant de trouver la perle rare. Liverpool, sugg\u00e8re l'ancien stoppeur, prendrait un risque majeur en se s\u00e9parant d'un num\u00e9ro 1 \u00e9prouv\u00e9 et mondialement reconnu.<\/p>\n<p>Alisson est toujours sous contrat et op\u00e8re encore au plus haut niveau, sa r\u00e9gularit\u00e9 et son impact dans les grands matchs continuant de le distinguer. L'ancienne star de Premier League est d'avis que Liverpool devrait se concentrer \u00e0 tirer le meilleur de son gardien actuel, car le prochain pourrait ne pas \u00eatre facile \u00e0 trouver.<\/p>","protected":false},"excerpt":{"rendered":"<p>Liverpool have been warned they would be making a huge mistake if they allow Alisson Becker to leave the club, [&hellip;]<\/p>\n","protected":false},"author":3,"featured_media":7916,"comment_status":"","ping_status":"open","sticky":false,"template":"","format":"standard","meta":{"googlesitekit_rrm_CAow_uzEDA:productID":"","site-sidebar-layout":"default","site-content-layout":"","ast-site-content-layout":"default","site-content-style":"default","site-sidebar-style":"default","ast-global-header-display":"","ast-banner-title-visibility":"","ast-main-header-display":"","ast-hfb-above-header-display":"","ast-hfb-below-header-display":"","ast-hfb-mobile-header-display":"","site-post-title":"","ast-breadcrumbs-content":"","ast-featured-img":"","footer-sml-layout":"","ast-disable-related-posts":"","theme-transparent-header-meta":"","adv-header-id-meta":"","stick-header-meta":"","header-above-stick-meta":"","header-main-stick-meta":"","header-below-stick-meta":"","astra-migrate-meta-layouts":"default","ast-page-background-enabled":"default","ast-page-background-meta":{"desktop":{"background-color":"var(--ast-global-color-5)","background-image":"","background-repeat":"repeat","background-position":"center center","background-size":"auto","background-attachment":"scroll","background-type":"","background-media":"","overlay-type":"","overlay-color":"","overlay-opacity":"","overlay-gradient":""},"tablet":{"background-color":"","background-image":"","background-repeat":"repeat","background-position":"center center","background-size":"auto","background-attachment":"scroll","background-type":"","background-media":"","overlay-type":"","overlay-color":"","overlay-opacity":"","overlay-gradient":""},"mobile":{"background-color":"","background-image":"","background-repeat":"repeat","background-position":"center center","background-size":"auto","background-attachment":"scroll","background-type":"","background-media":"","overlay-type":"","overlay-color":"","overlay-opacity":"","overlay-gradient":""}},"ast-content-background-meta":{"desktop":{"background-color":"var(--ast-global-color-4)","background-image":"","background-repeat":"repeat","background-position":"center center","background-size":"auto","background-attachment":"scroll","background-type":"","background-media":"","overlay-type":"","overlay-color":"","overlay-opacity":"","overlay-gradient":""},"tablet":{"background-color":"var(--ast-global-color-4)","background-image":"","background-repeat":"repeat","background-position":"center center","background-size":"auto","background-attachment":"scroll","background-type":"","background-media":"","overlay-type":"","overlay-color":"","overlay-opacity":"","overlay-gradient":""},"mobile":{"background-color":"var(--ast-global-color-4)","background-image":"","background-repeat":"repeat","background-position":"center center","background-size":"auto","background-attachment":"scroll","background-type":"","background-media":"","overlay-type":"","overlay-color":"","overlay-opacity":"","overlay-gradient":""}},"footnotes":""},"categories":[20,1],"tags":[],"class_list":["post-7917","post","type-post","status-publish","format-standard","has-post-thumbnail","hentry","category-international","category-football-latest-news"],"yoast_head":"<!-- This site is optimized with the Yoast SEO Premium plugin v26.6 (Yoast SEO v27.5) - https:\/\/yoast.com\/product\/yoast-seo-premium-wordpress\/ -->\n<title>Liverpool warned against letting Alisson leave as replacement could take years - Bladna News<\/title>\n<meta name=\"robots\" content=\"index, follow, max-snippet:-1, max-image-preview:large, max-video-preview:-1\" \/>\n<link rel=\"canonical\" href=\"https:\/\/bladnanews.com\/fr\/liverpool-averti-contre-le-depart-dalisson-car-son-remplacement-pourrait-prendre-des-annees\/\" \/>\n<meta property=\"og:locale\" content=\"fr_FR\" \/>\n<meta property=\"og:type\" content=\"article\" \/>\n<meta property=\"og:title\" content=\"Liverpool warned against letting Alisson leave as replacement could take years\" \/>\n<meta property=\"og:description\" content=\"Liverpool have been warned they would be making a huge mistake if they allow Alisson Becker to leave the club, [&hellip;]\" \/>\n<meta property=\"og:url\" content=\"https:\/\/bladnanews.com\/fr\/liverpool-averti-contre-le-depart-dalisson-car-son-remplacement-pourrait-prendre-des-annees\/\" \/>\n<meta property=\"og:site_name\" content=\"Bladna News\" \/>\n<meta property=\"article:published_time\" content=\"2026-01-27T10:31:42+00:00\" \/>\n<meta property=\"og:image\" content=\"https:\/\/bladnanews.com\/wp-content\/uploads\/2025\/12\/freepik__bladna-newscom-moroccan-soccer-homepage-banner-mor__41838.png\" \/>\n\t<meta property=\"og:image:width\" content=\"1312\" \/>\n\t<meta property=\"og:image:height\" content=\"736\" \/>\n\t<meta property=\"og:image:type\" content=\"image\/png\" \/>\n<meta name=\"author\" content=\"Bladna News Staff\" \/>\n<meta name=\"twitter:card\" content=\"summary_large_image\" \/>\n<meta name=\"twitter:label1\" content=\"\u00c9crit par\" \/>\n\t<meta name=\"twitter:data1\" content=\"Bladna News Staff\" \/>\n\t<meta name=\"twitter:label2\" content=\"Dur\u00e9e de lecture estim\u00e9e\" \/>\n\t<meta name=\"twitter:data2\" content=\"1 minute\" \/>\n<script type=\"application\/ld+json\" class=\"yoast-schema-graph\">{\"@context\":\"https:\\\/\\\/schema.org\",\"@graph\":[{\"@type\":\"Article\",\"@id\":\"https:\\\/\\\/bladnanews.com\\\/liverpool-warned-against-letting-alisson-leave-as-replacement-could-take-years\\\/#article\",\"isPartOf\":{\"@id\":\"https:\\\/\\\/bladnanews.com\\\/liverpool-warned-against-letting-alisson-leave-as-replacement-could-take-years\\\/\"},\"author\":{\"name\":\"Bladna News Staff\",\"@id\":\"https:\\\/\\\/mediumseagreen-eel-531711.hostingersite.com\\\/#\\\/schema\\\/person\\\/268e18a453ab080ebf76df6ef7845083\"},\"headline\":\"Liverpool warned against letting Alisson leave as replacement could take years\",\"datePublished\":\"2026-01-27T10:31:42+00:00\",\"mainEntityOfPage\":{\"@id\":\"https:\\\/\\\/bladnanews.com\\\/liverpool-warned-against-letting-alisson-leave-as-replacement-could-take-years\\\/\"},\"wordCount\":254,\"publisher\":{\"@id\":\"https:\\\/\\\/mediumseagreen-eel-531711.hostingersite.com\\\/#organization\"},\"image\":{\"@id\":\"https:\\\/\\\/bladnanews.com\\\/liverpool-warned-against-letting-alisson-leave-as-replacement-could-take-years\\\/#primaryimage\"},\"thumbnailUrl\":\"https:\\\/\\\/bladnanews.com\\\/wp-content\\\/uploads\\\/2026\\\/01\\\/BladnaNews-Liverpool-warned-against-letting-Alisson-leave-as-replacement-could-take-years-2026-01-27T170930.476Z.jpg\",\"articleSection\":[\"International\",\"Latest News\"],\"inLanguage\":\"fr-FR\",\"copyrightYear\":\"2026\",\"copyrightHolder\":{\"@id\":\"https:\\\/\\\/bladnanews.com\\\/fr\\\/#organization\"}},{\"@type\":\"WebPage\",\"@id\":\"https:\\\/\\\/bladnanews.com\\\/liverpool-warned-against-letting-alisson-leave-as-replacement-could-take-years\\\/\",\"url\":\"https:\\\/\\\/bladnanews.com\\\/liverpool-warned-against-letting-alisson-leave-as-replacement-could-take-years\\\/\",\"name\":\"Liverpool warned against letting Alisson leave as replacement could take years - Bladna News\",\"isPartOf\":{\"@id\":\"https:\\\/\\\/mediumseagreen-eel-531711.hostingersite.com\\\/#website\"},\"primaryImageOfPage\":{\"@id\":\"https:\\\/\\\/bladnanews.com\\\/liverpool-warned-against-letting-alisson-leave-as-replacement-could-take-years\\\/#primaryimage\"},\"image\":{\"@id\":\"https:\\\/\\\/bladnanews.com\\\/liverpool-warned-against-letting-alisson-leave-as-replacement-could-take-years\\\/#primaryimage\"},\"thumbnailUrl\":\"https:\\\/\\\/bladnanews.com\\\/wp-content\\\/uploads\\\/2026\\\/01\\\/BladnaNews-Liverpool-warned-against-letting-Alisson-leave-as-replacement-could-take-years-2026-01-27T170930.476Z.jpg\",\"datePublished\":\"2026-01-27T10:31:42+00:00\",\"breadcrumb\":{\"@id\":\"https:\\\/\\\/bladnanews.com\\\/liverpool-warned-against-letting-alisson-leave-as-replacement-could-take-years\\\/#breadcrumb\"},\"inLanguage\":\"fr-FR\",\"potentialAction\":[{\"@type\":\"ReadAction\",\"target\":[\"https:\\\/\\\/bladnanews.com\\\/liverpool-warned-against-letting-alisson-leave-as-replacement-could-take-years\\\/\"]}]},{\"@type\":\"ImageObject\",\"inLanguage\":\"fr-FR\",\"@id\":\"https:\\\/\\\/bladnanews.com\\\/liverpool-warned-against-letting-alisson-leave-as-replacement-could-take-years\\\/#primaryimage\",\"url\":\"https:\\\/\\\/bladnanews.com\\\/wp-content\\\/uploads\\\/2026\\\/01\\\/BladnaNews-Liverpool-warned-against-letting-Alisson-leave-as-replacement-could-take-years-2026-01-27T170930.476Z.jpg\",\"contentUrl\":\"https:\\\/\\\/bladnanews.com\\\/wp-content\\\/uploads\\\/2026\\\/01\\\/BladnaNews-Liverpool-warned-against-letting-Alisson-leave-as-replacement-could-take-years-2026-01-27T170930.476Z.jpg\",\"width\":1920,\"height\":1080,\"caption\":\"Liverpool goalkeeper Alisson Becker applauds the fans, wearing a black kit with green accents and gloves, showcasing his focused expression.\"},{\"@type\":\"BreadcrumbList\",\"@id\":\"https:\\\/\\\/bladnanews.com\\\/liverpool-warned-against-letting-alisson-leave-as-replacement-could-take-years\\\/#breadcrumb\",\"itemListElement\":[{\"@type\":\"ListItem\",\"position\":1,\"name\":\"Home\",\"item\":\"https:\\\/\\\/bladnanews.com\\\/\"},{\"@type\":\"ListItem\",\"position\":2,\"name\":\"Liverpool warned against letting Alisson leave as replacement could take years\"}]},{\"@type\":\"WebSite\",\"@id\":\"https:\\\/\\\/mediumseagreen-eel-531711.hostingersite.com\\\/#website\",\"url\":\"https:\\\/\\\/mediumseagreen-eel-531711.hostingersite.com\\\/\",\"name\":\"Bladna News - Morocco\",\"description\":\"Where Moroccan Football Meets the World\",\"publisher\":{\"@id\":\"https:\\\/\\\/mediumseagreen-eel-531711.hostingersite.com\\\/#organization\"},\"potentialAction\":[{\"@type\":\"SearchAction\",\"target\":{\"@type\":\"EntryPoint\",\"urlTemplate\":\"https:\\\/\\\/mediumseagreen-eel-531711.hostingersite.com\\\/?s={search_term_string}\"},\"query-input\":{\"@type\":\"PropertyValueSpecification\",\"valueRequired\":true,\"valueName\":\"search_term_string\"}}],\"inLanguage\":\"fr-FR\"},{\"@type\":\"Organization\",\"@id\":\"https:\\\/\\\/mediumseagreen-eel-531711.hostingersite.com\\\/#organization\",\"name\":\"Bladna News.com\",\"url\":\"https:\\\/\\\/mediumseagreen-eel-531711.hostingersite.com\\\/\",\"logo\":{\"@type\":\"ImageObject\",\"inLanguage\":\"fr-FR\",\"@id\":\"https:\\\/\\\/mediumseagreen-eel-531711.hostingersite.com\\\/#\\\/schema\\\/logo\\\/image\\\/\",\"url\":\"https:\\\/\\\/bladnanews.com\\\/wp-content\\\/uploads\\\/2025\\\/12\\\/logo-bladnanews-V2-web-black-red.png\",\"contentUrl\":\"https:\\\/\\\/bladnanews.com\\\/wp-content\\\/uploads\\\/2025\\\/12\\\/logo-bladnanews-V2-web-black-red.png\",\"width\":703,\"height\":287,\"caption\":\"Bladna News.com\"},\"image\":{\"@id\":\"https:\\\/\\\/mediumseagreen-eel-531711.hostingersite.com\\\/#\\\/schema\\\/logo\\\/image\\\/\"},\"email\":\"info@bladnanews.com\",\"legalName\":\"Bladna News\"},{\"@type\":\"Person\",\"@id\":\"https:\\\/\\\/mediumseagreen-eel-531711.hostingersite.com\\\/#\\\/schema\\\/person\\\/268e18a453ab080ebf76df6ef7845083\",\"name\":\"Bladna News Staff\",\"url\":\"https:\\\/\\\/bladnanews.com\\\/fr\\\/author\\\/bladna-news-staff\\\/\"}]}<\/script>\n<!-- \/ Yoast SEO Premium plugin. -->","yoast_head_json":{"title":"Liverpool averti contre le d\u00e9part d'Alisson, car son remplacement pourrait prendre des ann\u00e9es - Bladna News","robots":{"index":"index","follow":"follow","max-snippet":"max-snippet:-1","max-image-preview":"max-image-preview:large","max-video-preview":"max-video-preview:-1"},"canonical":"https:\/\/bladnanews.com\/fr\/liverpool-averti-contre-le-depart-dalisson-car-son-remplacement-pourrait-prendre-des-annees\/","og_locale":"fr_FR","og_type":"article","og_title":"Liverpool warned against letting Alisson leave as replacement could take years","og_description":"Liverpool have been warned they would be making a huge mistake if they allow Alisson Becker to leave the club, [&hellip;]","og_url":"https:\/\/bladnanews.com\/fr\/liverpool-averti-contre-le-depart-dalisson-car-son-remplacement-pourrait-prendre-des-annees\/","og_site_name":"Bladna News","article_published_time":"2026-01-27T10:31:42+00:00","og_image":[{"width":1312,"height":736,"url":"https:\/\/bladnanews.com\/wp-content\/uploads\/2025\/12\/freepik__bladna-newscom-moroccan-soccer-homepage-banner-mor__41838.png","type":"image\/png"}],"author":"Bladna News Staff","twitter_card":"summary_large_image","twitter_misc":{"\u00c9crit par":"Bladna News Staff","Dur\u00e9e de lecture estim\u00e9e":"1 minute"},"schema":{"@context":"https:\/\/schema.org","@graph":[{"@type":"Article","@id":"https:\/\/bladnanews.com\/liverpool-warned-against-letting-alisson-leave-as-replacement-could-take-years\/#article","isPartOf":{"@id":"https:\/\/bladnanews.com\/liverpool-warned-against-letting-alisson-leave-as-replacement-could-take-years\/"},"author":{"name":"Bladna News Staff","@id":"https:\/\/mediumseagreen-eel-531711.hostingersite.com\/#\/schema\/person\/268e18a453ab080ebf76df6ef7845083"},"headline":"Liverpool warned against letting Alisson leave as replacement could take years","datePublished":"2026-01-27T10:31:42+00:00","mainEntityOfPage":{"@id":"https:\/\/bladnanews.com\/liverpool-warned-against-letting-alisson-leave-as-replacement-could-take-years\/"},"wordCount":254,"publisher":{"@id":"https:\/\/mediumseagreen-eel-531711.hostingersite.com\/#organization"},"image":{"@id":"https:\/\/bladnanews.com\/liverpool-warned-against-letting-alisson-leave-as-replacement-could-take-years\/#primaryimage"},"thumbnailUrl":"https:\/\/bladnanews.com\/wp-content\/uploads\/2026\/01\/BladnaNews-Liverpool-warned-against-letting-Alisson-leave-as-replacement-could-take-years-2026-01-27T170930.476Z.jpg","articleSection":["International","Latest News"],"inLanguage":"fr-FR","copyrightYear":"2026","copyrightHolder":{"@id":"https:\/\/bladnanews.com\/fr\/#organization"}},{"@type":"WebPage","@id":"https:\/\/bladnanews.com\/liverpool-warned-against-letting-alisson-leave-as-replacement-could-take-years\/","url":"https:\/\/bladnanews.com\/liverpool-warned-against-letting-alisson-leave-as-replacement-could-take-years\/","name":"Liverpool averti contre le d\u00e9part d'Alisson, car son remplacement pourrait prendre des ann\u00e9es - Bladna News","isPartOf":{"@id":"https:\/\/mediumseagreen-eel-531711.hostingersite.com\/#website"},"primaryImageOfPage":{"@id":"https:\/\/bladnanews.com\/liverpool-warned-against-letting-alisson-leave-as-replacement-could-take-years\/#primaryimage"},"image":{"@id":"https:\/\/bladnanews.com\/liverpool-warned-against-letting-alisson-leave-as-replacement-could-take-years\/#primaryimage"},"thumbnailUrl":"https:\/\/bladnanews.com\/wp-content\/uploads\/2026\/01\/BladnaNews-Liverpool-warned-against-letting-Alisson-leave-as-replacement-could-take-years-2026-01-27T170930.476Z.jpg","datePublished":"2026-01-27T10:31:42+00:00","breadcrumb":{"@id":"https:\/\/bladnanews.com\/liverpool-warned-against-letting-alisson-leave-as-replacement-could-take-years\/#breadcrumb"},"inLanguage":"fr-FR","potentialAction":[{"@type":"ReadAction","target":["https:\/\/bladnanews.com\/liverpool-warned-against-letting-alisson-leave-as-replacement-could-take-years\/"]}]},{"@type":"ImageObject","inLanguage":"fr-FR","@id":"https:\/\/bladnanews.com\/liverpool-warned-against-letting-alisson-leave-as-replacement-could-take-years\/#primaryimage","url":"https:\/\/bladnanews.com\/wp-content\/uploads\/2026\/01\/BladnaNews-Liverpool-warned-against-letting-Alisson-leave-as-replacement-could-take-years-2026-01-27T170930.476Z.jpg","contentUrl":"https:\/\/bladnanews.com\/wp-content\/uploads\/2026\/01\/BladnaNews-Liverpool-warned-against-letting-Alisson-leave-as-replacement-could-take-years-2026-01-27T170930.476Z.jpg","width":1920,"height":1080,"caption":"Liverpool goalkeeper Alisson Becker applauds the fans, wearing a black kit with green accents and gloves, showcasing his focused expression."},{"@type":"BreadcrumbList","@id":"https:\/\/bladnanews.com\/liverpool-warned-against-letting-alisson-leave-as-replacement-could-take-years\/#breadcrumb","itemListElement":[{"@type":"ListItem","position":1,"name":"Home","item":"https:\/\/bladnanews.com\/"},{"@type":"ListItem","position":2,"name":"Liverpool warned against letting Alisson leave as replacement could take years"}]},{"@type":"WebSite","@id":"https:\/\/mediumseagreen-eel-531711.hostingersite.com\/#website","url":"https:\/\/mediumseagreen-eel-531711.hostingersite.com\/","name":"Bladna News - Maroc","description":"Quand le football marocain rencontre le monde","publisher":{"@id":"https:\/\/mediumseagreen-eel-531711.hostingersite.com\/#organization"},"potentialAction":[{"@type":"SearchAction","target":{"@type":"EntryPoint","urlTemplate":"https:\/\/mediumseagreen-eel-531711.hostingersite.com\/?s={search_term_string}"},"query-input":{"@type":"PropertyValueSpecification","valueRequired":true,"valueName":"search_term_string"}}],"inLanguage":"fr-FR"},{"@type":"Organization","@id":"https:\/\/mediumseagreen-eel-531711.hostingersite.com\/#organization","name":"Bladna News.com","url":"https:\/\/mediumseagreen-eel-531711.hostingersite.com\/","logo":{"@type":"ImageObject","inLanguage":"fr-FR","@id":"https:\/\/mediumseagreen-eel-531711.hostingersite.com\/#\/schema\/logo\/image\/","url":"https:\/\/bladnanews.com\/wp-content\/uploads\/2025\/12\/logo-bladnanews-V2-web-black-red.png","contentUrl":"https:\/\/bladnanews.com\/wp-content\/uploads\/2025\/12\/logo-bladnanews-V2-web-black-red.png","width":703,"height":287,"caption":"Bladna News.com"},"image":{"@id":"https:\/\/mediumseagreen-eel-531711.hostingersite.com\/#\/schema\/logo\/image\/"},"email":"info@bladnanews.com","legalName":"Bladna News"},{"@type":"Person","@id":"https:\/\/mediumseagreen-eel-531711.hostingersite.com\/#\/schema\/person\/268e18a453ab080ebf76df6ef7845083","name":"\u00c9quipe r\u00e9dactionnelle de Bladna News","url":"https:\/\/bladnanews.com\/fr\/author\/bladna-news-staff\/"}]}},"_links":{"self":[{"href":"https:\/\/bladnanews.com\/fr\/wp-json\/wp\/v2\/posts\/7917","targetHints":{"allow":["GET"]}}],"collection":[{"href":"https:\/\/bladnanews.com\/fr\/wp-json\/wp\/v2\/posts"}],"about":[{"href":"https:\/\/bladnanews.com\/fr\/wp-json\/wp\/v2\/types\/post"}],"author":[{"embeddable":true,"href":"https:\/\/bladnanews.com\/fr\/wp-json\/wp\/v2\/users\/3"}],"replies":[{"embeddable":true,"href":"https:\/\/bladnanews.com\/fr\/wp-json\/wp\/v2\/comments?post=7917"}],"version-history":[{"count":0,"href":"https:\/\/bladnanews.com\/fr\/wp-json\/wp\/v2\/posts\/7917\/revisions"}],"wp:featuredmedia":[{"embeddable":true,"href":"https:\/\/bladnanews.com\/fr\/wp-json\/wp\/v2\/media\/7916"}],"wp:attachment":[{"href":"https:\/\/bladnanews.com\/fr\/wp-json\/wp\/v2\/media?parent=7917"}],"wp:term":[{"taxonomy":"category","embeddable":true,"href":"https:\/\/bladnanews.com\/fr\/wp-json\/wp\/v2\/categories?post=7917"},{"taxonomy":"post_tag","embeddable":true,"href":"https:\/\/bladnanews.com\/fr\/wp-json\/wp\/v2\/tags?post=7917"}],"curies":[{"name":"wp","href":"https:\/\/api.w.org\/{rel}","templated":true}]}}