{"id":7923,"date":"2026-01-27T11:08:25","date_gmt":"2026-01-27T11:08:25","guid":{"rendered":"https:\/\/bladnanews.com\/alan-shearer-blasts-arrogant-ruben-amorim-at-man-utd\/"},"modified":"2026-01-27T11:08:25","modified_gmt":"2026-01-27T11:08:25","slug":"alan-shearer-critique-severement-larrogant-ruben-amorim-a-man-utd","status":"publish","type":"post","link":"https:\/\/bladnanews.com\/fr\/alan-shearer-critique-severement-larrogant-ruben-amorim-a-man-utd\/","title":{"rendered":"Alan Shearer critique vertement l'arrogance de Ruben Amorim \u00e0 Manchester United"},"content":{"rendered":"<p>Alan Shearer s'en est pris \u00e0 Ruben Amorim apr\u00e8s avoir qualifi\u00e9 d\u201c\u201darrogant\" l'entra\u00eeneur du Sporting CP, alors que Manchester United conna\u00eet une r\u00e9cente am\u00e9lioration de ses r\u00e9sultats sous la direction de Michael Carrick.<\/p>\n<p>United a montr\u00e9 une r\u00e9action imm\u00e9diate depuis que Carrick a pris place sur le banc, stabilisant l'\u00e9quipe dans la foul\u00e9e du d\u00e9part d'Ole Gunnar Solskjaer. L'ancien milieu de terrain a supervis\u00e9 une s\u00e9rie de r\u00e9sultats am\u00e9lior\u00e9s qui a apais\u00e9 la pression autour d'Old Trafford et remont\u00e9 le moral au sein de l'effectif.<\/p>\n<p>Alors que cette renaissance prend de l'ampleur, Shearer a remis en question la mani\u00e8re dont Amorim a \u00e9voqu\u00e9 la possibilit\u00e9 de prendre les r\u00eanes de United. L'ancien attaquant de Newcastle et de l'Angleterre a qualifi\u00e9 la situation d\u201c\u201dabsolument folle\u201c et a critiqu\u00e9 le ton du technicien portugais, le jugeant \u201darrogant\".<\/p>\n<p>Les commentaires de Shearer font suite aux r\u00e9v\u00e9lations selon lesquelles Amorim avait \u00e9t\u00e9 \u00e9voqu\u00e9 en lien avec le poste chez United, l'attention s'\u00e9tant port\u00e9e sur le patron du Sporting tandis que le club de Premier League cherchait \u00e0 retrouver une stabilit\u00e9.<\/p>\n<p>Carrick ayant procur\u00e9 un rebond imm\u00e9diat, le projecteur s'est \u00e0 nouveau braqu\u00e9 sur la direction que va prendre United. Pour l'heure, Shearer estime que les discussions autour des candidats potentiels deviennent une distraction, et il a clairement fait savoir que l'attitude d'Amorim face aux rumeurs ne l'avait pas impressionn\u00e9.<\/p>","protected":false},"excerpt":{"rendered":"<p>Alan Shearer has hit out at Ruben Amorim after branding the Sporting CP coach \u201carrogant\u201d during Manchester United\u2019s recent upturn [&hellip;]<\/p>\n","protected":false},"author":3,"featured_media":7922,"comment_status":"","ping_status":"open","sticky":false,"template":"","format":"standard","meta":{"googlesitekit_rrm_CAow_uzEDA:productID":"","site-sidebar-layout":"default","site-content-layout":"","ast-site-content-layout":"default","site-content-style":"default","site-sidebar-style":"default","ast-global-header-display":"","ast-banner-title-visibility":"","ast-main-header-display":"","ast-hfb-above-header-display":"","ast-hfb-below-header-display":"","ast-hfb-mobile-header-display":"","site-post-title":"","ast-breadcrumbs-content":"","ast-featured-img":"","footer-sml-layout":"","ast-disable-related-posts":"","theme-transparent-header-meta":"","adv-header-id-meta":"","stick-header-meta":"","header-above-stick-meta":"","header-main-stick-meta":"","header-below-stick-meta":"","astra-migrate-meta-layouts":"default","ast-page-background-enabled":"default","ast-page-background-meta":{"desktop":{"background-color":"var(--ast-global-color-5)","background-image":"","background-repeat":"repeat","background-position":"center center","background-size":"auto","background-attachment":"scroll","background-type":"","background-media":"","overlay-type":"","overlay-color":"","overlay-opacity":"","overlay-gradient":""},"tablet":{"background-color":"","background-image":"","background-repeat":"repeat","background-position":"center center","background-size":"auto","background-attachment":"scroll","background-type":"","background-media":"","overlay-type":"","overlay-color":"","overlay-opacity":"","overlay-gradient":""},"mobile":{"background-color":"","background-image":"","background-repeat":"repeat","background-position":"center center","background-size":"auto","background-attachment":"scroll","background-type":"","background-media":"","overlay-type":"","overlay-color":"","overlay-opacity":"","overlay-gradient":""}},"ast-content-background-meta":{"desktop":{"background-color":"var(--ast-global-color-4)","background-image":"","background-repeat":"repeat","background-position":"center center","background-size":"auto","background-attachment":"scroll","background-type":"","background-media":"","overlay-type":"","overlay-color":"","overlay-opacity":"","overlay-gradient":""},"tablet":{"background-color":"var(--ast-global-color-4)","background-image":"","background-repeat":"repeat","background-position":"center center","background-size":"auto","background-attachment":"scroll","background-type":"","background-media":"","overlay-type":"","overlay-color":"","overlay-opacity":"","overlay-gradient":""},"mobile":{"background-color":"var(--ast-global-color-4)","background-image":"","background-repeat":"repeat","background-position":"center center","background-size":"auto","background-attachment":"scroll","background-type":"","background-media":"","overlay-type":"","overlay-color":"","overlay-opacity":"","overlay-gradient":""}},"footnotes":""},"categories":[20,1],"tags":[],"class_list":["post-7923","post","type-post","status-publish","format-standard","has-post-thumbnail","hentry","category-international","category-football-latest-news"],"yoast_head":"<!-- This site is optimized with the Yoast SEO Premium plugin v26.6 (Yoast SEO v27.4) - https:\/\/yoast.com\/product\/yoast-seo-premium-wordpress\/ -->\n<title>Alan Shearer blasts arrogant Ruben Amorim at Man Utd - Bladna News<\/title>\n<meta name=\"robots\" content=\"index, follow, max-snippet:-1, max-image-preview:large, max-video-preview:-1\" \/>\n<link rel=\"canonical\" href=\"https:\/\/bladnanews.com\/fr\/alan-shearer-critique-severement-larrogant-ruben-amorim-a-man-utd\/\" \/>\n<meta property=\"og:locale\" content=\"fr_FR\" \/>\n<meta property=\"og:type\" content=\"article\" \/>\n<meta property=\"og:title\" content=\"Alan Shearer blasts arrogant Ruben Amorim at Man Utd\" \/>\n<meta property=\"og:description\" content=\"Alan Shearer has hit out at Ruben Amorim after branding the Sporting CP coach \u201carrogant\u201d during Manchester United\u2019s recent upturn [&hellip;]\" \/>\n<meta property=\"og:url\" content=\"https:\/\/bladnanews.com\/fr\/alan-shearer-critique-severement-larrogant-ruben-amorim-a-man-utd\/\" \/>\n<meta property=\"og:site_name\" content=\"Bladna News\" \/>\n<meta property=\"article:published_time\" content=\"2026-01-27T11:08:25+00:00\" \/>\n<meta property=\"og:image\" content=\"https:\/\/bladnanews.com\/wp-content\/uploads\/2025\/12\/freepik__bladna-newscom-moroccan-soccer-homepage-banner-mor__41838.png\" \/>\n\t<meta property=\"og:image:width\" content=\"1312\" \/>\n\t<meta property=\"og:image:height\" content=\"736\" \/>\n\t<meta property=\"og:image:type\" content=\"image\/png\" \/>\n<meta name=\"author\" content=\"Bladna News Staff\" \/>\n<meta name=\"twitter:card\" content=\"summary_large_image\" \/>\n<meta name=\"twitter:label1\" content=\"\u00c9crit par\" \/>\n\t<meta name=\"twitter:data1\" content=\"Bladna News Staff\" \/>\n\t<meta name=\"twitter:label2\" content=\"Dur\u00e9e de lecture estim\u00e9e\" \/>\n\t<meta name=\"twitter:data2\" content=\"1 minute\" \/>\n<script type=\"application\/ld+json\" class=\"yoast-schema-graph\">{\"@context\":\"https:\\\/\\\/schema.org\",\"@graph\":[{\"@type\":\"Article\",\"@id\":\"https:\\\/\\\/bladnanews.com\\\/alan-shearer-blasts-arrogant-ruben-amorim-at-man-utd\\\/#article\",\"isPartOf\":{\"@id\":\"https:\\\/\\\/bladnanews.com\\\/alan-shearer-blasts-arrogant-ruben-amorim-at-man-utd\\\/\"},\"author\":{\"name\":\"Bladna News Staff\",\"@id\":\"https:\\\/\\\/mediumseagreen-eel-531711.hostingersite.com\\\/#\\\/schema\\\/person\\\/268e18a453ab080ebf76df6ef7845083\"},\"headline\":\"Alan Shearer blasts arrogant Ruben Amorim at Man Utd\",\"datePublished\":\"2026-01-27T11:08:25+00:00\",\"mainEntityOfPage\":{\"@id\":\"https:\\\/\\\/bladnanews.com\\\/alan-shearer-blasts-arrogant-ruben-amorim-at-man-utd\\\/\"},\"wordCount\":207,\"publisher\":{\"@id\":\"https:\\\/\\\/mediumseagreen-eel-531711.hostingersite.com\\\/#organization\"},\"image\":{\"@id\":\"https:\\\/\\\/bladnanews.com\\\/alan-shearer-blasts-arrogant-ruben-amorim-at-man-utd\\\/#primaryimage\"},\"thumbnailUrl\":\"https:\\\/\\\/bladnanews.com\\\/wp-content\\\/uploads\\\/2026\\\/01\\\/BladnaNews-Alan-Shearer-blasts-arrogant-Ruben-Amorim-at-Man-Utd-2026-01-27T171046.478Z-scaled.jpg\",\"articleSection\":[\"International\",\"Latest News\"],\"inLanguage\":\"fr-FR\",\"copyrightYear\":\"2026\",\"copyrightHolder\":{\"@id\":\"https:\\\/\\\/bladnanews.com\\\/fr\\\/#organization\"}},{\"@type\":\"WebPage\",\"@id\":\"https:\\\/\\\/bladnanews.com\\\/alan-shearer-blasts-arrogant-ruben-amorim-at-man-utd\\\/\",\"url\":\"https:\\\/\\\/bladnanews.com\\\/alan-shearer-blasts-arrogant-ruben-amorim-at-man-utd\\\/\",\"name\":\"Alan Shearer blasts arrogant Ruben Amorim at Man Utd - Bladna News\",\"isPartOf\":{\"@id\":\"https:\\\/\\\/mediumseagreen-eel-531711.hostingersite.com\\\/#website\"},\"primaryImageOfPage\":{\"@id\":\"https:\\\/\\\/bladnanews.com\\\/alan-shearer-blasts-arrogant-ruben-amorim-at-man-utd\\\/#primaryimage\"},\"image\":{\"@id\":\"https:\\\/\\\/bladnanews.com\\\/alan-shearer-blasts-arrogant-ruben-amorim-at-man-utd\\\/#primaryimage\"},\"thumbnailUrl\":\"https:\\\/\\\/bladnanews.com\\\/wp-content\\\/uploads\\\/2026\\\/01\\\/BladnaNews-Alan-Shearer-blasts-arrogant-Ruben-Amorim-at-Man-Utd-2026-01-27T171046.478Z-scaled.jpg\",\"datePublished\":\"2026-01-27T11:08:25+00:00\",\"breadcrumb\":{\"@id\":\"https:\\\/\\\/bladnanews.com\\\/alan-shearer-blasts-arrogant-ruben-amorim-at-man-utd\\\/#breadcrumb\"},\"inLanguage\":\"fr-FR\",\"potentialAction\":[{\"@type\":\"ReadAction\",\"target\":[\"https:\\\/\\\/bladnanews.com\\\/alan-shearer-blasts-arrogant-ruben-amorim-at-man-utd\\\/\"]}]},{\"@type\":\"ImageObject\",\"inLanguage\":\"fr-FR\",\"@id\":\"https:\\\/\\\/bladnanews.com\\\/alan-shearer-blasts-arrogant-ruben-amorim-at-man-utd\\\/#primaryimage\",\"url\":\"https:\\\/\\\/bladnanews.com\\\/wp-content\\\/uploads\\\/2026\\\/01\\\/BladnaNews-Alan-Shearer-blasts-arrogant-Ruben-Amorim-at-Man-Utd-2026-01-27T171046.478Z-scaled.jpg\",\"contentUrl\":\"https:\\\/\\\/bladnanews.com\\\/wp-content\\\/uploads\\\/2026\\\/01\\\/BladnaNews-Alan-Shearer-blasts-arrogant-Ruben-Amorim-at-Man-Utd-2026-01-27T171046.478Z-scaled.jpg\",\"width\":2560,\"height\":1440,\"caption\":\"Ruben Amorim looks contemplative in a dark Manchester United jacket, with a blurred crowd in the background, conveying a serious moment.\"},{\"@type\":\"BreadcrumbList\",\"@id\":\"https:\\\/\\\/bladnanews.com\\\/alan-shearer-blasts-arrogant-ruben-amorim-at-man-utd\\\/#breadcrumb\",\"itemListElement\":[{\"@type\":\"ListItem\",\"position\":1,\"name\":\"Home\",\"item\":\"https:\\\/\\\/bladnanews.com\\\/\"},{\"@type\":\"ListItem\",\"position\":2,\"name\":\"Alan Shearer blasts arrogant Ruben Amorim at Man Utd\"}]},{\"@type\":\"WebSite\",\"@id\":\"https:\\\/\\\/mediumseagreen-eel-531711.hostingersite.com\\\/#website\",\"url\":\"https:\\\/\\\/mediumseagreen-eel-531711.hostingersite.com\\\/\",\"name\":\"Bladna News - Morocco\",\"description\":\"Where Moroccan Football Meets the World\",\"publisher\":{\"@id\":\"https:\\\/\\\/mediumseagreen-eel-531711.hostingersite.com\\\/#organization\"},\"potentialAction\":[{\"@type\":\"SearchAction\",\"target\":{\"@type\":\"EntryPoint\",\"urlTemplate\":\"https:\\\/\\\/mediumseagreen-eel-531711.hostingersite.com\\\/?s={search_term_string}\"},\"query-input\":{\"@type\":\"PropertyValueSpecification\",\"valueRequired\":true,\"valueName\":\"search_term_string\"}}],\"inLanguage\":\"fr-FR\"},{\"@type\":\"Organization\",\"@id\":\"https:\\\/\\\/mediumseagreen-eel-531711.hostingersite.com\\\/#organization\",\"name\":\"Bladna News.com\",\"url\":\"https:\\\/\\\/mediumseagreen-eel-531711.hostingersite.com\\\/\",\"logo\":{\"@type\":\"ImageObject\",\"inLanguage\":\"fr-FR\",\"@id\":\"https:\\\/\\\/mediumseagreen-eel-531711.hostingersite.com\\\/#\\\/schema\\\/logo\\\/image\\\/\",\"url\":\"https:\\\/\\\/bladnanews.com\\\/wp-content\\\/uploads\\\/2025\\\/12\\\/logo-bladnanews-V2-web-black-red.png\",\"contentUrl\":\"https:\\\/\\\/bladnanews.com\\\/wp-content\\\/uploads\\\/2025\\\/12\\\/logo-bladnanews-V2-web-black-red.png\",\"width\":703,\"height\":287,\"caption\":\"Bladna News.com\"},\"image\":{\"@id\":\"https:\\\/\\\/mediumseagreen-eel-531711.hostingersite.com\\\/#\\\/schema\\\/logo\\\/image\\\/\"},\"email\":\"info@bladnanews.com\",\"legalName\":\"Bladna News\"},{\"@type\":\"Person\",\"@id\":\"https:\\\/\\\/mediumseagreen-eel-531711.hostingersite.com\\\/#\\\/schema\\\/person\\\/268e18a453ab080ebf76df6ef7845083\",\"name\":\"Bladna News Staff\",\"url\":\"https:\\\/\\\/bladnanews.com\\\/fr\\\/author\\\/bladna-news-staff\\\/\"}]}<\/script>\n<!-- \/ Yoast SEO Premium plugin. -->","yoast_head_json":{"title":"Alan Shearer critique s\u00e9v\u00e8rement l'arrogant Ruben Amorim \u00e0 Manchester United - Bladna News","robots":{"index":"index","follow":"follow","max-snippet":"max-snippet:-1","max-image-preview":"max-image-preview:large","max-video-preview":"max-video-preview:-1"},"canonical":"https:\/\/bladnanews.com\/fr\/alan-shearer-critique-severement-larrogant-ruben-amorim-a-man-utd\/","og_locale":"fr_FR","og_type":"article","og_title":"Alan Shearer blasts arrogant Ruben Amorim at Man Utd","og_description":"Alan Shearer has hit out at Ruben Amorim after branding the Sporting CP coach \u201carrogant\u201d during Manchester United\u2019s recent upturn [&hellip;]","og_url":"https:\/\/bladnanews.com\/fr\/alan-shearer-critique-severement-larrogant-ruben-amorim-a-man-utd\/","og_site_name":"Bladna News","article_published_time":"2026-01-27T11:08:25+00:00","og_image":[{"width":1312,"height":736,"url":"https:\/\/bladnanews.com\/wp-content\/uploads\/2025\/12\/freepik__bladna-newscom-moroccan-soccer-homepage-banner-mor__41838.png","type":"image\/png"}],"author":"Bladna News Staff","twitter_card":"summary_large_image","twitter_misc":{"\u00c9crit par":"Bladna News Staff","Dur\u00e9e de lecture estim\u00e9e":"1 minute"},"schema":{"@context":"https:\/\/schema.org","@graph":[{"@type":"Article","@id":"https:\/\/bladnanews.com\/alan-shearer-blasts-arrogant-ruben-amorim-at-man-utd\/#article","isPartOf":{"@id":"https:\/\/bladnanews.com\/alan-shearer-blasts-arrogant-ruben-amorim-at-man-utd\/"},"author":{"name":"Bladna News Staff","@id":"https:\/\/mediumseagreen-eel-531711.hostingersite.com\/#\/schema\/person\/268e18a453ab080ebf76df6ef7845083"},"headline":"Alan Shearer blasts arrogant Ruben Amorim at Man Utd","datePublished":"2026-01-27T11:08:25+00:00","mainEntityOfPage":{"@id":"https:\/\/bladnanews.com\/alan-shearer-blasts-arrogant-ruben-amorim-at-man-utd\/"},"wordCount":207,"publisher":{"@id":"https:\/\/mediumseagreen-eel-531711.hostingersite.com\/#organization"},"image":{"@id":"https:\/\/bladnanews.com\/alan-shearer-blasts-arrogant-ruben-amorim-at-man-utd\/#primaryimage"},"thumbnailUrl":"https:\/\/bladnanews.com\/wp-content\/uploads\/2026\/01\/BladnaNews-Alan-Shearer-blasts-arrogant-Ruben-Amorim-at-Man-Utd-2026-01-27T171046.478Z-scaled.jpg","articleSection":["International","Latest News"],"inLanguage":"fr-FR","copyrightYear":"2026","copyrightHolder":{"@id":"https:\/\/bladnanews.com\/fr\/#organization"}},{"@type":"WebPage","@id":"https:\/\/bladnanews.com\/alan-shearer-blasts-arrogant-ruben-amorim-at-man-utd\/","url":"https:\/\/bladnanews.com\/alan-shearer-blasts-arrogant-ruben-amorim-at-man-utd\/","name":"Alan Shearer critique s\u00e9v\u00e8rement l'arrogant Ruben Amorim \u00e0 Manchester United - Bladna News","isPartOf":{"@id":"https:\/\/mediumseagreen-eel-531711.hostingersite.com\/#website"},"primaryImageOfPage":{"@id":"https:\/\/bladnanews.com\/alan-shearer-blasts-arrogant-ruben-amorim-at-man-utd\/#primaryimage"},"image":{"@id":"https:\/\/bladnanews.com\/alan-shearer-blasts-arrogant-ruben-amorim-at-man-utd\/#primaryimage"},"thumbnailUrl":"https:\/\/bladnanews.com\/wp-content\/uploads\/2026\/01\/BladnaNews-Alan-Shearer-blasts-arrogant-Ruben-Amorim-at-Man-Utd-2026-01-27T171046.478Z-scaled.jpg","datePublished":"2026-01-27T11:08:25+00:00","breadcrumb":{"@id":"https:\/\/bladnanews.com\/alan-shearer-blasts-arrogant-ruben-amorim-at-man-utd\/#breadcrumb"},"inLanguage":"fr-FR","potentialAction":[{"@type":"ReadAction","target":["https:\/\/bladnanews.com\/alan-shearer-blasts-arrogant-ruben-amorim-at-man-utd\/"]}]},{"@type":"ImageObject","inLanguage":"fr-FR","@id":"https:\/\/bladnanews.com\/alan-shearer-blasts-arrogant-ruben-amorim-at-man-utd\/#primaryimage","url":"https:\/\/bladnanews.com\/wp-content\/uploads\/2026\/01\/BladnaNews-Alan-Shearer-blasts-arrogant-Ruben-Amorim-at-Man-Utd-2026-01-27T171046.478Z-scaled.jpg","contentUrl":"https:\/\/bladnanews.com\/wp-content\/uploads\/2026\/01\/BladnaNews-Alan-Shearer-blasts-arrogant-Ruben-Amorim-at-Man-Utd-2026-01-27T171046.478Z-scaled.jpg","width":2560,"height":1440,"caption":"Ruben Amorim looks contemplative in a dark Manchester United jacket, with a blurred crowd in the background, conveying a serious moment."},{"@type":"BreadcrumbList","@id":"https:\/\/bladnanews.com\/alan-shearer-blasts-arrogant-ruben-amorim-at-man-utd\/#breadcrumb","itemListElement":[{"@type":"ListItem","position":1,"name":"Home","item":"https:\/\/bladnanews.com\/"},{"@type":"ListItem","position":2,"name":"Alan Shearer blasts arrogant Ruben Amorim at Man Utd"}]},{"@type":"WebSite","@id":"https:\/\/mediumseagreen-eel-531711.hostingersite.com\/#website","url":"https:\/\/mediumseagreen-eel-531711.hostingersite.com\/","name":"Bladna News - Maroc","description":"Quand le football marocain rencontre le monde","publisher":{"@id":"https:\/\/mediumseagreen-eel-531711.hostingersite.com\/#organization"},"potentialAction":[{"@type":"SearchAction","target":{"@type":"EntryPoint","urlTemplate":"https:\/\/mediumseagreen-eel-531711.hostingersite.com\/?s={search_term_string}"},"query-input":{"@type":"PropertyValueSpecification","valueRequired":true,"valueName":"search_term_string"}}],"inLanguage":"fr-FR"},{"@type":"Organization","@id":"https:\/\/mediumseagreen-eel-531711.hostingersite.com\/#organization","name":"Bladna News.com","url":"https:\/\/mediumseagreen-eel-531711.hostingersite.com\/","logo":{"@type":"ImageObject","inLanguage":"fr-FR","@id":"https:\/\/mediumseagreen-eel-531711.hostingersite.com\/#\/schema\/logo\/image\/","url":"https:\/\/bladnanews.com\/wp-content\/uploads\/2025\/12\/logo-bladnanews-V2-web-black-red.png","contentUrl":"https:\/\/bladnanews.com\/wp-content\/uploads\/2025\/12\/logo-bladnanews-V2-web-black-red.png","width":703,"height":287,"caption":"Bladna News.com"},"image":{"@id":"https:\/\/mediumseagreen-eel-531711.hostingersite.com\/#\/schema\/logo\/image\/"},"email":"info@bladnanews.com","legalName":"Bladna News"},{"@type":"Person","@id":"https:\/\/mediumseagreen-eel-531711.hostingersite.com\/#\/schema\/person\/268e18a453ab080ebf76df6ef7845083","name":"\u00c9quipe r\u00e9dactionnelle de Bladna News","url":"https:\/\/bladnanews.com\/fr\/author\/bladna-news-staff\/"}]}},"_links":{"self":[{"href":"https:\/\/bladnanews.com\/fr\/wp-json\/wp\/v2\/posts\/7923","targetHints":{"allow":["GET"]}}],"collection":[{"href":"https:\/\/bladnanews.com\/fr\/wp-json\/wp\/v2\/posts"}],"about":[{"href":"https:\/\/bladnanews.com\/fr\/wp-json\/wp\/v2\/types\/post"}],"author":[{"embeddable":true,"href":"https:\/\/bladnanews.com\/fr\/wp-json\/wp\/v2\/users\/3"}],"replies":[{"embeddable":true,"href":"https:\/\/bladnanews.com\/fr\/wp-json\/wp\/v2\/comments?post=7923"}],"version-history":[{"count":0,"href":"https:\/\/bladnanews.com\/fr\/wp-json\/wp\/v2\/posts\/7923\/revisions"}],"wp:featuredmedia":[{"embeddable":true,"href":"https:\/\/bladnanews.com\/fr\/wp-json\/wp\/v2\/media\/7922"}],"wp:attachment":[{"href":"https:\/\/bladnanews.com\/fr\/wp-json\/wp\/v2\/media?parent=7923"}],"wp:term":[{"taxonomy":"category","embeddable":true,"href":"https:\/\/bladnanews.com\/fr\/wp-json\/wp\/v2\/categories?post=7923"},{"taxonomy":"post_tag","embeddable":true,"href":"https:\/\/bladnanews.com\/fr\/wp-json\/wp\/v2\/tags?post=7923"}],"curies":[{"name":"wp","href":"https:\/\/api.w.org\/{rel}","templated":true}]}}