{"id":793,"date":"2025-12-30T20:50:14","date_gmt":"2025-12-30T20:50:14","guid":{"rendered":"https:\/\/bladnanews.com\/marc-guehi-real-madrids-top-target-from-crystal-palace\/"},"modified":"2025-12-31T11:06:47","modified_gmt":"2025-12-31T11:06:47","slug":"marc-guehi-premiere-cible-du-real-madrid-en-provenance-de-crystal-palace","status":"publish","type":"post","link":"https:\/\/bladnanews.com\/fr\/marc-guehi-premiere-cible-du-real-madrid-en-provenance-de-crystal-palace\/","title":{"rendered":"Marc Guehi : La principale cible du Real Madrid en provenance de Crystal Palace"},"content":{"rendered":"<article>\n<p>Selon les rapports, le Real Madrid aurait identifi\u00e9 le capitaine de Crystal Palace, Marc Guehi, comme une cible prioritaire dans sa qu\u00eate de renforts d\u00e9fensifs avant la prochaine p\u00e9riode de transfert. Les g\u00e9ants espagnols auraient pris contact de mani\u00e8re pr\u00e9liminaire avec le club de Premier League anglaise, signifiant ainsi leur intention s\u00e9rieuse de s'attacher les services du talentueux d\u00e9fenseur central.<\/p>\n<p>Depuis son int\u00e9gration \u00e0 l'\u00e9quipe premi\u00e8re \u00e0 Selhurst Park, Guehi s'est forg\u00e9 une r\u00e9putation comme l'une des perspectives d\u00e9fensives les plus prometteuses d'Angleterre. Ses qualit\u00e9s de leadership et sa s\u00e9r\u00e9nit\u00e9 dans le jeu lui ont valu le brassard de capitaine \u00e0 Palace, une r\u00e9ussite significative pour un joueur encore au d\u00e9but de sa carri\u00e8re. Ses performances ont attir\u00e9 l'attention non seulement des grands clubs anglais, mais aussi des principales \u00e9quipes europ\u00e9ennes cherchant \u00e0 renforcer leur d\u00e9fense.<\/p>\n<p>L'int\u00e9r\u00eat du Real Madrid refl\u00e8te sa strat\u00e9gie continue de m\u00e9langer des stars exp\u00e9riment\u00e9es \u00e0 de jeunes talents \u00e0 haut potentiel, capables de contribuer sur le long terme. Le club est \u00e0 la recherche de d\u00e9fenseurs robustes pouvant s'adapter aux exigences de la Liga tout en s'int\u00e9grant au cadre tactique de Carlo Ancelotti. La polyvalence et l'intelligence tactique de Guehi en font un candidat attrayant pour ce r\u00f4le.<\/p>\n<h2>Ascension au plus haut niveau<\/h2>\n<p>Issu du centre de formation de Chelsea, Guehi s'est d'abord fait remarquer lors de pr\u00eats avant de s'engager d\u00e9finitivement avec Crystal Palace. Depuis son arriv\u00e9e \u00e0 Palace, il a m\u00fbri pour devenir une figure centrale de leur dispositif d\u00e9fensif, salu\u00e9 pour sa lecture du jeu et sa physicalit\u00e9. Ses performances r\u00e9guli\u00e8res lui ont \u00e9galement valu des s\u00e9lections en \u00e9quipe nationale d'Angleterre, soulignant sa stature grandissante dans le monde du football.<\/p>\n<p>\u00c0 seulement 24 ans, Guehi allie l'\u00e9nergie de la jeunesse \u00e0 une approche mature de la d\u00e9fense, des traits tr\u00e8s pris\u00e9s par les clubs visant une construction d'effectif \u00e0 long terme. Sa capacit\u00e9 \u00e0 mener depuis l'arri\u00e8re et \u00e0 organiser la ligne d\u00e9fensive n'est pas pass\u00e9e inaper\u00e7ue, faisant de lui un choix naturel pour les \u00e9quipes souhaitant se renforcer aussi bien avec que sans le ballon.<\/p>\n<h2>La Strat\u00e9gie D\u00e9fensive du Real Madrid<\/h2>\n<p>Le Real Madrid, apr\u00e8s une saison aux performances d\u00e9fensives mitig\u00e9es, tient \u00e0 renforcer ses options, d'autant plus que certains d\u00e9fenseurs exp\u00e9riment\u00e9s entrent dans la derni\u00e8re phase de leur carri\u00e8re. Le service de recrutement du club aurait men\u00e9 des \u00e9valuations approfondies des comp\u00e9tences de Guehi, notant sa puissance a\u00e9rienne, sa discipline tactique et son aisance avec le ballon, toutes essentielles au style de jeu madril\u00e8ne.<\/p>\n<p>Int\u00e9grer un joueur comme Guehi correspond \u00e9galement \u00e0 l'ambition du Real Madrid de maintenir un \u00e9quilibre entre des combattants aguerris et des talents \u00e9mergents. L'adaptabilit\u00e9 du d\u00e9fenseur lui permet d'\u00e9voluer dans divers r\u00f4les d\u00e9fensifs, offrant \u00e0 Ancelotti une plus grande flexibilit\u00e9 tactique alors que le club cherche \u00e0 concourir sur plusieurs fronts, au niveau national et europ\u00e9en.<\/p>\n<h2>Dynamique Potentielle du Transfert<\/h2>\n<p>Les n\u00e9gociations entre le Real Madrid et Crystal Palace s'annoncent complexes, compte tenu de l'\u00e9valuation du club concernant son capitaine et de l'importance de Guehi pour l'\u00e9quipe. Crystal Palace tient \u00e0 s\u00e9curiser son noyau d\u00e9fensif, mais la perspective d'un transfert prestigieux vers l'un des plus grands clubs d'Europe repr\u00e9sente une opportunit\u00e9 all\u00e9chante pour le joueur.<\/p>\n<p>Les aspects financiers de l'op\u00e9ration seront probablement significatifs, Madrid \u00e9tant pr\u00eat \u00e0 investir substantiellement pour obtenir la signature de Guehi. Par ailleurs, le d\u00e9fenseur anglais a exprim\u00e9 des ambitions correspondant au fait de jouer au plus haut niveau, incluant des apparitions r\u00e9guli\u00e8res en Ligue des Champions de l'UEFA et la lutte pour les troph\u00e9es majeurs.<\/p>\n<h2>Impact sur Crystal Palace<\/h2>\n<p>Si le transfert de Guehi se concr\u00e9tise, Crystal Palace sera confront\u00e9 au d\u00e9fi de reconstruire sa d\u00e9fense autour d'un nouveau leader. Son d\u00e9part laisserait un vide consid\u00e9rable dans l'effectif, et le club devra agir avec d\u00e9termination sur le march\u00e9 des transferts pour maintenir son statut et sa comp\u00e9titivit\u00e9 en Premier League.<\/p>\n<p>Les \u00e9quipes de recrutement et de d\u00e9veloppement de Palace pourraient chercher un rempla\u00e7ant ad\u00e9quat ou promouvoir des talents \u00e9mergents de leur acad\u00e9mie pour combler le vide. La d\u00e9cision de vendre un joueur cl\u00e9 est souvent mitig\u00e9e pour les clubs, \u00e9quilibrant la perturbation imm\u00e9diate avec les b\u00e9n\u00e9fices financiers pouvant alimenter des am\u00e9liorations plus larges de l'effectif.<\/p>\n<h2>Perspectives d'avenir<\/h2>\n<p>Le transfert potentiel de Marc Guehi au Real Madrid repr\u00e9senterait une \u00e9tape significative dans sa carri\u00e8re et souligne l'engagement du club \u00e0 renforcer son effectif d\u00e9fensif avec des talents prometteurs. Si l'op\u00e9ration aboutit, il s'agira d'un recrutement notable pour Madrid alors qu'il se pr\u00e9pare aux d\u00e9fis de la saison \u00e0 venir.<\/p>\n<p>Pendant ce temps, Crystal Palace devra g\u00e9rer la transition avec prudence, en assurant la stabilit\u00e9 de l'effectif et sa pr\u00e9paration aux exigences comp\u00e9titives de la Premier League. Les deux clubs suivront attentivement les d\u00e9veloppements alors que les n\u00e9gociations de transfert se d\u00e9rouleront dans les semaines \u00e0 venir.<\/p>\n<\/article>","protected":false},"excerpt":{"rendered":"<p>Real Madrid has reportedly identified Crystal Palace captain Marc Guehi as a prime target in their pursuit of defensive reinforcements [&hellip;]<\/p>\n","protected":false},"author":3,"featured_media":792,"comment_status":"closed","ping_status":"open","sticky":false,"template":"","format":"standard","meta":{"googlesitekit_rrm_CAow_uzEDA:productID":"","site-sidebar-layout":"default","site-content-layout":"","ast-site-content-layout":"default","site-content-style":"default","site-sidebar-style":"default","ast-global-header-display":"","ast-banner-title-visibility":"","ast-main-header-display":"","ast-hfb-above-header-display":"","ast-hfb-below-header-display":"","ast-hfb-mobile-header-display":"","site-post-title":"","ast-breadcrumbs-content":"","ast-featured-img":"","footer-sml-layout":"","ast-disable-related-posts":"","theme-transparent-header-meta":"","adv-header-id-meta":"","stick-header-meta":"","header-above-stick-meta":"","header-main-stick-meta":"","header-below-stick-meta":"","astra-migrate-meta-layouts":"default","ast-page-background-enabled":"default","ast-page-background-meta":{"desktop":{"background-color":"var(--ast-global-color-5)","background-image":"","background-repeat":"repeat","background-position":"center center","background-size":"auto","background-attachment":"scroll","background-type":"","background-media":"","overlay-type":"","overlay-color":"","overlay-opacity":"","overlay-gradient":""},"tablet":{"background-color":"","background-image":"","background-repeat":"repeat","background-position":"center center","background-size":"auto","background-attachment":"scroll","background-type":"","background-media":"","overlay-type":"","overlay-color":"","overlay-opacity":"","overlay-gradient":""},"mobile":{"background-color":"","background-image":"","background-repeat":"repeat","background-position":"center center","background-size":"auto","background-attachment":"scroll","background-type":"","background-media":"","overlay-type":"","overlay-color":"","overlay-opacity":"","overlay-gradient":""}},"ast-content-background-meta":{"desktop":{"background-color":"var(--ast-global-color-4)","background-image":"","background-repeat":"repeat","background-position":"center center","background-size":"auto","background-attachment":"scroll","background-type":"","background-media":"","overlay-type":"","overlay-color":"","overlay-opacity":"","overlay-gradient":""},"tablet":{"background-color":"var(--ast-global-color-4)","background-image":"","background-repeat":"repeat","background-position":"center center","background-size":"auto","background-attachment":"scroll","background-type":"","background-media":"","overlay-type":"","overlay-color":"","overlay-opacity":"","overlay-gradient":""},"mobile":{"background-color":"var(--ast-global-color-4)","background-image":"","background-repeat":"repeat","background-position":"center center","background-size":"auto","background-attachment":"scroll","background-type":"","background-media":"","overlay-type":"","overlay-color":"","overlay-opacity":"","overlay-gradient":""}},"footnotes":""},"categories":[20,1],"tags":[],"class_list":["post-793","post","type-post","status-publish","format-standard","has-post-thumbnail","hentry","category-international","category-football-latest-news"],"yoast_head":"<!-- This site is optimized with the Yoast SEO Premium plugin v26.6 (Yoast SEO v27.5) - https:\/\/yoast.com\/product\/yoast-seo-premium-wordpress\/ -->\n<title>Marc Guehi: Real Madrid&#039;s Top Target from Crystal Palace - Bladna News<\/title>\n<meta name=\"robots\" content=\"index, follow, max-snippet:-1, max-image-preview:large, max-video-preview:-1\" \/>\n<link rel=\"canonical\" href=\"https:\/\/bladnanews.com\/fr\/marc-guehi-premiere-cible-du-real-madrid-en-provenance-de-crystal-palace\/\" \/>\n<meta property=\"og:locale\" content=\"fr_FR\" \/>\n<meta property=\"og:type\" content=\"article\" \/>\n<meta property=\"og:title\" content=\"Marc Guehi: Real Madrid&#039;s Top Target from Crystal Palace\" \/>\n<meta property=\"og:description\" content=\"Real Madrid has reportedly identified Crystal Palace captain Marc Guehi as a prime target in their pursuit of defensive reinforcements [&hellip;]\" \/>\n<meta property=\"og:url\" content=\"https:\/\/bladnanews.com\/fr\/marc-guehi-premiere-cible-du-real-madrid-en-provenance-de-crystal-palace\/\" \/>\n<meta property=\"og:site_name\" content=\"Bladna News\" \/>\n<meta property=\"article:published_time\" content=\"2025-12-30T20:50:14+00:00\" \/>\n<meta property=\"article:modified_time\" content=\"2025-12-31T11:06:47+00:00\" \/>\n<meta property=\"og:image\" content=\"https:\/\/bladnanews.com\/wp-content\/uploads\/2025\/12\/Marc-Guehi.jpeg.jpgMarc-Guehi-Real-Madrids-Top-Target-from-Crystal-Palace-2025-12-31T103215.350Z.jpg\" \/>\n\t<meta property=\"og:image:width\" content=\"1136\" \/>\n\t<meta property=\"og:image:height\" content=\"639\" \/>\n\t<meta property=\"og:image:type\" content=\"image\/jpeg\" \/>\n<meta name=\"author\" content=\"Bladna News Staff\" \/>\n<meta name=\"twitter:card\" content=\"summary_large_image\" \/>\n<meta name=\"twitter:label1\" content=\"\u00c9crit par\" \/>\n\t<meta name=\"twitter:data1\" content=\"Bladna News Staff\" \/>\n\t<meta name=\"twitter:label2\" content=\"Dur\u00e9e de lecture estim\u00e9e\" \/>\n\t<meta name=\"twitter:data2\" content=\"4 minutes\" \/>\n<script type=\"application\/ld+json\" class=\"yoast-schema-graph\">{\"@context\":\"https:\\\/\\\/schema.org\",\"@graph\":[{\"@type\":\"Article\",\"@id\":\"https:\\\/\\\/bladnanews.com\\\/marc-guehi-real-madrids-top-target-from-crystal-palace\\\/#article\",\"isPartOf\":{\"@id\":\"https:\\\/\\\/bladnanews.com\\\/marc-guehi-real-madrids-top-target-from-crystal-palace\\\/\"},\"author\":{\"name\":\"Bladna News Staff\",\"@id\":\"https:\\\/\\\/mediumseagreen-eel-531711.hostingersite.com\\\/#\\\/schema\\\/person\\\/268e18a453ab080ebf76df6ef7845083\"},\"headline\":\"Marc Guehi: Real Madrid&#8217;s Top Target from Crystal Palace\",\"datePublished\":\"2025-12-30T20:50:14+00:00\",\"dateModified\":\"2025-12-31T11:06:47+00:00\",\"mainEntityOfPage\":{\"@id\":\"https:\\\/\\\/bladnanews.com\\\/marc-guehi-real-madrids-top-target-from-crystal-palace\\\/\"},\"wordCount\":747,\"publisher\":{\"@id\":\"https:\\\/\\\/mediumseagreen-eel-531711.hostingersite.com\\\/#organization\"},\"image\":{\"@id\":\"https:\\\/\\\/bladnanews.com\\\/marc-guehi-real-madrids-top-target-from-crystal-palace\\\/#primaryimage\"},\"thumbnailUrl\":\"https:\\\/\\\/bladnanews.com\\\/wp-content\\\/uploads\\\/2025\\\/12\\\/Marc-Guehi.jpeg.jpgMarc-Guehi-Real-Madrids-Top-Target-from-Crystal-Palace-2025-12-31T103215.350Z.jpg\",\"articleSection\":[\"International\",\"Latest News\"],\"inLanguage\":\"fr-FR\",\"copyrightYear\":\"2025\",\"copyrightHolder\":{\"@id\":\"https:\\\/\\\/bladnanews.com\\\/fr\\\/#organization\"}},{\"@type\":\"WebPage\",\"@id\":\"https:\\\/\\\/bladnanews.com\\\/marc-guehi-real-madrids-top-target-from-crystal-palace\\\/\",\"url\":\"https:\\\/\\\/bladnanews.com\\\/marc-guehi-real-madrids-top-target-from-crystal-palace\\\/\",\"name\":\"Marc Guehi: Real Madrid's Top Target from Crystal Palace - Bladna News\",\"isPartOf\":{\"@id\":\"https:\\\/\\\/mediumseagreen-eel-531711.hostingersite.com\\\/#website\"},\"primaryImageOfPage\":{\"@id\":\"https:\\\/\\\/bladnanews.com\\\/marc-guehi-real-madrids-top-target-from-crystal-palace\\\/#primaryimage\"},\"image\":{\"@id\":\"https:\\\/\\\/bladnanews.com\\\/marc-guehi-real-madrids-top-target-from-crystal-palace\\\/#primaryimage\"},\"thumbnailUrl\":\"https:\\\/\\\/bladnanews.com\\\/wp-content\\\/uploads\\\/2025\\\/12\\\/Marc-Guehi.jpeg.jpgMarc-Guehi-Real-Madrids-Top-Target-from-Crystal-Palace-2025-12-31T103215.350Z.jpg\",\"datePublished\":\"2025-12-30T20:50:14+00:00\",\"dateModified\":\"2025-12-31T11:06:47+00:00\",\"breadcrumb\":{\"@id\":\"https:\\\/\\\/bladnanews.com\\\/marc-guehi-real-madrids-top-target-from-crystal-palace\\\/#breadcrumb\"},\"inLanguage\":\"fr-FR\",\"potentialAction\":[{\"@type\":\"ReadAction\",\"target\":[\"https:\\\/\\\/bladnanews.com\\\/marc-guehi-real-madrids-top-target-from-crystal-palace\\\/\"]}]},{\"@type\":\"ImageObject\",\"inLanguage\":\"fr-FR\",\"@id\":\"https:\\\/\\\/bladnanews.com\\\/marc-guehi-real-madrids-top-target-from-crystal-palace\\\/#primaryimage\",\"url\":\"https:\\\/\\\/bladnanews.com\\\/wp-content\\\/uploads\\\/2025\\\/12\\\/Marc-Guehi.jpeg.jpgMarc-Guehi-Real-Madrids-Top-Target-from-Crystal-Palace-2025-12-31T103215.350Z.jpg\",\"contentUrl\":\"https:\\\/\\\/bladnanews.com\\\/wp-content\\\/uploads\\\/2025\\\/12\\\/Marc-Guehi.jpeg.jpgMarc-Guehi-Real-Madrids-Top-Target-from-Crystal-Palace-2025-12-31T103215.350Z.jpg\",\"width\":1136,\"height\":639},{\"@type\":\"BreadcrumbList\",\"@id\":\"https:\\\/\\\/bladnanews.com\\\/marc-guehi-real-madrids-top-target-from-crystal-palace\\\/#breadcrumb\",\"itemListElement\":[{\"@type\":\"ListItem\",\"position\":1,\"name\":\"Home\",\"item\":\"https:\\\/\\\/bladnanews.com\\\/\"},{\"@type\":\"ListItem\",\"position\":2,\"name\":\"Marc Guehi: Real Madrid&#8217;s Top Target from Crystal Palace\"}]},{\"@type\":\"WebSite\",\"@id\":\"https:\\\/\\\/mediumseagreen-eel-531711.hostingersite.com\\\/#website\",\"url\":\"https:\\\/\\\/mediumseagreen-eel-531711.hostingersite.com\\\/\",\"name\":\"Bladna News - Morocco\",\"description\":\"Where Moroccan Football Meets the World\",\"publisher\":{\"@id\":\"https:\\\/\\\/mediumseagreen-eel-531711.hostingersite.com\\\/#organization\"},\"potentialAction\":[{\"@type\":\"SearchAction\",\"target\":{\"@type\":\"EntryPoint\",\"urlTemplate\":\"https:\\\/\\\/mediumseagreen-eel-531711.hostingersite.com\\\/?s={search_term_string}\"},\"query-input\":{\"@type\":\"PropertyValueSpecification\",\"valueRequired\":true,\"valueName\":\"search_term_string\"}}],\"inLanguage\":\"fr-FR\"},{\"@type\":\"Organization\",\"@id\":\"https:\\\/\\\/mediumseagreen-eel-531711.hostingersite.com\\\/#organization\",\"name\":\"Bladna News.com\",\"url\":\"https:\\\/\\\/mediumseagreen-eel-531711.hostingersite.com\\\/\",\"logo\":{\"@type\":\"ImageObject\",\"inLanguage\":\"fr-FR\",\"@id\":\"https:\\\/\\\/mediumseagreen-eel-531711.hostingersite.com\\\/#\\\/schema\\\/logo\\\/image\\\/\",\"url\":\"https:\\\/\\\/bladnanews.com\\\/wp-content\\\/uploads\\\/2025\\\/12\\\/logo-bladnanews-V2-web-black-red.png\",\"contentUrl\":\"https:\\\/\\\/bladnanews.com\\\/wp-content\\\/uploads\\\/2025\\\/12\\\/logo-bladnanews-V2-web-black-red.png\",\"width\":703,\"height\":287,\"caption\":\"Bladna News.com\"},\"image\":{\"@id\":\"https:\\\/\\\/mediumseagreen-eel-531711.hostingersite.com\\\/#\\\/schema\\\/logo\\\/image\\\/\"},\"email\":\"info@bladnanews.com\",\"legalName\":\"Bladna News\"},{\"@type\":\"Person\",\"@id\":\"https:\\\/\\\/mediumseagreen-eel-531711.hostingersite.com\\\/#\\\/schema\\\/person\\\/268e18a453ab080ebf76df6ef7845083\",\"name\":\"Bladna News Staff\",\"url\":\"https:\\\/\\\/bladnanews.com\\\/fr\\\/author\\\/bladna-news-staff\\\/\"}]}<\/script>\n<!-- \/ Yoast SEO Premium plugin. -->","yoast_head_json":{"title":"Marc Guehi : La Cible Prioritaire du Real Madrid en Provenance de Crystal Palace - Bladna News","robots":{"index":"index","follow":"follow","max-snippet":"max-snippet:-1","max-image-preview":"max-image-preview:large","max-video-preview":"max-video-preview:-1"},"canonical":"https:\/\/bladnanews.com\/fr\/marc-guehi-premiere-cible-du-real-madrid-en-provenance-de-crystal-palace\/","og_locale":"fr_FR","og_type":"article","og_title":"Marc Guehi: Real Madrid's Top Target from Crystal Palace","og_description":"Real Madrid has reportedly identified Crystal Palace captain Marc Guehi as a prime target in their pursuit of defensive reinforcements [&hellip;]","og_url":"https:\/\/bladnanews.com\/fr\/marc-guehi-premiere-cible-du-real-madrid-en-provenance-de-crystal-palace\/","og_site_name":"Bladna News","article_published_time":"2025-12-30T20:50:14+00:00","article_modified_time":"2025-12-31T11:06:47+00:00","og_image":[{"width":1136,"height":639,"url":"https:\/\/bladnanews.com\/wp-content\/uploads\/2025\/12\/Marc-Guehi.jpeg.jpgMarc-Guehi-Real-Madrids-Top-Target-from-Crystal-Palace-2025-12-31T103215.350Z.jpg","type":"image\/jpeg"}],"author":"Bladna News Staff","twitter_card":"summary_large_image","twitter_misc":{"\u00c9crit par":"Bladna News Staff","Dur\u00e9e de lecture estim\u00e9e":"4 minutes"},"schema":{"@context":"https:\/\/schema.org","@graph":[{"@type":"Article","@id":"https:\/\/bladnanews.com\/marc-guehi-real-madrids-top-target-from-crystal-palace\/#article","isPartOf":{"@id":"https:\/\/bladnanews.com\/marc-guehi-real-madrids-top-target-from-crystal-palace\/"},"author":{"name":"Bladna News Staff","@id":"https:\/\/mediumseagreen-eel-531711.hostingersite.com\/#\/schema\/person\/268e18a453ab080ebf76df6ef7845083"},"headline":"Marc Guehi: Real Madrid&#8217;s Top Target from Crystal Palace","datePublished":"2025-12-30T20:50:14+00:00","dateModified":"2025-12-31T11:06:47+00:00","mainEntityOfPage":{"@id":"https:\/\/bladnanews.com\/marc-guehi-real-madrids-top-target-from-crystal-palace\/"},"wordCount":747,"publisher":{"@id":"https:\/\/mediumseagreen-eel-531711.hostingersite.com\/#organization"},"image":{"@id":"https:\/\/bladnanews.com\/marc-guehi-real-madrids-top-target-from-crystal-palace\/#primaryimage"},"thumbnailUrl":"https:\/\/bladnanews.com\/wp-content\/uploads\/2025\/12\/Marc-Guehi.jpeg.jpgMarc-Guehi-Real-Madrids-Top-Target-from-Crystal-Palace-2025-12-31T103215.350Z.jpg","articleSection":["International","Latest News"],"inLanguage":"fr-FR","copyrightYear":"2025","copyrightHolder":{"@id":"https:\/\/bladnanews.com\/fr\/#organization"}},{"@type":"WebPage","@id":"https:\/\/bladnanews.com\/marc-guehi-real-madrids-top-target-from-crystal-palace\/","url":"https:\/\/bladnanews.com\/marc-guehi-real-madrids-top-target-from-crystal-palace\/","name":"Marc Guehi : La Cible Prioritaire du Real Madrid en Provenance de Crystal Palace - Bladna News","isPartOf":{"@id":"https:\/\/mediumseagreen-eel-531711.hostingersite.com\/#website"},"primaryImageOfPage":{"@id":"https:\/\/bladnanews.com\/marc-guehi-real-madrids-top-target-from-crystal-palace\/#primaryimage"},"image":{"@id":"https:\/\/bladnanews.com\/marc-guehi-real-madrids-top-target-from-crystal-palace\/#primaryimage"},"thumbnailUrl":"https:\/\/bladnanews.com\/wp-content\/uploads\/2025\/12\/Marc-Guehi.jpeg.jpgMarc-Guehi-Real-Madrids-Top-Target-from-Crystal-Palace-2025-12-31T103215.350Z.jpg","datePublished":"2025-12-30T20:50:14+00:00","dateModified":"2025-12-31T11:06:47+00:00","breadcrumb":{"@id":"https:\/\/bladnanews.com\/marc-guehi-real-madrids-top-target-from-crystal-palace\/#breadcrumb"},"inLanguage":"fr-FR","potentialAction":[{"@type":"ReadAction","target":["https:\/\/bladnanews.com\/marc-guehi-real-madrids-top-target-from-crystal-palace\/"]}]},{"@type":"ImageObject","inLanguage":"fr-FR","@id":"https:\/\/bladnanews.com\/marc-guehi-real-madrids-top-target-from-crystal-palace\/#primaryimage","url":"https:\/\/bladnanews.com\/wp-content\/uploads\/2025\/12\/Marc-Guehi.jpeg.jpgMarc-Guehi-Real-Madrids-Top-Target-from-Crystal-Palace-2025-12-31T103215.350Z.jpg","contentUrl":"https:\/\/bladnanews.com\/wp-content\/uploads\/2025\/12\/Marc-Guehi.jpeg.jpgMarc-Guehi-Real-Madrids-Top-Target-from-Crystal-Palace-2025-12-31T103215.350Z.jpg","width":1136,"height":639},{"@type":"BreadcrumbList","@id":"https:\/\/bladnanews.com\/marc-guehi-real-madrids-top-target-from-crystal-palace\/#breadcrumb","itemListElement":[{"@type":"ListItem","position":1,"name":"Home","item":"https:\/\/bladnanews.com\/"},{"@type":"ListItem","position":2,"name":"Marc Guehi: Real Madrid&#8217;s Top Target from Crystal Palace"}]},{"@type":"WebSite","@id":"https:\/\/mediumseagreen-eel-531711.hostingersite.com\/#website","url":"https:\/\/mediumseagreen-eel-531711.hostingersite.com\/","name":"Bladna News - Maroc","description":"Quand le football marocain rencontre le monde","publisher":{"@id":"https:\/\/mediumseagreen-eel-531711.hostingersite.com\/#organization"},"potentialAction":[{"@type":"SearchAction","target":{"@type":"EntryPoint","urlTemplate":"https:\/\/mediumseagreen-eel-531711.hostingersite.com\/?s={search_term_string}"},"query-input":{"@type":"PropertyValueSpecification","valueRequired":true,"valueName":"search_term_string"}}],"inLanguage":"fr-FR"},{"@type":"Organization","@id":"https:\/\/mediumseagreen-eel-531711.hostingersite.com\/#organization","name":"Bladna News.com","url":"https:\/\/mediumseagreen-eel-531711.hostingersite.com\/","logo":{"@type":"ImageObject","inLanguage":"fr-FR","@id":"https:\/\/mediumseagreen-eel-531711.hostingersite.com\/#\/schema\/logo\/image\/","url":"https:\/\/bladnanews.com\/wp-content\/uploads\/2025\/12\/logo-bladnanews-V2-web-black-red.png","contentUrl":"https:\/\/bladnanews.com\/wp-content\/uploads\/2025\/12\/logo-bladnanews-V2-web-black-red.png","width":703,"height":287,"caption":"Bladna News.com"},"image":{"@id":"https:\/\/mediumseagreen-eel-531711.hostingersite.com\/#\/schema\/logo\/image\/"},"email":"info@bladnanews.com","legalName":"Bladna News"},{"@type":"Person","@id":"https:\/\/mediumseagreen-eel-531711.hostingersite.com\/#\/schema\/person\/268e18a453ab080ebf76df6ef7845083","name":"\u00c9quipe r\u00e9dactionnelle de Bladna News","url":"https:\/\/bladnanews.com\/fr\/author\/bladna-news-staff\/"}]}},"_links":{"self":[{"href":"https:\/\/bladnanews.com\/fr\/wp-json\/wp\/v2\/posts\/793","targetHints":{"allow":["GET"]}}],"collection":[{"href":"https:\/\/bladnanews.com\/fr\/wp-json\/wp\/v2\/posts"}],"about":[{"href":"https:\/\/bladnanews.com\/fr\/wp-json\/wp\/v2\/types\/post"}],"author":[{"embeddable":true,"href":"https:\/\/bladnanews.com\/fr\/wp-json\/wp\/v2\/users\/3"}],"replies":[{"embeddable":true,"href":"https:\/\/bladnanews.com\/fr\/wp-json\/wp\/v2\/comments?post=793"}],"version-history":[{"count":0,"href":"https:\/\/bladnanews.com\/fr\/wp-json\/wp\/v2\/posts\/793\/revisions"}],"wp:featuredmedia":[{"embeddable":true,"href":"https:\/\/bladnanews.com\/fr\/wp-json\/wp\/v2\/media\/792"}],"wp:attachment":[{"href":"https:\/\/bladnanews.com\/fr\/wp-json\/wp\/v2\/media?parent=793"}],"wp:term":[{"taxonomy":"category","embeddable":true,"href":"https:\/\/bladnanews.com\/fr\/wp-json\/wp\/v2\/categories?post=793"},{"taxonomy":"post_tag","embeddable":true,"href":"https:\/\/bladnanews.com\/fr\/wp-json\/wp\/v2\/tags?post=793"}],"curies":[{"name":"wp","href":"https:\/\/api.w.org\/{rel}","templated":true}]}}