{"id":7939,"date":"2026-01-27T13:20:28","date_gmt":"2026-01-27T13:20:28","guid":{"rendered":"https:\/\/bladnanews.com\/di-maria-says-ronaldo-is-ahead-of-messi-in-professionalism\/"},"modified":"2026-01-27T13:20:28","modified_gmt":"2026-01-27T13:20:28","slug":"di-maria-affirme-que-ronaldo-devance-messi-en-matiere-de-professionnalisme","status":"publish","type":"post","link":"https:\/\/bladnanews.com\/fr\/di-maria-affirme-que-ronaldo-devance-messi-en-matiere-de-professionnalisme\/","title":{"rendered":"Di Maria affirme que Ronaldo devance Messi en professionnalisme"},"content":{"rendered":"<p>Angel Di Maria a reconnu que Cristiano Ronaldo est \u201cen avance\u201d sur Lionel Messi en termes de professionnalisme, tout en saluant la d\u00e9termination implacable de son ancien co\u00e9quipier du Real Madrid \u00e0 \u00eatre le meilleur.<\/p>\n<p>Di Maria a jou\u00e9 aux c\u00f4t\u00e9s de Ronaldo pendant une p\u00e9riode riche en troph\u00e9es \u00e0 Madrid et d\u00e9clare que l'attaquant portugais a \u00e9tabli des standards difficiles \u00e0 \u00e9galer. Il estime que l'avantage de Ronaldo est \u00e9vident dans sa mani\u00e8re de se pr\u00e9parer et de prendre soin de lui, affirmant qu'il est \u201cen termes de professionnalisme, de loin\u201d devant Messi.<\/p>\n<p>Dans des commentaires revenant sur le d\u00e9bat de longue date autour des deux figures marquantes du football moderne, Di Maria a fait l'\u00e9loge de l'obsession de Ronaldo pour l'am\u00e9lioration et de sa soif de continuer \u00e0 concourir au plus haut niveau. Il a \u00e9galement soulign\u00e9 comment cet \u00e9tat d'esprit a aliment\u00e9 la qu\u00eate de Ronaldo pour \u00eatre reconnu comme le plus grand de tous les temps.<\/p>\n<p>Tout en faisant ce constat, Di Maria n'a pas minimis\u00e9 le g\u00e9nie de Messi, mais a soulign\u00e9 que la diff\u00e9rence, selon lui, r\u00e9side davantage dans les habitudes quotidiennes et l'approche que dans le talent. Pour Di Maria, la routine et la mentalit\u00e9 implacables de Ronaldo sont ce qui le distingue dans ce domaine sp\u00e9cifique.<\/p>\n<p>L'\u00e9valuation de Di Maria ajoute une voix suppl\u00e9mentaire issue d'un vestiaire constell\u00e9 de stars, soulignant l'intensit\u00e9 avec laquelle Ronaldo a poursuivi records et troph\u00e9es tout au long de sa carri\u00e8re.<\/p>","protected":false},"excerpt":{"rendered":"<p>Angel Di Maria has admitted that Cristiano Ronaldo is \u201cahead\u201d of Lionel Messi when it comes to professionalism, while saluting [&hellip;]<\/p>\n","protected":false},"author":3,"featured_media":7938,"comment_status":"","ping_status":"open","sticky":false,"template":"","format":"standard","meta":{"googlesitekit_rrm_CAow_uzEDA:productID":"","site-sidebar-layout":"default","site-content-layout":"","ast-site-content-layout":"default","site-content-style":"default","site-sidebar-style":"default","ast-global-header-display":"","ast-banner-title-visibility":"","ast-main-header-display":"","ast-hfb-above-header-display":"","ast-hfb-below-header-display":"","ast-hfb-mobile-header-display":"","site-post-title":"","ast-breadcrumbs-content":"","ast-featured-img":"","footer-sml-layout":"","ast-disable-related-posts":"","theme-transparent-header-meta":"","adv-header-id-meta":"","stick-header-meta":"","header-above-stick-meta":"","header-main-stick-meta":"","header-below-stick-meta":"","astra-migrate-meta-layouts":"default","ast-page-background-enabled":"default","ast-page-background-meta":{"desktop":{"background-color":"var(--ast-global-color-5)","background-image":"","background-repeat":"repeat","background-position":"center center","background-size":"auto","background-attachment":"scroll","background-type":"","background-media":"","overlay-type":"","overlay-color":"","overlay-opacity":"","overlay-gradient":""},"tablet":{"background-color":"","background-image":"","background-repeat":"repeat","background-position":"center center","background-size":"auto","background-attachment":"scroll","background-type":"","background-media":"","overlay-type":"","overlay-color":"","overlay-opacity":"","overlay-gradient":""},"mobile":{"background-color":"","background-image":"","background-repeat":"repeat","background-position":"center center","background-size":"auto","background-attachment":"scroll","background-type":"","background-media":"","overlay-type":"","overlay-color":"","overlay-opacity":"","overlay-gradient":""}},"ast-content-background-meta":{"desktop":{"background-color":"var(--ast-global-color-4)","background-image":"","background-repeat":"repeat","background-position":"center center","background-size":"auto","background-attachment":"scroll","background-type":"","background-media":"","overlay-type":"","overlay-color":"","overlay-opacity":"","overlay-gradient":""},"tablet":{"background-color":"var(--ast-global-color-4)","background-image":"","background-repeat":"repeat","background-position":"center center","background-size":"auto","background-attachment":"scroll","background-type":"","background-media":"","overlay-type":"","overlay-color":"","overlay-opacity":"","overlay-gradient":""},"mobile":{"background-color":"var(--ast-global-color-4)","background-image":"","background-repeat":"repeat","background-position":"center center","background-size":"auto","background-attachment":"scroll","background-type":"","background-media":"","overlay-type":"","overlay-color":"","overlay-opacity":"","overlay-gradient":""}},"footnotes":""},"categories":[20,1],"tags":[],"class_list":["post-7939","post","type-post","status-publish","format-standard","has-post-thumbnail","hentry","category-international","category-football-latest-news"],"yoast_head":"<!-- This site is optimized with the Yoast SEO Premium plugin v26.6 (Yoast SEO v27.4) - https:\/\/yoast.com\/product\/yoast-seo-premium-wordpress\/ -->\n<title>Di Maria says Ronaldo is ahead of Messi in professionalism - Bladna News<\/title>\n<meta name=\"robots\" content=\"index, follow, max-snippet:-1, max-image-preview:large, max-video-preview:-1\" \/>\n<link rel=\"canonical\" href=\"https:\/\/bladnanews.com\/fr\/di-maria-affirme-que-ronaldo-devance-messi-en-matiere-de-professionnalisme\/\" \/>\n<meta property=\"og:locale\" content=\"fr_FR\" \/>\n<meta property=\"og:type\" content=\"article\" \/>\n<meta property=\"og:title\" content=\"Di Maria says Ronaldo is ahead of Messi in professionalism\" \/>\n<meta property=\"og:description\" content=\"Angel Di Maria has admitted that Cristiano Ronaldo is \u201cahead\u201d of Lionel Messi when it comes to professionalism, while saluting [&hellip;]\" \/>\n<meta property=\"og:url\" content=\"https:\/\/bladnanews.com\/fr\/di-maria-affirme-que-ronaldo-devance-messi-en-matiere-de-professionnalisme\/\" \/>\n<meta property=\"og:site_name\" content=\"Bladna News\" \/>\n<meta property=\"article:published_time\" content=\"2026-01-27T13:20:28+00:00\" \/>\n<meta property=\"og:image\" content=\"https:\/\/bladnanews.com\/wp-content\/uploads\/2025\/12\/freepik__bladna-newscom-moroccan-soccer-homepage-banner-mor__41838.png\" \/>\n\t<meta property=\"og:image:width\" content=\"1312\" \/>\n\t<meta property=\"og:image:height\" content=\"736\" \/>\n\t<meta property=\"og:image:type\" content=\"image\/png\" \/>\n<meta name=\"author\" content=\"Bladna News Staff\" \/>\n<meta name=\"twitter:card\" content=\"summary_large_image\" \/>\n<meta name=\"twitter:label1\" content=\"\u00c9crit par\" \/>\n\t<meta name=\"twitter:data1\" content=\"Bladna News Staff\" \/>\n\t<meta name=\"twitter:label2\" content=\"Dur\u00e9e de lecture estim\u00e9e\" \/>\n\t<meta name=\"twitter:data2\" content=\"1 minute\" \/>\n<script type=\"application\/ld+json\" class=\"yoast-schema-graph\">{\"@context\":\"https:\\\/\\\/schema.org\",\"@graph\":[{\"@type\":\"Article\",\"@id\":\"https:\\\/\\\/bladnanews.com\\\/di-maria-says-ronaldo-is-ahead-of-messi-in-professionalism\\\/#article\",\"isPartOf\":{\"@id\":\"https:\\\/\\\/bladnanews.com\\\/di-maria-says-ronaldo-is-ahead-of-messi-in-professionalism\\\/\"},\"author\":{\"name\":\"Bladna News Staff\",\"@id\":\"https:\\\/\\\/mediumseagreen-eel-531711.hostingersite.com\\\/#\\\/schema\\\/person\\\/268e18a453ab080ebf76df6ef7845083\"},\"headline\":\"Di Maria says Ronaldo is ahead of Messi in professionalism\",\"datePublished\":\"2026-01-27T13:20:28+00:00\",\"mainEntityOfPage\":{\"@id\":\"https:\\\/\\\/bladnanews.com\\\/di-maria-says-ronaldo-is-ahead-of-messi-in-professionalism\\\/\"},\"wordCount\":215,\"publisher\":{\"@id\":\"https:\\\/\\\/mediumseagreen-eel-531711.hostingersite.com\\\/#organization\"},\"image\":{\"@id\":\"https:\\\/\\\/bladnanews.com\\\/di-maria-says-ronaldo-is-ahead-of-messi-in-professionalism\\\/#primaryimage\"},\"thumbnailUrl\":\"https:\\\/\\\/bladnanews.com\\\/wp-content\\\/uploads\\\/2026\\\/01\\\/BladnaNews-Di-Maria-says-Ronaldo-is-ahead-of-Messi-in-professionalism-2026-01-27T210946.959Z.jpg\",\"articleSection\":[\"International\",\"Latest News\"],\"inLanguage\":\"fr-FR\",\"copyrightYear\":\"2026\",\"copyrightHolder\":{\"@id\":\"https:\\\/\\\/bladnanews.com\\\/fr\\\/#organization\"}},{\"@type\":\"WebPage\",\"@id\":\"https:\\\/\\\/bladnanews.com\\\/di-maria-says-ronaldo-is-ahead-of-messi-in-professionalism\\\/\",\"url\":\"https:\\\/\\\/bladnanews.com\\\/di-maria-says-ronaldo-is-ahead-of-messi-in-professionalism\\\/\",\"name\":\"Di Maria says Ronaldo is ahead of Messi in professionalism - Bladna News\",\"isPartOf\":{\"@id\":\"https:\\\/\\\/mediumseagreen-eel-531711.hostingersite.com\\\/#website\"},\"primaryImageOfPage\":{\"@id\":\"https:\\\/\\\/bladnanews.com\\\/di-maria-says-ronaldo-is-ahead-of-messi-in-professionalism\\\/#primaryimage\"},\"image\":{\"@id\":\"https:\\\/\\\/bladnanews.com\\\/di-maria-says-ronaldo-is-ahead-of-messi-in-professionalism\\\/#primaryimage\"},\"thumbnailUrl\":\"https:\\\/\\\/bladnanews.com\\\/wp-content\\\/uploads\\\/2026\\\/01\\\/BladnaNews-Di-Maria-says-Ronaldo-is-ahead-of-Messi-in-professionalism-2026-01-27T210946.959Z.jpg\",\"datePublished\":\"2026-01-27T13:20:28+00:00\",\"breadcrumb\":{\"@id\":\"https:\\\/\\\/bladnanews.com\\\/di-maria-says-ronaldo-is-ahead-of-messi-in-professionalism\\\/#breadcrumb\"},\"inLanguage\":\"fr-FR\",\"potentialAction\":[{\"@type\":\"ReadAction\",\"target\":[\"https:\\\/\\\/bladnanews.com\\\/di-maria-says-ronaldo-is-ahead-of-messi-in-professionalism\\\/\"]}]},{\"@type\":\"ImageObject\",\"inLanguage\":\"fr-FR\",\"@id\":\"https:\\\/\\\/bladnanews.com\\\/di-maria-says-ronaldo-is-ahead-of-messi-in-professionalism\\\/#primaryimage\",\"url\":\"https:\\\/\\\/bladnanews.com\\\/wp-content\\\/uploads\\\/2026\\\/01\\\/BladnaNews-Di-Maria-says-Ronaldo-is-ahead-of-Messi-in-professionalism-2026-01-27T210946.959Z.jpg\",\"contentUrl\":\"https:\\\/\\\/bladnanews.com\\\/wp-content\\\/uploads\\\/2026\\\/01\\\/BladnaNews-Di-Maria-says-Ronaldo-is-ahead-of-Messi-in-professionalism-2026-01-27T210946.959Z.jpg\",\"width\":1920,\"height\":1080,\"caption\":\"Ronaldo, smiling in Al Nassr's yellow kit, contrasts with a focused Messi in Inter Miami's dark attire, highlighting football rivalry.\"},{\"@type\":\"BreadcrumbList\",\"@id\":\"https:\\\/\\\/bladnanews.com\\\/di-maria-says-ronaldo-is-ahead-of-messi-in-professionalism\\\/#breadcrumb\",\"itemListElement\":[{\"@type\":\"ListItem\",\"position\":1,\"name\":\"Home\",\"item\":\"https:\\\/\\\/bladnanews.com\\\/\"},{\"@type\":\"ListItem\",\"position\":2,\"name\":\"Di Maria says Ronaldo is ahead of Messi in professionalism\"}]},{\"@type\":\"WebSite\",\"@id\":\"https:\\\/\\\/mediumseagreen-eel-531711.hostingersite.com\\\/#website\",\"url\":\"https:\\\/\\\/mediumseagreen-eel-531711.hostingersite.com\\\/\",\"name\":\"Bladna News - Morocco\",\"description\":\"Where Moroccan Football Meets the World\",\"publisher\":{\"@id\":\"https:\\\/\\\/mediumseagreen-eel-531711.hostingersite.com\\\/#organization\"},\"potentialAction\":[{\"@type\":\"SearchAction\",\"target\":{\"@type\":\"EntryPoint\",\"urlTemplate\":\"https:\\\/\\\/mediumseagreen-eel-531711.hostingersite.com\\\/?s={search_term_string}\"},\"query-input\":{\"@type\":\"PropertyValueSpecification\",\"valueRequired\":true,\"valueName\":\"search_term_string\"}}],\"inLanguage\":\"fr-FR\"},{\"@type\":\"Organization\",\"@id\":\"https:\\\/\\\/mediumseagreen-eel-531711.hostingersite.com\\\/#organization\",\"name\":\"Bladna News.com\",\"url\":\"https:\\\/\\\/mediumseagreen-eel-531711.hostingersite.com\\\/\",\"logo\":{\"@type\":\"ImageObject\",\"inLanguage\":\"fr-FR\",\"@id\":\"https:\\\/\\\/mediumseagreen-eel-531711.hostingersite.com\\\/#\\\/schema\\\/logo\\\/image\\\/\",\"url\":\"https:\\\/\\\/bladnanews.com\\\/wp-content\\\/uploads\\\/2025\\\/12\\\/logo-bladnanews-V2-web-black-red.png\",\"contentUrl\":\"https:\\\/\\\/bladnanews.com\\\/wp-content\\\/uploads\\\/2025\\\/12\\\/logo-bladnanews-V2-web-black-red.png\",\"width\":703,\"height\":287,\"caption\":\"Bladna News.com\"},\"image\":{\"@id\":\"https:\\\/\\\/mediumseagreen-eel-531711.hostingersite.com\\\/#\\\/schema\\\/logo\\\/image\\\/\"},\"email\":\"info@bladnanews.com\",\"legalName\":\"Bladna News\"},{\"@type\":\"Person\",\"@id\":\"https:\\\/\\\/mediumseagreen-eel-531711.hostingersite.com\\\/#\\\/schema\\\/person\\\/268e18a453ab080ebf76df6ef7845083\",\"name\":\"Bladna News Staff\",\"url\":\"https:\\\/\\\/bladnanews.com\\\/fr\\\/author\\\/bladna-news-staff\\\/\"}]}<\/script>\n<!-- \/ Yoast SEO Premium plugin. -->","yoast_head_json":{"title":"Di Maria affirme que Ronaldo devance Messi en mati\u00e8re de professionnalisme - Bladna News","robots":{"index":"index","follow":"follow","max-snippet":"max-snippet:-1","max-image-preview":"max-image-preview:large","max-video-preview":"max-video-preview:-1"},"canonical":"https:\/\/bladnanews.com\/fr\/di-maria-affirme-que-ronaldo-devance-messi-en-matiere-de-professionnalisme\/","og_locale":"fr_FR","og_type":"article","og_title":"Di Maria says Ronaldo is ahead of Messi in professionalism","og_description":"Angel Di Maria has admitted that Cristiano Ronaldo is \u201cahead\u201d of Lionel Messi when it comes to professionalism, while saluting [&hellip;]","og_url":"https:\/\/bladnanews.com\/fr\/di-maria-affirme-que-ronaldo-devance-messi-en-matiere-de-professionnalisme\/","og_site_name":"Bladna News","article_published_time":"2026-01-27T13:20:28+00:00","og_image":[{"width":1312,"height":736,"url":"https:\/\/bladnanews.com\/wp-content\/uploads\/2025\/12\/freepik__bladna-newscom-moroccan-soccer-homepage-banner-mor__41838.png","type":"image\/png"}],"author":"Bladna News Staff","twitter_card":"summary_large_image","twitter_misc":{"\u00c9crit par":"Bladna News Staff","Dur\u00e9e de lecture estim\u00e9e":"1 minute"},"schema":{"@context":"https:\/\/schema.org","@graph":[{"@type":"Article","@id":"https:\/\/bladnanews.com\/di-maria-says-ronaldo-is-ahead-of-messi-in-professionalism\/#article","isPartOf":{"@id":"https:\/\/bladnanews.com\/di-maria-says-ronaldo-is-ahead-of-messi-in-professionalism\/"},"author":{"name":"Bladna News Staff","@id":"https:\/\/mediumseagreen-eel-531711.hostingersite.com\/#\/schema\/person\/268e18a453ab080ebf76df6ef7845083"},"headline":"Di Maria says Ronaldo is ahead of Messi in professionalism","datePublished":"2026-01-27T13:20:28+00:00","mainEntityOfPage":{"@id":"https:\/\/bladnanews.com\/di-maria-says-ronaldo-is-ahead-of-messi-in-professionalism\/"},"wordCount":215,"publisher":{"@id":"https:\/\/mediumseagreen-eel-531711.hostingersite.com\/#organization"},"image":{"@id":"https:\/\/bladnanews.com\/di-maria-says-ronaldo-is-ahead-of-messi-in-professionalism\/#primaryimage"},"thumbnailUrl":"https:\/\/bladnanews.com\/wp-content\/uploads\/2026\/01\/BladnaNews-Di-Maria-says-Ronaldo-is-ahead-of-Messi-in-professionalism-2026-01-27T210946.959Z.jpg","articleSection":["International","Latest News"],"inLanguage":"fr-FR","copyrightYear":"2026","copyrightHolder":{"@id":"https:\/\/bladnanews.com\/fr\/#organization"}},{"@type":"WebPage","@id":"https:\/\/bladnanews.com\/di-maria-says-ronaldo-is-ahead-of-messi-in-professionalism\/","url":"https:\/\/bladnanews.com\/di-maria-says-ronaldo-is-ahead-of-messi-in-professionalism\/","name":"Di Maria affirme que Ronaldo devance Messi en mati\u00e8re de professionnalisme - Bladna News","isPartOf":{"@id":"https:\/\/mediumseagreen-eel-531711.hostingersite.com\/#website"},"primaryImageOfPage":{"@id":"https:\/\/bladnanews.com\/di-maria-says-ronaldo-is-ahead-of-messi-in-professionalism\/#primaryimage"},"image":{"@id":"https:\/\/bladnanews.com\/di-maria-says-ronaldo-is-ahead-of-messi-in-professionalism\/#primaryimage"},"thumbnailUrl":"https:\/\/bladnanews.com\/wp-content\/uploads\/2026\/01\/BladnaNews-Di-Maria-says-Ronaldo-is-ahead-of-Messi-in-professionalism-2026-01-27T210946.959Z.jpg","datePublished":"2026-01-27T13:20:28+00:00","breadcrumb":{"@id":"https:\/\/bladnanews.com\/di-maria-says-ronaldo-is-ahead-of-messi-in-professionalism\/#breadcrumb"},"inLanguage":"fr-FR","potentialAction":[{"@type":"ReadAction","target":["https:\/\/bladnanews.com\/di-maria-says-ronaldo-is-ahead-of-messi-in-professionalism\/"]}]},{"@type":"ImageObject","inLanguage":"fr-FR","@id":"https:\/\/bladnanews.com\/di-maria-says-ronaldo-is-ahead-of-messi-in-professionalism\/#primaryimage","url":"https:\/\/bladnanews.com\/wp-content\/uploads\/2026\/01\/BladnaNews-Di-Maria-says-Ronaldo-is-ahead-of-Messi-in-professionalism-2026-01-27T210946.959Z.jpg","contentUrl":"https:\/\/bladnanews.com\/wp-content\/uploads\/2026\/01\/BladnaNews-Di-Maria-says-Ronaldo-is-ahead-of-Messi-in-professionalism-2026-01-27T210946.959Z.jpg","width":1920,"height":1080,"caption":"Ronaldo, smiling in Al Nassr's yellow kit, contrasts with a focused Messi in Inter Miami's dark attire, highlighting football rivalry."},{"@type":"BreadcrumbList","@id":"https:\/\/bladnanews.com\/di-maria-says-ronaldo-is-ahead-of-messi-in-professionalism\/#breadcrumb","itemListElement":[{"@type":"ListItem","position":1,"name":"Home","item":"https:\/\/bladnanews.com\/"},{"@type":"ListItem","position":2,"name":"Di Maria says Ronaldo is ahead of Messi in professionalism"}]},{"@type":"WebSite","@id":"https:\/\/mediumseagreen-eel-531711.hostingersite.com\/#website","url":"https:\/\/mediumseagreen-eel-531711.hostingersite.com\/","name":"Bladna News - Maroc","description":"Quand le football marocain rencontre le monde","publisher":{"@id":"https:\/\/mediumseagreen-eel-531711.hostingersite.com\/#organization"},"potentialAction":[{"@type":"SearchAction","target":{"@type":"EntryPoint","urlTemplate":"https:\/\/mediumseagreen-eel-531711.hostingersite.com\/?s={search_term_string}"},"query-input":{"@type":"PropertyValueSpecification","valueRequired":true,"valueName":"search_term_string"}}],"inLanguage":"fr-FR"},{"@type":"Organization","@id":"https:\/\/mediumseagreen-eel-531711.hostingersite.com\/#organization","name":"Bladna News.com","url":"https:\/\/mediumseagreen-eel-531711.hostingersite.com\/","logo":{"@type":"ImageObject","inLanguage":"fr-FR","@id":"https:\/\/mediumseagreen-eel-531711.hostingersite.com\/#\/schema\/logo\/image\/","url":"https:\/\/bladnanews.com\/wp-content\/uploads\/2025\/12\/logo-bladnanews-V2-web-black-red.png","contentUrl":"https:\/\/bladnanews.com\/wp-content\/uploads\/2025\/12\/logo-bladnanews-V2-web-black-red.png","width":703,"height":287,"caption":"Bladna News.com"},"image":{"@id":"https:\/\/mediumseagreen-eel-531711.hostingersite.com\/#\/schema\/logo\/image\/"},"email":"info@bladnanews.com","legalName":"Bladna News"},{"@type":"Person","@id":"https:\/\/mediumseagreen-eel-531711.hostingersite.com\/#\/schema\/person\/268e18a453ab080ebf76df6ef7845083","name":"\u00c9quipe r\u00e9dactionnelle de Bladna News","url":"https:\/\/bladnanews.com\/fr\/author\/bladna-news-staff\/"}]}},"_links":{"self":[{"href":"https:\/\/bladnanews.com\/fr\/wp-json\/wp\/v2\/posts\/7939","targetHints":{"allow":["GET"]}}],"collection":[{"href":"https:\/\/bladnanews.com\/fr\/wp-json\/wp\/v2\/posts"}],"about":[{"href":"https:\/\/bladnanews.com\/fr\/wp-json\/wp\/v2\/types\/post"}],"author":[{"embeddable":true,"href":"https:\/\/bladnanews.com\/fr\/wp-json\/wp\/v2\/users\/3"}],"replies":[{"embeddable":true,"href":"https:\/\/bladnanews.com\/fr\/wp-json\/wp\/v2\/comments?post=7939"}],"version-history":[{"count":0,"href":"https:\/\/bladnanews.com\/fr\/wp-json\/wp\/v2\/posts\/7939\/revisions"}],"wp:featuredmedia":[{"embeddable":true,"href":"https:\/\/bladnanews.com\/fr\/wp-json\/wp\/v2\/media\/7938"}],"wp:attachment":[{"href":"https:\/\/bladnanews.com\/fr\/wp-json\/wp\/v2\/media?parent=7939"}],"wp:term":[{"taxonomy":"category","embeddable":true,"href":"https:\/\/bladnanews.com\/fr\/wp-json\/wp\/v2\/categories?post=7939"},{"taxonomy":"post_tag","embeddable":true,"href":"https:\/\/bladnanews.com\/fr\/wp-json\/wp\/v2\/tags?post=7939"}],"curies":[{"name":"wp","href":"https:\/\/api.w.org\/{rel}","templated":true}]}}