{"id":7941,"date":"2026-01-27T13:41:36","date_gmt":"2026-01-27T13:41:36","guid":{"rendered":"https:\/\/bladnanews.com\/rayan-cherki-likened-to-nasri-and-taarabt-at-man-city\/"},"modified":"2026-01-27T13:41:36","modified_gmt":"2026-01-27T13:41:36","slug":"rayan-cherki-compare-a-nasri-et-taarabt-a-manchester-city","status":"publish","type":"post","link":"https:\/\/bladnanews.com\/fr\/rayan-cherki-compare-a-nasri-et-taarabt-a-manchester-city\/","title":{"rendered":"Rayan Cherki compar\u00e9 \u00e0 Nasri et Taarabt \u00e0 Manchester City"},"content":{"rendered":"<p>Manchester City s'est vu confirmer l'acquisition d'un talent \u201c \u00e0 la Ronaldinho \u201d en la personne de Rayan Cherki, ce jeune Fran\u00e7ais \u00e9tant compar\u00e9 \u00e0 Samir Nasri et Adel Taarabt par son style de jeu.<\/p>\n<p>\u00c2g\u00e9 de 20 ans, il a rejoint les champions de Premier League apr\u00e8s s'\u00eatre illustr\u00e9 en Ligue 1, o\u00f9 il s'est forg\u00e9 une r\u00e9putation de dribbleur audacieux, dot\u00e9 de techniques, de cr\u00e9ativit\u00e9 et d'un esprit \u00ab football de rue \u00bb. Ceux qui l'ont observ\u00e9 de pr\u00e8s estiment que les supporters de City d\u00e9couvriront autant un artiste qu'un d\u00e9cideur de match.<\/p>\n<p>L'ancien milieu de terrain fran\u00e7ais et de Manchester City, Samir Nasri, a \u00e9t\u00e9 l'un des premiers \u00e0 \u00e9tablir une comparaison nette, soulignant la capacit\u00e9 de Cherki \u00e0 glisser devant les adversaires, \u00e0 jouer dans des espaces r\u00e9duits et \u00e0 apporter une \u00e9tincelle impr\u00e9visible dans le dernier tiers du terrain. D'autres partagent ce point de vue, y voyant des similitudes avec le talent naturel et l'assurance balle au pied de Taarabt.<\/p>\n<p>Le style de Cherki a longtemps \u00e9t\u00e9 remarquable en France, o\u00f9 il s'est fait conna\u00eetre pour des s\u00e9quences qui ressemblent plus \u00e0 du football freestyle qu'aux sch\u00e9mas structur\u00e9s inculqu\u00e9s \u00e0 la plupart des jeunes joueurs. Cette libert\u00e9, alli\u00e9e \u00e0 sa cr\u00e9ativit\u00e9 et son excellent contr\u00f4le, explique pourquoi l'\u00e9tiquette d\u201c\u201d entertainer \u00bb le suit d\u00e9sormais dans ce nouveau chapitre de sa carri\u00e8re.<\/p>\n<p>Ce transfert offre \u00e0 Pep Guardiola une option suppl\u00e9mentaire en attaque, Cherki \u00e9tant attendu au plus haut niveau tout en devant transformer son g\u00e9nie individuel en une productivit\u00e9 r\u00e9guli\u00e8re dans le football anglais.<\/p>\n<p>De leur c\u00f4t\u00e9, City esp\u00e8rent que la cr\u00e9ativit\u00e9 qui a marqu\u00e9 l'ascension de Cherki pourra s'int\u00e9grer \u00e0 leur syst\u00e8me, leur offrant un joueur capable d'apporter une diff\u00e9rence lorsque les matchs sont verrouill\u00e9s.<\/p>","protected":false},"excerpt":{"rendered":"<p>Manchester City have been told they are getting a \u201cRonaldinho-esque\u201d talent in Rayan Cherki, with the French youngster likened to [&hellip;]<\/p>\n","protected":false},"author":3,"featured_media":7940,"comment_status":"","ping_status":"open","sticky":false,"template":"","format":"standard","meta":{"googlesitekit_rrm_CAow_uzEDA:productID":"","site-sidebar-layout":"default","site-content-layout":"","ast-site-content-layout":"default","site-content-style":"default","site-sidebar-style":"default","ast-global-header-display":"","ast-banner-title-visibility":"","ast-main-header-display":"","ast-hfb-above-header-display":"","ast-hfb-below-header-display":"","ast-hfb-mobile-header-display":"","site-post-title":"","ast-breadcrumbs-content":"","ast-featured-img":"","footer-sml-layout":"","ast-disable-related-posts":"","theme-transparent-header-meta":"","adv-header-id-meta":"","stick-header-meta":"","header-above-stick-meta":"","header-main-stick-meta":"","header-below-stick-meta":"","astra-migrate-meta-layouts":"default","ast-page-background-enabled":"default","ast-page-background-meta":{"desktop":{"background-color":"var(--ast-global-color-5)","background-image":"","background-repeat":"repeat","background-position":"center center","background-size":"auto","background-attachment":"scroll","background-type":"","background-media":"","overlay-type":"","overlay-color":"","overlay-opacity":"","overlay-gradient":""},"tablet":{"background-color":"","background-image":"","background-repeat":"repeat","background-position":"center center","background-size":"auto","background-attachment":"scroll","background-type":"","background-media":"","overlay-type":"","overlay-color":"","overlay-opacity":"","overlay-gradient":""},"mobile":{"background-color":"","background-image":"","background-repeat":"repeat","background-position":"center center","background-size":"auto","background-attachment":"scroll","background-type":"","background-media":"","overlay-type":"","overlay-color":"","overlay-opacity":"","overlay-gradient":""}},"ast-content-background-meta":{"desktop":{"background-color":"var(--ast-global-color-4)","background-image":"","background-repeat":"repeat","background-position":"center center","background-size":"auto","background-attachment":"scroll","background-type":"","background-media":"","overlay-type":"","overlay-color":"","overlay-opacity":"","overlay-gradient":""},"tablet":{"background-color":"var(--ast-global-color-4)","background-image":"","background-repeat":"repeat","background-position":"center center","background-size":"auto","background-attachment":"scroll","background-type":"","background-media":"","overlay-type":"","overlay-color":"","overlay-opacity":"","overlay-gradient":""},"mobile":{"background-color":"var(--ast-global-color-4)","background-image":"","background-repeat":"repeat","background-position":"center center","background-size":"auto","background-attachment":"scroll","background-type":"","background-media":"","overlay-type":"","overlay-color":"","overlay-opacity":"","overlay-gradient":""}},"footnotes":""},"categories":[20,1],"tags":[],"class_list":["post-7941","post","type-post","status-publish","format-standard","has-post-thumbnail","hentry","category-international","category-football-latest-news"],"yoast_head":"<!-- This site is optimized with the Yoast SEO Premium plugin v26.6 (Yoast SEO v27.4) - https:\/\/yoast.com\/product\/yoast-seo-premium-wordpress\/ -->\n<title>Rayan Cherki likened to Nasri and Taarabt at Man City - Bladna News<\/title>\n<meta name=\"robots\" content=\"index, follow, max-snippet:-1, max-image-preview:large, max-video-preview:-1\" \/>\n<link rel=\"canonical\" href=\"https:\/\/bladnanews.com\/fr\/rayan-cherki-compare-a-nasri-et-taarabt-a-manchester-city\/\" \/>\n<meta property=\"og:locale\" content=\"fr_FR\" \/>\n<meta property=\"og:type\" content=\"article\" \/>\n<meta property=\"og:title\" content=\"Rayan Cherki likened to Nasri and Taarabt at Man City\" \/>\n<meta property=\"og:description\" content=\"Manchester City have been told they are getting a \u201cRonaldinho-esque\u201d talent in Rayan Cherki, with the French youngster likened to [&hellip;]\" \/>\n<meta property=\"og:url\" content=\"https:\/\/bladnanews.com\/fr\/rayan-cherki-compare-a-nasri-et-taarabt-a-manchester-city\/\" \/>\n<meta property=\"og:site_name\" content=\"Bladna News\" \/>\n<meta property=\"article:published_time\" content=\"2026-01-27T13:41:36+00:00\" \/>\n<meta property=\"og:image\" content=\"https:\/\/bladnanews.com\/wp-content\/uploads\/2025\/12\/freepik__bladna-newscom-moroccan-soccer-homepage-banner-mor__41838.png\" \/>\n\t<meta property=\"og:image:width\" content=\"1312\" \/>\n\t<meta property=\"og:image:height\" content=\"736\" \/>\n\t<meta property=\"og:image:type\" content=\"image\/png\" \/>\n<meta name=\"author\" content=\"Bladna News Staff\" \/>\n<meta name=\"twitter:card\" content=\"summary_large_image\" \/>\n<meta name=\"twitter:label1\" content=\"\u00c9crit par\" \/>\n\t<meta name=\"twitter:data1\" content=\"Bladna News Staff\" \/>\n\t<meta name=\"twitter:label2\" content=\"Dur\u00e9e de lecture estim\u00e9e\" \/>\n\t<meta name=\"twitter:data2\" content=\"1 minute\" \/>\n<script type=\"application\/ld+json\" class=\"yoast-schema-graph\">{\"@context\":\"https:\\\/\\\/schema.org\",\"@graph\":[{\"@type\":\"Article\",\"@id\":\"https:\\\/\\\/bladnanews.com\\\/rayan-cherki-likened-to-nasri-and-taarabt-at-man-city\\\/#article\",\"isPartOf\":{\"@id\":\"https:\\\/\\\/bladnanews.com\\\/rayan-cherki-likened-to-nasri-and-taarabt-at-man-city\\\/\"},\"author\":{\"name\":\"Bladna News Staff\",\"@id\":\"https:\\\/\\\/mediumseagreen-eel-531711.hostingersite.com\\\/#\\\/schema\\\/person\\\/268e18a453ab080ebf76df6ef7845083\"},\"headline\":\"Rayan Cherki likened to Nasri and Taarabt at Man City\",\"datePublished\":\"2026-01-27T13:41:36+00:00\",\"mainEntityOfPage\":{\"@id\":\"https:\\\/\\\/bladnanews.com\\\/rayan-cherki-likened-to-nasri-and-taarabt-at-man-city\\\/\"},\"wordCount\":269,\"publisher\":{\"@id\":\"https:\\\/\\\/mediumseagreen-eel-531711.hostingersite.com\\\/#organization\"},\"image\":{\"@id\":\"https:\\\/\\\/bladnanews.com\\\/rayan-cherki-likened-to-nasri-and-taarabt-at-man-city\\\/#primaryimage\"},\"thumbnailUrl\":\"https:\\\/\\\/bladnanews.com\\\/wp-content\\\/uploads\\\/2026\\\/01\\\/BladnaNews-Rayan-Cherki-likened-to-Nasri-and-Taarabt-at-Man-City-2026-01-27T211013.287Z.jpg\",\"articleSection\":[\"International\",\"Latest News\"],\"inLanguage\":\"fr-FR\",\"copyrightYear\":\"2026\",\"copyrightHolder\":{\"@id\":\"https:\\\/\\\/bladnanews.com\\\/fr\\\/#organization\"}},{\"@type\":\"WebPage\",\"@id\":\"https:\\\/\\\/bladnanews.com\\\/rayan-cherki-likened-to-nasri-and-taarabt-at-man-city\\\/\",\"url\":\"https:\\\/\\\/bladnanews.com\\\/rayan-cherki-likened-to-nasri-and-taarabt-at-man-city\\\/\",\"name\":\"Rayan Cherki likened to Nasri and Taarabt at Man City - Bladna News\",\"isPartOf\":{\"@id\":\"https:\\\/\\\/mediumseagreen-eel-531711.hostingersite.com\\\/#website\"},\"primaryImageOfPage\":{\"@id\":\"https:\\\/\\\/bladnanews.com\\\/rayan-cherki-likened-to-nasri-and-taarabt-at-man-city\\\/#primaryimage\"},\"image\":{\"@id\":\"https:\\\/\\\/bladnanews.com\\\/rayan-cherki-likened-to-nasri-and-taarabt-at-man-city\\\/#primaryimage\"},\"thumbnailUrl\":\"https:\\\/\\\/bladnanews.com\\\/wp-content\\\/uploads\\\/2026\\\/01\\\/BladnaNews-Rayan-Cherki-likened-to-Nasri-and-Taarabt-at-Man-City-2026-01-27T211013.287Z.jpg\",\"datePublished\":\"2026-01-27T13:41:36+00:00\",\"breadcrumb\":{\"@id\":\"https:\\\/\\\/bladnanews.com\\\/rayan-cherki-likened-to-nasri-and-taarabt-at-man-city\\\/#breadcrumb\"},\"inLanguage\":\"fr-FR\",\"potentialAction\":[{\"@type\":\"ReadAction\",\"target\":[\"https:\\\/\\\/bladnanews.com\\\/rayan-cherki-likened-to-nasri-and-taarabt-at-man-city\\\/\"]}]},{\"@type\":\"ImageObject\",\"inLanguage\":\"fr-FR\",\"@id\":\"https:\\\/\\\/bladnanews.com\\\/rayan-cherki-likened-to-nasri-and-taarabt-at-man-city\\\/#primaryimage\",\"url\":\"https:\\\/\\\/bladnanews.com\\\/wp-content\\\/uploads\\\/2026\\\/01\\\/BladnaNews-Rayan-Cherki-likened-to-Nasri-and-Taarabt-at-Man-City-2026-01-27T211013.287Z.jpg\",\"contentUrl\":\"https:\\\/\\\/bladnanews.com\\\/wp-content\\\/uploads\\\/2026\\\/01\\\/BladnaNews-Rayan-Cherki-likened-to-Nasri-and-Taarabt-at-Man-City-2026-01-27T211013.287Z.jpg\",\"width\":1920,\"height\":1080,\"caption\":\"Samir Nasri in light blue Manchester City kit, Rayan Cherki pointing in the same kit, and Adel Taarabt in QPR's striped shirt.\"},{\"@type\":\"BreadcrumbList\",\"@id\":\"https:\\\/\\\/bladnanews.com\\\/rayan-cherki-likened-to-nasri-and-taarabt-at-man-city\\\/#breadcrumb\",\"itemListElement\":[{\"@type\":\"ListItem\",\"position\":1,\"name\":\"Home\",\"item\":\"https:\\\/\\\/bladnanews.com\\\/\"},{\"@type\":\"ListItem\",\"position\":2,\"name\":\"Rayan Cherki likened to Nasri and Taarabt at Man City\"}]},{\"@type\":\"WebSite\",\"@id\":\"https:\\\/\\\/mediumseagreen-eel-531711.hostingersite.com\\\/#website\",\"url\":\"https:\\\/\\\/mediumseagreen-eel-531711.hostingersite.com\\\/\",\"name\":\"Bladna News - Morocco\",\"description\":\"Where Moroccan Football Meets the World\",\"publisher\":{\"@id\":\"https:\\\/\\\/mediumseagreen-eel-531711.hostingersite.com\\\/#organization\"},\"potentialAction\":[{\"@type\":\"SearchAction\",\"target\":{\"@type\":\"EntryPoint\",\"urlTemplate\":\"https:\\\/\\\/mediumseagreen-eel-531711.hostingersite.com\\\/?s={search_term_string}\"},\"query-input\":{\"@type\":\"PropertyValueSpecification\",\"valueRequired\":true,\"valueName\":\"search_term_string\"}}],\"inLanguage\":\"fr-FR\"},{\"@type\":\"Organization\",\"@id\":\"https:\\\/\\\/mediumseagreen-eel-531711.hostingersite.com\\\/#organization\",\"name\":\"Bladna News.com\",\"url\":\"https:\\\/\\\/mediumseagreen-eel-531711.hostingersite.com\\\/\",\"logo\":{\"@type\":\"ImageObject\",\"inLanguage\":\"fr-FR\",\"@id\":\"https:\\\/\\\/mediumseagreen-eel-531711.hostingersite.com\\\/#\\\/schema\\\/logo\\\/image\\\/\",\"url\":\"https:\\\/\\\/bladnanews.com\\\/wp-content\\\/uploads\\\/2025\\\/12\\\/logo-bladnanews-V2-web-black-red.png\",\"contentUrl\":\"https:\\\/\\\/bladnanews.com\\\/wp-content\\\/uploads\\\/2025\\\/12\\\/logo-bladnanews-V2-web-black-red.png\",\"width\":703,\"height\":287,\"caption\":\"Bladna News.com\"},\"image\":{\"@id\":\"https:\\\/\\\/mediumseagreen-eel-531711.hostingersite.com\\\/#\\\/schema\\\/logo\\\/image\\\/\"},\"email\":\"info@bladnanews.com\",\"legalName\":\"Bladna News\"},{\"@type\":\"Person\",\"@id\":\"https:\\\/\\\/mediumseagreen-eel-531711.hostingersite.com\\\/#\\\/schema\\\/person\\\/268e18a453ab080ebf76df6ef7845083\",\"name\":\"Bladna News Staff\",\"url\":\"https:\\\/\\\/bladnanews.com\\\/fr\\\/author\\\/bladna-news-staff\\\/\"}]}<\/script>\n<!-- \/ Yoast SEO Premium plugin. -->","yoast_head_json":{"title":"Rayan Cherki compar\u00e9 \u00e0 Nasri et Taarabt \u00e0 Manchester City - Bladna News","robots":{"index":"index","follow":"follow","max-snippet":"max-snippet:-1","max-image-preview":"max-image-preview:large","max-video-preview":"max-video-preview:-1"},"canonical":"https:\/\/bladnanews.com\/fr\/rayan-cherki-compare-a-nasri-et-taarabt-a-manchester-city\/","og_locale":"fr_FR","og_type":"article","og_title":"Rayan Cherki likened to Nasri and Taarabt at Man City","og_description":"Manchester City have been told they are getting a \u201cRonaldinho-esque\u201d talent in Rayan Cherki, with the French youngster likened to [&hellip;]","og_url":"https:\/\/bladnanews.com\/fr\/rayan-cherki-compare-a-nasri-et-taarabt-a-manchester-city\/","og_site_name":"Bladna News","article_published_time":"2026-01-27T13:41:36+00:00","og_image":[{"width":1312,"height":736,"url":"https:\/\/bladnanews.com\/wp-content\/uploads\/2025\/12\/freepik__bladna-newscom-moroccan-soccer-homepage-banner-mor__41838.png","type":"image\/png"}],"author":"Bladna News Staff","twitter_card":"summary_large_image","twitter_misc":{"\u00c9crit par":"Bladna News Staff","Dur\u00e9e de lecture estim\u00e9e":"1 minute"},"schema":{"@context":"https:\/\/schema.org","@graph":[{"@type":"Article","@id":"https:\/\/bladnanews.com\/rayan-cherki-likened-to-nasri-and-taarabt-at-man-city\/#article","isPartOf":{"@id":"https:\/\/bladnanews.com\/rayan-cherki-likened-to-nasri-and-taarabt-at-man-city\/"},"author":{"name":"Bladna News Staff","@id":"https:\/\/mediumseagreen-eel-531711.hostingersite.com\/#\/schema\/person\/268e18a453ab080ebf76df6ef7845083"},"headline":"Rayan Cherki likened to Nasri and Taarabt at Man City","datePublished":"2026-01-27T13:41:36+00:00","mainEntityOfPage":{"@id":"https:\/\/bladnanews.com\/rayan-cherki-likened-to-nasri-and-taarabt-at-man-city\/"},"wordCount":269,"publisher":{"@id":"https:\/\/mediumseagreen-eel-531711.hostingersite.com\/#organization"},"image":{"@id":"https:\/\/bladnanews.com\/rayan-cherki-likened-to-nasri-and-taarabt-at-man-city\/#primaryimage"},"thumbnailUrl":"https:\/\/bladnanews.com\/wp-content\/uploads\/2026\/01\/BladnaNews-Rayan-Cherki-likened-to-Nasri-and-Taarabt-at-Man-City-2026-01-27T211013.287Z.jpg","articleSection":["International","Latest News"],"inLanguage":"fr-FR","copyrightYear":"2026","copyrightHolder":{"@id":"https:\/\/bladnanews.com\/fr\/#organization"}},{"@type":"WebPage","@id":"https:\/\/bladnanews.com\/rayan-cherki-likened-to-nasri-and-taarabt-at-man-city\/","url":"https:\/\/bladnanews.com\/rayan-cherki-likened-to-nasri-and-taarabt-at-man-city\/","name":"Rayan Cherki compar\u00e9 \u00e0 Nasri et Taarabt \u00e0 Manchester City - Bladna News","isPartOf":{"@id":"https:\/\/mediumseagreen-eel-531711.hostingersite.com\/#website"},"primaryImageOfPage":{"@id":"https:\/\/bladnanews.com\/rayan-cherki-likened-to-nasri-and-taarabt-at-man-city\/#primaryimage"},"image":{"@id":"https:\/\/bladnanews.com\/rayan-cherki-likened-to-nasri-and-taarabt-at-man-city\/#primaryimage"},"thumbnailUrl":"https:\/\/bladnanews.com\/wp-content\/uploads\/2026\/01\/BladnaNews-Rayan-Cherki-likened-to-Nasri-and-Taarabt-at-Man-City-2026-01-27T211013.287Z.jpg","datePublished":"2026-01-27T13:41:36+00:00","breadcrumb":{"@id":"https:\/\/bladnanews.com\/rayan-cherki-likened-to-nasri-and-taarabt-at-man-city\/#breadcrumb"},"inLanguage":"fr-FR","potentialAction":[{"@type":"ReadAction","target":["https:\/\/bladnanews.com\/rayan-cherki-likened-to-nasri-and-taarabt-at-man-city\/"]}]},{"@type":"ImageObject","inLanguage":"fr-FR","@id":"https:\/\/bladnanews.com\/rayan-cherki-likened-to-nasri-and-taarabt-at-man-city\/#primaryimage","url":"https:\/\/bladnanews.com\/wp-content\/uploads\/2026\/01\/BladnaNews-Rayan-Cherki-likened-to-Nasri-and-Taarabt-at-Man-City-2026-01-27T211013.287Z.jpg","contentUrl":"https:\/\/bladnanews.com\/wp-content\/uploads\/2026\/01\/BladnaNews-Rayan-Cherki-likened-to-Nasri-and-Taarabt-at-Man-City-2026-01-27T211013.287Z.jpg","width":1920,"height":1080,"caption":"Samir Nasri in light blue Manchester City kit, Rayan Cherki pointing in the same kit, and Adel Taarabt in QPR's striped shirt."},{"@type":"BreadcrumbList","@id":"https:\/\/bladnanews.com\/rayan-cherki-likened-to-nasri-and-taarabt-at-man-city\/#breadcrumb","itemListElement":[{"@type":"ListItem","position":1,"name":"Home","item":"https:\/\/bladnanews.com\/"},{"@type":"ListItem","position":2,"name":"Rayan Cherki likened to Nasri and Taarabt at Man City"}]},{"@type":"WebSite","@id":"https:\/\/mediumseagreen-eel-531711.hostingersite.com\/#website","url":"https:\/\/mediumseagreen-eel-531711.hostingersite.com\/","name":"Bladna News - Maroc","description":"Quand le football marocain rencontre le monde","publisher":{"@id":"https:\/\/mediumseagreen-eel-531711.hostingersite.com\/#organization"},"potentialAction":[{"@type":"SearchAction","target":{"@type":"EntryPoint","urlTemplate":"https:\/\/mediumseagreen-eel-531711.hostingersite.com\/?s={search_term_string}"},"query-input":{"@type":"PropertyValueSpecification","valueRequired":true,"valueName":"search_term_string"}}],"inLanguage":"fr-FR"},{"@type":"Organization","@id":"https:\/\/mediumseagreen-eel-531711.hostingersite.com\/#organization","name":"Bladna News.com","url":"https:\/\/mediumseagreen-eel-531711.hostingersite.com\/","logo":{"@type":"ImageObject","inLanguage":"fr-FR","@id":"https:\/\/mediumseagreen-eel-531711.hostingersite.com\/#\/schema\/logo\/image\/","url":"https:\/\/bladnanews.com\/wp-content\/uploads\/2025\/12\/logo-bladnanews-V2-web-black-red.png","contentUrl":"https:\/\/bladnanews.com\/wp-content\/uploads\/2025\/12\/logo-bladnanews-V2-web-black-red.png","width":703,"height":287,"caption":"Bladna News.com"},"image":{"@id":"https:\/\/mediumseagreen-eel-531711.hostingersite.com\/#\/schema\/logo\/image\/"},"email":"info@bladnanews.com","legalName":"Bladna News"},{"@type":"Person","@id":"https:\/\/mediumseagreen-eel-531711.hostingersite.com\/#\/schema\/person\/268e18a453ab080ebf76df6ef7845083","name":"\u00c9quipe r\u00e9dactionnelle de Bladna News","url":"https:\/\/bladnanews.com\/fr\/author\/bladna-news-staff\/"}]}},"_links":{"self":[{"href":"https:\/\/bladnanews.com\/fr\/wp-json\/wp\/v2\/posts\/7941","targetHints":{"allow":["GET"]}}],"collection":[{"href":"https:\/\/bladnanews.com\/fr\/wp-json\/wp\/v2\/posts"}],"about":[{"href":"https:\/\/bladnanews.com\/fr\/wp-json\/wp\/v2\/types\/post"}],"author":[{"embeddable":true,"href":"https:\/\/bladnanews.com\/fr\/wp-json\/wp\/v2\/users\/3"}],"replies":[{"embeddable":true,"href":"https:\/\/bladnanews.com\/fr\/wp-json\/wp\/v2\/comments?post=7941"}],"version-history":[{"count":0,"href":"https:\/\/bladnanews.com\/fr\/wp-json\/wp\/v2\/posts\/7941\/revisions"}],"wp:featuredmedia":[{"embeddable":true,"href":"https:\/\/bladnanews.com\/fr\/wp-json\/wp\/v2\/media\/7940"}],"wp:attachment":[{"href":"https:\/\/bladnanews.com\/fr\/wp-json\/wp\/v2\/media?parent=7941"}],"wp:term":[{"taxonomy":"category","embeddable":true,"href":"https:\/\/bladnanews.com\/fr\/wp-json\/wp\/v2\/categories?post=7941"},{"taxonomy":"post_tag","embeddable":true,"href":"https:\/\/bladnanews.com\/fr\/wp-json\/wp\/v2\/tags?post=7941"}],"curies":[{"name":"wp","href":"https:\/\/api.w.org\/{rel}","templated":true}]}}