{"id":7943,"date":"2026-01-27T14:06:14","date_gmt":"2026-01-27T14:06:14","guid":{"rendered":"https:\/\/bladnanews.com\/guardiola-jokes-he-has-not-spoken-to-man-city-players-in-3-years\/"},"modified":"2026-01-27T14:06:14","modified_gmt":"2026-01-27T14:06:14","slug":"guardiola-plaisante-en-disant-quil-na-pas-parle-aux-joueurs-de-manchester-city-depuis-trois-ans","status":"publish","type":"post","link":"https:\/\/bladnanews.com\/fr\/guardiola-plaisante-en-disant-quil-na-pas-parle-aux-joueurs-de-manchester-city-depuis-trois-ans\/","title":{"rendered":"Guardiola plaisante en disant qu'il n'a pas parl\u00e9 aux joueurs de Manchester City depuis 3 ans"},"content":{"rendered":"<p>Pep Guardiola a donn\u00e9 une r\u00e9ponse typiquement piquante lorsqu'on l'a interrog\u00e9 sur la forme d'Erling Haaland, le manager de Manchester City plaisantant en disant qu'il n'avait parl\u00e9 \u00e0 aucun de ses joueurs \u201c depuis trois ans \u201d.<\/p>\n<p>S'exprimant avant le prochain match de City, Guardiola a \u00e9t\u00e9 interrog\u00e9 sur Haaland et sur le fait que l'attaquant ait besoin ou non d'un soutien suppl\u00e9mentaire alors qu'il cherche \u00e0 retrouver le chemin des filets. Le patron de City a \u00e9cout\u00e9 la question et a r\u00e9pondu avec un sourire, insistant sur le fait qu'il ne passait pas son temps \u00e0 avoir des conversations avec son effectif.<\/p>\n<p><em>\u201c Je ne lui ai pas parl\u00e9 \u201d,\u201d<\/em> a d\u00e9clar\u00e9 Guardiola. <em>\u201c Depuis trois ans, je ne leur ai pas parl\u00e9. \u201d<\/em><\/p>\n<p>Les commentaires de Guardiola \u00e9taient clairement formul\u00e9s sur le ton de la plaisanterie, mais ils soulignaient son propos selon lequel les standards de City sont fix\u00e9s au sein du groupe et que les joueurs sont cens\u00e9s g\u00e9rer les p\u00e9riodes de rendement moins \u00e9lev\u00e9.<\/p>\n<p>La question est survenue alors qu'Haaland reste l'une des figures cl\u00e9s de l'\u00e9quipe de Guardiola, m\u00eame si l'attention s'est port\u00e9e sur sa r\u00e9cente rentabilit\u00e9 devant le but. Le manager de City, cependant, a tenu \u00e0 pr\u00e9ciser qu'il n'allait pas transformer la situation en un probl\u00e8me personnel ou en une discussion publique sur la confiance individuelle.<\/p>\n<p>Guardiola a \u00e9galement profit\u00e9 de ce moment pour minimiser l'id\u00e9e qu'il doive constamment rassurer ses joueurs au cours d'une saison exigeante. Son message \u00e9tait que le travail se fait sur le terrain d'entra\u00eenement et dans l'approche globale de City, plut\u00f4t qu'\u00e0 travers des entretiens individuels r\u00e9guliers qui sont rapport\u00e9s et analys\u00e9s.<\/p>\n<p>Bien que les statistiques d'Haaland restent un sujet de discussion majeur, le bref \u00e9change de Guardiola a permis de maintenir l'attention sur City en tant qu'\u00e9quipe, plut\u00f4t que sur la forme d'un joueur en particulier.<\/p>","protected":false},"excerpt":{"rendered":"<p>Pep Guardiola gave a typically spiky answer when asked about Erling Haaland\u2019s form, as the Manchester City manager joked he [&hellip;]<\/p>\n","protected":false},"author":3,"featured_media":7942,"comment_status":"","ping_status":"open","sticky":false,"template":"","format":"standard","meta":{"googlesitekit_rrm_CAow_uzEDA:productID":"","site-sidebar-layout":"default","site-content-layout":"","ast-site-content-layout":"default","site-content-style":"default","site-sidebar-style":"default","ast-global-header-display":"","ast-banner-title-visibility":"","ast-main-header-display":"","ast-hfb-above-header-display":"","ast-hfb-below-header-display":"","ast-hfb-mobile-header-display":"","site-post-title":"","ast-breadcrumbs-content":"","ast-featured-img":"","footer-sml-layout":"","ast-disable-related-posts":"","theme-transparent-header-meta":"","adv-header-id-meta":"","stick-header-meta":"","header-above-stick-meta":"","header-main-stick-meta":"","header-below-stick-meta":"","astra-migrate-meta-layouts":"default","ast-page-background-enabled":"default","ast-page-background-meta":{"desktop":{"background-color":"var(--ast-global-color-5)","background-image":"","background-repeat":"repeat","background-position":"center center","background-size":"auto","background-attachment":"scroll","background-type":"","background-media":"","overlay-type":"","overlay-color":"","overlay-opacity":"","overlay-gradient":""},"tablet":{"background-color":"","background-image":"","background-repeat":"repeat","background-position":"center center","background-size":"auto","background-attachment":"scroll","background-type":"","background-media":"","overlay-type":"","overlay-color":"","overlay-opacity":"","overlay-gradient":""},"mobile":{"background-color":"","background-image":"","background-repeat":"repeat","background-position":"center center","background-size":"auto","background-attachment":"scroll","background-type":"","background-media":"","overlay-type":"","overlay-color":"","overlay-opacity":"","overlay-gradient":""}},"ast-content-background-meta":{"desktop":{"background-color":"var(--ast-global-color-4)","background-image":"","background-repeat":"repeat","background-position":"center center","background-size":"auto","background-attachment":"scroll","background-type":"","background-media":"","overlay-type":"","overlay-color":"","overlay-opacity":"","overlay-gradient":""},"tablet":{"background-color":"var(--ast-global-color-4)","background-image":"","background-repeat":"repeat","background-position":"center center","background-size":"auto","background-attachment":"scroll","background-type":"","background-media":"","overlay-type":"","overlay-color":"","overlay-opacity":"","overlay-gradient":""},"mobile":{"background-color":"var(--ast-global-color-4)","background-image":"","background-repeat":"repeat","background-position":"center center","background-size":"auto","background-attachment":"scroll","background-type":"","background-media":"","overlay-type":"","overlay-color":"","overlay-opacity":"","overlay-gradient":""}},"footnotes":""},"categories":[20,1],"tags":[],"class_list":["post-7943","post","type-post","status-publish","format-standard","has-post-thumbnail","hentry","category-international","category-football-latest-news"],"yoast_head":"<!-- This site is optimized with the Yoast SEO Premium plugin v26.6 (Yoast SEO v27.5) - https:\/\/yoast.com\/product\/yoast-seo-premium-wordpress\/ -->\n<title>Guardiola jokes he has not spoken to Man City players in 3 years - Bladna News<\/title>\n<meta name=\"robots\" content=\"index, follow, max-snippet:-1, max-image-preview:large, max-video-preview:-1\" \/>\n<link rel=\"canonical\" href=\"https:\/\/bladnanews.com\/fr\/guardiola-plaisante-en-disant-quil-na-pas-parle-aux-joueurs-de-manchester-city-depuis-trois-ans\/\" \/>\n<meta property=\"og:locale\" content=\"fr_FR\" \/>\n<meta property=\"og:type\" content=\"article\" \/>\n<meta property=\"og:title\" content=\"Guardiola jokes he has not spoken to Man City players in 3 years\" \/>\n<meta property=\"og:description\" content=\"Pep Guardiola gave a typically spiky answer when asked about Erling Haaland\u2019s form, as the Manchester City manager joked he [&hellip;]\" \/>\n<meta property=\"og:url\" content=\"https:\/\/bladnanews.com\/fr\/guardiola-plaisante-en-disant-quil-na-pas-parle-aux-joueurs-de-manchester-city-depuis-trois-ans\/\" \/>\n<meta property=\"og:site_name\" content=\"Bladna News\" \/>\n<meta property=\"article:published_time\" content=\"2026-01-27T14:06:14+00:00\" \/>\n<meta property=\"og:image\" content=\"https:\/\/bladnanews.com\/wp-content\/uploads\/2025\/12\/freepik__bladna-newscom-moroccan-soccer-homepage-banner-mor__41838.png\" \/>\n\t<meta property=\"og:image:width\" content=\"1312\" \/>\n\t<meta property=\"og:image:height\" content=\"736\" \/>\n\t<meta property=\"og:image:type\" content=\"image\/png\" \/>\n<meta name=\"author\" content=\"Bladna News Staff\" \/>\n<meta name=\"twitter:card\" content=\"summary_large_image\" \/>\n<meta name=\"twitter:label1\" content=\"\u00c9crit par\" \/>\n\t<meta name=\"twitter:data1\" content=\"Bladna News Staff\" \/>\n\t<meta name=\"twitter:label2\" content=\"Dur\u00e9e de lecture estim\u00e9e\" \/>\n\t<meta name=\"twitter:data2\" content=\"1 minute\" \/>\n<script type=\"application\/ld+json\" class=\"yoast-schema-graph\">{\"@context\":\"https:\\\/\\\/schema.org\",\"@graph\":[{\"@type\":\"Article\",\"@id\":\"https:\\\/\\\/bladnanews.com\\\/guardiola-jokes-he-has-not-spoken-to-man-city-players-in-3-years\\\/#article\",\"isPartOf\":{\"@id\":\"https:\\\/\\\/bladnanews.com\\\/guardiola-jokes-he-has-not-spoken-to-man-city-players-in-3-years\\\/\"},\"author\":{\"name\":\"Bladna News Staff\",\"@id\":\"https:\\\/\\\/mediumseagreen-eel-531711.hostingersite.com\\\/#\\\/schema\\\/person\\\/268e18a453ab080ebf76df6ef7845083\"},\"headline\":\"Guardiola jokes he has not spoken to Man City players in 3 years\",\"datePublished\":\"2026-01-27T14:06:14+00:00\",\"mainEntityOfPage\":{\"@id\":\"https:\\\/\\\/bladnanews.com\\\/guardiola-jokes-he-has-not-spoken-to-man-city-players-in-3-years\\\/\"},\"wordCount\":286,\"publisher\":{\"@id\":\"https:\\\/\\\/mediumseagreen-eel-531711.hostingersite.com\\\/#organization\"},\"image\":{\"@id\":\"https:\\\/\\\/bladnanews.com\\\/guardiola-jokes-he-has-not-spoken-to-man-city-players-in-3-years\\\/#primaryimage\"},\"thumbnailUrl\":\"https:\\\/\\\/bladnanews.com\\\/wp-content\\\/uploads\\\/2026\\\/01\\\/BladnaNews-Guardiola-jokes-he-has-not-spoken-to-Man-City-players-in-3-years-2026-01-27T211033.649Z.jpg\",\"articleSection\":[\"International\",\"Latest News\"],\"inLanguage\":\"fr-FR\",\"copyrightYear\":\"2026\",\"copyrightHolder\":{\"@id\":\"https:\\\/\\\/bladnanews.com\\\/fr\\\/#organization\"}},{\"@type\":\"WebPage\",\"@id\":\"https:\\\/\\\/bladnanews.com\\\/guardiola-jokes-he-has-not-spoken-to-man-city-players-in-3-years\\\/\",\"url\":\"https:\\\/\\\/bladnanews.com\\\/guardiola-jokes-he-has-not-spoken-to-man-city-players-in-3-years\\\/\",\"name\":\"Guardiola jokes he has not spoken to Man City players in 3 years - Bladna News\",\"isPartOf\":{\"@id\":\"https:\\\/\\\/mediumseagreen-eel-531711.hostingersite.com\\\/#website\"},\"primaryImageOfPage\":{\"@id\":\"https:\\\/\\\/bladnanews.com\\\/guardiola-jokes-he-has-not-spoken-to-man-city-players-in-3-years\\\/#primaryimage\"},\"image\":{\"@id\":\"https:\\\/\\\/bladnanews.com\\\/guardiola-jokes-he-has-not-spoken-to-man-city-players-in-3-years\\\/#primaryimage\"},\"thumbnailUrl\":\"https:\\\/\\\/bladnanews.com\\\/wp-content\\\/uploads\\\/2026\\\/01\\\/BladnaNews-Guardiola-jokes-he-has-not-spoken-to-Man-City-players-in-3-years-2026-01-27T211033.649Z.jpg\",\"datePublished\":\"2026-01-27T14:06:14+00:00\",\"breadcrumb\":{\"@id\":\"https:\\\/\\\/bladnanews.com\\\/guardiola-jokes-he-has-not-spoken-to-man-city-players-in-3-years\\\/#breadcrumb\"},\"inLanguage\":\"fr-FR\",\"potentialAction\":[{\"@type\":\"ReadAction\",\"target\":[\"https:\\\/\\\/bladnanews.com\\\/guardiola-jokes-he-has-not-spoken-to-man-city-players-in-3-years\\\/\"]}]},{\"@type\":\"ImageObject\",\"inLanguage\":\"fr-FR\",\"@id\":\"https:\\\/\\\/bladnanews.com\\\/guardiola-jokes-he-has-not-spoken-to-man-city-players-in-3-years\\\/#primaryimage\",\"url\":\"https:\\\/\\\/bladnanews.com\\\/wp-content\\\/uploads\\\/2026\\\/01\\\/BladnaNews-Guardiola-jokes-he-has-not-spoken-to-Man-City-players-in-3-years-2026-01-27T211033.649Z.jpg\",\"contentUrl\":\"https:\\\/\\\/bladnanews.com\\\/wp-content\\\/uploads\\\/2026\\\/01\\\/BladnaNews-Guardiola-jokes-he-has-not-spoken-to-Man-City-players-in-3-years-2026-01-27T211033.649Z.jpg\",\"width\":1920,\"height\":1080,\"caption\":\"Erling Haaland in Manchester City's sky blue kit on the left, and Pep Guardiola in a black coat, gesturing on the right.\"},{\"@type\":\"BreadcrumbList\",\"@id\":\"https:\\\/\\\/bladnanews.com\\\/guardiola-jokes-he-has-not-spoken-to-man-city-players-in-3-years\\\/#breadcrumb\",\"itemListElement\":[{\"@type\":\"ListItem\",\"position\":1,\"name\":\"Home\",\"item\":\"https:\\\/\\\/bladnanews.com\\\/\"},{\"@type\":\"ListItem\",\"position\":2,\"name\":\"Guardiola jokes he has not spoken to Man City players in 3 years\"}]},{\"@type\":\"WebSite\",\"@id\":\"https:\\\/\\\/mediumseagreen-eel-531711.hostingersite.com\\\/#website\",\"url\":\"https:\\\/\\\/mediumseagreen-eel-531711.hostingersite.com\\\/\",\"name\":\"Bladna News - Morocco\",\"description\":\"Where Moroccan Football Meets the World\",\"publisher\":{\"@id\":\"https:\\\/\\\/mediumseagreen-eel-531711.hostingersite.com\\\/#organization\"},\"potentialAction\":[{\"@type\":\"SearchAction\",\"target\":{\"@type\":\"EntryPoint\",\"urlTemplate\":\"https:\\\/\\\/mediumseagreen-eel-531711.hostingersite.com\\\/?s={search_term_string}\"},\"query-input\":{\"@type\":\"PropertyValueSpecification\",\"valueRequired\":true,\"valueName\":\"search_term_string\"}}],\"inLanguage\":\"fr-FR\"},{\"@type\":\"Organization\",\"@id\":\"https:\\\/\\\/mediumseagreen-eel-531711.hostingersite.com\\\/#organization\",\"name\":\"Bladna News.com\",\"url\":\"https:\\\/\\\/mediumseagreen-eel-531711.hostingersite.com\\\/\",\"logo\":{\"@type\":\"ImageObject\",\"inLanguage\":\"fr-FR\",\"@id\":\"https:\\\/\\\/mediumseagreen-eel-531711.hostingersite.com\\\/#\\\/schema\\\/logo\\\/image\\\/\",\"url\":\"https:\\\/\\\/bladnanews.com\\\/wp-content\\\/uploads\\\/2025\\\/12\\\/logo-bladnanews-V2-web-black-red.png\",\"contentUrl\":\"https:\\\/\\\/bladnanews.com\\\/wp-content\\\/uploads\\\/2025\\\/12\\\/logo-bladnanews-V2-web-black-red.png\",\"width\":703,\"height\":287,\"caption\":\"Bladna News.com\"},\"image\":{\"@id\":\"https:\\\/\\\/mediumseagreen-eel-531711.hostingersite.com\\\/#\\\/schema\\\/logo\\\/image\\\/\"},\"email\":\"info@bladnanews.com\",\"legalName\":\"Bladna News\"},{\"@type\":\"Person\",\"@id\":\"https:\\\/\\\/mediumseagreen-eel-531711.hostingersite.com\\\/#\\\/schema\\\/person\\\/268e18a453ab080ebf76df6ef7845083\",\"name\":\"Bladna News Staff\",\"url\":\"https:\\\/\\\/bladnanews.com\\\/fr\\\/author\\\/bladna-news-staff\\\/\"}]}<\/script>\n<!-- \/ Yoast SEO Premium plugin. -->","yoast_head_json":{"title":"Guardiola plaisante en disant qu'il n'a pas parl\u00e9 aux joueurs de Manchester City depuis 3 ans - Bladna News","robots":{"index":"index","follow":"follow","max-snippet":"max-snippet:-1","max-image-preview":"max-image-preview:large","max-video-preview":"max-video-preview:-1"},"canonical":"https:\/\/bladnanews.com\/fr\/guardiola-plaisante-en-disant-quil-na-pas-parle-aux-joueurs-de-manchester-city-depuis-trois-ans\/","og_locale":"fr_FR","og_type":"article","og_title":"Guardiola jokes he has not spoken to Man City players in 3 years","og_description":"Pep Guardiola gave a typically spiky answer when asked about Erling Haaland\u2019s form, as the Manchester City manager joked he [&hellip;]","og_url":"https:\/\/bladnanews.com\/fr\/guardiola-plaisante-en-disant-quil-na-pas-parle-aux-joueurs-de-manchester-city-depuis-trois-ans\/","og_site_name":"Bladna News","article_published_time":"2026-01-27T14:06:14+00:00","og_image":[{"width":1312,"height":736,"url":"https:\/\/bladnanews.com\/wp-content\/uploads\/2025\/12\/freepik__bladna-newscom-moroccan-soccer-homepage-banner-mor__41838.png","type":"image\/png"}],"author":"Bladna News Staff","twitter_card":"summary_large_image","twitter_misc":{"\u00c9crit par":"Bladna News Staff","Dur\u00e9e de lecture estim\u00e9e":"1 minute"},"schema":{"@context":"https:\/\/schema.org","@graph":[{"@type":"Article","@id":"https:\/\/bladnanews.com\/guardiola-jokes-he-has-not-spoken-to-man-city-players-in-3-years\/#article","isPartOf":{"@id":"https:\/\/bladnanews.com\/guardiola-jokes-he-has-not-spoken-to-man-city-players-in-3-years\/"},"author":{"name":"Bladna News Staff","@id":"https:\/\/mediumseagreen-eel-531711.hostingersite.com\/#\/schema\/person\/268e18a453ab080ebf76df6ef7845083"},"headline":"Guardiola jokes he has not spoken to Man City players in 3 years","datePublished":"2026-01-27T14:06:14+00:00","mainEntityOfPage":{"@id":"https:\/\/bladnanews.com\/guardiola-jokes-he-has-not-spoken-to-man-city-players-in-3-years\/"},"wordCount":286,"publisher":{"@id":"https:\/\/mediumseagreen-eel-531711.hostingersite.com\/#organization"},"image":{"@id":"https:\/\/bladnanews.com\/guardiola-jokes-he-has-not-spoken-to-man-city-players-in-3-years\/#primaryimage"},"thumbnailUrl":"https:\/\/bladnanews.com\/wp-content\/uploads\/2026\/01\/BladnaNews-Guardiola-jokes-he-has-not-spoken-to-Man-City-players-in-3-years-2026-01-27T211033.649Z.jpg","articleSection":["International","Latest News"],"inLanguage":"fr-FR","copyrightYear":"2026","copyrightHolder":{"@id":"https:\/\/bladnanews.com\/fr\/#organization"}},{"@type":"WebPage","@id":"https:\/\/bladnanews.com\/guardiola-jokes-he-has-not-spoken-to-man-city-players-in-3-years\/","url":"https:\/\/bladnanews.com\/guardiola-jokes-he-has-not-spoken-to-man-city-players-in-3-years\/","name":"Guardiola plaisante en disant qu'il n'a pas parl\u00e9 aux joueurs de Manchester City depuis 3 ans - Bladna News","isPartOf":{"@id":"https:\/\/mediumseagreen-eel-531711.hostingersite.com\/#website"},"primaryImageOfPage":{"@id":"https:\/\/bladnanews.com\/guardiola-jokes-he-has-not-spoken-to-man-city-players-in-3-years\/#primaryimage"},"image":{"@id":"https:\/\/bladnanews.com\/guardiola-jokes-he-has-not-spoken-to-man-city-players-in-3-years\/#primaryimage"},"thumbnailUrl":"https:\/\/bladnanews.com\/wp-content\/uploads\/2026\/01\/BladnaNews-Guardiola-jokes-he-has-not-spoken-to-Man-City-players-in-3-years-2026-01-27T211033.649Z.jpg","datePublished":"2026-01-27T14:06:14+00:00","breadcrumb":{"@id":"https:\/\/bladnanews.com\/guardiola-jokes-he-has-not-spoken-to-man-city-players-in-3-years\/#breadcrumb"},"inLanguage":"fr-FR","potentialAction":[{"@type":"ReadAction","target":["https:\/\/bladnanews.com\/guardiola-jokes-he-has-not-spoken-to-man-city-players-in-3-years\/"]}]},{"@type":"ImageObject","inLanguage":"fr-FR","@id":"https:\/\/bladnanews.com\/guardiola-jokes-he-has-not-spoken-to-man-city-players-in-3-years\/#primaryimage","url":"https:\/\/bladnanews.com\/wp-content\/uploads\/2026\/01\/BladnaNews-Guardiola-jokes-he-has-not-spoken-to-Man-City-players-in-3-years-2026-01-27T211033.649Z.jpg","contentUrl":"https:\/\/bladnanews.com\/wp-content\/uploads\/2026\/01\/BladnaNews-Guardiola-jokes-he-has-not-spoken-to-Man-City-players-in-3-years-2026-01-27T211033.649Z.jpg","width":1920,"height":1080,"caption":"Erling Haaland in Manchester City's sky blue kit on the left, and Pep Guardiola in a black coat, gesturing on the right."},{"@type":"BreadcrumbList","@id":"https:\/\/bladnanews.com\/guardiola-jokes-he-has-not-spoken-to-man-city-players-in-3-years\/#breadcrumb","itemListElement":[{"@type":"ListItem","position":1,"name":"Home","item":"https:\/\/bladnanews.com\/"},{"@type":"ListItem","position":2,"name":"Guardiola jokes he has not spoken to Man City players in 3 years"}]},{"@type":"WebSite","@id":"https:\/\/mediumseagreen-eel-531711.hostingersite.com\/#website","url":"https:\/\/mediumseagreen-eel-531711.hostingersite.com\/","name":"Bladna News - Maroc","description":"Quand le football marocain rencontre le monde","publisher":{"@id":"https:\/\/mediumseagreen-eel-531711.hostingersite.com\/#organization"},"potentialAction":[{"@type":"SearchAction","target":{"@type":"EntryPoint","urlTemplate":"https:\/\/mediumseagreen-eel-531711.hostingersite.com\/?s={search_term_string}"},"query-input":{"@type":"PropertyValueSpecification","valueRequired":true,"valueName":"search_term_string"}}],"inLanguage":"fr-FR"},{"@type":"Organization","@id":"https:\/\/mediumseagreen-eel-531711.hostingersite.com\/#organization","name":"Bladna News.com","url":"https:\/\/mediumseagreen-eel-531711.hostingersite.com\/","logo":{"@type":"ImageObject","inLanguage":"fr-FR","@id":"https:\/\/mediumseagreen-eel-531711.hostingersite.com\/#\/schema\/logo\/image\/","url":"https:\/\/bladnanews.com\/wp-content\/uploads\/2025\/12\/logo-bladnanews-V2-web-black-red.png","contentUrl":"https:\/\/bladnanews.com\/wp-content\/uploads\/2025\/12\/logo-bladnanews-V2-web-black-red.png","width":703,"height":287,"caption":"Bladna News.com"},"image":{"@id":"https:\/\/mediumseagreen-eel-531711.hostingersite.com\/#\/schema\/logo\/image\/"},"email":"info@bladnanews.com","legalName":"Bladna News"},{"@type":"Person","@id":"https:\/\/mediumseagreen-eel-531711.hostingersite.com\/#\/schema\/person\/268e18a453ab080ebf76df6ef7845083","name":"\u00c9quipe r\u00e9dactionnelle de Bladna News","url":"https:\/\/bladnanews.com\/fr\/author\/bladna-news-staff\/"}]}},"_links":{"self":[{"href":"https:\/\/bladnanews.com\/fr\/wp-json\/wp\/v2\/posts\/7943","targetHints":{"allow":["GET"]}}],"collection":[{"href":"https:\/\/bladnanews.com\/fr\/wp-json\/wp\/v2\/posts"}],"about":[{"href":"https:\/\/bladnanews.com\/fr\/wp-json\/wp\/v2\/types\/post"}],"author":[{"embeddable":true,"href":"https:\/\/bladnanews.com\/fr\/wp-json\/wp\/v2\/users\/3"}],"replies":[{"embeddable":true,"href":"https:\/\/bladnanews.com\/fr\/wp-json\/wp\/v2\/comments?post=7943"}],"version-history":[{"count":0,"href":"https:\/\/bladnanews.com\/fr\/wp-json\/wp\/v2\/posts\/7943\/revisions"}],"wp:featuredmedia":[{"embeddable":true,"href":"https:\/\/bladnanews.com\/fr\/wp-json\/wp\/v2\/media\/7942"}],"wp:attachment":[{"href":"https:\/\/bladnanews.com\/fr\/wp-json\/wp\/v2\/media?parent=7943"}],"wp:term":[{"taxonomy":"category","embeddable":true,"href":"https:\/\/bladnanews.com\/fr\/wp-json\/wp\/v2\/categories?post=7943"},{"taxonomy":"post_tag","embeddable":true,"href":"https:\/\/bladnanews.com\/fr\/wp-json\/wp\/v2\/tags?post=7943"}],"curies":[{"name":"wp","href":"https:\/\/api.w.org\/{rel}","templated":true}]}}