{"id":7951,"date":"2026-01-27T14:43:52","date_gmt":"2026-01-27T14:43:52","guid":{"rendered":"https:\/\/bladnanews.com\/paul-scholes-backs-michael-carrick-for-leicester-job\/"},"modified":"2026-01-27T14:43:52","modified_gmt":"2026-01-27T14:43:52","slug":"paul-scholes-soutient-michael-carrick-pour-le-poste-de-leicester","status":"publish","type":"post","link":"https:\/\/bladnanews.com\/fr\/paul-scholes-soutient-michael-carrick-pour-le-poste-de-leicester\/","title":{"rendered":"Paul Scholes soutient Michael Carrick pour le poste \u00e0 Leicester"},"content":{"rendered":"<p>Paul Scholes a exprim\u00e9 son soutien \u00e0 Michael Carrick pour qu'il franchisse une \u00e9tape majeure dans sa carri\u00e8re d'entra\u00eeneur, affirmant qu'il \u201cne serait pas surpris\u201d de voir l'ancien milieu de terrain de Manchester United d\u00e9crocher le poste \u00e0 Leicester City.<\/p>\n<p>Carrick est sans club depuis son d\u00e9part de Middlesbrough l'ann\u00e9e derni\u00e8re, apr\u00e8s avoir qualifi\u00e9 l'\u00e9quipe pour les barrages lors de la saison 2022-23. Il reste tr\u00e8s estim\u00e9 dans le milieu apr\u00e8s son passage comme entra\u00eeneur \u00e0 Old Trafford, o\u00f9 il a travaill\u00e9 sous Ole Gunnar Solskjaer avant d'assurer l'int\u00e9rim \u00e0 la t\u00eate de l'\u00e9quipe pour trois matchs en 2021.<\/p>\n<p>\u00c9voquant la prochaine \u00e9tape de Carrick, Scholes estime que son ancien co\u00e9quipier a la stature et les capacit\u00e9s pour occuper un poste de premier plan. \u201cCela ne me surprendrait pas\u201d, a d\u00e9clar\u00e9 Scholes lorsqu'on l'a interrog\u00e9 sur les rumeurs liant Carrick au poste \u00e0 Leicester.<\/p>\n<p>Leicester p\u00e8se ses options apr\u00e8s des changements en coulisses, les Foxes se pr\u00e9parant \u00e0 une nouvelle p\u00e9riode cruciale pour retrouver la bonne voie. Le nom de Carrick a \u00e9t\u00e9 mentionn\u00e9 parmi les candidats, et Scholes estime que ce poste lui conviendrait.<\/p>\n<p>Scholes a soulign\u00e9 le style calme de Carrick et sa formation acquise au plus haut niveau, sugg\u00e9rant que ces qualit\u00e9s pourraient correspondre aux ambitions d'un club comme Leicester. Carrick, qui a disput\u00e9 plus de 450 matchs pour United et remport\u00e9 de nombreux troph\u00e9es, s'est forg\u00e9 une r\u00e9putation d'entra\u00eeneur r\u00e9fl\u00e9chi depuis qu'il s'est lanc\u00e9 dans le management.<\/p>\n<p>Pour l'instant, aucune d\u00e9cision n'a \u00e9t\u00e9 confirm\u00e9e par Leicester, mais le soutien de Scholes renforce l'id\u00e9e grandissante que Carrick est pr\u00eat pour une nouvelle opportunit\u00e9 sur le banc.<\/p>","protected":false},"excerpt":{"rendered":"<p>Paul Scholes has backed Michael Carrick to take a major step in his coaching career and says it \u201cwouldn\u2019t surprise\u201d [&hellip;]<\/p>\n","protected":false},"author":3,"featured_media":7950,"comment_status":"","ping_status":"open","sticky":false,"template":"","format":"standard","meta":{"googlesitekit_rrm_CAow_uzEDA:productID":"","site-sidebar-layout":"default","site-content-layout":"","ast-site-content-layout":"default","site-content-style":"default","site-sidebar-style":"default","ast-global-header-display":"","ast-banner-title-visibility":"","ast-main-header-display":"","ast-hfb-above-header-display":"","ast-hfb-below-header-display":"","ast-hfb-mobile-header-display":"","site-post-title":"","ast-breadcrumbs-content":"","ast-featured-img":"","footer-sml-layout":"","ast-disable-related-posts":"","theme-transparent-header-meta":"","adv-header-id-meta":"","stick-header-meta":"","header-above-stick-meta":"","header-main-stick-meta":"","header-below-stick-meta":"","astra-migrate-meta-layouts":"default","ast-page-background-enabled":"default","ast-page-background-meta":{"desktop":{"background-color":"var(--ast-global-color-5)","background-image":"","background-repeat":"repeat","background-position":"center center","background-size":"auto","background-attachment":"scroll","background-type":"","background-media":"","overlay-type":"","overlay-color":"","overlay-opacity":"","overlay-gradient":""},"tablet":{"background-color":"","background-image":"","background-repeat":"repeat","background-position":"center center","background-size":"auto","background-attachment":"scroll","background-type":"","background-media":"","overlay-type":"","overlay-color":"","overlay-opacity":"","overlay-gradient":""},"mobile":{"background-color":"","background-image":"","background-repeat":"repeat","background-position":"center center","background-size":"auto","background-attachment":"scroll","background-type":"","background-media":"","overlay-type":"","overlay-color":"","overlay-opacity":"","overlay-gradient":""}},"ast-content-background-meta":{"desktop":{"background-color":"var(--ast-global-color-4)","background-image":"","background-repeat":"repeat","background-position":"center center","background-size":"auto","background-attachment":"scroll","background-type":"","background-media":"","overlay-type":"","overlay-color":"","overlay-opacity":"","overlay-gradient":""},"tablet":{"background-color":"var(--ast-global-color-4)","background-image":"","background-repeat":"repeat","background-position":"center center","background-size":"auto","background-attachment":"scroll","background-type":"","background-media":"","overlay-type":"","overlay-color":"","overlay-opacity":"","overlay-gradient":""},"mobile":{"background-color":"var(--ast-global-color-4)","background-image":"","background-repeat":"repeat","background-position":"center center","background-size":"auto","background-attachment":"scroll","background-type":"","background-media":"","overlay-type":"","overlay-color":"","overlay-opacity":"","overlay-gradient":""}},"footnotes":""},"categories":[20,1],"tags":[],"class_list":["post-7951","post","type-post","status-publish","format-standard","has-post-thumbnail","hentry","category-international","category-football-latest-news"],"yoast_head":"<!-- This site is optimized with the Yoast SEO Premium plugin v26.6 (Yoast SEO v27.4) - https:\/\/yoast.com\/product\/yoast-seo-premium-wordpress\/ -->\n<title>Paul Scholes backs Michael Carrick for Leicester job - Bladna News<\/title>\n<meta name=\"robots\" content=\"index, follow, max-snippet:-1, max-image-preview:large, max-video-preview:-1\" \/>\n<link rel=\"canonical\" href=\"https:\/\/bladnanews.com\/fr\/paul-scholes-soutient-michael-carrick-pour-le-poste-de-leicester\/\" \/>\n<meta property=\"og:locale\" content=\"fr_FR\" \/>\n<meta property=\"og:type\" content=\"article\" \/>\n<meta property=\"og:title\" content=\"Paul Scholes backs Michael Carrick for Leicester job\" \/>\n<meta property=\"og:description\" content=\"Paul Scholes has backed Michael Carrick to take a major step in his coaching career and says it \u201cwouldn\u2019t surprise\u201d [&hellip;]\" \/>\n<meta property=\"og:url\" content=\"https:\/\/bladnanews.com\/fr\/paul-scholes-soutient-michael-carrick-pour-le-poste-de-leicester\/\" \/>\n<meta property=\"og:site_name\" content=\"Bladna News\" \/>\n<meta property=\"article:published_time\" content=\"2026-01-27T14:43:52+00:00\" \/>\n<meta property=\"og:image\" content=\"https:\/\/bladnanews.com\/wp-content\/uploads\/2025\/12\/freepik__bladna-newscom-moroccan-soccer-homepage-banner-mor__41838.png\" \/>\n\t<meta property=\"og:image:width\" content=\"1312\" \/>\n\t<meta property=\"og:image:height\" content=\"736\" \/>\n\t<meta property=\"og:image:type\" content=\"image\/png\" \/>\n<meta name=\"author\" content=\"Bladna News Staff\" \/>\n<meta name=\"twitter:card\" content=\"summary_large_image\" \/>\n<meta name=\"twitter:label1\" content=\"\u00c9crit par\" \/>\n\t<meta name=\"twitter:data1\" content=\"Bladna News Staff\" \/>\n\t<meta name=\"twitter:label2\" content=\"Dur\u00e9e de lecture estim\u00e9e\" \/>\n\t<meta name=\"twitter:data2\" content=\"1 minute\" \/>\n<script type=\"application\/ld+json\" class=\"yoast-schema-graph\">{\"@context\":\"https:\\\/\\\/schema.org\",\"@graph\":[{\"@type\":\"Article\",\"@id\":\"https:\\\/\\\/bladnanews.com\\\/paul-scholes-backs-michael-carrick-for-leicester-job\\\/#article\",\"isPartOf\":{\"@id\":\"https:\\\/\\\/bladnanews.com\\\/paul-scholes-backs-michael-carrick-for-leicester-job\\\/\"},\"author\":{\"name\":\"Bladna News Staff\",\"@id\":\"https:\\\/\\\/mediumseagreen-eel-531711.hostingersite.com\\\/#\\\/schema\\\/person\\\/268e18a453ab080ebf76df6ef7845083\"},\"headline\":\"Paul Scholes backs Michael Carrick for Leicester job\",\"datePublished\":\"2026-01-27T14:43:52+00:00\",\"mainEntityOfPage\":{\"@id\":\"https:\\\/\\\/bladnanews.com\\\/paul-scholes-backs-michael-carrick-for-leicester-job\\\/\"},\"wordCount\":259,\"publisher\":{\"@id\":\"https:\\\/\\\/mediumseagreen-eel-531711.hostingersite.com\\\/#organization\"},\"image\":{\"@id\":\"https:\\\/\\\/bladnanews.com\\\/paul-scholes-backs-michael-carrick-for-leicester-job\\\/#primaryimage\"},\"thumbnailUrl\":\"https:\\\/\\\/bladnanews.com\\\/wp-content\\\/uploads\\\/2026\\\/01\\\/BladnaNews-Paul-Scholes-backs-Michael-Carrick-for-Leicester-job-2026-01-28T010934.611Z-scaled.jpg\",\"articleSection\":[\"International\",\"Latest News\"],\"inLanguage\":\"fr-FR\",\"copyrightYear\":\"2026\",\"copyrightHolder\":{\"@id\":\"https:\\\/\\\/bladnanews.com\\\/fr\\\/#organization\"}},{\"@type\":\"WebPage\",\"@id\":\"https:\\\/\\\/bladnanews.com\\\/paul-scholes-backs-michael-carrick-for-leicester-job\\\/\",\"url\":\"https:\\\/\\\/bladnanews.com\\\/paul-scholes-backs-michael-carrick-for-leicester-job\\\/\",\"name\":\"Paul Scholes backs Michael Carrick for Leicester job - Bladna News\",\"isPartOf\":{\"@id\":\"https:\\\/\\\/mediumseagreen-eel-531711.hostingersite.com\\\/#website\"},\"primaryImageOfPage\":{\"@id\":\"https:\\\/\\\/bladnanews.com\\\/paul-scholes-backs-michael-carrick-for-leicester-job\\\/#primaryimage\"},\"image\":{\"@id\":\"https:\\\/\\\/bladnanews.com\\\/paul-scholes-backs-michael-carrick-for-leicester-job\\\/#primaryimage\"},\"thumbnailUrl\":\"https:\\\/\\\/bladnanews.com\\\/wp-content\\\/uploads\\\/2026\\\/01\\\/BladnaNews-Paul-Scholes-backs-Michael-Carrick-for-Leicester-job-2026-01-28T010934.611Z-scaled.jpg\",\"datePublished\":\"2026-01-27T14:43:52+00:00\",\"breadcrumb\":{\"@id\":\"https:\\\/\\\/bladnanews.com\\\/paul-scholes-backs-michael-carrick-for-leicester-job\\\/#breadcrumb\"},\"inLanguage\":\"fr-FR\",\"potentialAction\":[{\"@type\":\"ReadAction\",\"target\":[\"https:\\\/\\\/bladnanews.com\\\/paul-scholes-backs-michael-carrick-for-leicester-job\\\/\"]}]},{\"@type\":\"ImageObject\",\"inLanguage\":\"fr-FR\",\"@id\":\"https:\\\/\\\/bladnanews.com\\\/paul-scholes-backs-michael-carrick-for-leicester-job\\\/#primaryimage\",\"url\":\"https:\\\/\\\/bladnanews.com\\\/wp-content\\\/uploads\\\/2026\\\/01\\\/BladnaNews-Paul-Scholes-backs-Michael-Carrick-for-Leicester-job-2026-01-28T010934.611Z-scaled.jpg\",\"contentUrl\":\"https:\\\/\\\/bladnanews.com\\\/wp-content\\\/uploads\\\/2026\\\/01\\\/BladnaNews-Paul-Scholes-backs-Michael-Carrick-for-Leicester-job-2026-01-28T010934.611Z-scaled.jpg\",\"width\":2560,\"height\":1440,\"caption\":\"Michael Carrick gestures passionately from the sidelines during a match, wearing a dark coat with team colours visible on players in the background.\"},{\"@type\":\"BreadcrumbList\",\"@id\":\"https:\\\/\\\/bladnanews.com\\\/paul-scholes-backs-michael-carrick-for-leicester-job\\\/#breadcrumb\",\"itemListElement\":[{\"@type\":\"ListItem\",\"position\":1,\"name\":\"Home\",\"item\":\"https:\\\/\\\/bladnanews.com\\\/\"},{\"@type\":\"ListItem\",\"position\":2,\"name\":\"Paul Scholes backs Michael Carrick for Leicester job\"}]},{\"@type\":\"WebSite\",\"@id\":\"https:\\\/\\\/mediumseagreen-eel-531711.hostingersite.com\\\/#website\",\"url\":\"https:\\\/\\\/mediumseagreen-eel-531711.hostingersite.com\\\/\",\"name\":\"Bladna News - Morocco\",\"description\":\"Where Moroccan Football Meets the World\",\"publisher\":{\"@id\":\"https:\\\/\\\/mediumseagreen-eel-531711.hostingersite.com\\\/#organization\"},\"potentialAction\":[{\"@type\":\"SearchAction\",\"target\":{\"@type\":\"EntryPoint\",\"urlTemplate\":\"https:\\\/\\\/mediumseagreen-eel-531711.hostingersite.com\\\/?s={search_term_string}\"},\"query-input\":{\"@type\":\"PropertyValueSpecification\",\"valueRequired\":true,\"valueName\":\"search_term_string\"}}],\"inLanguage\":\"fr-FR\"},{\"@type\":\"Organization\",\"@id\":\"https:\\\/\\\/mediumseagreen-eel-531711.hostingersite.com\\\/#organization\",\"name\":\"Bladna News.com\",\"url\":\"https:\\\/\\\/mediumseagreen-eel-531711.hostingersite.com\\\/\",\"logo\":{\"@type\":\"ImageObject\",\"inLanguage\":\"fr-FR\",\"@id\":\"https:\\\/\\\/mediumseagreen-eel-531711.hostingersite.com\\\/#\\\/schema\\\/logo\\\/image\\\/\",\"url\":\"https:\\\/\\\/bladnanews.com\\\/wp-content\\\/uploads\\\/2025\\\/12\\\/logo-bladnanews-V2-web-black-red.png\",\"contentUrl\":\"https:\\\/\\\/bladnanews.com\\\/wp-content\\\/uploads\\\/2025\\\/12\\\/logo-bladnanews-V2-web-black-red.png\",\"width\":703,\"height\":287,\"caption\":\"Bladna News.com\"},\"image\":{\"@id\":\"https:\\\/\\\/mediumseagreen-eel-531711.hostingersite.com\\\/#\\\/schema\\\/logo\\\/image\\\/\"},\"email\":\"info@bladnanews.com\",\"legalName\":\"Bladna News\"},{\"@type\":\"Person\",\"@id\":\"https:\\\/\\\/mediumseagreen-eel-531711.hostingersite.com\\\/#\\\/schema\\\/person\\\/268e18a453ab080ebf76df6ef7845083\",\"name\":\"Bladna News Staff\",\"url\":\"https:\\\/\\\/bladnanews.com\\\/fr\\\/author\\\/bladna-news-staff\\\/\"}]}<\/script>\n<!-- \/ Yoast SEO Premium plugin. -->","yoast_head_json":{"title":"Paul Scholes soutient Michael Carrick pour le poste de Leicester - Bladna News","robots":{"index":"index","follow":"follow","max-snippet":"max-snippet:-1","max-image-preview":"max-image-preview:large","max-video-preview":"max-video-preview:-1"},"canonical":"https:\/\/bladnanews.com\/fr\/paul-scholes-soutient-michael-carrick-pour-le-poste-de-leicester\/","og_locale":"fr_FR","og_type":"article","og_title":"Paul Scholes backs Michael Carrick for Leicester job","og_description":"Paul Scholes has backed Michael Carrick to take a major step in his coaching career and says it \u201cwouldn\u2019t surprise\u201d [&hellip;]","og_url":"https:\/\/bladnanews.com\/fr\/paul-scholes-soutient-michael-carrick-pour-le-poste-de-leicester\/","og_site_name":"Bladna News","article_published_time":"2026-01-27T14:43:52+00:00","og_image":[{"width":1312,"height":736,"url":"https:\/\/bladnanews.com\/wp-content\/uploads\/2025\/12\/freepik__bladna-newscom-moroccan-soccer-homepage-banner-mor__41838.png","type":"image\/png"}],"author":"Bladna News Staff","twitter_card":"summary_large_image","twitter_misc":{"\u00c9crit par":"Bladna News Staff","Dur\u00e9e de lecture estim\u00e9e":"1 minute"},"schema":{"@context":"https:\/\/schema.org","@graph":[{"@type":"Article","@id":"https:\/\/bladnanews.com\/paul-scholes-backs-michael-carrick-for-leicester-job\/#article","isPartOf":{"@id":"https:\/\/bladnanews.com\/paul-scholes-backs-michael-carrick-for-leicester-job\/"},"author":{"name":"Bladna News Staff","@id":"https:\/\/mediumseagreen-eel-531711.hostingersite.com\/#\/schema\/person\/268e18a453ab080ebf76df6ef7845083"},"headline":"Paul Scholes backs Michael Carrick for Leicester job","datePublished":"2026-01-27T14:43:52+00:00","mainEntityOfPage":{"@id":"https:\/\/bladnanews.com\/paul-scholes-backs-michael-carrick-for-leicester-job\/"},"wordCount":259,"publisher":{"@id":"https:\/\/mediumseagreen-eel-531711.hostingersite.com\/#organization"},"image":{"@id":"https:\/\/bladnanews.com\/paul-scholes-backs-michael-carrick-for-leicester-job\/#primaryimage"},"thumbnailUrl":"https:\/\/bladnanews.com\/wp-content\/uploads\/2026\/01\/BladnaNews-Paul-Scholes-backs-Michael-Carrick-for-Leicester-job-2026-01-28T010934.611Z-scaled.jpg","articleSection":["International","Latest News"],"inLanguage":"fr-FR","copyrightYear":"2026","copyrightHolder":{"@id":"https:\/\/bladnanews.com\/fr\/#organization"}},{"@type":"WebPage","@id":"https:\/\/bladnanews.com\/paul-scholes-backs-michael-carrick-for-leicester-job\/","url":"https:\/\/bladnanews.com\/paul-scholes-backs-michael-carrick-for-leicester-job\/","name":"Paul Scholes soutient Michael Carrick pour le poste de Leicester - Bladna News","isPartOf":{"@id":"https:\/\/mediumseagreen-eel-531711.hostingersite.com\/#website"},"primaryImageOfPage":{"@id":"https:\/\/bladnanews.com\/paul-scholes-backs-michael-carrick-for-leicester-job\/#primaryimage"},"image":{"@id":"https:\/\/bladnanews.com\/paul-scholes-backs-michael-carrick-for-leicester-job\/#primaryimage"},"thumbnailUrl":"https:\/\/bladnanews.com\/wp-content\/uploads\/2026\/01\/BladnaNews-Paul-Scholes-backs-Michael-Carrick-for-Leicester-job-2026-01-28T010934.611Z-scaled.jpg","datePublished":"2026-01-27T14:43:52+00:00","breadcrumb":{"@id":"https:\/\/bladnanews.com\/paul-scholes-backs-michael-carrick-for-leicester-job\/#breadcrumb"},"inLanguage":"fr-FR","potentialAction":[{"@type":"ReadAction","target":["https:\/\/bladnanews.com\/paul-scholes-backs-michael-carrick-for-leicester-job\/"]}]},{"@type":"ImageObject","inLanguage":"fr-FR","@id":"https:\/\/bladnanews.com\/paul-scholes-backs-michael-carrick-for-leicester-job\/#primaryimage","url":"https:\/\/bladnanews.com\/wp-content\/uploads\/2026\/01\/BladnaNews-Paul-Scholes-backs-Michael-Carrick-for-Leicester-job-2026-01-28T010934.611Z-scaled.jpg","contentUrl":"https:\/\/bladnanews.com\/wp-content\/uploads\/2026\/01\/BladnaNews-Paul-Scholes-backs-Michael-Carrick-for-Leicester-job-2026-01-28T010934.611Z-scaled.jpg","width":2560,"height":1440,"caption":"Michael Carrick gestures passionately from the sidelines during a match, wearing a dark coat with team colours visible on players in the background."},{"@type":"BreadcrumbList","@id":"https:\/\/bladnanews.com\/paul-scholes-backs-michael-carrick-for-leicester-job\/#breadcrumb","itemListElement":[{"@type":"ListItem","position":1,"name":"Home","item":"https:\/\/bladnanews.com\/"},{"@type":"ListItem","position":2,"name":"Paul Scholes backs Michael Carrick for Leicester job"}]},{"@type":"WebSite","@id":"https:\/\/mediumseagreen-eel-531711.hostingersite.com\/#website","url":"https:\/\/mediumseagreen-eel-531711.hostingersite.com\/","name":"Bladna News - Maroc","description":"Quand le football marocain rencontre le monde","publisher":{"@id":"https:\/\/mediumseagreen-eel-531711.hostingersite.com\/#organization"},"potentialAction":[{"@type":"SearchAction","target":{"@type":"EntryPoint","urlTemplate":"https:\/\/mediumseagreen-eel-531711.hostingersite.com\/?s={search_term_string}"},"query-input":{"@type":"PropertyValueSpecification","valueRequired":true,"valueName":"search_term_string"}}],"inLanguage":"fr-FR"},{"@type":"Organization","@id":"https:\/\/mediumseagreen-eel-531711.hostingersite.com\/#organization","name":"Bladna News.com","url":"https:\/\/mediumseagreen-eel-531711.hostingersite.com\/","logo":{"@type":"ImageObject","inLanguage":"fr-FR","@id":"https:\/\/mediumseagreen-eel-531711.hostingersite.com\/#\/schema\/logo\/image\/","url":"https:\/\/bladnanews.com\/wp-content\/uploads\/2025\/12\/logo-bladnanews-V2-web-black-red.png","contentUrl":"https:\/\/bladnanews.com\/wp-content\/uploads\/2025\/12\/logo-bladnanews-V2-web-black-red.png","width":703,"height":287,"caption":"Bladna News.com"},"image":{"@id":"https:\/\/mediumseagreen-eel-531711.hostingersite.com\/#\/schema\/logo\/image\/"},"email":"info@bladnanews.com","legalName":"Bladna News"},{"@type":"Person","@id":"https:\/\/mediumseagreen-eel-531711.hostingersite.com\/#\/schema\/person\/268e18a453ab080ebf76df6ef7845083","name":"\u00c9quipe r\u00e9dactionnelle de Bladna News","url":"https:\/\/bladnanews.com\/fr\/author\/bladna-news-staff\/"}]}},"_links":{"self":[{"href":"https:\/\/bladnanews.com\/fr\/wp-json\/wp\/v2\/posts\/7951","targetHints":{"allow":["GET"]}}],"collection":[{"href":"https:\/\/bladnanews.com\/fr\/wp-json\/wp\/v2\/posts"}],"about":[{"href":"https:\/\/bladnanews.com\/fr\/wp-json\/wp\/v2\/types\/post"}],"author":[{"embeddable":true,"href":"https:\/\/bladnanews.com\/fr\/wp-json\/wp\/v2\/users\/3"}],"replies":[{"embeddable":true,"href":"https:\/\/bladnanews.com\/fr\/wp-json\/wp\/v2\/comments?post=7951"}],"version-history":[{"count":0,"href":"https:\/\/bladnanews.com\/fr\/wp-json\/wp\/v2\/posts\/7951\/revisions"}],"wp:featuredmedia":[{"embeddable":true,"href":"https:\/\/bladnanews.com\/fr\/wp-json\/wp\/v2\/media\/7950"}],"wp:attachment":[{"href":"https:\/\/bladnanews.com\/fr\/wp-json\/wp\/v2\/media?parent=7951"}],"wp:term":[{"taxonomy":"category","embeddable":true,"href":"https:\/\/bladnanews.com\/fr\/wp-json\/wp\/v2\/categories?post=7951"},{"taxonomy":"post_tag","embeddable":true,"href":"https:\/\/bladnanews.com\/fr\/wp-json\/wp\/v2\/tags?post=7951"}],"curies":[{"name":"wp","href":"https:\/\/api.w.org\/{rel}","templated":true}]}}