{"id":7955,"date":"2026-01-27T15:04:56","date_gmt":"2026-01-27T15:04:56","guid":{"rendered":"https:\/\/bladnanews.com\/rio-ferdinand-hits-out-at-keane-and-neville-over-carrick\/"},"modified":"2026-01-27T15:04:56","modified_gmt":"2026-01-27T15:04:56","slug":"rio-ferdinand-sen-prend-a-keane-et-neville-au-sujet-de-carrick","status":"publish","type":"post","link":"https:\/\/bladnanews.com\/fr\/rio-ferdinand-sen-prend-a-keane-et-neville-au-sujet-de-carrick\/","title":{"rendered":"Rio Ferdinand critique Keane et Neville au sujet de Carrick"},"content":{"rendered":"<p>Rio Ferdinand a r\u00e9pliqu\u00e9 \u00e0 ses anciens co\u00e9quipiers de Manchester United, Roy Keane et Gary Neville, apr\u00e8s leurs critiques envers Michael Carrick, affirmant que le duo a fait preuve d'un \u201cmanque de respect incroyable\u201d envers l'ancien milieu de terrain des Red Devils.<\/p>\n<p>Ferdinand a exprim\u00e9 clairement ses sentiments en \u00e9voquant le passage de Carrick au sein de l'effectif de United et la mani\u00e8re dont il a \u00e9t\u00e9 \u00e9voqu\u00e9 lors de r\u00e9cents d\u00e9bats impliquant d'anciens joueurs du club.<\/p>\n<p>Carrick a pass\u00e9 douze ans \u00e0 Old Trafford apr\u00e8s son arriv\u00e9e de Tottenham, remportant des titres majeurs et devenant une figure cl\u00e9 au milieu de terrain. Ferdinand a insist\u00e9 sur le fait que cette contribution ne devait pas \u00eatre minimis\u00e9e et s'est interrog\u00e9 sur les raisons pour lesquelles le statut de Carrick continue d'\u00eatre remis en question.<\/p>\n<p>\u201c Mais d'o\u00f9 sortez-vous ?! \u201d a d\u00e9clar\u00e9 Ferdinand, en visant le ton des critiques adress\u00e9es \u00e0 Carrick.<\/p>\n<p>Ferdinand a soutenu que le r\u00f4le de Carrick \u00e9tait souvent mal compris et que son influence sur les \u00e9quipes de United sous diff\u00e9rents entra\u00eeneurs \u00e9tait \u00e9vidente pour ceux qui ont jou\u00e9 \u00e0 ses c\u00f4t\u00e9s.<\/p>\n<p>L'ancien d\u00e9fenseur de United a \u00e9galement contest\u00e9 ce qu'il a per\u00e7u comme un manque de respect de la part d'ic\u00f4nes du club, pointant directement du doigt Keane et Neville dans ses propos et affirmant que la mani\u00e8re dont Carrick \u00e9tait \u00e9voqu\u00e9 d\u00e9passait les limites.<\/p>\n<p>Carrick, qui est ensuite revenu \u00e0 United en tant qu'entra\u00eeneur et a bri\u00e8vement assur\u00e9 l'int\u00e9rim apr\u00e8s le d\u00e9part d'Ole Gunnar Solskjaer, s'est forg\u00e9 une r\u00e9putation de calme sur et en dehors du terrain. Le message de Ferdinand \u00e9tait que ces qualit\u00e9s et ses r\u00e9alisations au club m\u00e9ritent une reconnaissance \u00e0 leur juste valeur.<\/p>","protected":false},"excerpt":{"rendered":"<p>Rio Ferdinand has hit back at former Manchester United team-mates Roy Keane and Gary Neville after they criticised Michael Carrick, [&hellip;]<\/p>\n","protected":false},"author":3,"featured_media":7954,"comment_status":"","ping_status":"open","sticky":false,"template":"","format":"standard","meta":{"googlesitekit_rrm_CAow_uzEDA:productID":"","site-sidebar-layout":"default","site-content-layout":"","ast-site-content-layout":"default","site-content-style":"default","site-sidebar-style":"default","ast-global-header-display":"","ast-banner-title-visibility":"","ast-main-header-display":"","ast-hfb-above-header-display":"","ast-hfb-below-header-display":"","ast-hfb-mobile-header-display":"","site-post-title":"","ast-breadcrumbs-content":"","ast-featured-img":"","footer-sml-layout":"","ast-disable-related-posts":"","theme-transparent-header-meta":"","adv-header-id-meta":"","stick-header-meta":"","header-above-stick-meta":"","header-main-stick-meta":"","header-below-stick-meta":"","astra-migrate-meta-layouts":"default","ast-page-background-enabled":"default","ast-page-background-meta":{"desktop":{"background-color":"var(--ast-global-color-5)","background-image":"","background-repeat":"repeat","background-position":"center center","background-size":"auto","background-attachment":"scroll","background-type":"","background-media":"","overlay-type":"","overlay-color":"","overlay-opacity":"","overlay-gradient":""},"tablet":{"background-color":"","background-image":"","background-repeat":"repeat","background-position":"center center","background-size":"auto","background-attachment":"scroll","background-type":"","background-media":"","overlay-type":"","overlay-color":"","overlay-opacity":"","overlay-gradient":""},"mobile":{"background-color":"","background-image":"","background-repeat":"repeat","background-position":"center center","background-size":"auto","background-attachment":"scroll","background-type":"","background-media":"","overlay-type":"","overlay-color":"","overlay-opacity":"","overlay-gradient":""}},"ast-content-background-meta":{"desktop":{"background-color":"var(--ast-global-color-4)","background-image":"","background-repeat":"repeat","background-position":"center center","background-size":"auto","background-attachment":"scroll","background-type":"","background-media":"","overlay-type":"","overlay-color":"","overlay-opacity":"","overlay-gradient":""},"tablet":{"background-color":"var(--ast-global-color-4)","background-image":"","background-repeat":"repeat","background-position":"center center","background-size":"auto","background-attachment":"scroll","background-type":"","background-media":"","overlay-type":"","overlay-color":"","overlay-opacity":"","overlay-gradient":""},"mobile":{"background-color":"var(--ast-global-color-4)","background-image":"","background-repeat":"repeat","background-position":"center center","background-size":"auto","background-attachment":"scroll","background-type":"","background-media":"","overlay-type":"","overlay-color":"","overlay-opacity":"","overlay-gradient":""}},"footnotes":""},"categories":[20,1],"tags":[],"class_list":["post-7955","post","type-post","status-publish","format-standard","has-post-thumbnail","hentry","category-international","category-football-latest-news"],"yoast_head":"<!-- This site is optimized with the Yoast SEO Premium plugin v26.6 (Yoast SEO v27.4) - https:\/\/yoast.com\/product\/yoast-seo-premium-wordpress\/ -->\n<title>Rio Ferdinand hits out at Keane and Neville over Carrick - Bladna News<\/title>\n<meta name=\"robots\" content=\"index, follow, max-snippet:-1, max-image-preview:large, max-video-preview:-1\" \/>\n<link rel=\"canonical\" href=\"https:\/\/bladnanews.com\/fr\/rio-ferdinand-sen-prend-a-keane-et-neville-au-sujet-de-carrick\/\" \/>\n<meta property=\"og:locale\" content=\"fr_FR\" \/>\n<meta property=\"og:type\" content=\"article\" \/>\n<meta property=\"og:title\" content=\"Rio Ferdinand hits out at Keane and Neville over Carrick\" \/>\n<meta property=\"og:description\" content=\"Rio Ferdinand has hit back at former Manchester United team-mates Roy Keane and Gary Neville after they criticised Michael Carrick, [&hellip;]\" \/>\n<meta property=\"og:url\" content=\"https:\/\/bladnanews.com\/fr\/rio-ferdinand-sen-prend-a-keane-et-neville-au-sujet-de-carrick\/\" \/>\n<meta property=\"og:site_name\" content=\"Bladna News\" \/>\n<meta property=\"article:published_time\" content=\"2026-01-27T15:04:56+00:00\" \/>\n<meta property=\"og:image\" content=\"https:\/\/bladnanews.com\/wp-content\/uploads\/2025\/12\/freepik__bladna-newscom-moroccan-soccer-homepage-banner-mor__41838.png\" \/>\n\t<meta property=\"og:image:width\" content=\"1312\" \/>\n\t<meta property=\"og:image:height\" content=\"736\" \/>\n\t<meta property=\"og:image:type\" content=\"image\/png\" \/>\n<meta name=\"author\" content=\"Bladna News Staff\" \/>\n<meta name=\"twitter:card\" content=\"summary_large_image\" \/>\n<meta name=\"twitter:label1\" content=\"\u00c9crit par\" \/>\n\t<meta name=\"twitter:data1\" content=\"Bladna News Staff\" \/>\n\t<meta name=\"twitter:label2\" content=\"Dur\u00e9e de lecture estim\u00e9e\" \/>\n\t<meta name=\"twitter:data2\" content=\"1 minute\" \/>\n<script type=\"application\/ld+json\" class=\"yoast-schema-graph\">{\"@context\":\"https:\\\/\\\/schema.org\",\"@graph\":[{\"@type\":\"Article\",\"@id\":\"https:\\\/\\\/bladnanews.com\\\/rio-ferdinand-hits-out-at-keane-and-neville-over-carrick\\\/#article\",\"isPartOf\":{\"@id\":\"https:\\\/\\\/bladnanews.com\\\/rio-ferdinand-hits-out-at-keane-and-neville-over-carrick\\\/\"},\"author\":{\"name\":\"Bladna News Staff\",\"@id\":\"https:\\\/\\\/mediumseagreen-eel-531711.hostingersite.com\\\/#\\\/schema\\\/person\\\/268e18a453ab080ebf76df6ef7845083\"},\"headline\":\"Rio Ferdinand hits out at Keane and Neville over Carrick\",\"datePublished\":\"2026-01-27T15:04:56+00:00\",\"mainEntityOfPage\":{\"@id\":\"https:\\\/\\\/bladnanews.com\\\/rio-ferdinand-hits-out-at-keane-and-neville-over-carrick\\\/\"},\"wordCount\":251,\"publisher\":{\"@id\":\"https:\\\/\\\/mediumseagreen-eel-531711.hostingersite.com\\\/#organization\"},\"image\":{\"@id\":\"https:\\\/\\\/bladnanews.com\\\/rio-ferdinand-hits-out-at-keane-and-neville-over-carrick\\\/#primaryimage\"},\"thumbnailUrl\":\"https:\\\/\\\/bladnanews.com\\\/wp-content\\\/uploads\\\/2026\\\/01\\\/BladnaNews-Rio-Ferdinand-hits-out-at-Keane-and-Neville-over-Carrick-2026-01-28T011023.506Z.jpg\",\"articleSection\":[\"International\",\"Latest News\"],\"inLanguage\":\"fr-FR\",\"copyrightYear\":\"2026\",\"copyrightHolder\":{\"@id\":\"https:\\\/\\\/bladnanews.com\\\/fr\\\/#organization\"}},{\"@type\":\"WebPage\",\"@id\":\"https:\\\/\\\/bladnanews.com\\\/rio-ferdinand-hits-out-at-keane-and-neville-over-carrick\\\/\",\"url\":\"https:\\\/\\\/bladnanews.com\\\/rio-ferdinand-hits-out-at-keane-and-neville-over-carrick\\\/\",\"name\":\"Rio Ferdinand hits out at Keane and Neville over Carrick - Bladna News\",\"isPartOf\":{\"@id\":\"https:\\\/\\\/mediumseagreen-eel-531711.hostingersite.com\\\/#website\"},\"primaryImageOfPage\":{\"@id\":\"https:\\\/\\\/bladnanews.com\\\/rio-ferdinand-hits-out-at-keane-and-neville-over-carrick\\\/#primaryimage\"},\"image\":{\"@id\":\"https:\\\/\\\/bladnanews.com\\\/rio-ferdinand-hits-out-at-keane-and-neville-over-carrick\\\/#primaryimage\"},\"thumbnailUrl\":\"https:\\\/\\\/bladnanews.com\\\/wp-content\\\/uploads\\\/2026\\\/01\\\/BladnaNews-Rio-Ferdinand-hits-out-at-Keane-and-Neville-over-Carrick-2026-01-28T011023.506Z.jpg\",\"datePublished\":\"2026-01-27T15:04:56+00:00\",\"breadcrumb\":{\"@id\":\"https:\\\/\\\/bladnanews.com\\\/rio-ferdinand-hits-out-at-keane-and-neville-over-carrick\\\/#breadcrumb\"},\"inLanguage\":\"fr-FR\",\"potentialAction\":[{\"@type\":\"ReadAction\",\"target\":[\"https:\\\/\\\/bladnanews.com\\\/rio-ferdinand-hits-out-at-keane-and-neville-over-carrick\\\/\"]}]},{\"@type\":\"ImageObject\",\"inLanguage\":\"fr-FR\",\"@id\":\"https:\\\/\\\/bladnanews.com\\\/rio-ferdinand-hits-out-at-keane-and-neville-over-carrick\\\/#primaryimage\",\"url\":\"https:\\\/\\\/bladnanews.com\\\/wp-content\\\/uploads\\\/2026\\\/01\\\/BladnaNews-Rio-Ferdinand-hits-out-at-Keane-and-Neville-over-Carrick-2026-01-28T011023.506Z.jpg\",\"contentUrl\":\"https:\\\/\\\/bladnanews.com\\\/wp-content\\\/uploads\\\/2026\\\/01\\\/BladnaNews-Rio-Ferdinand-hits-out-at-Keane-and-Neville-over-Carrick-2026-01-28T011023.506Z.jpg\",\"width\":1920,\"height\":1080,\"caption\":\"Roy Keane speaks into a microphone on the left, while Michael Carrick looks contemplative on the right, both in formal attire.\"},{\"@type\":\"BreadcrumbList\",\"@id\":\"https:\\\/\\\/bladnanews.com\\\/rio-ferdinand-hits-out-at-keane-and-neville-over-carrick\\\/#breadcrumb\",\"itemListElement\":[{\"@type\":\"ListItem\",\"position\":1,\"name\":\"Home\",\"item\":\"https:\\\/\\\/bladnanews.com\\\/\"},{\"@type\":\"ListItem\",\"position\":2,\"name\":\"Rio Ferdinand hits out at Keane and Neville over Carrick\"}]},{\"@type\":\"WebSite\",\"@id\":\"https:\\\/\\\/mediumseagreen-eel-531711.hostingersite.com\\\/#website\",\"url\":\"https:\\\/\\\/mediumseagreen-eel-531711.hostingersite.com\\\/\",\"name\":\"Bladna News - Morocco\",\"description\":\"Where Moroccan Football Meets the World\",\"publisher\":{\"@id\":\"https:\\\/\\\/mediumseagreen-eel-531711.hostingersite.com\\\/#organization\"},\"potentialAction\":[{\"@type\":\"SearchAction\",\"target\":{\"@type\":\"EntryPoint\",\"urlTemplate\":\"https:\\\/\\\/mediumseagreen-eel-531711.hostingersite.com\\\/?s={search_term_string}\"},\"query-input\":{\"@type\":\"PropertyValueSpecification\",\"valueRequired\":true,\"valueName\":\"search_term_string\"}}],\"inLanguage\":\"fr-FR\"},{\"@type\":\"Organization\",\"@id\":\"https:\\\/\\\/mediumseagreen-eel-531711.hostingersite.com\\\/#organization\",\"name\":\"Bladna News.com\",\"url\":\"https:\\\/\\\/mediumseagreen-eel-531711.hostingersite.com\\\/\",\"logo\":{\"@type\":\"ImageObject\",\"inLanguage\":\"fr-FR\",\"@id\":\"https:\\\/\\\/mediumseagreen-eel-531711.hostingersite.com\\\/#\\\/schema\\\/logo\\\/image\\\/\",\"url\":\"https:\\\/\\\/bladnanews.com\\\/wp-content\\\/uploads\\\/2025\\\/12\\\/logo-bladnanews-V2-web-black-red.png\",\"contentUrl\":\"https:\\\/\\\/bladnanews.com\\\/wp-content\\\/uploads\\\/2025\\\/12\\\/logo-bladnanews-V2-web-black-red.png\",\"width\":703,\"height\":287,\"caption\":\"Bladna News.com\"},\"image\":{\"@id\":\"https:\\\/\\\/mediumseagreen-eel-531711.hostingersite.com\\\/#\\\/schema\\\/logo\\\/image\\\/\"},\"email\":\"info@bladnanews.com\",\"legalName\":\"Bladna News\"},{\"@type\":\"Person\",\"@id\":\"https:\\\/\\\/mediumseagreen-eel-531711.hostingersite.com\\\/#\\\/schema\\\/person\\\/268e18a453ab080ebf76df6ef7845083\",\"name\":\"Bladna News Staff\",\"url\":\"https:\\\/\\\/bladnanews.com\\\/fr\\\/author\\\/bladna-news-staff\\\/\"}]}<\/script>\n<!-- \/ Yoast SEO Premium plugin. -->","yoast_head_json":{"title":"Rio Ferdinand critique Keane et Neville au sujet de Carrick - Bladna News","robots":{"index":"index","follow":"follow","max-snippet":"max-snippet:-1","max-image-preview":"max-image-preview:large","max-video-preview":"max-video-preview:-1"},"canonical":"https:\/\/bladnanews.com\/fr\/rio-ferdinand-sen-prend-a-keane-et-neville-au-sujet-de-carrick\/","og_locale":"fr_FR","og_type":"article","og_title":"Rio Ferdinand hits out at Keane and Neville over Carrick","og_description":"Rio Ferdinand has hit back at former Manchester United team-mates Roy Keane and Gary Neville after they criticised Michael Carrick, [&hellip;]","og_url":"https:\/\/bladnanews.com\/fr\/rio-ferdinand-sen-prend-a-keane-et-neville-au-sujet-de-carrick\/","og_site_name":"Bladna News","article_published_time":"2026-01-27T15:04:56+00:00","og_image":[{"width":1312,"height":736,"url":"https:\/\/bladnanews.com\/wp-content\/uploads\/2025\/12\/freepik__bladna-newscom-moroccan-soccer-homepage-banner-mor__41838.png","type":"image\/png"}],"author":"Bladna News Staff","twitter_card":"summary_large_image","twitter_misc":{"\u00c9crit par":"Bladna News Staff","Dur\u00e9e de lecture estim\u00e9e":"1 minute"},"schema":{"@context":"https:\/\/schema.org","@graph":[{"@type":"Article","@id":"https:\/\/bladnanews.com\/rio-ferdinand-hits-out-at-keane-and-neville-over-carrick\/#article","isPartOf":{"@id":"https:\/\/bladnanews.com\/rio-ferdinand-hits-out-at-keane-and-neville-over-carrick\/"},"author":{"name":"Bladna News Staff","@id":"https:\/\/mediumseagreen-eel-531711.hostingersite.com\/#\/schema\/person\/268e18a453ab080ebf76df6ef7845083"},"headline":"Rio Ferdinand hits out at Keane and Neville over Carrick","datePublished":"2026-01-27T15:04:56+00:00","mainEntityOfPage":{"@id":"https:\/\/bladnanews.com\/rio-ferdinand-hits-out-at-keane-and-neville-over-carrick\/"},"wordCount":251,"publisher":{"@id":"https:\/\/mediumseagreen-eel-531711.hostingersite.com\/#organization"},"image":{"@id":"https:\/\/bladnanews.com\/rio-ferdinand-hits-out-at-keane-and-neville-over-carrick\/#primaryimage"},"thumbnailUrl":"https:\/\/bladnanews.com\/wp-content\/uploads\/2026\/01\/BladnaNews-Rio-Ferdinand-hits-out-at-Keane-and-Neville-over-Carrick-2026-01-28T011023.506Z.jpg","articleSection":["International","Latest News"],"inLanguage":"fr-FR","copyrightYear":"2026","copyrightHolder":{"@id":"https:\/\/bladnanews.com\/fr\/#organization"}},{"@type":"WebPage","@id":"https:\/\/bladnanews.com\/rio-ferdinand-hits-out-at-keane-and-neville-over-carrick\/","url":"https:\/\/bladnanews.com\/rio-ferdinand-hits-out-at-keane-and-neville-over-carrick\/","name":"Rio Ferdinand critique Keane et Neville au sujet de Carrick - Bladna News","isPartOf":{"@id":"https:\/\/mediumseagreen-eel-531711.hostingersite.com\/#website"},"primaryImageOfPage":{"@id":"https:\/\/bladnanews.com\/rio-ferdinand-hits-out-at-keane-and-neville-over-carrick\/#primaryimage"},"image":{"@id":"https:\/\/bladnanews.com\/rio-ferdinand-hits-out-at-keane-and-neville-over-carrick\/#primaryimage"},"thumbnailUrl":"https:\/\/bladnanews.com\/wp-content\/uploads\/2026\/01\/BladnaNews-Rio-Ferdinand-hits-out-at-Keane-and-Neville-over-Carrick-2026-01-28T011023.506Z.jpg","datePublished":"2026-01-27T15:04:56+00:00","breadcrumb":{"@id":"https:\/\/bladnanews.com\/rio-ferdinand-hits-out-at-keane-and-neville-over-carrick\/#breadcrumb"},"inLanguage":"fr-FR","potentialAction":[{"@type":"ReadAction","target":["https:\/\/bladnanews.com\/rio-ferdinand-hits-out-at-keane-and-neville-over-carrick\/"]}]},{"@type":"ImageObject","inLanguage":"fr-FR","@id":"https:\/\/bladnanews.com\/rio-ferdinand-hits-out-at-keane-and-neville-over-carrick\/#primaryimage","url":"https:\/\/bladnanews.com\/wp-content\/uploads\/2026\/01\/BladnaNews-Rio-Ferdinand-hits-out-at-Keane-and-Neville-over-Carrick-2026-01-28T011023.506Z.jpg","contentUrl":"https:\/\/bladnanews.com\/wp-content\/uploads\/2026\/01\/BladnaNews-Rio-Ferdinand-hits-out-at-Keane-and-Neville-over-Carrick-2026-01-28T011023.506Z.jpg","width":1920,"height":1080,"caption":"Roy Keane speaks into a microphone on the left, while Michael Carrick looks contemplative on the right, both in formal attire."},{"@type":"BreadcrumbList","@id":"https:\/\/bladnanews.com\/rio-ferdinand-hits-out-at-keane-and-neville-over-carrick\/#breadcrumb","itemListElement":[{"@type":"ListItem","position":1,"name":"Home","item":"https:\/\/bladnanews.com\/"},{"@type":"ListItem","position":2,"name":"Rio Ferdinand hits out at Keane and Neville over Carrick"}]},{"@type":"WebSite","@id":"https:\/\/mediumseagreen-eel-531711.hostingersite.com\/#website","url":"https:\/\/mediumseagreen-eel-531711.hostingersite.com\/","name":"Bladna News - Maroc","description":"Quand le football marocain rencontre le monde","publisher":{"@id":"https:\/\/mediumseagreen-eel-531711.hostingersite.com\/#organization"},"potentialAction":[{"@type":"SearchAction","target":{"@type":"EntryPoint","urlTemplate":"https:\/\/mediumseagreen-eel-531711.hostingersite.com\/?s={search_term_string}"},"query-input":{"@type":"PropertyValueSpecification","valueRequired":true,"valueName":"search_term_string"}}],"inLanguage":"fr-FR"},{"@type":"Organization","@id":"https:\/\/mediumseagreen-eel-531711.hostingersite.com\/#organization","name":"Bladna News.com","url":"https:\/\/mediumseagreen-eel-531711.hostingersite.com\/","logo":{"@type":"ImageObject","inLanguage":"fr-FR","@id":"https:\/\/mediumseagreen-eel-531711.hostingersite.com\/#\/schema\/logo\/image\/","url":"https:\/\/bladnanews.com\/wp-content\/uploads\/2025\/12\/logo-bladnanews-V2-web-black-red.png","contentUrl":"https:\/\/bladnanews.com\/wp-content\/uploads\/2025\/12\/logo-bladnanews-V2-web-black-red.png","width":703,"height":287,"caption":"Bladna News.com"},"image":{"@id":"https:\/\/mediumseagreen-eel-531711.hostingersite.com\/#\/schema\/logo\/image\/"},"email":"info@bladnanews.com","legalName":"Bladna News"},{"@type":"Person","@id":"https:\/\/mediumseagreen-eel-531711.hostingersite.com\/#\/schema\/person\/268e18a453ab080ebf76df6ef7845083","name":"\u00c9quipe r\u00e9dactionnelle de Bladna News","url":"https:\/\/bladnanews.com\/fr\/author\/bladna-news-staff\/"}]}},"_links":{"self":[{"href":"https:\/\/bladnanews.com\/fr\/wp-json\/wp\/v2\/posts\/7955","targetHints":{"allow":["GET"]}}],"collection":[{"href":"https:\/\/bladnanews.com\/fr\/wp-json\/wp\/v2\/posts"}],"about":[{"href":"https:\/\/bladnanews.com\/fr\/wp-json\/wp\/v2\/types\/post"}],"author":[{"embeddable":true,"href":"https:\/\/bladnanews.com\/fr\/wp-json\/wp\/v2\/users\/3"}],"replies":[{"embeddable":true,"href":"https:\/\/bladnanews.com\/fr\/wp-json\/wp\/v2\/comments?post=7955"}],"version-history":[{"count":0,"href":"https:\/\/bladnanews.com\/fr\/wp-json\/wp\/v2\/posts\/7955\/revisions"}],"wp:featuredmedia":[{"embeddable":true,"href":"https:\/\/bladnanews.com\/fr\/wp-json\/wp\/v2\/media\/7954"}],"wp:attachment":[{"href":"https:\/\/bladnanews.com\/fr\/wp-json\/wp\/v2\/media?parent=7955"}],"wp:term":[{"taxonomy":"category","embeddable":true,"href":"https:\/\/bladnanews.com\/fr\/wp-json\/wp\/v2\/categories?post=7955"},{"taxonomy":"post_tag","embeddable":true,"href":"https:\/\/bladnanews.com\/fr\/wp-json\/wp\/v2\/tags?post=7955"}],"curies":[{"name":"wp","href":"https:\/\/api.w.org\/{rel}","templated":true}]}}