{"id":7957,"date":"2026-01-27T15:30:56","date_gmt":"2026-01-27T15:30:56","guid":{"rendered":"https:\/\/bladnanews.com\/pep-guardiola-gives-prickly-reply-over-referee-comments\/"},"modified":"2026-01-27T15:30:56","modified_gmt":"2026-01-27T15:30:56","slug":"pep-guardiola-repond-de-maniere-piquante-aux-commentaires-sur-larbitre","status":"publish","type":"post","link":"https:\/\/bladnanews.com\/fr\/pep-guardiola-repond-de-maniere-piquante-aux-commentaires-sur-larbitre\/","title":{"rendered":"Pep Guardiola r\u00e9pond de mani\u00e8re piquante aux commentaires sur l'arbitre"},"content":{"rendered":"<p>Pep Guardiola a donn\u00e9 une r\u00e9ponse piquante lorsqu'il a \u00e9t\u00e9 interrog\u00e9 \u00e0 nouveau sur ses commentaires concernant l'arbitre Farai Hallam, l'entra\u00eeneur de Manchester City faisant face \u00e0 un journaliste peu impressionn\u00e9 lors d'un \u00e9change tendu.<\/p>\n<p>Le patron de City s'\u00e9tait d\u00e9j\u00e0 exprim\u00e9 publiquement sur Hallam, ses remarques ayant attir\u00e9 l'attention apr\u00e8s que l'officiel de Premier League soit devenu un \u00e9l\u00e9ment du d\u00e9bat plus large d'apr\u00e8s-match sur les d\u00e9cisions et les standards de l'arbitrage.<\/p>\n<p>Dans l'extrait, le journaliste a directement mis Guardiola au d\u00e9fi concernant son attaque envers Hallam, le pressant de clarifier sa position et la raison de ces critiques. Guardiola, visiblement peu impressionn\u00e9 par cette ligne de questionnement, a r\u00e9pondu avec vivacit\u00e9 et n'a pas d\u00e9vi\u00e9 de sa position.<\/p>\n<p>La r\u00e9action de Guardiola n'a fait qu'attirer davantage l'attention sur sa relation avec les d\u00e9cisions arbitrales, le d\u00e9bat autour de Hallam continuant de suivre City jusque dans ses obligations m\u00e9diatiques.<\/p>\n<p>Cet \u00e9change a soulign\u00e9 \u00e0 quelle vitesse les commentaires sur les officiels peuvent devenir un sujet de discussion majeur, m\u00eame lorsque l'entra\u00eeneur tente de maintenir l'attention sur le football.<\/p>","protected":false},"excerpt":{"rendered":"<p>Pep Guardiola gave a prickly reply when questioned again about his comments on referee Farai Hallam, as the Manchester City [&hellip;]<\/p>\n","protected":false},"author":3,"featured_media":7956,"comment_status":"","ping_status":"open","sticky":false,"template":"","format":"standard","meta":{"googlesitekit_rrm_CAow_uzEDA:productID":"","site-sidebar-layout":"default","site-content-layout":"","ast-site-content-layout":"default","site-content-style":"default","site-sidebar-style":"default","ast-global-header-display":"","ast-banner-title-visibility":"","ast-main-header-display":"","ast-hfb-above-header-display":"","ast-hfb-below-header-display":"","ast-hfb-mobile-header-display":"","site-post-title":"","ast-breadcrumbs-content":"","ast-featured-img":"","footer-sml-layout":"","ast-disable-related-posts":"","theme-transparent-header-meta":"","adv-header-id-meta":"","stick-header-meta":"","header-above-stick-meta":"","header-main-stick-meta":"","header-below-stick-meta":"","astra-migrate-meta-layouts":"default","ast-page-background-enabled":"default","ast-page-background-meta":{"desktop":{"background-color":"var(--ast-global-color-5)","background-image":"","background-repeat":"repeat","background-position":"center center","background-size":"auto","background-attachment":"scroll","background-type":"","background-media":"","overlay-type":"","overlay-color":"","overlay-opacity":"","overlay-gradient":""},"tablet":{"background-color":"","background-image":"","background-repeat":"repeat","background-position":"center center","background-size":"auto","background-attachment":"scroll","background-type":"","background-media":"","overlay-type":"","overlay-color":"","overlay-opacity":"","overlay-gradient":""},"mobile":{"background-color":"","background-image":"","background-repeat":"repeat","background-position":"center center","background-size":"auto","background-attachment":"scroll","background-type":"","background-media":"","overlay-type":"","overlay-color":"","overlay-opacity":"","overlay-gradient":""}},"ast-content-background-meta":{"desktop":{"background-color":"var(--ast-global-color-4)","background-image":"","background-repeat":"repeat","background-position":"center center","background-size":"auto","background-attachment":"scroll","background-type":"","background-media":"","overlay-type":"","overlay-color":"","overlay-opacity":"","overlay-gradient":""},"tablet":{"background-color":"var(--ast-global-color-4)","background-image":"","background-repeat":"repeat","background-position":"center center","background-size":"auto","background-attachment":"scroll","background-type":"","background-media":"","overlay-type":"","overlay-color":"","overlay-opacity":"","overlay-gradient":""},"mobile":{"background-color":"var(--ast-global-color-4)","background-image":"","background-repeat":"repeat","background-position":"center center","background-size":"auto","background-attachment":"scroll","background-type":"","background-media":"","overlay-type":"","overlay-color":"","overlay-opacity":"","overlay-gradient":""}},"footnotes":""},"categories":[20,1],"tags":[],"class_list":["post-7957","post","type-post","status-publish","format-standard","has-post-thumbnail","hentry","category-international","category-football-latest-news"],"yoast_head":"<!-- This site is optimized with the Yoast SEO Premium plugin v26.6 (Yoast SEO v27.4) - https:\/\/yoast.com\/product\/yoast-seo-premium-wordpress\/ -->\n<title>Pep Guardiola gives prickly reply over referee comments - Bladna News<\/title>\n<meta name=\"robots\" content=\"index, follow, max-snippet:-1, max-image-preview:large, max-video-preview:-1\" \/>\n<link rel=\"canonical\" href=\"https:\/\/bladnanews.com\/fr\/pep-guardiola-repond-de-maniere-piquante-aux-commentaires-sur-larbitre\/\" \/>\n<meta property=\"og:locale\" content=\"fr_FR\" \/>\n<meta property=\"og:type\" content=\"article\" \/>\n<meta property=\"og:title\" content=\"Pep Guardiola gives prickly reply over referee comments\" \/>\n<meta property=\"og:description\" content=\"Pep Guardiola gave a prickly reply when questioned again about his comments on referee Farai Hallam, as the Manchester City [&hellip;]\" \/>\n<meta property=\"og:url\" content=\"https:\/\/bladnanews.com\/fr\/pep-guardiola-repond-de-maniere-piquante-aux-commentaires-sur-larbitre\/\" \/>\n<meta property=\"og:site_name\" content=\"Bladna News\" \/>\n<meta property=\"article:published_time\" content=\"2026-01-27T15:30:56+00:00\" \/>\n<meta property=\"og:image\" content=\"https:\/\/bladnanews.com\/wp-content\/uploads\/2025\/12\/freepik__bladna-newscom-moroccan-soccer-homepage-banner-mor__41838.png\" \/>\n\t<meta property=\"og:image:width\" content=\"1312\" \/>\n\t<meta property=\"og:image:height\" content=\"736\" \/>\n\t<meta property=\"og:image:type\" content=\"image\/png\" \/>\n<meta name=\"author\" content=\"Bladna News Staff\" \/>\n<meta name=\"twitter:card\" content=\"summary_large_image\" \/>\n<meta name=\"twitter:label1\" content=\"\u00c9crit par\" \/>\n\t<meta name=\"twitter:data1\" content=\"Bladna News Staff\" \/>\n\t<meta name=\"twitter:label2\" content=\"Dur\u00e9e de lecture estim\u00e9e\" \/>\n\t<meta name=\"twitter:data2\" content=\"1 minute\" \/>\n<script type=\"application\/ld+json\" class=\"yoast-schema-graph\">{\"@context\":\"https:\\\/\\\/schema.org\",\"@graph\":[{\"@type\":\"Article\",\"@id\":\"https:\\\/\\\/bladnanews.com\\\/pep-guardiola-gives-prickly-reply-over-referee-comments\\\/#article\",\"isPartOf\":{\"@id\":\"https:\\\/\\\/bladnanews.com\\\/pep-guardiola-gives-prickly-reply-over-referee-comments\\\/\"},\"author\":{\"name\":\"Bladna News Staff\",\"@id\":\"https:\\\/\\\/mediumseagreen-eel-531711.hostingersite.com\\\/#\\\/schema\\\/person\\\/268e18a453ab080ebf76df6ef7845083\"},\"headline\":\"Pep Guardiola gives prickly reply over referee comments\",\"datePublished\":\"2026-01-27T15:30:56+00:00\",\"mainEntityOfPage\":{\"@id\":\"https:\\\/\\\/bladnanews.com\\\/pep-guardiola-gives-prickly-reply-over-referee-comments\\\/\"},\"wordCount\":164,\"publisher\":{\"@id\":\"https:\\\/\\\/mediumseagreen-eel-531711.hostingersite.com\\\/#organization\"},\"image\":{\"@id\":\"https:\\\/\\\/bladnanews.com\\\/pep-guardiola-gives-prickly-reply-over-referee-comments\\\/#primaryimage\"},\"thumbnailUrl\":\"https:\\\/\\\/bladnanews.com\\\/wp-content\\\/uploads\\\/2026\\\/01\\\/BladnaNews-Pep-Guardiola-gives-prickly-reply-over-referee-comments-2026-01-28T011043.187Z-scaled.jpg\",\"articleSection\":[\"International\",\"Latest News\"],\"inLanguage\":\"fr-FR\",\"copyrightYear\":\"2026\",\"copyrightHolder\":{\"@id\":\"https:\\\/\\\/bladnanews.com\\\/fr\\\/#organization\"}},{\"@type\":\"WebPage\",\"@id\":\"https:\\\/\\\/bladnanews.com\\\/pep-guardiola-gives-prickly-reply-over-referee-comments\\\/\",\"url\":\"https:\\\/\\\/bladnanews.com\\\/pep-guardiola-gives-prickly-reply-over-referee-comments\\\/\",\"name\":\"Pep Guardiola gives prickly reply over referee comments - Bladna News\",\"isPartOf\":{\"@id\":\"https:\\\/\\\/mediumseagreen-eel-531711.hostingersite.com\\\/#website\"},\"primaryImageOfPage\":{\"@id\":\"https:\\\/\\\/bladnanews.com\\\/pep-guardiola-gives-prickly-reply-over-referee-comments\\\/#primaryimage\"},\"image\":{\"@id\":\"https:\\\/\\\/bladnanews.com\\\/pep-guardiola-gives-prickly-reply-over-referee-comments\\\/#primaryimage\"},\"thumbnailUrl\":\"https:\\\/\\\/bladnanews.com\\\/wp-content\\\/uploads\\\/2026\\\/01\\\/BladnaNews-Pep-Guardiola-gives-prickly-reply-over-referee-comments-2026-01-28T011043.187Z-scaled.jpg\",\"datePublished\":\"2026-01-27T15:30:56+00:00\",\"breadcrumb\":{\"@id\":\"https:\\\/\\\/bladnanews.com\\\/pep-guardiola-gives-prickly-reply-over-referee-comments\\\/#breadcrumb\"},\"inLanguage\":\"fr-FR\",\"potentialAction\":[{\"@type\":\"ReadAction\",\"target\":[\"https:\\\/\\\/bladnanews.com\\\/pep-guardiola-gives-prickly-reply-over-referee-comments\\\/\"]}]},{\"@type\":\"ImageObject\",\"inLanguage\":\"fr-FR\",\"@id\":\"https:\\\/\\\/bladnanews.com\\\/pep-guardiola-gives-prickly-reply-over-referee-comments\\\/#primaryimage\",\"url\":\"https:\\\/\\\/bladnanews.com\\\/wp-content\\\/uploads\\\/2026\\\/01\\\/BladnaNews-Pep-Guardiola-gives-prickly-reply-over-referee-comments-2026-01-28T011043.187Z-scaled.jpg\",\"contentUrl\":\"https:\\\/\\\/bladnanews.com\\\/wp-content\\\/uploads\\\/2026\\\/01\\\/BladnaNews-Pep-Guardiola-gives-prickly-reply-over-referee-comments-2026-01-28T011043.187Z-scaled.jpg\",\"width\":2560,\"height\":1440,\"caption\":\"Pep Guardiola appears serious during a press conference, featuring a furrowed brow and a subtle frown, with blurred team logos in the background.\"},{\"@type\":\"BreadcrumbList\",\"@id\":\"https:\\\/\\\/bladnanews.com\\\/pep-guardiola-gives-prickly-reply-over-referee-comments\\\/#breadcrumb\",\"itemListElement\":[{\"@type\":\"ListItem\",\"position\":1,\"name\":\"Home\",\"item\":\"https:\\\/\\\/bladnanews.com\\\/\"},{\"@type\":\"ListItem\",\"position\":2,\"name\":\"Pep Guardiola gives prickly reply over referee comments\"}]},{\"@type\":\"WebSite\",\"@id\":\"https:\\\/\\\/mediumseagreen-eel-531711.hostingersite.com\\\/#website\",\"url\":\"https:\\\/\\\/mediumseagreen-eel-531711.hostingersite.com\\\/\",\"name\":\"Bladna News - Morocco\",\"description\":\"Where Moroccan Football Meets the World\",\"publisher\":{\"@id\":\"https:\\\/\\\/mediumseagreen-eel-531711.hostingersite.com\\\/#organization\"},\"potentialAction\":[{\"@type\":\"SearchAction\",\"target\":{\"@type\":\"EntryPoint\",\"urlTemplate\":\"https:\\\/\\\/mediumseagreen-eel-531711.hostingersite.com\\\/?s={search_term_string}\"},\"query-input\":{\"@type\":\"PropertyValueSpecification\",\"valueRequired\":true,\"valueName\":\"search_term_string\"}}],\"inLanguage\":\"fr-FR\"},{\"@type\":\"Organization\",\"@id\":\"https:\\\/\\\/mediumseagreen-eel-531711.hostingersite.com\\\/#organization\",\"name\":\"Bladna News.com\",\"url\":\"https:\\\/\\\/mediumseagreen-eel-531711.hostingersite.com\\\/\",\"logo\":{\"@type\":\"ImageObject\",\"inLanguage\":\"fr-FR\",\"@id\":\"https:\\\/\\\/mediumseagreen-eel-531711.hostingersite.com\\\/#\\\/schema\\\/logo\\\/image\\\/\",\"url\":\"https:\\\/\\\/bladnanews.com\\\/wp-content\\\/uploads\\\/2025\\\/12\\\/logo-bladnanews-V2-web-black-red.png\",\"contentUrl\":\"https:\\\/\\\/bladnanews.com\\\/wp-content\\\/uploads\\\/2025\\\/12\\\/logo-bladnanews-V2-web-black-red.png\",\"width\":703,\"height\":287,\"caption\":\"Bladna News.com\"},\"image\":{\"@id\":\"https:\\\/\\\/mediumseagreen-eel-531711.hostingersite.com\\\/#\\\/schema\\\/logo\\\/image\\\/\"},\"email\":\"info@bladnanews.com\",\"legalName\":\"Bladna News\"},{\"@type\":\"Person\",\"@id\":\"https:\\\/\\\/mediumseagreen-eel-531711.hostingersite.com\\\/#\\\/schema\\\/person\\\/268e18a453ab080ebf76df6ef7845083\",\"name\":\"Bladna News Staff\",\"url\":\"https:\\\/\\\/bladnanews.com\\\/fr\\\/author\\\/bladna-news-staff\\\/\"}]}<\/script>\n<!-- \/ Yoast SEO Premium plugin. -->","yoast_head_json":{"title":"Pep Guardiola donne une r\u00e9ponse piquante concernant ses commentaires sur l'arbitre - Bladna News","robots":{"index":"index","follow":"follow","max-snippet":"max-snippet:-1","max-image-preview":"max-image-preview:large","max-video-preview":"max-video-preview:-1"},"canonical":"https:\/\/bladnanews.com\/fr\/pep-guardiola-repond-de-maniere-piquante-aux-commentaires-sur-larbitre\/","og_locale":"fr_FR","og_type":"article","og_title":"Pep Guardiola gives prickly reply over referee comments","og_description":"Pep Guardiola gave a prickly reply when questioned again about his comments on referee Farai Hallam, as the Manchester City [&hellip;]","og_url":"https:\/\/bladnanews.com\/fr\/pep-guardiola-repond-de-maniere-piquante-aux-commentaires-sur-larbitre\/","og_site_name":"Bladna News","article_published_time":"2026-01-27T15:30:56+00:00","og_image":[{"width":1312,"height":736,"url":"https:\/\/bladnanews.com\/wp-content\/uploads\/2025\/12\/freepik__bladna-newscom-moroccan-soccer-homepage-banner-mor__41838.png","type":"image\/png"}],"author":"Bladna News Staff","twitter_card":"summary_large_image","twitter_misc":{"\u00c9crit par":"Bladna News Staff","Dur\u00e9e de lecture estim\u00e9e":"1 minute"},"schema":{"@context":"https:\/\/schema.org","@graph":[{"@type":"Article","@id":"https:\/\/bladnanews.com\/pep-guardiola-gives-prickly-reply-over-referee-comments\/#article","isPartOf":{"@id":"https:\/\/bladnanews.com\/pep-guardiola-gives-prickly-reply-over-referee-comments\/"},"author":{"name":"Bladna News Staff","@id":"https:\/\/mediumseagreen-eel-531711.hostingersite.com\/#\/schema\/person\/268e18a453ab080ebf76df6ef7845083"},"headline":"Pep Guardiola gives prickly reply over referee comments","datePublished":"2026-01-27T15:30:56+00:00","mainEntityOfPage":{"@id":"https:\/\/bladnanews.com\/pep-guardiola-gives-prickly-reply-over-referee-comments\/"},"wordCount":164,"publisher":{"@id":"https:\/\/mediumseagreen-eel-531711.hostingersite.com\/#organization"},"image":{"@id":"https:\/\/bladnanews.com\/pep-guardiola-gives-prickly-reply-over-referee-comments\/#primaryimage"},"thumbnailUrl":"https:\/\/bladnanews.com\/wp-content\/uploads\/2026\/01\/BladnaNews-Pep-Guardiola-gives-prickly-reply-over-referee-comments-2026-01-28T011043.187Z-scaled.jpg","articleSection":["International","Latest News"],"inLanguage":"fr-FR","copyrightYear":"2026","copyrightHolder":{"@id":"https:\/\/bladnanews.com\/fr\/#organization"}},{"@type":"WebPage","@id":"https:\/\/bladnanews.com\/pep-guardiola-gives-prickly-reply-over-referee-comments\/","url":"https:\/\/bladnanews.com\/pep-guardiola-gives-prickly-reply-over-referee-comments\/","name":"Pep Guardiola donne une r\u00e9ponse piquante concernant ses commentaires sur l'arbitre - Bladna News","isPartOf":{"@id":"https:\/\/mediumseagreen-eel-531711.hostingersite.com\/#website"},"primaryImageOfPage":{"@id":"https:\/\/bladnanews.com\/pep-guardiola-gives-prickly-reply-over-referee-comments\/#primaryimage"},"image":{"@id":"https:\/\/bladnanews.com\/pep-guardiola-gives-prickly-reply-over-referee-comments\/#primaryimage"},"thumbnailUrl":"https:\/\/bladnanews.com\/wp-content\/uploads\/2026\/01\/BladnaNews-Pep-Guardiola-gives-prickly-reply-over-referee-comments-2026-01-28T011043.187Z-scaled.jpg","datePublished":"2026-01-27T15:30:56+00:00","breadcrumb":{"@id":"https:\/\/bladnanews.com\/pep-guardiola-gives-prickly-reply-over-referee-comments\/#breadcrumb"},"inLanguage":"fr-FR","potentialAction":[{"@type":"ReadAction","target":["https:\/\/bladnanews.com\/pep-guardiola-gives-prickly-reply-over-referee-comments\/"]}]},{"@type":"ImageObject","inLanguage":"fr-FR","@id":"https:\/\/bladnanews.com\/pep-guardiola-gives-prickly-reply-over-referee-comments\/#primaryimage","url":"https:\/\/bladnanews.com\/wp-content\/uploads\/2026\/01\/BladnaNews-Pep-Guardiola-gives-prickly-reply-over-referee-comments-2026-01-28T011043.187Z-scaled.jpg","contentUrl":"https:\/\/bladnanews.com\/wp-content\/uploads\/2026\/01\/BladnaNews-Pep-Guardiola-gives-prickly-reply-over-referee-comments-2026-01-28T011043.187Z-scaled.jpg","width":2560,"height":1440,"caption":"Pep Guardiola appears serious during a press conference, featuring a furrowed brow and a subtle frown, with blurred team logos in the background."},{"@type":"BreadcrumbList","@id":"https:\/\/bladnanews.com\/pep-guardiola-gives-prickly-reply-over-referee-comments\/#breadcrumb","itemListElement":[{"@type":"ListItem","position":1,"name":"Home","item":"https:\/\/bladnanews.com\/"},{"@type":"ListItem","position":2,"name":"Pep Guardiola gives prickly reply over referee comments"}]},{"@type":"WebSite","@id":"https:\/\/mediumseagreen-eel-531711.hostingersite.com\/#website","url":"https:\/\/mediumseagreen-eel-531711.hostingersite.com\/","name":"Bladna News - Maroc","description":"Quand le football marocain rencontre le monde","publisher":{"@id":"https:\/\/mediumseagreen-eel-531711.hostingersite.com\/#organization"},"potentialAction":[{"@type":"SearchAction","target":{"@type":"EntryPoint","urlTemplate":"https:\/\/mediumseagreen-eel-531711.hostingersite.com\/?s={search_term_string}"},"query-input":{"@type":"PropertyValueSpecification","valueRequired":true,"valueName":"search_term_string"}}],"inLanguage":"fr-FR"},{"@type":"Organization","@id":"https:\/\/mediumseagreen-eel-531711.hostingersite.com\/#organization","name":"Bladna News.com","url":"https:\/\/mediumseagreen-eel-531711.hostingersite.com\/","logo":{"@type":"ImageObject","inLanguage":"fr-FR","@id":"https:\/\/mediumseagreen-eel-531711.hostingersite.com\/#\/schema\/logo\/image\/","url":"https:\/\/bladnanews.com\/wp-content\/uploads\/2025\/12\/logo-bladnanews-V2-web-black-red.png","contentUrl":"https:\/\/bladnanews.com\/wp-content\/uploads\/2025\/12\/logo-bladnanews-V2-web-black-red.png","width":703,"height":287,"caption":"Bladna News.com"},"image":{"@id":"https:\/\/mediumseagreen-eel-531711.hostingersite.com\/#\/schema\/logo\/image\/"},"email":"info@bladnanews.com","legalName":"Bladna News"},{"@type":"Person","@id":"https:\/\/mediumseagreen-eel-531711.hostingersite.com\/#\/schema\/person\/268e18a453ab080ebf76df6ef7845083","name":"\u00c9quipe r\u00e9dactionnelle de Bladna News","url":"https:\/\/bladnanews.com\/fr\/author\/bladna-news-staff\/"}]}},"_links":{"self":[{"href":"https:\/\/bladnanews.com\/fr\/wp-json\/wp\/v2\/posts\/7957","targetHints":{"allow":["GET"]}}],"collection":[{"href":"https:\/\/bladnanews.com\/fr\/wp-json\/wp\/v2\/posts"}],"about":[{"href":"https:\/\/bladnanews.com\/fr\/wp-json\/wp\/v2\/types\/post"}],"author":[{"embeddable":true,"href":"https:\/\/bladnanews.com\/fr\/wp-json\/wp\/v2\/users\/3"}],"replies":[{"embeddable":true,"href":"https:\/\/bladnanews.com\/fr\/wp-json\/wp\/v2\/comments?post=7957"}],"version-history":[{"count":0,"href":"https:\/\/bladnanews.com\/fr\/wp-json\/wp\/v2\/posts\/7957\/revisions"}],"wp:featuredmedia":[{"embeddable":true,"href":"https:\/\/bladnanews.com\/fr\/wp-json\/wp\/v2\/media\/7956"}],"wp:attachment":[{"href":"https:\/\/bladnanews.com\/fr\/wp-json\/wp\/v2\/media?parent=7957"}],"wp:term":[{"taxonomy":"category","embeddable":true,"href":"https:\/\/bladnanews.com\/fr\/wp-json\/wp\/v2\/categories?post=7957"},{"taxonomy":"post_tag","embeddable":true,"href":"https:\/\/bladnanews.com\/fr\/wp-json\/wp\/v2\/tags?post=7957"}],"curies":[{"name":"wp","href":"https:\/\/api.w.org\/{rel}","templated":true}]}}