{"id":7965,"date":"2026-01-27T15:59:40","date_gmt":"2026-01-27T15:59:40","guid":{"rendered":"https:\/\/bladnanews.com\/alex-freeman-joins-villarreal-in-major-usmnt-transfer-move\/"},"modified":"2026-01-27T15:59:40","modified_gmt":"2026-01-27T15:59:40","slug":"alex-freeman-rejoint-villarreal-dans-un-transfert-majeur-pour-lusmnt","status":"publish","type":"post","link":"https:\/\/bladnanews.com\/fr\/alex-freeman-rejoint-villarreal-dans-un-transfert-majeur-pour-lusmnt\/","title":{"rendered":"Alex Freeman rejoint Villarreal dans un transfert majeur pour l'USMNT"},"content":{"rendered":"<p>Alex Freeman a effectu\u00e9 un transfert majeur, le Villarreal \u00e9tant confirm\u00e9 comme son nouveau club dans le dernier mouvement concernant le vivier de joueurs de l'\u00e9quipe nationale am\u00e9ricaine (USMNT).<\/p>\n<p>Selon un rapport d\u00e9taillant les transferts am\u00e9ricains, cet accord offre \u00e0 Freeman un nouveau d\u00e9fi en Liga et ajoute un autre nom am\u00e9ricain \u00e0 un championnat devenu une destination de plus en plus importante pour les joueurs de la s\u00e9lection recherchant du temps de jeu au plus haut niveau.<\/p>\n<p>Le transfert de Freeman constitue le changement le plus marquant de la derni\u00e8re vague d'op\u00e9rations impliquant des internationaux am\u00e9ricains et des talents \u00e9ligibles pour les \u00c9tats-Unis, alors que les clubs europ\u00e9ens continuent d'investir dans des joueurs li\u00e9s au dispositif de l'\u00e9quipe nationale.<\/p>\n<p>Avec Freeman d\u00e9sormais en Espagne, le m\u00eame point sur le mercato porte son attention sur d'autres figures notables de l'USMNT qui pourraient \u00eatre impliqu\u00e9es dans des op\u00e9rations \u00e0 venir, comme Ricardo Pepi et Antonee Robinson, tandis que le march\u00e9 continue d'\u00e9voluer autour des internationaux confirm\u00e9s et des options \u00e9mergentes.<\/p>\n<p>Pour Freeman, ce passage au Villarreal repr\u00e9sente une \u00e9tape significative, l'installant dans l'un des meilleurs championnats d'Europe et dans un environnement comp\u00e9titif o\u00f9 la forme et la disponibilit\u00e9 fa\u00e7onneront rapidement son r\u00f4le.<\/p>","protected":false},"excerpt":{"rendered":"<p>Alex Freeman has completed a major transfer move, with Villarreal confirmed as his new club in the latest switch involving [&hellip;]<\/p>\n","protected":false},"author":3,"featured_media":7964,"comment_status":"","ping_status":"open","sticky":false,"template":"","format":"standard","meta":{"googlesitekit_rrm_CAow_uzEDA:productID":"","site-sidebar-layout":"default","site-content-layout":"","ast-site-content-layout":"default","site-content-style":"default","site-sidebar-style":"default","ast-global-header-display":"","ast-banner-title-visibility":"","ast-main-header-display":"","ast-hfb-above-header-display":"","ast-hfb-below-header-display":"","ast-hfb-mobile-header-display":"","site-post-title":"","ast-breadcrumbs-content":"","ast-featured-img":"","footer-sml-layout":"","ast-disable-related-posts":"","theme-transparent-header-meta":"","adv-header-id-meta":"","stick-header-meta":"","header-above-stick-meta":"","header-main-stick-meta":"","header-below-stick-meta":"","astra-migrate-meta-layouts":"default","ast-page-background-enabled":"default","ast-page-background-meta":{"desktop":{"background-color":"var(--ast-global-color-5)","background-image":"","background-repeat":"repeat","background-position":"center center","background-size":"auto","background-attachment":"scroll","background-type":"","background-media":"","overlay-type":"","overlay-color":"","overlay-opacity":"","overlay-gradient":""},"tablet":{"background-color":"","background-image":"","background-repeat":"repeat","background-position":"center center","background-size":"auto","background-attachment":"scroll","background-type":"","background-media":"","overlay-type":"","overlay-color":"","overlay-opacity":"","overlay-gradient":""},"mobile":{"background-color":"","background-image":"","background-repeat":"repeat","background-position":"center center","background-size":"auto","background-attachment":"scroll","background-type":"","background-media":"","overlay-type":"","overlay-color":"","overlay-opacity":"","overlay-gradient":""}},"ast-content-background-meta":{"desktop":{"background-color":"var(--ast-global-color-4)","background-image":"","background-repeat":"repeat","background-position":"center center","background-size":"auto","background-attachment":"scroll","background-type":"","background-media":"","overlay-type":"","overlay-color":"","overlay-opacity":"","overlay-gradient":""},"tablet":{"background-color":"var(--ast-global-color-4)","background-image":"","background-repeat":"repeat","background-position":"center center","background-size":"auto","background-attachment":"scroll","background-type":"","background-media":"","overlay-type":"","overlay-color":"","overlay-opacity":"","overlay-gradient":""},"mobile":{"background-color":"var(--ast-global-color-4)","background-image":"","background-repeat":"repeat","background-position":"center center","background-size":"auto","background-attachment":"scroll","background-type":"","background-media":"","overlay-type":"","overlay-color":"","overlay-opacity":"","overlay-gradient":""}},"footnotes":""},"categories":[20,1],"tags":[],"class_list":["post-7965","post","type-post","status-publish","format-standard","has-post-thumbnail","hentry","category-international","category-football-latest-news"],"yoast_head":"<!-- This site is optimized with the Yoast SEO Premium plugin v26.6 (Yoast SEO v27.4) - https:\/\/yoast.com\/product\/yoast-seo-premium-wordpress\/ -->\n<title>Alex Freeman joins Villarreal in major USMNT transfer move - Bladna News<\/title>\n<meta name=\"robots\" content=\"index, follow, max-snippet:-1, max-image-preview:large, max-video-preview:-1\" \/>\n<link rel=\"canonical\" href=\"https:\/\/bladnanews.com\/fr\/alex-freeman-rejoint-villarreal-dans-un-transfert-majeur-pour-lusmnt\/\" \/>\n<meta property=\"og:locale\" content=\"fr_FR\" \/>\n<meta property=\"og:type\" content=\"article\" \/>\n<meta property=\"og:title\" content=\"Alex Freeman joins Villarreal in major USMNT transfer move\" \/>\n<meta property=\"og:description\" content=\"Alex Freeman has completed a major transfer move, with Villarreal confirmed as his new club in the latest switch involving [&hellip;]\" \/>\n<meta property=\"og:url\" content=\"https:\/\/bladnanews.com\/fr\/alex-freeman-rejoint-villarreal-dans-un-transfert-majeur-pour-lusmnt\/\" \/>\n<meta property=\"og:site_name\" content=\"Bladna News\" \/>\n<meta property=\"article:published_time\" content=\"2026-01-27T15:59:40+00:00\" \/>\n<meta property=\"og:image\" content=\"https:\/\/bladnanews.com\/wp-content\/uploads\/2025\/12\/freepik__bladna-newscom-moroccan-soccer-homepage-banner-mor__41838.png\" \/>\n\t<meta property=\"og:image:width\" content=\"1312\" \/>\n\t<meta property=\"og:image:height\" content=\"736\" \/>\n\t<meta property=\"og:image:type\" content=\"image\/png\" \/>\n<meta name=\"author\" content=\"Bladna News Staff\" \/>\n<meta name=\"twitter:card\" content=\"summary_large_image\" \/>\n<meta name=\"twitter:label1\" content=\"\u00c9crit par\" \/>\n\t<meta name=\"twitter:data1\" content=\"Bladna News Staff\" \/>\n\t<meta name=\"twitter:label2\" content=\"Dur\u00e9e de lecture estim\u00e9e\" \/>\n\t<meta name=\"twitter:data2\" content=\"1 minute\" \/>\n<script type=\"application\/ld+json\" class=\"yoast-schema-graph\">{\"@context\":\"https:\\\/\\\/schema.org\",\"@graph\":[{\"@type\":\"Article\",\"@id\":\"https:\\\/\\\/bladnanews.com\\\/alex-freeman-joins-villarreal-in-major-usmnt-transfer-move\\\/#article\",\"isPartOf\":{\"@id\":\"https:\\\/\\\/bladnanews.com\\\/alex-freeman-joins-villarreal-in-major-usmnt-transfer-move\\\/\"},\"author\":{\"name\":\"Bladna News Staff\",\"@id\":\"https:\\\/\\\/mediumseagreen-eel-531711.hostingersite.com\\\/#\\\/schema\\\/person\\\/268e18a453ab080ebf76df6ef7845083\"},\"headline\":\"Alex Freeman joins Villarreal in major USMNT transfer move\",\"datePublished\":\"2026-01-27T15:59:40+00:00\",\"mainEntityOfPage\":{\"@id\":\"https:\\\/\\\/bladnanews.com\\\/alex-freeman-joins-villarreal-in-major-usmnt-transfer-move\\\/\"},\"wordCount\":185,\"publisher\":{\"@id\":\"https:\\\/\\\/mediumseagreen-eel-531711.hostingersite.com\\\/#organization\"},\"image\":{\"@id\":\"https:\\\/\\\/bladnanews.com\\\/alex-freeman-joins-villarreal-in-major-usmnt-transfer-move\\\/#primaryimage\"},\"thumbnailUrl\":\"https:\\\/\\\/bladnanews.com\\\/wp-content\\\/uploads\\\/2026\\\/01\\\/BladnaNews-Alex-Freeman-joins-Villarreal-in-major-USMNT-transfer-move-2026-01-28T050929.461Z.jpg\",\"articleSection\":[\"International\",\"Latest News\"],\"inLanguage\":\"fr-FR\",\"copyrightYear\":\"2026\",\"copyrightHolder\":{\"@id\":\"https:\\\/\\\/bladnanews.com\\\/fr\\\/#organization\"}},{\"@type\":\"WebPage\",\"@id\":\"https:\\\/\\\/bladnanews.com\\\/alex-freeman-joins-villarreal-in-major-usmnt-transfer-move\\\/\",\"url\":\"https:\\\/\\\/bladnanews.com\\\/alex-freeman-joins-villarreal-in-major-usmnt-transfer-move\\\/\",\"name\":\"Alex Freeman joins Villarreal in major USMNT transfer move - Bladna News\",\"isPartOf\":{\"@id\":\"https:\\\/\\\/mediumseagreen-eel-531711.hostingersite.com\\\/#website\"},\"primaryImageOfPage\":{\"@id\":\"https:\\\/\\\/bladnanews.com\\\/alex-freeman-joins-villarreal-in-major-usmnt-transfer-move\\\/#primaryimage\"},\"image\":{\"@id\":\"https:\\\/\\\/bladnanews.com\\\/alex-freeman-joins-villarreal-in-major-usmnt-transfer-move\\\/#primaryimage\"},\"thumbnailUrl\":\"https:\\\/\\\/bladnanews.com\\\/wp-content\\\/uploads\\\/2026\\\/01\\\/BladnaNews-Alex-Freeman-joins-Villarreal-in-major-USMNT-transfer-move-2026-01-28T050929.461Z.jpg\",\"datePublished\":\"2026-01-27T15:59:40+00:00\",\"breadcrumb\":{\"@id\":\"https:\\\/\\\/bladnanews.com\\\/alex-freeman-joins-villarreal-in-major-usmnt-transfer-move\\\/#breadcrumb\"},\"inLanguage\":\"fr-FR\",\"potentialAction\":[{\"@type\":\"ReadAction\",\"target\":[\"https:\\\/\\\/bladnanews.com\\\/alex-freeman-joins-villarreal-in-major-usmnt-transfer-move\\\/\"]}]},{\"@type\":\"ImageObject\",\"inLanguage\":\"fr-FR\",\"@id\":\"https:\\\/\\\/bladnanews.com\\\/alex-freeman-joins-villarreal-in-major-usmnt-transfer-move\\\/#primaryimage\",\"url\":\"https:\\\/\\\/bladnanews.com\\\/wp-content\\\/uploads\\\/2026\\\/01\\\/BladnaNews-Alex-Freeman-joins-Villarreal-in-major-USMNT-transfer-move-2026-01-28T050929.461Z.jpg\",\"contentUrl\":\"https:\\\/\\\/bladnanews.com\\\/wp-content\\\/uploads\\\/2026\\\/01\\\/BladnaNews-Alex-Freeman-joins-Villarreal-in-major-USMNT-transfer-move-2026-01-28T050929.461Z.jpg\",\"width\":1920,\"height\":1080,\"caption\":\"Alex Freeman, in a white Orlando City kit, celebrates passionately, while a teammate in a dark striped USMNT kit looks on, against a blue backdrop.\"},{\"@type\":\"BreadcrumbList\",\"@id\":\"https:\\\/\\\/bladnanews.com\\\/alex-freeman-joins-villarreal-in-major-usmnt-transfer-move\\\/#breadcrumb\",\"itemListElement\":[{\"@type\":\"ListItem\",\"position\":1,\"name\":\"Home\",\"item\":\"https:\\\/\\\/bladnanews.com\\\/\"},{\"@type\":\"ListItem\",\"position\":2,\"name\":\"Alex Freeman joins Villarreal in major USMNT transfer move\"}]},{\"@type\":\"WebSite\",\"@id\":\"https:\\\/\\\/mediumseagreen-eel-531711.hostingersite.com\\\/#website\",\"url\":\"https:\\\/\\\/mediumseagreen-eel-531711.hostingersite.com\\\/\",\"name\":\"Bladna News - Morocco\",\"description\":\"Where Moroccan Football Meets the World\",\"publisher\":{\"@id\":\"https:\\\/\\\/mediumseagreen-eel-531711.hostingersite.com\\\/#organization\"},\"potentialAction\":[{\"@type\":\"SearchAction\",\"target\":{\"@type\":\"EntryPoint\",\"urlTemplate\":\"https:\\\/\\\/mediumseagreen-eel-531711.hostingersite.com\\\/?s={search_term_string}\"},\"query-input\":{\"@type\":\"PropertyValueSpecification\",\"valueRequired\":true,\"valueName\":\"search_term_string\"}}],\"inLanguage\":\"fr-FR\"},{\"@type\":\"Organization\",\"@id\":\"https:\\\/\\\/mediumseagreen-eel-531711.hostingersite.com\\\/#organization\",\"name\":\"Bladna News.com\",\"url\":\"https:\\\/\\\/mediumseagreen-eel-531711.hostingersite.com\\\/\",\"logo\":{\"@type\":\"ImageObject\",\"inLanguage\":\"fr-FR\",\"@id\":\"https:\\\/\\\/mediumseagreen-eel-531711.hostingersite.com\\\/#\\\/schema\\\/logo\\\/image\\\/\",\"url\":\"https:\\\/\\\/bladnanews.com\\\/wp-content\\\/uploads\\\/2025\\\/12\\\/logo-bladnanews-V2-web-black-red.png\",\"contentUrl\":\"https:\\\/\\\/bladnanews.com\\\/wp-content\\\/uploads\\\/2025\\\/12\\\/logo-bladnanews-V2-web-black-red.png\",\"width\":703,\"height\":287,\"caption\":\"Bladna News.com\"},\"image\":{\"@id\":\"https:\\\/\\\/mediumseagreen-eel-531711.hostingersite.com\\\/#\\\/schema\\\/logo\\\/image\\\/\"},\"email\":\"info@bladnanews.com\",\"legalName\":\"Bladna News\"},{\"@type\":\"Person\",\"@id\":\"https:\\\/\\\/mediumseagreen-eel-531711.hostingersite.com\\\/#\\\/schema\\\/person\\\/268e18a453ab080ebf76df6ef7845083\",\"name\":\"Bladna News Staff\",\"url\":\"https:\\\/\\\/bladnanews.com\\\/fr\\\/author\\\/bladna-news-staff\\\/\"}]}<\/script>\n<!-- \/ Yoast SEO Premium plugin. -->","yoast_head_json":{"title":"Alex Freeman rejoint Villarreal dans un important transfert de l'\u00e9quipe nationale am\u00e9ricaine - Bladna News","robots":{"index":"index","follow":"follow","max-snippet":"max-snippet:-1","max-image-preview":"max-image-preview:large","max-video-preview":"max-video-preview:-1"},"canonical":"https:\/\/bladnanews.com\/fr\/alex-freeman-rejoint-villarreal-dans-un-transfert-majeur-pour-lusmnt\/","og_locale":"fr_FR","og_type":"article","og_title":"Alex Freeman joins Villarreal in major USMNT transfer move","og_description":"Alex Freeman has completed a major transfer move, with Villarreal confirmed as his new club in the latest switch involving [&hellip;]","og_url":"https:\/\/bladnanews.com\/fr\/alex-freeman-rejoint-villarreal-dans-un-transfert-majeur-pour-lusmnt\/","og_site_name":"Bladna News","article_published_time":"2026-01-27T15:59:40+00:00","og_image":[{"width":1312,"height":736,"url":"https:\/\/bladnanews.com\/wp-content\/uploads\/2025\/12\/freepik__bladna-newscom-moroccan-soccer-homepage-banner-mor__41838.png","type":"image\/png"}],"author":"Bladna News Staff","twitter_card":"summary_large_image","twitter_misc":{"\u00c9crit par":"Bladna News Staff","Dur\u00e9e de lecture estim\u00e9e":"1 minute"},"schema":{"@context":"https:\/\/schema.org","@graph":[{"@type":"Article","@id":"https:\/\/bladnanews.com\/alex-freeman-joins-villarreal-in-major-usmnt-transfer-move\/#article","isPartOf":{"@id":"https:\/\/bladnanews.com\/alex-freeman-joins-villarreal-in-major-usmnt-transfer-move\/"},"author":{"name":"Bladna News Staff","@id":"https:\/\/mediumseagreen-eel-531711.hostingersite.com\/#\/schema\/person\/268e18a453ab080ebf76df6ef7845083"},"headline":"Alex Freeman joins Villarreal in major USMNT transfer move","datePublished":"2026-01-27T15:59:40+00:00","mainEntityOfPage":{"@id":"https:\/\/bladnanews.com\/alex-freeman-joins-villarreal-in-major-usmnt-transfer-move\/"},"wordCount":185,"publisher":{"@id":"https:\/\/mediumseagreen-eel-531711.hostingersite.com\/#organization"},"image":{"@id":"https:\/\/bladnanews.com\/alex-freeman-joins-villarreal-in-major-usmnt-transfer-move\/#primaryimage"},"thumbnailUrl":"https:\/\/bladnanews.com\/wp-content\/uploads\/2026\/01\/BladnaNews-Alex-Freeman-joins-Villarreal-in-major-USMNT-transfer-move-2026-01-28T050929.461Z.jpg","articleSection":["International","Latest News"],"inLanguage":"fr-FR","copyrightYear":"2026","copyrightHolder":{"@id":"https:\/\/bladnanews.com\/fr\/#organization"}},{"@type":"WebPage","@id":"https:\/\/bladnanews.com\/alex-freeman-joins-villarreal-in-major-usmnt-transfer-move\/","url":"https:\/\/bladnanews.com\/alex-freeman-joins-villarreal-in-major-usmnt-transfer-move\/","name":"Alex Freeman rejoint Villarreal dans un important transfert de l'\u00e9quipe nationale am\u00e9ricaine - Bladna News","isPartOf":{"@id":"https:\/\/mediumseagreen-eel-531711.hostingersite.com\/#website"},"primaryImageOfPage":{"@id":"https:\/\/bladnanews.com\/alex-freeman-joins-villarreal-in-major-usmnt-transfer-move\/#primaryimage"},"image":{"@id":"https:\/\/bladnanews.com\/alex-freeman-joins-villarreal-in-major-usmnt-transfer-move\/#primaryimage"},"thumbnailUrl":"https:\/\/bladnanews.com\/wp-content\/uploads\/2026\/01\/BladnaNews-Alex-Freeman-joins-Villarreal-in-major-USMNT-transfer-move-2026-01-28T050929.461Z.jpg","datePublished":"2026-01-27T15:59:40+00:00","breadcrumb":{"@id":"https:\/\/bladnanews.com\/alex-freeman-joins-villarreal-in-major-usmnt-transfer-move\/#breadcrumb"},"inLanguage":"fr-FR","potentialAction":[{"@type":"ReadAction","target":["https:\/\/bladnanews.com\/alex-freeman-joins-villarreal-in-major-usmnt-transfer-move\/"]}]},{"@type":"ImageObject","inLanguage":"fr-FR","@id":"https:\/\/bladnanews.com\/alex-freeman-joins-villarreal-in-major-usmnt-transfer-move\/#primaryimage","url":"https:\/\/bladnanews.com\/wp-content\/uploads\/2026\/01\/BladnaNews-Alex-Freeman-joins-Villarreal-in-major-USMNT-transfer-move-2026-01-28T050929.461Z.jpg","contentUrl":"https:\/\/bladnanews.com\/wp-content\/uploads\/2026\/01\/BladnaNews-Alex-Freeman-joins-Villarreal-in-major-USMNT-transfer-move-2026-01-28T050929.461Z.jpg","width":1920,"height":1080,"caption":"Alex Freeman, in a white Orlando City kit, celebrates passionately, while a teammate in a dark striped USMNT kit looks on, against a blue backdrop."},{"@type":"BreadcrumbList","@id":"https:\/\/bladnanews.com\/alex-freeman-joins-villarreal-in-major-usmnt-transfer-move\/#breadcrumb","itemListElement":[{"@type":"ListItem","position":1,"name":"Home","item":"https:\/\/bladnanews.com\/"},{"@type":"ListItem","position":2,"name":"Alex Freeman joins Villarreal in major USMNT transfer move"}]},{"@type":"WebSite","@id":"https:\/\/mediumseagreen-eel-531711.hostingersite.com\/#website","url":"https:\/\/mediumseagreen-eel-531711.hostingersite.com\/","name":"Bladna News - Maroc","description":"Quand le football marocain rencontre le monde","publisher":{"@id":"https:\/\/mediumseagreen-eel-531711.hostingersite.com\/#organization"},"potentialAction":[{"@type":"SearchAction","target":{"@type":"EntryPoint","urlTemplate":"https:\/\/mediumseagreen-eel-531711.hostingersite.com\/?s={search_term_string}"},"query-input":{"@type":"PropertyValueSpecification","valueRequired":true,"valueName":"search_term_string"}}],"inLanguage":"fr-FR"},{"@type":"Organization","@id":"https:\/\/mediumseagreen-eel-531711.hostingersite.com\/#organization","name":"Bladna News.com","url":"https:\/\/mediumseagreen-eel-531711.hostingersite.com\/","logo":{"@type":"ImageObject","inLanguage":"fr-FR","@id":"https:\/\/mediumseagreen-eel-531711.hostingersite.com\/#\/schema\/logo\/image\/","url":"https:\/\/bladnanews.com\/wp-content\/uploads\/2025\/12\/logo-bladnanews-V2-web-black-red.png","contentUrl":"https:\/\/bladnanews.com\/wp-content\/uploads\/2025\/12\/logo-bladnanews-V2-web-black-red.png","width":703,"height":287,"caption":"Bladna News.com"},"image":{"@id":"https:\/\/mediumseagreen-eel-531711.hostingersite.com\/#\/schema\/logo\/image\/"},"email":"info@bladnanews.com","legalName":"Bladna News"},{"@type":"Person","@id":"https:\/\/mediumseagreen-eel-531711.hostingersite.com\/#\/schema\/person\/268e18a453ab080ebf76df6ef7845083","name":"\u00c9quipe r\u00e9dactionnelle de Bladna News","url":"https:\/\/bladnanews.com\/fr\/author\/bladna-news-staff\/"}]}},"_links":{"self":[{"href":"https:\/\/bladnanews.com\/fr\/wp-json\/wp\/v2\/posts\/7965","targetHints":{"allow":["GET"]}}],"collection":[{"href":"https:\/\/bladnanews.com\/fr\/wp-json\/wp\/v2\/posts"}],"about":[{"href":"https:\/\/bladnanews.com\/fr\/wp-json\/wp\/v2\/types\/post"}],"author":[{"embeddable":true,"href":"https:\/\/bladnanews.com\/fr\/wp-json\/wp\/v2\/users\/3"}],"replies":[{"embeddable":true,"href":"https:\/\/bladnanews.com\/fr\/wp-json\/wp\/v2\/comments?post=7965"}],"version-history":[{"count":0,"href":"https:\/\/bladnanews.com\/fr\/wp-json\/wp\/v2\/posts\/7965\/revisions"}],"wp:featuredmedia":[{"embeddable":true,"href":"https:\/\/bladnanews.com\/fr\/wp-json\/wp\/v2\/media\/7964"}],"wp:attachment":[{"href":"https:\/\/bladnanews.com\/fr\/wp-json\/wp\/v2\/media?parent=7965"}],"wp:term":[{"taxonomy":"category","embeddable":true,"href":"https:\/\/bladnanews.com\/fr\/wp-json\/wp\/v2\/categories?post=7965"},{"taxonomy":"post_tag","embeddable":true,"href":"https:\/\/bladnanews.com\/fr\/wp-json\/wp\/v2\/tags?post=7965"}],"curies":[{"name":"wp","href":"https:\/\/api.w.org\/{rel}","templated":true}]}}