{"id":7967,"date":"2026-01-27T16:09:29","date_gmt":"2026-01-27T16:09:29","guid":{"rendered":"https:\/\/bladnanews.com\/dani-olmo-says-comparing-lamine-yamal-to-messi-is-crazy\/"},"modified":"2026-01-27T16:09:29","modified_gmt":"2026-01-27T16:09:29","slug":"dani-olmo-affirme-quil-est-insense-de-comparer-lamine-yamal-a-messi","status":"publish","type":"post","link":"https:\/\/bladnanews.com\/fr\/dani-olmo-affirme-quil-est-insense-de-comparer-lamine-yamal-a-messi\/","title":{"rendered":"Dani Olmo estime qu'il est fou de comparer Lamine Yamal \u00e0 Messi"},"content":{"rendered":"<p>Le milieu de terrain du Barcelone Dani Olmo a affirm\u00e9 qu'il \u00e9tait \u201c fou \u201d de comparer l'ailier adolescent Lamine Yamal \u00e0 la l\u00e9gende du club Lionel Messi, avertissant qu'il fallait laisser le jeune de 16 ans se d\u00e9velopper \u00e0 sa mani\u00e8re.<\/p>\n<p>\u00c9voquant l'\u00e9toile montante, Olmo a clairement indiqu\u00e9 que le talent de Yamal \u00e9tait \u00e9vident, mais a d\u00e9clar\u00e9 que les rapprochements constants avec Messi \u00e9taient injustes. \u201c Comparer Lamine Yamal \u00e0 Messi est fou \u201d, a admis Olmo, exhortant les gens \u00e0 \u00e9viter de faire peser ce genre de poids sur les \u00e9paules du jeune joueur.<\/p>\n<p>Les commentaires d'Olmo interviennent alors que Yamal continue d'attirer une \u00e9norme attention pour ses performances avec Barcelone, son jeune \u00e2ge ne faisant qu'ajouter au battage m\u00e9diatique autour de lui. Mais si Olmo a salu\u00e9 la qualit\u00e9 de l'ailier, il a soulign\u00e9 que la place de Messi dans l'histoire du club rendait ces parall\u00e8les presque impossibles \u00e0 \u00e9galer.<\/p>\n<p>Le milieu de terrain a soulign\u00e9 que Yamal n'avait pas besoin d'\u00eatre quelqu'un d'autre pour r\u00e9ussir. Selon Olmo, le jeune joueur devrait se concentrer sur une progression \u00e9tape par \u00e9tape, plut\u00f4t que d'\u00eatre jug\u00e9 \u00e0 l'aune des standards \u00e9tablis par l'un des plus grands joueurs de football.<\/p>\n<p>Yamal est devenu l'un des jeunes talents les plus en vue du Barcelone et reste au c\u0153ur des projets futurs du club. Pour Olmo, le message est simple : laissez Yamal \u00eatre Yamal, et cessez de vouloir couronner le prochain Messi avant m\u00eame que son histoire n'ait commenc\u00e9.<\/p>","protected":false},"excerpt":{"rendered":"<p>Barcelona midfielder Dani Olmo has insisted it is \u201ccrazy\u201d to compare teenage winger Lamine Yamal with club legend Lionel Messi, [&hellip;]<\/p>\n","protected":false},"author":3,"featured_media":7966,"comment_status":"","ping_status":"open","sticky":false,"template":"","format":"standard","meta":{"googlesitekit_rrm_CAow_uzEDA:productID":"","site-sidebar-layout":"default","site-content-layout":"","ast-site-content-layout":"default","site-content-style":"default","site-sidebar-style":"default","ast-global-header-display":"","ast-banner-title-visibility":"","ast-main-header-display":"","ast-hfb-above-header-display":"","ast-hfb-below-header-display":"","ast-hfb-mobile-header-display":"","site-post-title":"","ast-breadcrumbs-content":"","ast-featured-img":"","footer-sml-layout":"","ast-disable-related-posts":"","theme-transparent-header-meta":"","adv-header-id-meta":"","stick-header-meta":"","header-above-stick-meta":"","header-main-stick-meta":"","header-below-stick-meta":"","astra-migrate-meta-layouts":"default","ast-page-background-enabled":"default","ast-page-background-meta":{"desktop":{"background-color":"var(--ast-global-color-5)","background-image":"","background-repeat":"repeat","background-position":"center center","background-size":"auto","background-attachment":"scroll","background-type":"","background-media":"","overlay-type":"","overlay-color":"","overlay-opacity":"","overlay-gradient":""},"tablet":{"background-color":"","background-image":"","background-repeat":"repeat","background-position":"center center","background-size":"auto","background-attachment":"scroll","background-type":"","background-media":"","overlay-type":"","overlay-color":"","overlay-opacity":"","overlay-gradient":""},"mobile":{"background-color":"","background-image":"","background-repeat":"repeat","background-position":"center center","background-size":"auto","background-attachment":"scroll","background-type":"","background-media":"","overlay-type":"","overlay-color":"","overlay-opacity":"","overlay-gradient":""}},"ast-content-background-meta":{"desktop":{"background-color":"var(--ast-global-color-4)","background-image":"","background-repeat":"repeat","background-position":"center center","background-size":"auto","background-attachment":"scroll","background-type":"","background-media":"","overlay-type":"","overlay-color":"","overlay-opacity":"","overlay-gradient":""},"tablet":{"background-color":"var(--ast-global-color-4)","background-image":"","background-repeat":"repeat","background-position":"center center","background-size":"auto","background-attachment":"scroll","background-type":"","background-media":"","overlay-type":"","overlay-color":"","overlay-opacity":"","overlay-gradient":""},"mobile":{"background-color":"var(--ast-global-color-4)","background-image":"","background-repeat":"repeat","background-position":"center center","background-size":"auto","background-attachment":"scroll","background-type":"","background-media":"","overlay-type":"","overlay-color":"","overlay-opacity":"","overlay-gradient":""}},"footnotes":""},"categories":[20,1],"tags":[],"class_list":["post-7967","post","type-post","status-publish","format-standard","has-post-thumbnail","hentry","category-international","category-football-latest-news"],"yoast_head":"<!-- This site is optimized with the Yoast SEO Premium plugin v26.6 (Yoast SEO v27.4) - https:\/\/yoast.com\/product\/yoast-seo-premium-wordpress\/ -->\n<title>Dani Olmo says comparing Lamine Yamal to Messi is crazy - Bladna News<\/title>\n<meta name=\"robots\" content=\"index, follow, max-snippet:-1, max-image-preview:large, max-video-preview:-1\" \/>\n<link rel=\"canonical\" href=\"https:\/\/bladnanews.com\/fr\/dani-olmo-affirme-quil-est-insense-de-comparer-lamine-yamal-a-messi\/\" \/>\n<meta property=\"og:locale\" content=\"fr_FR\" \/>\n<meta property=\"og:type\" content=\"article\" \/>\n<meta property=\"og:title\" content=\"Dani Olmo says comparing Lamine Yamal to Messi is crazy\" \/>\n<meta property=\"og:description\" content=\"Barcelona midfielder Dani Olmo has insisted it is \u201ccrazy\u201d to compare teenage winger Lamine Yamal with club legend Lionel Messi, [&hellip;]\" \/>\n<meta property=\"og:url\" content=\"https:\/\/bladnanews.com\/fr\/dani-olmo-affirme-quil-est-insense-de-comparer-lamine-yamal-a-messi\/\" \/>\n<meta property=\"og:site_name\" content=\"Bladna News\" \/>\n<meta property=\"article:published_time\" content=\"2026-01-27T16:09:29+00:00\" \/>\n<meta property=\"og:image\" content=\"https:\/\/bladnanews.com\/wp-content\/uploads\/2025\/12\/freepik__bladna-newscom-moroccan-soccer-homepage-banner-mor__41838.png\" \/>\n\t<meta property=\"og:image:width\" content=\"1312\" \/>\n\t<meta property=\"og:image:height\" content=\"736\" \/>\n\t<meta property=\"og:image:type\" content=\"image\/png\" \/>\n<meta name=\"author\" content=\"Bladna News Staff\" \/>\n<meta name=\"twitter:card\" content=\"summary_large_image\" \/>\n<meta name=\"twitter:label1\" content=\"\u00c9crit par\" \/>\n\t<meta name=\"twitter:data1\" content=\"Bladna News Staff\" \/>\n\t<meta name=\"twitter:label2\" content=\"Dur\u00e9e de lecture estim\u00e9e\" \/>\n\t<meta name=\"twitter:data2\" content=\"1 minute\" \/>\n<script type=\"application\/ld+json\" class=\"yoast-schema-graph\">{\"@context\":\"https:\\\/\\\/schema.org\",\"@graph\":[{\"@type\":\"Article\",\"@id\":\"https:\\\/\\\/bladnanews.com\\\/dani-olmo-says-comparing-lamine-yamal-to-messi-is-crazy\\\/#article\",\"isPartOf\":{\"@id\":\"https:\\\/\\\/bladnanews.com\\\/dani-olmo-says-comparing-lamine-yamal-to-messi-is-crazy\\\/\"},\"author\":{\"name\":\"Bladna News Staff\",\"@id\":\"https:\\\/\\\/mediumseagreen-eel-531711.hostingersite.com\\\/#\\\/schema\\\/person\\\/268e18a453ab080ebf76df6ef7845083\"},\"headline\":\"Dani Olmo says comparing Lamine Yamal to Messi is crazy\",\"datePublished\":\"2026-01-27T16:09:29+00:00\",\"mainEntityOfPage\":{\"@id\":\"https:\\\/\\\/bladnanews.com\\\/dani-olmo-says-comparing-lamine-yamal-to-messi-is-crazy\\\/\"},\"wordCount\":233,\"publisher\":{\"@id\":\"https:\\\/\\\/mediumseagreen-eel-531711.hostingersite.com\\\/#organization\"},\"image\":{\"@id\":\"https:\\\/\\\/bladnanews.com\\\/dani-olmo-says-comparing-lamine-yamal-to-messi-is-crazy\\\/#primaryimage\"},\"thumbnailUrl\":\"https:\\\/\\\/bladnanews.com\\\/wp-content\\\/uploads\\\/2026\\\/01\\\/BladnaNews-Dani-Olmo-says-comparing-Lamine-Yamal-to-Messi-is-crazy-2026-01-28T050954.038Z-scaled.jpg\",\"articleSection\":[\"International\",\"Latest News\"],\"inLanguage\":\"fr-FR\",\"copyrightYear\":\"2026\",\"copyrightHolder\":{\"@id\":\"https:\\\/\\\/bladnanews.com\\\/fr\\\/#organization\"}},{\"@type\":\"WebPage\",\"@id\":\"https:\\\/\\\/bladnanews.com\\\/dani-olmo-says-comparing-lamine-yamal-to-messi-is-crazy\\\/\",\"url\":\"https:\\\/\\\/bladnanews.com\\\/dani-olmo-says-comparing-lamine-yamal-to-messi-is-crazy\\\/\",\"name\":\"Dani Olmo says comparing Lamine Yamal to Messi is crazy - Bladna News\",\"isPartOf\":{\"@id\":\"https:\\\/\\\/mediumseagreen-eel-531711.hostingersite.com\\\/#website\"},\"primaryImageOfPage\":{\"@id\":\"https:\\\/\\\/bladnanews.com\\\/dani-olmo-says-comparing-lamine-yamal-to-messi-is-crazy\\\/#primaryimage\"},\"image\":{\"@id\":\"https:\\\/\\\/bladnanews.com\\\/dani-olmo-says-comparing-lamine-yamal-to-messi-is-crazy\\\/#primaryimage\"},\"thumbnailUrl\":\"https:\\\/\\\/bladnanews.com\\\/wp-content\\\/uploads\\\/2026\\\/01\\\/BladnaNews-Dani-Olmo-says-comparing-Lamine-Yamal-to-Messi-is-crazy-2026-01-28T050954.038Z-scaled.jpg\",\"datePublished\":\"2026-01-27T16:09:29+00:00\",\"breadcrumb\":{\"@id\":\"https:\\\/\\\/bladnanews.com\\\/dani-olmo-says-comparing-lamine-yamal-to-messi-is-crazy\\\/#breadcrumb\"},\"inLanguage\":\"fr-FR\",\"potentialAction\":[{\"@type\":\"ReadAction\",\"target\":[\"https:\\\/\\\/bladnanews.com\\\/dani-olmo-says-comparing-lamine-yamal-to-messi-is-crazy\\\/\"]}]},{\"@type\":\"ImageObject\",\"inLanguage\":\"fr-FR\",\"@id\":\"https:\\\/\\\/bladnanews.com\\\/dani-olmo-says-comparing-lamine-yamal-to-messi-is-crazy\\\/#primaryimage\",\"url\":\"https:\\\/\\\/bladnanews.com\\\/wp-content\\\/uploads\\\/2026\\\/01\\\/BladnaNews-Dani-Olmo-says-comparing-Lamine-Yamal-to-Messi-is-crazy-2026-01-28T050954.038Z-scaled.jpg\",\"contentUrl\":\"https:\\\/\\\/bladnanews.com\\\/wp-content\\\/uploads\\\/2026\\\/01\\\/BladnaNews-Dani-Olmo-says-comparing-Lamine-Yamal-to-Messi-is-crazy-2026-01-28T050954.038Z-scaled.jpg\",\"width\":2560,\"height\":1440,\"caption\":\"Dani Olmo in a Spain jersey gazes at Lionel Messi, who is in an Argentina shirt, highlighting a comparison debate.\"},{\"@type\":\"BreadcrumbList\",\"@id\":\"https:\\\/\\\/bladnanews.com\\\/dani-olmo-says-comparing-lamine-yamal-to-messi-is-crazy\\\/#breadcrumb\",\"itemListElement\":[{\"@type\":\"ListItem\",\"position\":1,\"name\":\"Home\",\"item\":\"https:\\\/\\\/bladnanews.com\\\/\"},{\"@type\":\"ListItem\",\"position\":2,\"name\":\"Dani Olmo says comparing Lamine Yamal to Messi is crazy\"}]},{\"@type\":\"WebSite\",\"@id\":\"https:\\\/\\\/mediumseagreen-eel-531711.hostingersite.com\\\/#website\",\"url\":\"https:\\\/\\\/mediumseagreen-eel-531711.hostingersite.com\\\/\",\"name\":\"Bladna News - Morocco\",\"description\":\"Where Moroccan Football Meets the World\",\"publisher\":{\"@id\":\"https:\\\/\\\/mediumseagreen-eel-531711.hostingersite.com\\\/#organization\"},\"potentialAction\":[{\"@type\":\"SearchAction\",\"target\":{\"@type\":\"EntryPoint\",\"urlTemplate\":\"https:\\\/\\\/mediumseagreen-eel-531711.hostingersite.com\\\/?s={search_term_string}\"},\"query-input\":{\"@type\":\"PropertyValueSpecification\",\"valueRequired\":true,\"valueName\":\"search_term_string\"}}],\"inLanguage\":\"fr-FR\"},{\"@type\":\"Organization\",\"@id\":\"https:\\\/\\\/mediumseagreen-eel-531711.hostingersite.com\\\/#organization\",\"name\":\"Bladna News.com\",\"url\":\"https:\\\/\\\/mediumseagreen-eel-531711.hostingersite.com\\\/\",\"logo\":{\"@type\":\"ImageObject\",\"inLanguage\":\"fr-FR\",\"@id\":\"https:\\\/\\\/mediumseagreen-eel-531711.hostingersite.com\\\/#\\\/schema\\\/logo\\\/image\\\/\",\"url\":\"https:\\\/\\\/bladnanews.com\\\/wp-content\\\/uploads\\\/2025\\\/12\\\/logo-bladnanews-V2-web-black-red.png\",\"contentUrl\":\"https:\\\/\\\/bladnanews.com\\\/wp-content\\\/uploads\\\/2025\\\/12\\\/logo-bladnanews-V2-web-black-red.png\",\"width\":703,\"height\":287,\"caption\":\"Bladna News.com\"},\"image\":{\"@id\":\"https:\\\/\\\/mediumseagreen-eel-531711.hostingersite.com\\\/#\\\/schema\\\/logo\\\/image\\\/\"},\"email\":\"info@bladnanews.com\",\"legalName\":\"Bladna News\"},{\"@type\":\"Person\",\"@id\":\"https:\\\/\\\/mediumseagreen-eel-531711.hostingersite.com\\\/#\\\/schema\\\/person\\\/268e18a453ab080ebf76df6ef7845083\",\"name\":\"Bladna News Staff\",\"url\":\"https:\\\/\\\/bladnanews.com\\\/fr\\\/author\\\/bladna-news-staff\\\/\"}]}<\/script>\n<!-- \/ Yoast SEO Premium plugin. -->","yoast_head_json":{"title":"Dani Olmo affirme qu'il est insens\u00e9 de comparer Lamine Yamal \u00e0 Messi - Bladna News","robots":{"index":"index","follow":"follow","max-snippet":"max-snippet:-1","max-image-preview":"max-image-preview:large","max-video-preview":"max-video-preview:-1"},"canonical":"https:\/\/bladnanews.com\/fr\/dani-olmo-affirme-quil-est-insense-de-comparer-lamine-yamal-a-messi\/","og_locale":"fr_FR","og_type":"article","og_title":"Dani Olmo says comparing Lamine Yamal to Messi is crazy","og_description":"Barcelona midfielder Dani Olmo has insisted it is \u201ccrazy\u201d to compare teenage winger Lamine Yamal with club legend Lionel Messi, [&hellip;]","og_url":"https:\/\/bladnanews.com\/fr\/dani-olmo-affirme-quil-est-insense-de-comparer-lamine-yamal-a-messi\/","og_site_name":"Bladna News","article_published_time":"2026-01-27T16:09:29+00:00","og_image":[{"width":1312,"height":736,"url":"https:\/\/bladnanews.com\/wp-content\/uploads\/2025\/12\/freepik__bladna-newscom-moroccan-soccer-homepage-banner-mor__41838.png","type":"image\/png"}],"author":"Bladna News Staff","twitter_card":"summary_large_image","twitter_misc":{"\u00c9crit par":"Bladna News Staff","Dur\u00e9e de lecture estim\u00e9e":"1 minute"},"schema":{"@context":"https:\/\/schema.org","@graph":[{"@type":"Article","@id":"https:\/\/bladnanews.com\/dani-olmo-says-comparing-lamine-yamal-to-messi-is-crazy\/#article","isPartOf":{"@id":"https:\/\/bladnanews.com\/dani-olmo-says-comparing-lamine-yamal-to-messi-is-crazy\/"},"author":{"name":"Bladna News Staff","@id":"https:\/\/mediumseagreen-eel-531711.hostingersite.com\/#\/schema\/person\/268e18a453ab080ebf76df6ef7845083"},"headline":"Dani Olmo says comparing Lamine Yamal to Messi is crazy","datePublished":"2026-01-27T16:09:29+00:00","mainEntityOfPage":{"@id":"https:\/\/bladnanews.com\/dani-olmo-says-comparing-lamine-yamal-to-messi-is-crazy\/"},"wordCount":233,"publisher":{"@id":"https:\/\/mediumseagreen-eel-531711.hostingersite.com\/#organization"},"image":{"@id":"https:\/\/bladnanews.com\/dani-olmo-says-comparing-lamine-yamal-to-messi-is-crazy\/#primaryimage"},"thumbnailUrl":"https:\/\/bladnanews.com\/wp-content\/uploads\/2026\/01\/BladnaNews-Dani-Olmo-says-comparing-Lamine-Yamal-to-Messi-is-crazy-2026-01-28T050954.038Z-scaled.jpg","articleSection":["International","Latest News"],"inLanguage":"fr-FR","copyrightYear":"2026","copyrightHolder":{"@id":"https:\/\/bladnanews.com\/fr\/#organization"}},{"@type":"WebPage","@id":"https:\/\/bladnanews.com\/dani-olmo-says-comparing-lamine-yamal-to-messi-is-crazy\/","url":"https:\/\/bladnanews.com\/dani-olmo-says-comparing-lamine-yamal-to-messi-is-crazy\/","name":"Dani Olmo affirme qu'il est insens\u00e9 de comparer Lamine Yamal \u00e0 Messi - Bladna News","isPartOf":{"@id":"https:\/\/mediumseagreen-eel-531711.hostingersite.com\/#website"},"primaryImageOfPage":{"@id":"https:\/\/bladnanews.com\/dani-olmo-says-comparing-lamine-yamal-to-messi-is-crazy\/#primaryimage"},"image":{"@id":"https:\/\/bladnanews.com\/dani-olmo-says-comparing-lamine-yamal-to-messi-is-crazy\/#primaryimage"},"thumbnailUrl":"https:\/\/bladnanews.com\/wp-content\/uploads\/2026\/01\/BladnaNews-Dani-Olmo-says-comparing-Lamine-Yamal-to-Messi-is-crazy-2026-01-28T050954.038Z-scaled.jpg","datePublished":"2026-01-27T16:09:29+00:00","breadcrumb":{"@id":"https:\/\/bladnanews.com\/dani-olmo-says-comparing-lamine-yamal-to-messi-is-crazy\/#breadcrumb"},"inLanguage":"fr-FR","potentialAction":[{"@type":"ReadAction","target":["https:\/\/bladnanews.com\/dani-olmo-says-comparing-lamine-yamal-to-messi-is-crazy\/"]}]},{"@type":"ImageObject","inLanguage":"fr-FR","@id":"https:\/\/bladnanews.com\/dani-olmo-says-comparing-lamine-yamal-to-messi-is-crazy\/#primaryimage","url":"https:\/\/bladnanews.com\/wp-content\/uploads\/2026\/01\/BladnaNews-Dani-Olmo-says-comparing-Lamine-Yamal-to-Messi-is-crazy-2026-01-28T050954.038Z-scaled.jpg","contentUrl":"https:\/\/bladnanews.com\/wp-content\/uploads\/2026\/01\/BladnaNews-Dani-Olmo-says-comparing-Lamine-Yamal-to-Messi-is-crazy-2026-01-28T050954.038Z-scaled.jpg","width":2560,"height":1440,"caption":"Dani Olmo in a Spain jersey gazes at Lionel Messi, who is in an Argentina shirt, highlighting a comparison debate."},{"@type":"BreadcrumbList","@id":"https:\/\/bladnanews.com\/dani-olmo-says-comparing-lamine-yamal-to-messi-is-crazy\/#breadcrumb","itemListElement":[{"@type":"ListItem","position":1,"name":"Home","item":"https:\/\/bladnanews.com\/"},{"@type":"ListItem","position":2,"name":"Dani Olmo says comparing Lamine Yamal to Messi is crazy"}]},{"@type":"WebSite","@id":"https:\/\/mediumseagreen-eel-531711.hostingersite.com\/#website","url":"https:\/\/mediumseagreen-eel-531711.hostingersite.com\/","name":"Bladna News - Maroc","description":"Quand le football marocain rencontre le monde","publisher":{"@id":"https:\/\/mediumseagreen-eel-531711.hostingersite.com\/#organization"},"potentialAction":[{"@type":"SearchAction","target":{"@type":"EntryPoint","urlTemplate":"https:\/\/mediumseagreen-eel-531711.hostingersite.com\/?s={search_term_string}"},"query-input":{"@type":"PropertyValueSpecification","valueRequired":true,"valueName":"search_term_string"}}],"inLanguage":"fr-FR"},{"@type":"Organization","@id":"https:\/\/mediumseagreen-eel-531711.hostingersite.com\/#organization","name":"Bladna News.com","url":"https:\/\/mediumseagreen-eel-531711.hostingersite.com\/","logo":{"@type":"ImageObject","inLanguage":"fr-FR","@id":"https:\/\/mediumseagreen-eel-531711.hostingersite.com\/#\/schema\/logo\/image\/","url":"https:\/\/bladnanews.com\/wp-content\/uploads\/2025\/12\/logo-bladnanews-V2-web-black-red.png","contentUrl":"https:\/\/bladnanews.com\/wp-content\/uploads\/2025\/12\/logo-bladnanews-V2-web-black-red.png","width":703,"height":287,"caption":"Bladna News.com"},"image":{"@id":"https:\/\/mediumseagreen-eel-531711.hostingersite.com\/#\/schema\/logo\/image\/"},"email":"info@bladnanews.com","legalName":"Bladna News"},{"@type":"Person","@id":"https:\/\/mediumseagreen-eel-531711.hostingersite.com\/#\/schema\/person\/268e18a453ab080ebf76df6ef7845083","name":"\u00c9quipe r\u00e9dactionnelle de Bladna News","url":"https:\/\/bladnanews.com\/fr\/author\/bladna-news-staff\/"}]}},"_links":{"self":[{"href":"https:\/\/bladnanews.com\/fr\/wp-json\/wp\/v2\/posts\/7967","targetHints":{"allow":["GET"]}}],"collection":[{"href":"https:\/\/bladnanews.com\/fr\/wp-json\/wp\/v2\/posts"}],"about":[{"href":"https:\/\/bladnanews.com\/fr\/wp-json\/wp\/v2\/types\/post"}],"author":[{"embeddable":true,"href":"https:\/\/bladnanews.com\/fr\/wp-json\/wp\/v2\/users\/3"}],"replies":[{"embeddable":true,"href":"https:\/\/bladnanews.com\/fr\/wp-json\/wp\/v2\/comments?post=7967"}],"version-history":[{"count":0,"href":"https:\/\/bladnanews.com\/fr\/wp-json\/wp\/v2\/posts\/7967\/revisions"}],"wp:featuredmedia":[{"embeddable":true,"href":"https:\/\/bladnanews.com\/fr\/wp-json\/wp\/v2\/media\/7966"}],"wp:attachment":[{"href":"https:\/\/bladnanews.com\/fr\/wp-json\/wp\/v2\/media?parent=7967"}],"wp:term":[{"taxonomy":"category","embeddable":true,"href":"https:\/\/bladnanews.com\/fr\/wp-json\/wp\/v2\/categories?post=7967"},{"taxonomy":"post_tag","embeddable":true,"href":"https:\/\/bladnanews.com\/fr\/wp-json\/wp\/v2\/tags?post=7967"}],"curies":[{"name":"wp","href":"https:\/\/api.w.org\/{rel}","templated":true}]}}