{"id":7969,"date":"2026-01-27T16:29:36","date_gmt":"2026-01-27T16:29:36","guid":{"rendered":"https:\/\/bladnanews.com\/conte-hits-back-at-spalletti-after-former-champions-jab\/"},"modified":"2026-01-27T16:29:36","modified_gmt":"2026-01-27T16:29:36","slug":"conte-riposte-a-spalletti-apres-la-pique-de-lancien-champion","status":"publish","type":"post","link":"https:\/\/bladnanews.com\/fr\/conte-riposte-a-spalletti-apres-la-pique-de-lancien-champion\/","title":{"rendered":"Conte riposte \u00e0 Spalletti apr\u00e8s la pique sur les anciens champions"},"content":{"rendered":"<p>Antonio Conte a r\u00e9pliqu\u00e9 \u00e0 Luciano Spalletti apr\u00e8s que l'entra\u00eeneur de la Juventus ait qualifi\u00e9 Naples d\u201c\u201d anciens champions \u00bb, une formule qui a provoqu\u00e9 une r\u00e9action courrouc\u00e9e du patron napolitain.<\/p>\n<p>La remarque de Spalletti intervient alors que la Juventus et Naples continuent d'\u00e9changer des piques en dehors du terrain, la rivalit\u00e9 entre les deux clubs n'\u00e9tant jamais loin de la surface. La formulation du manager de la Juventus a \u00e9t\u00e9 per\u00e7ue \u00e0 Naples comme une pique d\u00e9lib\u00e9r\u00e9e, r\u00e9duisant le succ\u00e8s r\u00e9cent de Naples \u00e0 quelque chose d'appartenant d\u00e9j\u00e0 au pass\u00e9.<\/p>\n<p>Conte n'a pas cach\u00e9 sa frustration lorsqu'on l'a interrog\u00e9 \u00e0 ce sujet, insistant sur le fait que Spalletti devrait faire preuve de plus de respect pour ce que Naples a accompli. \u201c Il ne peut pas dire cela ! \u201d a d\u00e9clar\u00e9 Conte, montrant clairement qu'il avait pris ce commentaire personnellement et estimait qu'il d\u00e9passait les limites.<\/p>\n<p>L'entra\u00eeneur napolitain a soulign\u00e9 que les titres se m\u00e9ritent et ne peuvent \u00eatre balay\u00e9s d'une \u00e9tiquette n\u00e9gligente, surtout par un rival. La r\u00e9ponse de Conte fut directe et ferme, cherchant \u00e0 d\u00e9fendre \u00e0 la fois le club et ses supporters face \u00e0 ce qu'il consid\u00e9rait comme une provocation inutile.<\/p>\n<p>Cet \u00e9change ajoute une tension suppl\u00e9mentaire \u00e0 la bataille d\u00e9j\u00e0 tendue entre deux des plus grands noms de la Serie A, Conte et Spalletti se trouvant d\u00e9sormais au centre d'une guerre des mots publique suite \u00e0 la pique des \u201c anciens champions \u201d.<\/p>","protected":false},"excerpt":{"rendered":"<p>Antonio Conte has hit back at Luciano Spalletti after the Juventus coach referred to Napoli as \u201cformer champions\u201d, a line [&hellip;]<\/p>\n","protected":false},"author":3,"featured_media":7968,"comment_status":"","ping_status":"open","sticky":false,"template":"","format":"standard","meta":{"googlesitekit_rrm_CAow_uzEDA:productID":"","site-sidebar-layout":"default","site-content-layout":"","ast-site-content-layout":"default","site-content-style":"default","site-sidebar-style":"default","ast-global-header-display":"","ast-banner-title-visibility":"","ast-main-header-display":"","ast-hfb-above-header-display":"","ast-hfb-below-header-display":"","ast-hfb-mobile-header-display":"","site-post-title":"","ast-breadcrumbs-content":"","ast-featured-img":"","footer-sml-layout":"","ast-disable-related-posts":"","theme-transparent-header-meta":"","adv-header-id-meta":"","stick-header-meta":"","header-above-stick-meta":"","header-main-stick-meta":"","header-below-stick-meta":"","astra-migrate-meta-layouts":"default","ast-page-background-enabled":"default","ast-page-background-meta":{"desktop":{"background-color":"var(--ast-global-color-5)","background-image":"","background-repeat":"repeat","background-position":"center center","background-size":"auto","background-attachment":"scroll","background-type":"","background-media":"","overlay-type":"","overlay-color":"","overlay-opacity":"","overlay-gradient":""},"tablet":{"background-color":"","background-image":"","background-repeat":"repeat","background-position":"center center","background-size":"auto","background-attachment":"scroll","background-type":"","background-media":"","overlay-type":"","overlay-color":"","overlay-opacity":"","overlay-gradient":""},"mobile":{"background-color":"","background-image":"","background-repeat":"repeat","background-position":"center center","background-size":"auto","background-attachment":"scroll","background-type":"","background-media":"","overlay-type":"","overlay-color":"","overlay-opacity":"","overlay-gradient":""}},"ast-content-background-meta":{"desktop":{"background-color":"var(--ast-global-color-4)","background-image":"","background-repeat":"repeat","background-position":"center center","background-size":"auto","background-attachment":"scroll","background-type":"","background-media":"","overlay-type":"","overlay-color":"","overlay-opacity":"","overlay-gradient":""},"tablet":{"background-color":"var(--ast-global-color-4)","background-image":"","background-repeat":"repeat","background-position":"center center","background-size":"auto","background-attachment":"scroll","background-type":"","background-media":"","overlay-type":"","overlay-color":"","overlay-opacity":"","overlay-gradient":""},"mobile":{"background-color":"var(--ast-global-color-4)","background-image":"","background-repeat":"repeat","background-position":"center center","background-size":"auto","background-attachment":"scroll","background-type":"","background-media":"","overlay-type":"","overlay-color":"","overlay-opacity":"","overlay-gradient":""}},"footnotes":""},"categories":[20,1],"tags":[],"class_list":["post-7969","post","type-post","status-publish","format-standard","has-post-thumbnail","hentry","category-international","category-football-latest-news"],"yoast_head":"<!-- This site is optimized with the Yoast SEO Premium plugin v26.6 (Yoast SEO v27.4) - https:\/\/yoast.com\/product\/yoast-seo-premium-wordpress\/ -->\n<title>Conte hits back at Spalletti after former champions jab - Bladna News<\/title>\n<meta name=\"robots\" content=\"index, follow, max-snippet:-1, max-image-preview:large, max-video-preview:-1\" \/>\n<link rel=\"canonical\" href=\"https:\/\/bladnanews.com\/fr\/conte-riposte-a-spalletti-apres-la-pique-de-lancien-champion\/\" \/>\n<meta property=\"og:locale\" content=\"fr_FR\" \/>\n<meta property=\"og:type\" content=\"article\" \/>\n<meta property=\"og:title\" content=\"Conte hits back at Spalletti after former champions jab\" \/>\n<meta property=\"og:description\" content=\"Antonio Conte has hit back at Luciano Spalletti after the Juventus coach referred to Napoli as \u201cformer champions\u201d, a line [&hellip;]\" \/>\n<meta property=\"og:url\" content=\"https:\/\/bladnanews.com\/fr\/conte-riposte-a-spalletti-apres-la-pique-de-lancien-champion\/\" \/>\n<meta property=\"og:site_name\" content=\"Bladna News\" \/>\n<meta property=\"article:published_time\" content=\"2026-01-27T16:29:36+00:00\" \/>\n<meta property=\"og:image\" content=\"https:\/\/bladnanews.com\/wp-content\/uploads\/2025\/12\/freepik__bladna-newscom-moroccan-soccer-homepage-banner-mor__41838.png\" \/>\n\t<meta property=\"og:image:width\" content=\"1312\" \/>\n\t<meta property=\"og:image:height\" content=\"736\" \/>\n\t<meta property=\"og:image:type\" content=\"image\/png\" \/>\n<meta name=\"author\" content=\"Bladna News Staff\" \/>\n<meta name=\"twitter:card\" content=\"summary_large_image\" \/>\n<meta name=\"twitter:label1\" content=\"\u00c9crit par\" \/>\n\t<meta name=\"twitter:data1\" content=\"Bladna News Staff\" \/>\n\t<meta name=\"twitter:label2\" content=\"Dur\u00e9e de lecture estim\u00e9e\" \/>\n\t<meta name=\"twitter:data2\" content=\"1 minute\" \/>\n<script type=\"application\/ld+json\" class=\"yoast-schema-graph\">{\"@context\":\"https:\\\/\\\/schema.org\",\"@graph\":[{\"@type\":\"Article\",\"@id\":\"https:\\\/\\\/bladnanews.com\\\/conte-hits-back-at-spalletti-after-former-champions-jab\\\/#article\",\"isPartOf\":{\"@id\":\"https:\\\/\\\/bladnanews.com\\\/conte-hits-back-at-spalletti-after-former-champions-jab\\\/\"},\"author\":{\"name\":\"Bladna News Staff\",\"@id\":\"https:\\\/\\\/mediumseagreen-eel-531711.hostingersite.com\\\/#\\\/schema\\\/person\\\/268e18a453ab080ebf76df6ef7845083\"},\"headline\":\"Conte hits back at Spalletti after former champions jab\",\"datePublished\":\"2026-01-27T16:29:36+00:00\",\"mainEntityOfPage\":{\"@id\":\"https:\\\/\\\/bladnanews.com\\\/conte-hits-back-at-spalletti-after-former-champions-jab\\\/\"},\"wordCount\":213,\"publisher\":{\"@id\":\"https:\\\/\\\/mediumseagreen-eel-531711.hostingersite.com\\\/#organization\"},\"image\":{\"@id\":\"https:\\\/\\\/bladnanews.com\\\/conte-hits-back-at-spalletti-after-former-champions-jab\\\/#primaryimage\"},\"thumbnailUrl\":\"https:\\\/\\\/bladnanews.com\\\/wp-content\\\/uploads\\\/2026\\\/01\\\/BladnaNews-Conte-hits-back-at-Spalletti-after-former-champions-jab-2026-01-28T051024.450Z-scaled.jpg\",\"articleSection\":[\"International\",\"Latest News\"],\"inLanguage\":\"fr-FR\",\"copyrightYear\":\"2026\",\"copyrightHolder\":{\"@id\":\"https:\\\/\\\/bladnanews.com\\\/fr\\\/#organization\"}},{\"@type\":\"WebPage\",\"@id\":\"https:\\\/\\\/bladnanews.com\\\/conte-hits-back-at-spalletti-after-former-champions-jab\\\/\",\"url\":\"https:\\\/\\\/bladnanews.com\\\/conte-hits-back-at-spalletti-after-former-champions-jab\\\/\",\"name\":\"Conte hits back at Spalletti after former champions jab - Bladna News\",\"isPartOf\":{\"@id\":\"https:\\\/\\\/mediumseagreen-eel-531711.hostingersite.com\\\/#website\"},\"primaryImageOfPage\":{\"@id\":\"https:\\\/\\\/bladnanews.com\\\/conte-hits-back-at-spalletti-after-former-champions-jab\\\/#primaryimage\"},\"image\":{\"@id\":\"https:\\\/\\\/bladnanews.com\\\/conte-hits-back-at-spalletti-after-former-champions-jab\\\/#primaryimage\"},\"thumbnailUrl\":\"https:\\\/\\\/bladnanews.com\\\/wp-content\\\/uploads\\\/2026\\\/01\\\/BladnaNews-Conte-hits-back-at-Spalletti-after-former-champions-jab-2026-01-28T051024.450Z-scaled.jpg\",\"datePublished\":\"2026-01-27T16:29:36+00:00\",\"breadcrumb\":{\"@id\":\"https:\\\/\\\/bladnanews.com\\\/conte-hits-back-at-spalletti-after-former-champions-jab\\\/#breadcrumb\"},\"inLanguage\":\"fr-FR\",\"potentialAction\":[{\"@type\":\"ReadAction\",\"target\":[\"https:\\\/\\\/bladnanews.com\\\/conte-hits-back-at-spalletti-after-former-champions-jab\\\/\"]}]},{\"@type\":\"ImageObject\",\"inLanguage\":\"fr-FR\",\"@id\":\"https:\\\/\\\/bladnanews.com\\\/conte-hits-back-at-spalletti-after-former-champions-jab\\\/#primaryimage\",\"url\":\"https:\\\/\\\/bladnanews.com\\\/wp-content\\\/uploads\\\/2026\\\/01\\\/BladnaNews-Conte-hits-back-at-Spalletti-after-former-champions-jab-2026-01-28T051024.450Z-scaled.jpg\",\"contentUrl\":\"https:\\\/\\\/bladnanews.com\\\/wp-content\\\/uploads\\\/2026\\\/01\\\/BladnaNews-Conte-hits-back-at-Spalletti-after-former-champions-jab-2026-01-28T051024.450Z-scaled.jpg\",\"width\":2560,\"height\":1440,\"caption\":\"Conte and Spalletti share a moment on the pitch, with Conte giving a thumbs-up; both wear formal attire against a stadium backdrop.\"},{\"@type\":\"BreadcrumbList\",\"@id\":\"https:\\\/\\\/bladnanews.com\\\/conte-hits-back-at-spalletti-after-former-champions-jab\\\/#breadcrumb\",\"itemListElement\":[{\"@type\":\"ListItem\",\"position\":1,\"name\":\"Home\",\"item\":\"https:\\\/\\\/bladnanews.com\\\/\"},{\"@type\":\"ListItem\",\"position\":2,\"name\":\"Conte hits back at Spalletti after former champions jab\"}]},{\"@type\":\"WebSite\",\"@id\":\"https:\\\/\\\/mediumseagreen-eel-531711.hostingersite.com\\\/#website\",\"url\":\"https:\\\/\\\/mediumseagreen-eel-531711.hostingersite.com\\\/\",\"name\":\"Bladna News - Morocco\",\"description\":\"Where Moroccan Football Meets the World\",\"publisher\":{\"@id\":\"https:\\\/\\\/mediumseagreen-eel-531711.hostingersite.com\\\/#organization\"},\"potentialAction\":[{\"@type\":\"SearchAction\",\"target\":{\"@type\":\"EntryPoint\",\"urlTemplate\":\"https:\\\/\\\/mediumseagreen-eel-531711.hostingersite.com\\\/?s={search_term_string}\"},\"query-input\":{\"@type\":\"PropertyValueSpecification\",\"valueRequired\":true,\"valueName\":\"search_term_string\"}}],\"inLanguage\":\"fr-FR\"},{\"@type\":\"Organization\",\"@id\":\"https:\\\/\\\/mediumseagreen-eel-531711.hostingersite.com\\\/#organization\",\"name\":\"Bladna News.com\",\"url\":\"https:\\\/\\\/mediumseagreen-eel-531711.hostingersite.com\\\/\",\"logo\":{\"@type\":\"ImageObject\",\"inLanguage\":\"fr-FR\",\"@id\":\"https:\\\/\\\/mediumseagreen-eel-531711.hostingersite.com\\\/#\\\/schema\\\/logo\\\/image\\\/\",\"url\":\"https:\\\/\\\/bladnanews.com\\\/wp-content\\\/uploads\\\/2025\\\/12\\\/logo-bladnanews-V2-web-black-red.png\",\"contentUrl\":\"https:\\\/\\\/bladnanews.com\\\/wp-content\\\/uploads\\\/2025\\\/12\\\/logo-bladnanews-V2-web-black-red.png\",\"width\":703,\"height\":287,\"caption\":\"Bladna News.com\"},\"image\":{\"@id\":\"https:\\\/\\\/mediumseagreen-eel-531711.hostingersite.com\\\/#\\\/schema\\\/logo\\\/image\\\/\"},\"email\":\"info@bladnanews.com\",\"legalName\":\"Bladna News\"},{\"@type\":\"Person\",\"@id\":\"https:\\\/\\\/mediumseagreen-eel-531711.hostingersite.com\\\/#\\\/schema\\\/person\\\/268e18a453ab080ebf76df6ef7845083\",\"name\":\"Bladna News Staff\",\"url\":\"https:\\\/\\\/bladnanews.com\\\/fr\\\/author\\\/bladna-news-staff\\\/\"}]}<\/script>\n<!-- \/ Yoast SEO Premium plugin. -->","yoast_head_json":{"title":"Conte r\u00e9pond \u00e0 Spalletti apr\u00e8s la pique de l'ancien champion - Bladna News","robots":{"index":"index","follow":"follow","max-snippet":"max-snippet:-1","max-image-preview":"max-image-preview:large","max-video-preview":"max-video-preview:-1"},"canonical":"https:\/\/bladnanews.com\/fr\/conte-riposte-a-spalletti-apres-la-pique-de-lancien-champion\/","og_locale":"fr_FR","og_type":"article","og_title":"Conte hits back at Spalletti after former champions jab","og_description":"Antonio Conte has hit back at Luciano Spalletti after the Juventus coach referred to Napoli as \u201cformer champions\u201d, a line [&hellip;]","og_url":"https:\/\/bladnanews.com\/fr\/conte-riposte-a-spalletti-apres-la-pique-de-lancien-champion\/","og_site_name":"Bladna News","article_published_time":"2026-01-27T16:29:36+00:00","og_image":[{"width":1312,"height":736,"url":"https:\/\/bladnanews.com\/wp-content\/uploads\/2025\/12\/freepik__bladna-newscom-moroccan-soccer-homepage-banner-mor__41838.png","type":"image\/png"}],"author":"Bladna News Staff","twitter_card":"summary_large_image","twitter_misc":{"\u00c9crit par":"Bladna News Staff","Dur\u00e9e de lecture estim\u00e9e":"1 minute"},"schema":{"@context":"https:\/\/schema.org","@graph":[{"@type":"Article","@id":"https:\/\/bladnanews.com\/conte-hits-back-at-spalletti-after-former-champions-jab\/#article","isPartOf":{"@id":"https:\/\/bladnanews.com\/conte-hits-back-at-spalletti-after-former-champions-jab\/"},"author":{"name":"Bladna News Staff","@id":"https:\/\/mediumseagreen-eel-531711.hostingersite.com\/#\/schema\/person\/268e18a453ab080ebf76df6ef7845083"},"headline":"Conte hits back at Spalletti after former champions jab","datePublished":"2026-01-27T16:29:36+00:00","mainEntityOfPage":{"@id":"https:\/\/bladnanews.com\/conte-hits-back-at-spalletti-after-former-champions-jab\/"},"wordCount":213,"publisher":{"@id":"https:\/\/mediumseagreen-eel-531711.hostingersite.com\/#organization"},"image":{"@id":"https:\/\/bladnanews.com\/conte-hits-back-at-spalletti-after-former-champions-jab\/#primaryimage"},"thumbnailUrl":"https:\/\/bladnanews.com\/wp-content\/uploads\/2026\/01\/BladnaNews-Conte-hits-back-at-Spalletti-after-former-champions-jab-2026-01-28T051024.450Z-scaled.jpg","articleSection":["International","Latest News"],"inLanguage":"fr-FR","copyrightYear":"2026","copyrightHolder":{"@id":"https:\/\/bladnanews.com\/fr\/#organization"}},{"@type":"WebPage","@id":"https:\/\/bladnanews.com\/conte-hits-back-at-spalletti-after-former-champions-jab\/","url":"https:\/\/bladnanews.com\/conte-hits-back-at-spalletti-after-former-champions-jab\/","name":"Conte r\u00e9pond \u00e0 Spalletti apr\u00e8s la pique de l'ancien champion - Bladna News","isPartOf":{"@id":"https:\/\/mediumseagreen-eel-531711.hostingersite.com\/#website"},"primaryImageOfPage":{"@id":"https:\/\/bladnanews.com\/conte-hits-back-at-spalletti-after-former-champions-jab\/#primaryimage"},"image":{"@id":"https:\/\/bladnanews.com\/conte-hits-back-at-spalletti-after-former-champions-jab\/#primaryimage"},"thumbnailUrl":"https:\/\/bladnanews.com\/wp-content\/uploads\/2026\/01\/BladnaNews-Conte-hits-back-at-Spalletti-after-former-champions-jab-2026-01-28T051024.450Z-scaled.jpg","datePublished":"2026-01-27T16:29:36+00:00","breadcrumb":{"@id":"https:\/\/bladnanews.com\/conte-hits-back-at-spalletti-after-former-champions-jab\/#breadcrumb"},"inLanguage":"fr-FR","potentialAction":[{"@type":"ReadAction","target":["https:\/\/bladnanews.com\/conte-hits-back-at-spalletti-after-former-champions-jab\/"]}]},{"@type":"ImageObject","inLanguage":"fr-FR","@id":"https:\/\/bladnanews.com\/conte-hits-back-at-spalletti-after-former-champions-jab\/#primaryimage","url":"https:\/\/bladnanews.com\/wp-content\/uploads\/2026\/01\/BladnaNews-Conte-hits-back-at-Spalletti-after-former-champions-jab-2026-01-28T051024.450Z-scaled.jpg","contentUrl":"https:\/\/bladnanews.com\/wp-content\/uploads\/2026\/01\/BladnaNews-Conte-hits-back-at-Spalletti-after-former-champions-jab-2026-01-28T051024.450Z-scaled.jpg","width":2560,"height":1440,"caption":"Conte and Spalletti share a moment on the pitch, with Conte giving a thumbs-up; both wear formal attire against a stadium backdrop."},{"@type":"BreadcrumbList","@id":"https:\/\/bladnanews.com\/conte-hits-back-at-spalletti-after-former-champions-jab\/#breadcrumb","itemListElement":[{"@type":"ListItem","position":1,"name":"Home","item":"https:\/\/bladnanews.com\/"},{"@type":"ListItem","position":2,"name":"Conte hits back at Spalletti after former champions jab"}]},{"@type":"WebSite","@id":"https:\/\/mediumseagreen-eel-531711.hostingersite.com\/#website","url":"https:\/\/mediumseagreen-eel-531711.hostingersite.com\/","name":"Bladna News - Maroc","description":"Quand le football marocain rencontre le monde","publisher":{"@id":"https:\/\/mediumseagreen-eel-531711.hostingersite.com\/#organization"},"potentialAction":[{"@type":"SearchAction","target":{"@type":"EntryPoint","urlTemplate":"https:\/\/mediumseagreen-eel-531711.hostingersite.com\/?s={search_term_string}"},"query-input":{"@type":"PropertyValueSpecification","valueRequired":true,"valueName":"search_term_string"}}],"inLanguage":"fr-FR"},{"@type":"Organization","@id":"https:\/\/mediumseagreen-eel-531711.hostingersite.com\/#organization","name":"Bladna News.com","url":"https:\/\/mediumseagreen-eel-531711.hostingersite.com\/","logo":{"@type":"ImageObject","inLanguage":"fr-FR","@id":"https:\/\/mediumseagreen-eel-531711.hostingersite.com\/#\/schema\/logo\/image\/","url":"https:\/\/bladnanews.com\/wp-content\/uploads\/2025\/12\/logo-bladnanews-V2-web-black-red.png","contentUrl":"https:\/\/bladnanews.com\/wp-content\/uploads\/2025\/12\/logo-bladnanews-V2-web-black-red.png","width":703,"height":287,"caption":"Bladna News.com"},"image":{"@id":"https:\/\/mediumseagreen-eel-531711.hostingersite.com\/#\/schema\/logo\/image\/"},"email":"info@bladnanews.com","legalName":"Bladna News"},{"@type":"Person","@id":"https:\/\/mediumseagreen-eel-531711.hostingersite.com\/#\/schema\/person\/268e18a453ab080ebf76df6ef7845083","name":"\u00c9quipe r\u00e9dactionnelle de Bladna News","url":"https:\/\/bladnanews.com\/fr\/author\/bladna-news-staff\/"}]}},"_links":{"self":[{"href":"https:\/\/bladnanews.com\/fr\/wp-json\/wp\/v2\/posts\/7969","targetHints":{"allow":["GET"]}}],"collection":[{"href":"https:\/\/bladnanews.com\/fr\/wp-json\/wp\/v2\/posts"}],"about":[{"href":"https:\/\/bladnanews.com\/fr\/wp-json\/wp\/v2\/types\/post"}],"author":[{"embeddable":true,"href":"https:\/\/bladnanews.com\/fr\/wp-json\/wp\/v2\/users\/3"}],"replies":[{"embeddable":true,"href":"https:\/\/bladnanews.com\/fr\/wp-json\/wp\/v2\/comments?post=7969"}],"version-history":[{"count":0,"href":"https:\/\/bladnanews.com\/fr\/wp-json\/wp\/v2\/posts\/7969\/revisions"}],"wp:featuredmedia":[{"embeddable":true,"href":"https:\/\/bladnanews.com\/fr\/wp-json\/wp\/v2\/media\/7968"}],"wp:attachment":[{"href":"https:\/\/bladnanews.com\/fr\/wp-json\/wp\/v2\/media?parent=7969"}],"wp:term":[{"taxonomy":"category","embeddable":true,"href":"https:\/\/bladnanews.com\/fr\/wp-json\/wp\/v2\/categories?post=7969"},{"taxonomy":"post_tag","embeddable":true,"href":"https:\/\/bladnanews.com\/fr\/wp-json\/wp\/v2\/tags?post=7969"}],"curies":[{"name":"wp","href":"https:\/\/api.w.org\/{rel}","templated":true}]}}