{"id":7971,"date":"2026-01-27T16:30:00","date_gmt":"2026-01-27T16:30:00","guid":{"rendered":"https:\/\/bladnanews.com\/man-utd-vs-goal-front-three-as-mbeumo-and-yoro-quiz-up\/"},"modified":"2026-01-27T16:30:00","modified_gmt":"2026-01-27T16:30:00","slug":"manchester-united-contre-lattaque-frontale-de-but-avec-mbeumo-et-yoro-en-question","status":"publish","type":"post","link":"https:\/\/bladnanews.com\/fr\/manchester-united-contre-lattaque-frontale-de-but-avec-mbeumo-et-yoro-en-question\/","title":{"rendered":"Manchester United contre GOAL : Le trio offensif \u00e0 l'\u00e9preuve avec Mbeumo et Yoro au questionnaire"},"content":{"rendered":"<p>Manchester United s'est affront\u00e9 <strong>au Trio d'Attaque de GOAL<\/strong> dans une nouvelle vid\u00e9o, alors que <strong>Bryan Mbeumo<\/strong> et <strong>Leny Yoro<\/strong> relevait le d\u00e9fi de <em>Big Yarns<\/em> lors d'un quiz qualifi\u00e9 d\u201c\u201d \u00e9pique \u00bb.<\/p>\n<p>Le duo a \u00e9t\u00e9 mis \u00e0 l'\u00e9preuve dans un format rapide de face-\u00e0-face, avec des points en jeu et de nombreux moments fulgurants alors que les questions s'encha\u00eenaient \u00e0 un rythme soutenu.<\/p>\n<p>La vid\u00e9o, publi\u00e9e en partenariat avec <strong>adidas<\/strong>, a vu Mbeumo et Yoro repr\u00e9senter United dans ce concours, avec pour objectif de surpasser le Trio d'Attaque de GOAL lors d'une bataille anim\u00e9e m\u00ealant connaissances footballistiques et divertissement.<\/p>\n<p>Au fil du quiz, la comp\u00e9tition est rest\u00e9e serr\u00e9e, les deux camps \u00e9changeant les r\u00e9ponses et l'\u00e9lan, chaque tour augmentant la pression. Quelques moments surprenants ont \u00e9galement ponctu\u00e9 l'\u00e9preuve, les joueurs \u00e9tant contraints de r\u00e9agir rapidement face \u00e0 des questions changeant de difficult\u00e9.<\/p>\n<p><strong>Cette pr\u00e9sentation a r\u00e9v\u00e9l\u00e9<\/strong> que Mbeumo et Yoro \u00e9taient les repr\u00e9sentants de United pour la derni\u00e8re \u00e9dition du quiz Big Yarns, s'alignant contre le Trio d'Attaque de GOAL dans un duel direct.<\/p>\n<p>Avec des droits de vantardise en jeu, le concours a offert un changement de rythme amusant par rapport \u00e0 l'habituel focus sur les matchs, donnant aux supporters un aper\u00e7u diff\u00e9rent des personnalit\u00e9s impliqu\u00e9es alors qu'United affrontait un nouveau type d'adversaire.<\/p>","protected":false},"excerpt":{"rendered":"<p>Manchester United went head-to-head with GOAL\u2019s Front Three in a new video feature, as Bryan Mbeumo and Leny Yoro took [&hellip;]<\/p>\n","protected":false},"author":3,"featured_media":7970,"comment_status":"","ping_status":"open","sticky":false,"template":"","format":"standard","meta":{"googlesitekit_rrm_CAow_uzEDA:productID":"","site-sidebar-layout":"default","site-content-layout":"","ast-site-content-layout":"default","site-content-style":"default","site-sidebar-style":"default","ast-global-header-display":"","ast-banner-title-visibility":"","ast-main-header-display":"","ast-hfb-above-header-display":"","ast-hfb-below-header-display":"","ast-hfb-mobile-header-display":"","site-post-title":"","ast-breadcrumbs-content":"","ast-featured-img":"","footer-sml-layout":"","ast-disable-related-posts":"","theme-transparent-header-meta":"","adv-header-id-meta":"","stick-header-meta":"","header-above-stick-meta":"","header-main-stick-meta":"","header-below-stick-meta":"","astra-migrate-meta-layouts":"default","ast-page-background-enabled":"default","ast-page-background-meta":{"desktop":{"background-color":"var(--ast-global-color-5)","background-image":"","background-repeat":"repeat","background-position":"center center","background-size":"auto","background-attachment":"scroll","background-type":"","background-media":"","overlay-type":"","overlay-color":"","overlay-opacity":"","overlay-gradient":""},"tablet":{"background-color":"","background-image":"","background-repeat":"repeat","background-position":"center center","background-size":"auto","background-attachment":"scroll","background-type":"","background-media":"","overlay-type":"","overlay-color":"","overlay-opacity":"","overlay-gradient":""},"mobile":{"background-color":"","background-image":"","background-repeat":"repeat","background-position":"center center","background-size":"auto","background-attachment":"scroll","background-type":"","background-media":"","overlay-type":"","overlay-color":"","overlay-opacity":"","overlay-gradient":""}},"ast-content-background-meta":{"desktop":{"background-color":"var(--ast-global-color-4)","background-image":"","background-repeat":"repeat","background-position":"center center","background-size":"auto","background-attachment":"scroll","background-type":"","background-media":"","overlay-type":"","overlay-color":"","overlay-opacity":"","overlay-gradient":""},"tablet":{"background-color":"var(--ast-global-color-4)","background-image":"","background-repeat":"repeat","background-position":"center center","background-size":"auto","background-attachment":"scroll","background-type":"","background-media":"","overlay-type":"","overlay-color":"","overlay-opacity":"","overlay-gradient":""},"mobile":{"background-color":"var(--ast-global-color-4)","background-image":"","background-repeat":"repeat","background-position":"center center","background-size":"auto","background-attachment":"scroll","background-type":"","background-media":"","overlay-type":"","overlay-color":"","overlay-opacity":"","overlay-gradient":""}},"footnotes":""},"categories":[20,1],"tags":[],"class_list":["post-7971","post","type-post","status-publish","format-standard","has-post-thumbnail","hentry","category-international","category-football-latest-news"],"yoast_head":"<!-- This site is optimized with the Yoast SEO Premium plugin v26.6 (Yoast SEO v27.4) - https:\/\/yoast.com\/product\/yoast-seo-premium-wordpress\/ -->\n<title>Man Utd vs GOAL Front Three as Mbeumo and Yoro quiz up - Bladna News<\/title>\n<meta name=\"robots\" content=\"index, follow, max-snippet:-1, max-image-preview:large, max-video-preview:-1\" \/>\n<link rel=\"canonical\" href=\"https:\/\/bladnanews.com\/fr\/manchester-united-contre-lattaque-frontale-de-but-avec-mbeumo-et-yoro-en-question\/\" \/>\n<meta property=\"og:locale\" content=\"fr_FR\" \/>\n<meta property=\"og:type\" content=\"article\" \/>\n<meta property=\"og:title\" content=\"Man Utd vs GOAL Front Three as Mbeumo and Yoro quiz up\" \/>\n<meta property=\"og:description\" content=\"Manchester United went head-to-head with GOAL\u2019s Front Three in a new video feature, as Bryan Mbeumo and Leny Yoro took [&hellip;]\" \/>\n<meta property=\"og:url\" content=\"https:\/\/bladnanews.com\/fr\/manchester-united-contre-lattaque-frontale-de-but-avec-mbeumo-et-yoro-en-question\/\" \/>\n<meta property=\"og:site_name\" content=\"Bladna News\" \/>\n<meta property=\"article:published_time\" content=\"2026-01-27T16:30:00+00:00\" \/>\n<meta property=\"og:image\" content=\"https:\/\/bladnanews.com\/wp-content\/uploads\/2025\/12\/freepik__bladna-newscom-moroccan-soccer-homepage-banner-mor__41838.png\" \/>\n\t<meta property=\"og:image:width\" content=\"1312\" \/>\n\t<meta property=\"og:image:height\" content=\"736\" \/>\n\t<meta property=\"og:image:type\" content=\"image\/png\" \/>\n<meta name=\"author\" content=\"Bladna News Staff\" \/>\n<meta name=\"twitter:card\" content=\"summary_large_image\" \/>\n<meta name=\"twitter:label1\" content=\"\u00c9crit par\" \/>\n\t<meta name=\"twitter:data1\" content=\"Bladna News Staff\" \/>\n\t<meta name=\"twitter:label2\" content=\"Dur\u00e9e de lecture estim\u00e9e\" \/>\n\t<meta name=\"twitter:data2\" content=\"1 minute\" \/>\n<script type=\"application\/ld+json\" class=\"yoast-schema-graph\">{\"@context\":\"https:\\\/\\\/schema.org\",\"@graph\":[{\"@type\":\"Article\",\"@id\":\"https:\\\/\\\/bladnanews.com\\\/man-utd-vs-goal-front-three-as-mbeumo-and-yoro-quiz-up\\\/#article\",\"isPartOf\":{\"@id\":\"https:\\\/\\\/bladnanews.com\\\/man-utd-vs-goal-front-three-as-mbeumo-and-yoro-quiz-up\\\/\"},\"author\":{\"name\":\"Bladna News Staff\",\"@id\":\"https:\\\/\\\/mediumseagreen-eel-531711.hostingersite.com\\\/#\\\/schema\\\/person\\\/268e18a453ab080ebf76df6ef7845083\"},\"headline\":\"Man Utd vs GOAL Front Three as Mbeumo and Yoro quiz up\",\"datePublished\":\"2026-01-27T16:30:00+00:00\",\"mainEntityOfPage\":{\"@id\":\"https:\\\/\\\/bladnanews.com\\\/man-utd-vs-goal-front-three-as-mbeumo-and-yoro-quiz-up\\\/\"},\"wordCount\":215,\"publisher\":{\"@id\":\"https:\\\/\\\/mediumseagreen-eel-531711.hostingersite.com\\\/#organization\"},\"image\":{\"@id\":\"https:\\\/\\\/bladnanews.com\\\/man-utd-vs-goal-front-three-as-mbeumo-and-yoro-quiz-up\\\/#primaryimage\"},\"thumbnailUrl\":\"https:\\\/\\\/bladnanews.com\\\/wp-content\\\/uploads\\\/2026\\\/01\\\/BladnaNews-Man-Utd-vs-GOAL-Front-Three-as-Mbeumo-and-Yoro-quiz-up-2026-01-28T051052.775Z.jpg\",\"articleSection\":[\"International\",\"Latest News\"],\"inLanguage\":\"fr-FR\",\"copyrightYear\":\"2026\",\"copyrightHolder\":{\"@id\":\"https:\\\/\\\/bladnanews.com\\\/fr\\\/#organization\"}},{\"@type\":\"WebPage\",\"@id\":\"https:\\\/\\\/bladnanews.com\\\/man-utd-vs-goal-front-three-as-mbeumo-and-yoro-quiz-up\\\/\",\"url\":\"https:\\\/\\\/bladnanews.com\\\/man-utd-vs-goal-front-three-as-mbeumo-and-yoro-quiz-up\\\/\",\"name\":\"Man Utd vs GOAL Front Three as Mbeumo and Yoro quiz up - Bladna News\",\"isPartOf\":{\"@id\":\"https:\\\/\\\/mediumseagreen-eel-531711.hostingersite.com\\\/#website\"},\"primaryImageOfPage\":{\"@id\":\"https:\\\/\\\/bladnanews.com\\\/man-utd-vs-goal-front-three-as-mbeumo-and-yoro-quiz-up\\\/#primaryimage\"},\"image\":{\"@id\":\"https:\\\/\\\/bladnanews.com\\\/man-utd-vs-goal-front-three-as-mbeumo-and-yoro-quiz-up\\\/#primaryimage\"},\"thumbnailUrl\":\"https:\\\/\\\/bladnanews.com\\\/wp-content\\\/uploads\\\/2026\\\/01\\\/BladnaNews-Man-Utd-vs-GOAL-Front-Three-as-Mbeumo-and-Yoro-quiz-up-2026-01-28T051052.775Z.jpg\",\"datePublished\":\"2026-01-27T16:30:00+00:00\",\"breadcrumb\":{\"@id\":\"https:\\\/\\\/bladnanews.com\\\/man-utd-vs-goal-front-three-as-mbeumo-and-yoro-quiz-up\\\/#breadcrumb\"},\"inLanguage\":\"fr-FR\",\"potentialAction\":[{\"@type\":\"ReadAction\",\"target\":[\"https:\\\/\\\/bladnanews.com\\\/man-utd-vs-goal-front-three-as-mbeumo-and-yoro-quiz-up\\\/\"]}]},{\"@type\":\"ImageObject\",\"inLanguage\":\"fr-FR\",\"@id\":\"https:\\\/\\\/bladnanews.com\\\/man-utd-vs-goal-front-three-as-mbeumo-and-yoro-quiz-up\\\/#primaryimage\",\"url\":\"https:\\\/\\\/bladnanews.com\\\/wp-content\\\/uploads\\\/2026\\\/01\\\/BladnaNews-Man-Utd-vs-GOAL-Front-Three-as-Mbeumo-and-Yoro-quiz-up-2026-01-28T051052.775Z.jpg\",\"contentUrl\":\"https:\\\/\\\/bladnanews.com\\\/wp-content\\\/uploads\\\/2026\\\/01\\\/BladnaNews-Man-Utd-vs-GOAL-Front-Three-as-Mbeumo-and-Yoro-quiz-up-2026-01-28T051052.775Z.jpg\",\"width\":1920,\"height\":1080,\"caption\":\"Three football players feature prominently, with one in a West Ham kit, expressing intensity, flanked by two smiling players in sporty attire against a vibrant background.\"},{\"@type\":\"BreadcrumbList\",\"@id\":\"https:\\\/\\\/bladnanews.com\\\/man-utd-vs-goal-front-three-as-mbeumo-and-yoro-quiz-up\\\/#breadcrumb\",\"itemListElement\":[{\"@type\":\"ListItem\",\"position\":1,\"name\":\"Home\",\"item\":\"https:\\\/\\\/bladnanews.com\\\/\"},{\"@type\":\"ListItem\",\"position\":2,\"name\":\"Man Utd vs GOAL Front Three as Mbeumo and Yoro quiz up\"}]},{\"@type\":\"WebSite\",\"@id\":\"https:\\\/\\\/mediumseagreen-eel-531711.hostingersite.com\\\/#website\",\"url\":\"https:\\\/\\\/mediumseagreen-eel-531711.hostingersite.com\\\/\",\"name\":\"Bladna News - Morocco\",\"description\":\"Where Moroccan Football Meets the World\",\"publisher\":{\"@id\":\"https:\\\/\\\/mediumseagreen-eel-531711.hostingersite.com\\\/#organization\"},\"potentialAction\":[{\"@type\":\"SearchAction\",\"target\":{\"@type\":\"EntryPoint\",\"urlTemplate\":\"https:\\\/\\\/mediumseagreen-eel-531711.hostingersite.com\\\/?s={search_term_string}\"},\"query-input\":{\"@type\":\"PropertyValueSpecification\",\"valueRequired\":true,\"valueName\":\"search_term_string\"}}],\"inLanguage\":\"fr-FR\"},{\"@type\":\"Organization\",\"@id\":\"https:\\\/\\\/mediumseagreen-eel-531711.hostingersite.com\\\/#organization\",\"name\":\"Bladna News.com\",\"url\":\"https:\\\/\\\/mediumseagreen-eel-531711.hostingersite.com\\\/\",\"logo\":{\"@type\":\"ImageObject\",\"inLanguage\":\"fr-FR\",\"@id\":\"https:\\\/\\\/mediumseagreen-eel-531711.hostingersite.com\\\/#\\\/schema\\\/logo\\\/image\\\/\",\"url\":\"https:\\\/\\\/bladnanews.com\\\/wp-content\\\/uploads\\\/2025\\\/12\\\/logo-bladnanews-V2-web-black-red.png\",\"contentUrl\":\"https:\\\/\\\/bladnanews.com\\\/wp-content\\\/uploads\\\/2025\\\/12\\\/logo-bladnanews-V2-web-black-red.png\",\"width\":703,\"height\":287,\"caption\":\"Bladna News.com\"},\"image\":{\"@id\":\"https:\\\/\\\/mediumseagreen-eel-531711.hostingersite.com\\\/#\\\/schema\\\/logo\\\/image\\\/\"},\"email\":\"info@bladnanews.com\",\"legalName\":\"Bladna News\"},{\"@type\":\"Person\",\"@id\":\"https:\\\/\\\/mediumseagreen-eel-531711.hostingersite.com\\\/#\\\/schema\\\/person\\\/268e18a453ab080ebf76df6ef7845083\",\"name\":\"Bladna News Staff\",\"url\":\"https:\\\/\\\/bladnanews.com\\\/fr\\\/author\\\/bladna-news-staff\\\/\"}]}<\/script>\n<!-- \/ Yoast SEO Premium plugin. -->","yoast_head_json":{"title":"Man Utd contre GOAL Front Three avec le quiz de Mbeumo et Yoro - Bladna News","robots":{"index":"index","follow":"follow","max-snippet":"max-snippet:-1","max-image-preview":"max-image-preview:large","max-video-preview":"max-video-preview:-1"},"canonical":"https:\/\/bladnanews.com\/fr\/manchester-united-contre-lattaque-frontale-de-but-avec-mbeumo-et-yoro-en-question\/","og_locale":"fr_FR","og_type":"article","og_title":"Man Utd vs GOAL Front Three as Mbeumo and Yoro quiz up","og_description":"Manchester United went head-to-head with GOAL\u2019s Front Three in a new video feature, as Bryan Mbeumo and Leny Yoro took [&hellip;]","og_url":"https:\/\/bladnanews.com\/fr\/manchester-united-contre-lattaque-frontale-de-but-avec-mbeumo-et-yoro-en-question\/","og_site_name":"Bladna News","article_published_time":"2026-01-27T16:30:00+00:00","og_image":[{"width":1312,"height":736,"url":"https:\/\/bladnanews.com\/wp-content\/uploads\/2025\/12\/freepik__bladna-newscom-moroccan-soccer-homepage-banner-mor__41838.png","type":"image\/png"}],"author":"Bladna News Staff","twitter_card":"summary_large_image","twitter_misc":{"\u00c9crit par":"Bladna News Staff","Dur\u00e9e de lecture estim\u00e9e":"1 minute"},"schema":{"@context":"https:\/\/schema.org","@graph":[{"@type":"Article","@id":"https:\/\/bladnanews.com\/man-utd-vs-goal-front-three-as-mbeumo-and-yoro-quiz-up\/#article","isPartOf":{"@id":"https:\/\/bladnanews.com\/man-utd-vs-goal-front-three-as-mbeumo-and-yoro-quiz-up\/"},"author":{"name":"Bladna News Staff","@id":"https:\/\/mediumseagreen-eel-531711.hostingersite.com\/#\/schema\/person\/268e18a453ab080ebf76df6ef7845083"},"headline":"Man Utd vs GOAL Front Three as Mbeumo and Yoro quiz up","datePublished":"2026-01-27T16:30:00+00:00","mainEntityOfPage":{"@id":"https:\/\/bladnanews.com\/man-utd-vs-goal-front-three-as-mbeumo-and-yoro-quiz-up\/"},"wordCount":215,"publisher":{"@id":"https:\/\/mediumseagreen-eel-531711.hostingersite.com\/#organization"},"image":{"@id":"https:\/\/bladnanews.com\/man-utd-vs-goal-front-three-as-mbeumo-and-yoro-quiz-up\/#primaryimage"},"thumbnailUrl":"https:\/\/bladnanews.com\/wp-content\/uploads\/2026\/01\/BladnaNews-Man-Utd-vs-GOAL-Front-Three-as-Mbeumo-and-Yoro-quiz-up-2026-01-28T051052.775Z.jpg","articleSection":["International","Latest News"],"inLanguage":"fr-FR","copyrightYear":"2026","copyrightHolder":{"@id":"https:\/\/bladnanews.com\/fr\/#organization"}},{"@type":"WebPage","@id":"https:\/\/bladnanews.com\/man-utd-vs-goal-front-three-as-mbeumo-and-yoro-quiz-up\/","url":"https:\/\/bladnanews.com\/man-utd-vs-goal-front-three-as-mbeumo-and-yoro-quiz-up\/","name":"Man Utd contre GOAL Front Three avec le quiz de Mbeumo et Yoro - Bladna News","isPartOf":{"@id":"https:\/\/mediumseagreen-eel-531711.hostingersite.com\/#website"},"primaryImageOfPage":{"@id":"https:\/\/bladnanews.com\/man-utd-vs-goal-front-three-as-mbeumo-and-yoro-quiz-up\/#primaryimage"},"image":{"@id":"https:\/\/bladnanews.com\/man-utd-vs-goal-front-three-as-mbeumo-and-yoro-quiz-up\/#primaryimage"},"thumbnailUrl":"https:\/\/bladnanews.com\/wp-content\/uploads\/2026\/01\/BladnaNews-Man-Utd-vs-GOAL-Front-Three-as-Mbeumo-and-Yoro-quiz-up-2026-01-28T051052.775Z.jpg","datePublished":"2026-01-27T16:30:00+00:00","breadcrumb":{"@id":"https:\/\/bladnanews.com\/man-utd-vs-goal-front-three-as-mbeumo-and-yoro-quiz-up\/#breadcrumb"},"inLanguage":"fr-FR","potentialAction":[{"@type":"ReadAction","target":["https:\/\/bladnanews.com\/man-utd-vs-goal-front-three-as-mbeumo-and-yoro-quiz-up\/"]}]},{"@type":"ImageObject","inLanguage":"fr-FR","@id":"https:\/\/bladnanews.com\/man-utd-vs-goal-front-three-as-mbeumo-and-yoro-quiz-up\/#primaryimage","url":"https:\/\/bladnanews.com\/wp-content\/uploads\/2026\/01\/BladnaNews-Man-Utd-vs-GOAL-Front-Three-as-Mbeumo-and-Yoro-quiz-up-2026-01-28T051052.775Z.jpg","contentUrl":"https:\/\/bladnanews.com\/wp-content\/uploads\/2026\/01\/BladnaNews-Man-Utd-vs-GOAL-Front-Three-as-Mbeumo-and-Yoro-quiz-up-2026-01-28T051052.775Z.jpg","width":1920,"height":1080,"caption":"Three football players feature prominently, with one in a West Ham kit, expressing intensity, flanked by two smiling players in sporty attire against a vibrant background."},{"@type":"BreadcrumbList","@id":"https:\/\/bladnanews.com\/man-utd-vs-goal-front-three-as-mbeumo-and-yoro-quiz-up\/#breadcrumb","itemListElement":[{"@type":"ListItem","position":1,"name":"Home","item":"https:\/\/bladnanews.com\/"},{"@type":"ListItem","position":2,"name":"Man Utd vs GOAL Front Three as Mbeumo and Yoro quiz up"}]},{"@type":"WebSite","@id":"https:\/\/mediumseagreen-eel-531711.hostingersite.com\/#website","url":"https:\/\/mediumseagreen-eel-531711.hostingersite.com\/","name":"Bladna News - Maroc","description":"Quand le football marocain rencontre le monde","publisher":{"@id":"https:\/\/mediumseagreen-eel-531711.hostingersite.com\/#organization"},"potentialAction":[{"@type":"SearchAction","target":{"@type":"EntryPoint","urlTemplate":"https:\/\/mediumseagreen-eel-531711.hostingersite.com\/?s={search_term_string}"},"query-input":{"@type":"PropertyValueSpecification","valueRequired":true,"valueName":"search_term_string"}}],"inLanguage":"fr-FR"},{"@type":"Organization","@id":"https:\/\/mediumseagreen-eel-531711.hostingersite.com\/#organization","name":"Bladna News.com","url":"https:\/\/mediumseagreen-eel-531711.hostingersite.com\/","logo":{"@type":"ImageObject","inLanguage":"fr-FR","@id":"https:\/\/mediumseagreen-eel-531711.hostingersite.com\/#\/schema\/logo\/image\/","url":"https:\/\/bladnanews.com\/wp-content\/uploads\/2025\/12\/logo-bladnanews-V2-web-black-red.png","contentUrl":"https:\/\/bladnanews.com\/wp-content\/uploads\/2025\/12\/logo-bladnanews-V2-web-black-red.png","width":703,"height":287,"caption":"Bladna News.com"},"image":{"@id":"https:\/\/mediumseagreen-eel-531711.hostingersite.com\/#\/schema\/logo\/image\/"},"email":"info@bladnanews.com","legalName":"Bladna News"},{"@type":"Person","@id":"https:\/\/mediumseagreen-eel-531711.hostingersite.com\/#\/schema\/person\/268e18a453ab080ebf76df6ef7845083","name":"\u00c9quipe r\u00e9dactionnelle de Bladna News","url":"https:\/\/bladnanews.com\/fr\/author\/bladna-news-staff\/"}]}},"_links":{"self":[{"href":"https:\/\/bladnanews.com\/fr\/wp-json\/wp\/v2\/posts\/7971","targetHints":{"allow":["GET"]}}],"collection":[{"href":"https:\/\/bladnanews.com\/fr\/wp-json\/wp\/v2\/posts"}],"about":[{"href":"https:\/\/bladnanews.com\/fr\/wp-json\/wp\/v2\/types\/post"}],"author":[{"embeddable":true,"href":"https:\/\/bladnanews.com\/fr\/wp-json\/wp\/v2\/users\/3"}],"replies":[{"embeddable":true,"href":"https:\/\/bladnanews.com\/fr\/wp-json\/wp\/v2\/comments?post=7971"}],"version-history":[{"count":0,"href":"https:\/\/bladnanews.com\/fr\/wp-json\/wp\/v2\/posts\/7971\/revisions"}],"wp:featuredmedia":[{"embeddable":true,"href":"https:\/\/bladnanews.com\/fr\/wp-json\/wp\/v2\/media\/7970"}],"wp:attachment":[{"href":"https:\/\/bladnanews.com\/fr\/wp-json\/wp\/v2\/media?parent=7971"}],"wp:term":[{"taxonomy":"category","embeddable":true,"href":"https:\/\/bladnanews.com\/fr\/wp-json\/wp\/v2\/categories?post=7971"},{"taxonomy":"post_tag","embeddable":true,"href":"https:\/\/bladnanews.com\/fr\/wp-json\/wp\/v2\/tags?post=7971"}],"curies":[{"name":"wp","href":"https:\/\/api.w.org\/{rel}","templated":true}]}}