{"id":7975,"date":"2026-01-27T17:19:55","date_gmt":"2026-01-27T17:19:55","guid":{"rendered":"https:\/\/bladnanews.com\/scott-mctominay-sends-emotional-message-to-ex-man-utd-mates\/"},"modified":"2026-01-27T17:19:55","modified_gmt":"2026-01-27T17:19:55","slug":"scott-mctominay-adresse-un-message-emouvant-a-ses-anciens-coequipiers-de-manchester-united","status":"publish","type":"post","link":"https:\/\/bladnanews.com\/fr\/scott-mctominay-adresse-un-message-emouvant-a-ses-anciens-coequipiers-de-manchester-united\/","title":{"rendered":"Scott McTominay adresse un message \u00e9mouvant \u00e0 ses anciens co\u00e9quipiers de Manchester United."},"content":{"rendered":"<p>Scott McTominay a adress\u00e9 un message empreint d'\u00e9motion \u00e0 ses anciens co\u00e9quipiers de Manchester United, apr\u00e8s avoir encha\u00een\u00e9 les bonnes performances depuis son d\u00e9part d'Old Trafford.<\/p>\n<p>Le milieu de terrain \u00e9cossais a un impact consid\u00e9rable au Napoli depuis son transfert cet \u00e9t\u00e9, devenant rapidement un \u00e9l\u00e9ment cl\u00e9 sous la direction d'Antonio Conte.<\/p>\n<p>McTominay s'est exprim\u00e9 sur le soutien re\u00e7u de la part de membres de son ancien club, r\u00e9v\u00e9lant que plusieurs anciens co\u00e9quipiers de United l'ont contact\u00e9 pour le f\u00e9liciter de sa r\u00e9ussite.<\/p>\n<p><em>\u201c J'ai re\u00e7u de nombreux messages de mes anciens co\u00e9quipiers, avec des \u2018bravo\u2019, \u2018continue comme \u00e7a\u2019, \u2018que cela dure\u2019 \u201d,\u201d<\/em> a d\u00e9clar\u00e9 McTominay.<\/p>\n<p>Il a \u00e9galement adress\u00e9 des \u00e9loges particuliers \u00e0 Michael Carrick, saluant l'ancien milieu de terrain de United, qu'il a qualifi\u00e9 de \u201c formidable personne \u201d pour le r\u00f4le jou\u00e9 dans son d\u00e9veloppement.<\/p>\n<p>McTominay est issu du centre de formation de United et a r\u00e9ussi \u00e0 s'imposer dans l'effectif professionnel, cumulant plus de 250 apparitions sous le maillot du club avant son d\u00e9part pour l'Italie.<\/p>\n<p>Maintenant bien install\u00e9 dans sa vie en Serie A, il est d\u00e9termin\u00e9 \u00e0 poursuivre sur sa lanc\u00e9e \u00e0 Naples, tout en restant reconnaissant pour le soutien qu'il continue de recevoir de ses amis et du staff rest\u00e9s \u00e0 Manchester.<\/p>","protected":false},"excerpt":{"rendered":"<p>Scott McTominay has sent an emotional message to his former Manchester United team-mates after enjoying a strong run of form [&hellip;]<\/p>\n","protected":false},"author":3,"featured_media":7974,"comment_status":"","ping_status":"open","sticky":false,"template":"","format":"standard","meta":{"googlesitekit_rrm_CAow_uzEDA:productID":"","site-sidebar-layout":"default","site-content-layout":"","ast-site-content-layout":"default","site-content-style":"default","site-sidebar-style":"default","ast-global-header-display":"","ast-banner-title-visibility":"","ast-main-header-display":"","ast-hfb-above-header-display":"","ast-hfb-below-header-display":"","ast-hfb-mobile-header-display":"","site-post-title":"","ast-breadcrumbs-content":"","ast-featured-img":"","footer-sml-layout":"","ast-disable-related-posts":"","theme-transparent-header-meta":"","adv-header-id-meta":"","stick-header-meta":"","header-above-stick-meta":"","header-main-stick-meta":"","header-below-stick-meta":"","astra-migrate-meta-layouts":"default","ast-page-background-enabled":"default","ast-page-background-meta":{"desktop":{"background-color":"var(--ast-global-color-5)","background-image":"","background-repeat":"repeat","background-position":"center center","background-size":"auto","background-attachment":"scroll","background-type":"","background-media":"","overlay-type":"","overlay-color":"","overlay-opacity":"","overlay-gradient":""},"tablet":{"background-color":"","background-image":"","background-repeat":"repeat","background-position":"center center","background-size":"auto","background-attachment":"scroll","background-type":"","background-media":"","overlay-type":"","overlay-color":"","overlay-opacity":"","overlay-gradient":""},"mobile":{"background-color":"","background-image":"","background-repeat":"repeat","background-position":"center center","background-size":"auto","background-attachment":"scroll","background-type":"","background-media":"","overlay-type":"","overlay-color":"","overlay-opacity":"","overlay-gradient":""}},"ast-content-background-meta":{"desktop":{"background-color":"var(--ast-global-color-4)","background-image":"","background-repeat":"repeat","background-position":"center center","background-size":"auto","background-attachment":"scroll","background-type":"","background-media":"","overlay-type":"","overlay-color":"","overlay-opacity":"","overlay-gradient":""},"tablet":{"background-color":"var(--ast-global-color-4)","background-image":"","background-repeat":"repeat","background-position":"center center","background-size":"auto","background-attachment":"scroll","background-type":"","background-media":"","overlay-type":"","overlay-color":"","overlay-opacity":"","overlay-gradient":""},"mobile":{"background-color":"var(--ast-global-color-4)","background-image":"","background-repeat":"repeat","background-position":"center center","background-size":"auto","background-attachment":"scroll","background-type":"","background-media":"","overlay-type":"","overlay-color":"","overlay-opacity":"","overlay-gradient":""}},"footnotes":""},"categories":[20,1],"tags":[],"class_list":["post-7975","post","type-post","status-publish","format-standard","has-post-thumbnail","hentry","category-international","category-football-latest-news"],"yoast_head":"<!-- This site is optimized with the Yoast SEO Premium plugin v26.6 (Yoast SEO v27.4) - https:\/\/yoast.com\/product\/yoast-seo-premium-wordpress\/ -->\n<title>Scott McTominay sends emotional message to ex-Man Utd mates - Bladna News<\/title>\n<meta name=\"robots\" content=\"index, follow, max-snippet:-1, max-image-preview:large, max-video-preview:-1\" \/>\n<link rel=\"canonical\" href=\"https:\/\/bladnanews.com\/fr\/scott-mctominay-adresse-un-message-emouvant-a-ses-anciens-coequipiers-de-manchester-united\/\" \/>\n<meta property=\"og:locale\" content=\"fr_FR\" \/>\n<meta property=\"og:type\" content=\"article\" \/>\n<meta property=\"og:title\" content=\"Scott McTominay sends emotional message to ex-Man Utd mates\" \/>\n<meta property=\"og:description\" content=\"Scott McTominay has sent an emotional message to his former Manchester United team-mates after enjoying a strong run of form [&hellip;]\" \/>\n<meta property=\"og:url\" content=\"https:\/\/bladnanews.com\/fr\/scott-mctominay-adresse-un-message-emouvant-a-ses-anciens-coequipiers-de-manchester-united\/\" \/>\n<meta property=\"og:site_name\" content=\"Bladna News\" \/>\n<meta property=\"article:published_time\" content=\"2026-01-27T17:19:55+00:00\" \/>\n<meta property=\"og:image\" content=\"https:\/\/bladnanews.com\/wp-content\/uploads\/2025\/12\/freepik__bladna-newscom-moroccan-soccer-homepage-banner-mor__41838.png\" \/>\n\t<meta property=\"og:image:width\" content=\"1312\" \/>\n\t<meta property=\"og:image:height\" content=\"736\" \/>\n\t<meta property=\"og:image:type\" content=\"image\/png\" \/>\n<meta name=\"author\" content=\"Bladna News Staff\" \/>\n<meta name=\"twitter:card\" content=\"summary_large_image\" \/>\n<meta name=\"twitter:label1\" content=\"\u00c9crit par\" \/>\n\t<meta name=\"twitter:data1\" content=\"Bladna News Staff\" \/>\n\t<meta name=\"twitter:label2\" content=\"Dur\u00e9e de lecture estim\u00e9e\" \/>\n\t<meta name=\"twitter:data2\" content=\"1 minute\" \/>\n<script type=\"application\/ld+json\" class=\"yoast-schema-graph\">{\"@context\":\"https:\\\/\\\/schema.org\",\"@graph\":[{\"@type\":\"Article\",\"@id\":\"https:\\\/\\\/bladnanews.com\\\/scott-mctominay-sends-emotional-message-to-ex-man-utd-mates\\\/#article\",\"isPartOf\":{\"@id\":\"https:\\\/\\\/bladnanews.com\\\/scott-mctominay-sends-emotional-message-to-ex-man-utd-mates\\\/\"},\"author\":{\"name\":\"Bladna News Staff\",\"@id\":\"https:\\\/\\\/mediumseagreen-eel-531711.hostingersite.com\\\/#\\\/schema\\\/person\\\/268e18a453ab080ebf76df6ef7845083\"},\"headline\":\"Scott McTominay sends emotional message to ex-Man Utd mates\",\"datePublished\":\"2026-01-27T17:19:55+00:00\",\"mainEntityOfPage\":{\"@id\":\"https:\\\/\\\/bladnanews.com\\\/scott-mctominay-sends-emotional-message-to-ex-man-utd-mates\\\/\"},\"wordCount\":206,\"publisher\":{\"@id\":\"https:\\\/\\\/mediumseagreen-eel-531711.hostingersite.com\\\/#organization\"},\"image\":{\"@id\":\"https:\\\/\\\/bladnanews.com\\\/scott-mctominay-sends-emotional-message-to-ex-man-utd-mates\\\/#primaryimage\"},\"thumbnailUrl\":\"https:\\\/\\\/bladnanews.com\\\/wp-content\\\/uploads\\\/2026\\\/01\\\/BladnaNews-Scott-McTominay-sends-emotional-message-to-ex-Man-Utd-mates-2026-01-28T090932.485Z.jpg\",\"articleSection\":[\"International\",\"Latest News\"],\"inLanguage\":\"fr-FR\",\"copyrightYear\":\"2026\",\"copyrightHolder\":{\"@id\":\"https:\\\/\\\/bladnanews.com\\\/fr\\\/#organization\"}},{\"@type\":\"WebPage\",\"@id\":\"https:\\\/\\\/bladnanews.com\\\/scott-mctominay-sends-emotional-message-to-ex-man-utd-mates\\\/\",\"url\":\"https:\\\/\\\/bladnanews.com\\\/scott-mctominay-sends-emotional-message-to-ex-man-utd-mates\\\/\",\"name\":\"Scott McTominay sends emotional message to ex-Man Utd mates - Bladna News\",\"isPartOf\":{\"@id\":\"https:\\\/\\\/mediumseagreen-eel-531711.hostingersite.com\\\/#website\"},\"primaryImageOfPage\":{\"@id\":\"https:\\\/\\\/bladnanews.com\\\/scott-mctominay-sends-emotional-message-to-ex-man-utd-mates\\\/#primaryimage\"},\"image\":{\"@id\":\"https:\\\/\\\/bladnanews.com\\\/scott-mctominay-sends-emotional-message-to-ex-man-utd-mates\\\/#primaryimage\"},\"thumbnailUrl\":\"https:\\\/\\\/bladnanews.com\\\/wp-content\\\/uploads\\\/2026\\\/01\\\/BladnaNews-Scott-McTominay-sends-emotional-message-to-ex-Man-Utd-mates-2026-01-28T090932.485Z.jpg\",\"datePublished\":\"2026-01-27T17:19:55+00:00\",\"breadcrumb\":{\"@id\":\"https:\\\/\\\/bladnanews.com\\\/scott-mctominay-sends-emotional-message-to-ex-man-utd-mates\\\/#breadcrumb\"},\"inLanguage\":\"fr-FR\",\"potentialAction\":[{\"@type\":\"ReadAction\",\"target\":[\"https:\\\/\\\/bladnanews.com\\\/scott-mctominay-sends-emotional-message-to-ex-man-utd-mates\\\/\"]}]},{\"@type\":\"ImageObject\",\"inLanguage\":\"fr-FR\",\"@id\":\"https:\\\/\\\/bladnanews.com\\\/scott-mctominay-sends-emotional-message-to-ex-man-utd-mates\\\/#primaryimage\",\"url\":\"https:\\\/\\\/bladnanews.com\\\/wp-content\\\/uploads\\\/2026\\\/01\\\/BladnaNews-Scott-McTominay-sends-emotional-message-to-ex-Man-Utd-mates-2026-01-28T090932.485Z.jpg\",\"contentUrl\":\"https:\\\/\\\/bladnanews.com\\\/wp-content\\\/uploads\\\/2026\\\/01\\\/BladnaNews-Scott-McTominay-sends-emotional-message-to-ex-Man-Utd-mates-2026-01-28T090932.485Z.jpg\",\"width\":1920,\"height\":1080,\"caption\":\"Scott McTominay, in a blue and white shirt, and Michael Carrick, in a black jacket, display contrasting emotions in a split image.\"},{\"@type\":\"BreadcrumbList\",\"@id\":\"https:\\\/\\\/bladnanews.com\\\/scott-mctominay-sends-emotional-message-to-ex-man-utd-mates\\\/#breadcrumb\",\"itemListElement\":[{\"@type\":\"ListItem\",\"position\":1,\"name\":\"Home\",\"item\":\"https:\\\/\\\/bladnanews.com\\\/\"},{\"@type\":\"ListItem\",\"position\":2,\"name\":\"Scott McTominay sends emotional message to ex-Man Utd mates\"}]},{\"@type\":\"WebSite\",\"@id\":\"https:\\\/\\\/mediumseagreen-eel-531711.hostingersite.com\\\/#website\",\"url\":\"https:\\\/\\\/mediumseagreen-eel-531711.hostingersite.com\\\/\",\"name\":\"Bladna News - Morocco\",\"description\":\"Where Moroccan Football Meets the World\",\"publisher\":{\"@id\":\"https:\\\/\\\/mediumseagreen-eel-531711.hostingersite.com\\\/#organization\"},\"potentialAction\":[{\"@type\":\"SearchAction\",\"target\":{\"@type\":\"EntryPoint\",\"urlTemplate\":\"https:\\\/\\\/mediumseagreen-eel-531711.hostingersite.com\\\/?s={search_term_string}\"},\"query-input\":{\"@type\":\"PropertyValueSpecification\",\"valueRequired\":true,\"valueName\":\"search_term_string\"}}],\"inLanguage\":\"fr-FR\"},{\"@type\":\"Organization\",\"@id\":\"https:\\\/\\\/mediumseagreen-eel-531711.hostingersite.com\\\/#organization\",\"name\":\"Bladna News.com\",\"url\":\"https:\\\/\\\/mediumseagreen-eel-531711.hostingersite.com\\\/\",\"logo\":{\"@type\":\"ImageObject\",\"inLanguage\":\"fr-FR\",\"@id\":\"https:\\\/\\\/mediumseagreen-eel-531711.hostingersite.com\\\/#\\\/schema\\\/logo\\\/image\\\/\",\"url\":\"https:\\\/\\\/bladnanews.com\\\/wp-content\\\/uploads\\\/2025\\\/12\\\/logo-bladnanews-V2-web-black-red.png\",\"contentUrl\":\"https:\\\/\\\/bladnanews.com\\\/wp-content\\\/uploads\\\/2025\\\/12\\\/logo-bladnanews-V2-web-black-red.png\",\"width\":703,\"height\":287,\"caption\":\"Bladna News.com\"},\"image\":{\"@id\":\"https:\\\/\\\/mediumseagreen-eel-531711.hostingersite.com\\\/#\\\/schema\\\/logo\\\/image\\\/\"},\"email\":\"info@bladnanews.com\",\"legalName\":\"Bladna News\"},{\"@type\":\"Person\",\"@id\":\"https:\\\/\\\/mediumseagreen-eel-531711.hostingersite.com\\\/#\\\/schema\\\/person\\\/268e18a453ab080ebf76df6ef7845083\",\"name\":\"Bladna News Staff\",\"url\":\"https:\\\/\\\/bladnanews.com\\\/fr\\\/author\\\/bladna-news-staff\\\/\"}]}<\/script>\n<!-- \/ Yoast SEO Premium plugin. -->","yoast_head_json":{"title":"Scott McTominay envoie un message \u00e9mouvant \u00e0 ses anciens co\u00e9quipiers de Manchester United - Bladna News","robots":{"index":"index","follow":"follow","max-snippet":"max-snippet:-1","max-image-preview":"max-image-preview:large","max-video-preview":"max-video-preview:-1"},"canonical":"https:\/\/bladnanews.com\/fr\/scott-mctominay-adresse-un-message-emouvant-a-ses-anciens-coequipiers-de-manchester-united\/","og_locale":"fr_FR","og_type":"article","og_title":"Scott McTominay sends emotional message to ex-Man Utd mates","og_description":"Scott McTominay has sent an emotional message to his former Manchester United team-mates after enjoying a strong run of form [&hellip;]","og_url":"https:\/\/bladnanews.com\/fr\/scott-mctominay-adresse-un-message-emouvant-a-ses-anciens-coequipiers-de-manchester-united\/","og_site_name":"Bladna News","article_published_time":"2026-01-27T17:19:55+00:00","og_image":[{"width":1312,"height":736,"url":"https:\/\/bladnanews.com\/wp-content\/uploads\/2025\/12\/freepik__bladna-newscom-moroccan-soccer-homepage-banner-mor__41838.png","type":"image\/png"}],"author":"Bladna News Staff","twitter_card":"summary_large_image","twitter_misc":{"\u00c9crit par":"Bladna News Staff","Dur\u00e9e de lecture estim\u00e9e":"1 minute"},"schema":{"@context":"https:\/\/schema.org","@graph":[{"@type":"Article","@id":"https:\/\/bladnanews.com\/scott-mctominay-sends-emotional-message-to-ex-man-utd-mates\/#article","isPartOf":{"@id":"https:\/\/bladnanews.com\/scott-mctominay-sends-emotional-message-to-ex-man-utd-mates\/"},"author":{"name":"Bladna News Staff","@id":"https:\/\/mediumseagreen-eel-531711.hostingersite.com\/#\/schema\/person\/268e18a453ab080ebf76df6ef7845083"},"headline":"Scott McTominay sends emotional message to ex-Man Utd mates","datePublished":"2026-01-27T17:19:55+00:00","mainEntityOfPage":{"@id":"https:\/\/bladnanews.com\/scott-mctominay-sends-emotional-message-to-ex-man-utd-mates\/"},"wordCount":206,"publisher":{"@id":"https:\/\/mediumseagreen-eel-531711.hostingersite.com\/#organization"},"image":{"@id":"https:\/\/bladnanews.com\/scott-mctominay-sends-emotional-message-to-ex-man-utd-mates\/#primaryimage"},"thumbnailUrl":"https:\/\/bladnanews.com\/wp-content\/uploads\/2026\/01\/BladnaNews-Scott-McTominay-sends-emotional-message-to-ex-Man-Utd-mates-2026-01-28T090932.485Z.jpg","articleSection":["International","Latest News"],"inLanguage":"fr-FR","copyrightYear":"2026","copyrightHolder":{"@id":"https:\/\/bladnanews.com\/fr\/#organization"}},{"@type":"WebPage","@id":"https:\/\/bladnanews.com\/scott-mctominay-sends-emotional-message-to-ex-man-utd-mates\/","url":"https:\/\/bladnanews.com\/scott-mctominay-sends-emotional-message-to-ex-man-utd-mates\/","name":"Scott McTominay envoie un message \u00e9mouvant \u00e0 ses anciens co\u00e9quipiers de Manchester United - Bladna News","isPartOf":{"@id":"https:\/\/mediumseagreen-eel-531711.hostingersite.com\/#website"},"primaryImageOfPage":{"@id":"https:\/\/bladnanews.com\/scott-mctominay-sends-emotional-message-to-ex-man-utd-mates\/#primaryimage"},"image":{"@id":"https:\/\/bladnanews.com\/scott-mctominay-sends-emotional-message-to-ex-man-utd-mates\/#primaryimage"},"thumbnailUrl":"https:\/\/bladnanews.com\/wp-content\/uploads\/2026\/01\/BladnaNews-Scott-McTominay-sends-emotional-message-to-ex-Man-Utd-mates-2026-01-28T090932.485Z.jpg","datePublished":"2026-01-27T17:19:55+00:00","breadcrumb":{"@id":"https:\/\/bladnanews.com\/scott-mctominay-sends-emotional-message-to-ex-man-utd-mates\/#breadcrumb"},"inLanguage":"fr-FR","potentialAction":[{"@type":"ReadAction","target":["https:\/\/bladnanews.com\/scott-mctominay-sends-emotional-message-to-ex-man-utd-mates\/"]}]},{"@type":"ImageObject","inLanguage":"fr-FR","@id":"https:\/\/bladnanews.com\/scott-mctominay-sends-emotional-message-to-ex-man-utd-mates\/#primaryimage","url":"https:\/\/bladnanews.com\/wp-content\/uploads\/2026\/01\/BladnaNews-Scott-McTominay-sends-emotional-message-to-ex-Man-Utd-mates-2026-01-28T090932.485Z.jpg","contentUrl":"https:\/\/bladnanews.com\/wp-content\/uploads\/2026\/01\/BladnaNews-Scott-McTominay-sends-emotional-message-to-ex-Man-Utd-mates-2026-01-28T090932.485Z.jpg","width":1920,"height":1080,"caption":"Scott McTominay, in a blue and white shirt, and Michael Carrick, in a black jacket, display contrasting emotions in a split image."},{"@type":"BreadcrumbList","@id":"https:\/\/bladnanews.com\/scott-mctominay-sends-emotional-message-to-ex-man-utd-mates\/#breadcrumb","itemListElement":[{"@type":"ListItem","position":1,"name":"Home","item":"https:\/\/bladnanews.com\/"},{"@type":"ListItem","position":2,"name":"Scott McTominay sends emotional message to ex-Man Utd mates"}]},{"@type":"WebSite","@id":"https:\/\/mediumseagreen-eel-531711.hostingersite.com\/#website","url":"https:\/\/mediumseagreen-eel-531711.hostingersite.com\/","name":"Bladna News - Maroc","description":"Quand le football marocain rencontre le monde","publisher":{"@id":"https:\/\/mediumseagreen-eel-531711.hostingersite.com\/#organization"},"potentialAction":[{"@type":"SearchAction","target":{"@type":"EntryPoint","urlTemplate":"https:\/\/mediumseagreen-eel-531711.hostingersite.com\/?s={search_term_string}"},"query-input":{"@type":"PropertyValueSpecification","valueRequired":true,"valueName":"search_term_string"}}],"inLanguage":"fr-FR"},{"@type":"Organization","@id":"https:\/\/mediumseagreen-eel-531711.hostingersite.com\/#organization","name":"Bladna News.com","url":"https:\/\/mediumseagreen-eel-531711.hostingersite.com\/","logo":{"@type":"ImageObject","inLanguage":"fr-FR","@id":"https:\/\/mediumseagreen-eel-531711.hostingersite.com\/#\/schema\/logo\/image\/","url":"https:\/\/bladnanews.com\/wp-content\/uploads\/2025\/12\/logo-bladnanews-V2-web-black-red.png","contentUrl":"https:\/\/bladnanews.com\/wp-content\/uploads\/2025\/12\/logo-bladnanews-V2-web-black-red.png","width":703,"height":287,"caption":"Bladna News.com"},"image":{"@id":"https:\/\/mediumseagreen-eel-531711.hostingersite.com\/#\/schema\/logo\/image\/"},"email":"info@bladnanews.com","legalName":"Bladna News"},{"@type":"Person","@id":"https:\/\/mediumseagreen-eel-531711.hostingersite.com\/#\/schema\/person\/268e18a453ab080ebf76df6ef7845083","name":"\u00c9quipe r\u00e9dactionnelle de Bladna News","url":"https:\/\/bladnanews.com\/fr\/author\/bladna-news-staff\/"}]}},"_links":{"self":[{"href":"https:\/\/bladnanews.com\/fr\/wp-json\/wp\/v2\/posts\/7975","targetHints":{"allow":["GET"]}}],"collection":[{"href":"https:\/\/bladnanews.com\/fr\/wp-json\/wp\/v2\/posts"}],"about":[{"href":"https:\/\/bladnanews.com\/fr\/wp-json\/wp\/v2\/types\/post"}],"author":[{"embeddable":true,"href":"https:\/\/bladnanews.com\/fr\/wp-json\/wp\/v2\/users\/3"}],"replies":[{"embeddable":true,"href":"https:\/\/bladnanews.com\/fr\/wp-json\/wp\/v2\/comments?post=7975"}],"version-history":[{"count":0,"href":"https:\/\/bladnanews.com\/fr\/wp-json\/wp\/v2\/posts\/7975\/revisions"}],"wp:featuredmedia":[{"embeddable":true,"href":"https:\/\/bladnanews.com\/fr\/wp-json\/wp\/v2\/media\/7974"}],"wp:attachment":[{"href":"https:\/\/bladnanews.com\/fr\/wp-json\/wp\/v2\/media?parent=7975"}],"wp:term":[{"taxonomy":"category","embeddable":true,"href":"https:\/\/bladnanews.com\/fr\/wp-json\/wp\/v2\/categories?post=7975"},{"taxonomy":"post_tag","embeddable":true,"href":"https:\/\/bladnanews.com\/fr\/wp-json\/wp\/v2\/tags?post=7975"}],"curies":[{"name":"wp","href":"https:\/\/api.w.org\/{rel}","templated":true}]}}