{"id":8019,"date":"2026-01-28T08:00:00","date_gmt":"2026-01-28T08:00:00","guid":{"rendered":"https:\/\/bladnanews.com\/injuries-derail-paul-pogba-monaco-comeback-after-ban\/"},"modified":"2026-01-28T08:00:00","modified_gmt":"2026-01-28T08:00:00","slug":"les-blessures-compromettent-le-retour-de-paul-pogba-a-monaco-apres-sa-suspension","status":"publish","type":"post","link":"https:\/\/bladnanews.com\/fr\/les-blessures-compromettent-le-retour-de-paul-pogba-a-monaco-apres-sa-suspension\/","title":{"rendered":"Les blessures compromettent le retour de Paul Pogba \u00e0 Monaco apr\u00e8s sa suspension"},"content":{"rendered":"<p>Les premi\u00e8res semaines de Paul Pogba dans le football ne se sont pas d\u00e9roul\u00e9es comme pr\u00e9vu, un nouveau contretemps physique ayant compromis sa tentative de relancer sa carri\u00e8re \u00e0 Monaco et raviv\u00e9 les doutes quant \u00e0 ses espoirs d'int\u00e9grer l'\u00e9quipe de France pour la Coupe du Monde 2026.<\/p>\n<p>\u00c2g\u00e9 de 31 ans, le joueur a rejoint Monaco cet \u00e9t\u00e9, d\u00e9termin\u00e9 \u00e0 repartir de z\u00e9ro apr\u00e8s une longue et frustrante p\u00e9riode d'\u00e9loignement des terrains, suite \u00e0 une affaire de dopage ayant entra\u00een\u00e9 une suspension et mis un terme pr\u00e9judiciable \u00e0 son passage \u00e0 la Juventus. Pogba a toujours insist\u00e9 sur le fait qu'il n'avait jamais intentionnellement pris de substance interdite, et s'est concentr\u00e9 sur le fait de tourner la page avec un retour sans histoire en Ligue 1.<\/p>\n<p>Mais son retour a \u00e9t\u00e9 presque imm\u00e9diatement secou\u00e9 par des probl\u00e8mes physiques. Pogba a \u00e9t\u00e9 g\u00ean\u00e9 par des blessures durant la pr\u00e9-saison, limitant sa capacit\u00e9 \u00e0 s'entra\u00eener r\u00e9guli\u00e8rement et ralentissant le processus de reprise de la condition physique et du rythme n\u00e9cessaires pour rejouer \u00e0 haut niveau.<\/p>\n<p>Ces coups du sort constituent un revers majeur pour un joueur dont la carri\u00e8re ces derni\u00e8res ann\u00e9es a \u00e9t\u00e9 autant marqu\u00e9e par le temps pass\u00e9 \u00e0 l'infirmerie que par ses performances sur le terrain. La derni\u00e8re p\u00e9riode de Pogba \u00e0 la Juventus a \u00e9t\u00e9 gravement perturb\u00e9e par les blessures, l'emp\u00eachant d'encha\u00eener les matches, et son transfert \u00e0 Monaco \u00e9tait cens\u00e9 offrir un nouveau d\u00e9part dans un environnement diff\u00e9rent.<\/p>\n<p>Au contraire, les premiers signes sugg\u00e8rent que son corps refuse toujours de coop\u00e9rer. Ce dernier contretemps remet en cause ses perspectives de jeu imm\u00e9diates et, plus important encore, menace l'objectif plus large de ce transfert : se replacer dans les plans de l'\u00e9quipe de France en vue de la Coupe du Monde 2026.<\/p>\n<p>Pogba n'a pas cach\u00e9 \u00e0 quel point la Coupe du Monde continue de le motiver, le milieu de terrain \u00e9tant convaincu qu'il peut encore retrouver la sc\u00e8ne internationale s'il reste en forme et performe r\u00e9guli\u00e8rement. Cependant, la combinaison d'une suspension pour dopage, du temps perdu et maintenant d'une nouvelle blessure a consid\u00e9rablement compliqu\u00e9 cette mission.<\/p>\n<p>De leur c\u00f4t\u00e9, Monaco esp\u00e9raient que l'arriv\u00e9e de Pogba apporterait qualit\u00e9, exp\u00e9rience et leadership \u00e0 leur effectif, tout en offrant \u00e0 l'ancienne star de Manchester United une plateforme pour reconstruire sa carri\u00e8re, loin de l'intense surveillance m\u00e9diatique qui l'accompagnait en Italie. Pour l'instant, cependant, son retour est une nouvelle fois mis en pause, alors qu'il se concentre sur la r\u00e9cup\u00e9ration et la remise en \u00e9tat de son corps.<\/p>\n<p>Alors que la nouvelle saison de Ligue 1 approche, le retour de Pogba est d\u00e9j\u00e0 devenu une affaire d'attente, et les plans de Monaco concernant le joueur doivent s'adapter. Ses prochaines \u00e9tapes d\u00e9pendront de la rapidit\u00e9 de sa r\u00e9cup\u00e9ration et de sa capacit\u00e9 \u00e0 enfin encha\u00eener les semaines d'entra\u00eenement sans interruption qu'il recherche depuis des ann\u00e9es.<\/p>","protected":false},"excerpt":{"rendered":"<p>Paul Pogba\u2019s first weeks back in football have not gone to plan, with a fresh injury setback derailing his bid [&hellip;]<\/p>\n","protected":false},"author":3,"featured_media":8018,"comment_status":"","ping_status":"open","sticky":false,"template":"","format":"standard","meta":{"googlesitekit_rrm_CAow_uzEDA:productID":"","site-sidebar-layout":"default","site-content-layout":"","ast-site-content-layout":"default","site-content-style":"default","site-sidebar-style":"default","ast-global-header-display":"","ast-banner-title-visibility":"","ast-main-header-display":"","ast-hfb-above-header-display":"","ast-hfb-below-header-display":"","ast-hfb-mobile-header-display":"","site-post-title":"","ast-breadcrumbs-content":"","ast-featured-img":"","footer-sml-layout":"","ast-disable-related-posts":"","theme-transparent-header-meta":"","adv-header-id-meta":"","stick-header-meta":"","header-above-stick-meta":"","header-main-stick-meta":"","header-below-stick-meta":"","astra-migrate-meta-layouts":"default","ast-page-background-enabled":"default","ast-page-background-meta":{"desktop":{"background-color":"var(--ast-global-color-5)","background-image":"","background-repeat":"repeat","background-position":"center center","background-size":"auto","background-attachment":"scroll","background-type":"","background-media":"","overlay-type":"","overlay-color":"","overlay-opacity":"","overlay-gradient":""},"tablet":{"background-color":"","background-image":"","background-repeat":"repeat","background-position":"center center","background-size":"auto","background-attachment":"scroll","background-type":"","background-media":"","overlay-type":"","overlay-color":"","overlay-opacity":"","overlay-gradient":""},"mobile":{"background-color":"","background-image":"","background-repeat":"repeat","background-position":"center center","background-size":"auto","background-attachment":"scroll","background-type":"","background-media":"","overlay-type":"","overlay-color":"","overlay-opacity":"","overlay-gradient":""}},"ast-content-background-meta":{"desktop":{"background-color":"var(--ast-global-color-4)","background-image":"","background-repeat":"repeat","background-position":"center center","background-size":"auto","background-attachment":"scroll","background-type":"","background-media":"","overlay-type":"","overlay-color":"","overlay-opacity":"","overlay-gradient":""},"tablet":{"background-color":"var(--ast-global-color-4)","background-image":"","background-repeat":"repeat","background-position":"center center","background-size":"auto","background-attachment":"scroll","background-type":"","background-media":"","overlay-type":"","overlay-color":"","overlay-opacity":"","overlay-gradient":""},"mobile":{"background-color":"var(--ast-global-color-4)","background-image":"","background-repeat":"repeat","background-position":"center center","background-size":"auto","background-attachment":"scroll","background-type":"","background-media":"","overlay-type":"","overlay-color":"","overlay-opacity":"","overlay-gradient":""}},"footnotes":""},"categories":[20,1],"tags":[],"class_list":["post-8019","post","type-post","status-publish","format-standard","has-post-thumbnail","hentry","category-international","category-football-latest-news"],"yoast_head":"<!-- This site is optimized with the Yoast SEO Premium plugin v26.6 (Yoast SEO v27.4) - https:\/\/yoast.com\/product\/yoast-seo-premium-wordpress\/ -->\n<title>Injuries derail Paul Pogba Monaco comeback after ban - Bladna News<\/title>\n<meta name=\"robots\" content=\"index, follow, max-snippet:-1, max-image-preview:large, max-video-preview:-1\" \/>\n<link rel=\"canonical\" href=\"https:\/\/bladnanews.com\/fr\/les-blessures-compromettent-le-retour-de-paul-pogba-a-monaco-apres-sa-suspension\/\" \/>\n<meta property=\"og:locale\" content=\"fr_FR\" \/>\n<meta property=\"og:type\" content=\"article\" \/>\n<meta property=\"og:title\" content=\"Injuries derail Paul Pogba Monaco comeback after ban\" \/>\n<meta property=\"og:description\" content=\"Paul Pogba\u2019s first weeks back in football have not gone to plan, with a fresh injury setback derailing his bid [&hellip;]\" \/>\n<meta property=\"og:url\" content=\"https:\/\/bladnanews.com\/fr\/les-blessures-compromettent-le-retour-de-paul-pogba-a-monaco-apres-sa-suspension\/\" \/>\n<meta property=\"og:site_name\" content=\"Bladna News\" \/>\n<meta property=\"article:published_time\" content=\"2026-01-28T08:00:00+00:00\" \/>\n<meta property=\"og:image\" content=\"https:\/\/bladnanews.com\/wp-content\/uploads\/2025\/12\/freepik__bladna-newscom-moroccan-soccer-homepage-banner-mor__41838.png\" \/>\n\t<meta property=\"og:image:width\" content=\"1312\" \/>\n\t<meta property=\"og:image:height\" content=\"736\" \/>\n\t<meta property=\"og:image:type\" content=\"image\/png\" \/>\n<meta name=\"author\" content=\"Bladna News Staff\" \/>\n<meta name=\"twitter:card\" content=\"summary_large_image\" \/>\n<meta name=\"twitter:label1\" content=\"\u00c9crit par\" \/>\n\t<meta name=\"twitter:data1\" content=\"Bladna News Staff\" \/>\n\t<meta name=\"twitter:label2\" content=\"Dur\u00e9e de lecture estim\u00e9e\" \/>\n\t<meta name=\"twitter:data2\" content=\"2 minutes\" \/>\n<script type=\"application\/ld+json\" class=\"yoast-schema-graph\">{\"@context\":\"https:\\\/\\\/schema.org\",\"@graph\":[{\"@type\":\"Article\",\"@id\":\"https:\\\/\\\/bladnanews.com\\\/injuries-derail-paul-pogba-monaco-comeback-after-ban\\\/#article\",\"isPartOf\":{\"@id\":\"https:\\\/\\\/bladnanews.com\\\/injuries-derail-paul-pogba-monaco-comeback-after-ban\\\/\"},\"author\":{\"name\":\"Bladna News Staff\",\"@id\":\"https:\\\/\\\/mediumseagreen-eel-531711.hostingersite.com\\\/#\\\/schema\\\/person\\\/268e18a453ab080ebf76df6ef7845083\"},\"headline\":\"Injuries derail Paul Pogba Monaco comeback after ban\",\"datePublished\":\"2026-01-28T08:00:00+00:00\",\"mainEntityOfPage\":{\"@id\":\"https:\\\/\\\/bladnanews.com\\\/injuries-derail-paul-pogba-monaco-comeback-after-ban\\\/\"},\"wordCount\":447,\"publisher\":{\"@id\":\"https:\\\/\\\/mediumseagreen-eel-531711.hostingersite.com\\\/#organization\"},\"image\":{\"@id\":\"https:\\\/\\\/bladnanews.com\\\/injuries-derail-paul-pogba-monaco-comeback-after-ban\\\/#primaryimage\"},\"thumbnailUrl\":\"https:\\\/\\\/bladnanews.com\\\/wp-content\\\/uploads\\\/2026\\\/01\\\/BladnaNews-Injuries-derail-Paul-Pogba-Monaco-comeback-after-ban-2026-01-28T171005.042Z.jpg\",\"articleSection\":[\"International\",\"Latest News\"],\"inLanguage\":\"fr-FR\",\"copyrightYear\":\"2026\",\"copyrightHolder\":{\"@id\":\"https:\\\/\\\/bladnanews.com\\\/fr\\\/#organization\"}},{\"@type\":\"WebPage\",\"@id\":\"https:\\\/\\\/bladnanews.com\\\/injuries-derail-paul-pogba-monaco-comeback-after-ban\\\/\",\"url\":\"https:\\\/\\\/bladnanews.com\\\/injuries-derail-paul-pogba-monaco-comeback-after-ban\\\/\",\"name\":\"Injuries derail Paul Pogba Monaco comeback after ban - Bladna News\",\"isPartOf\":{\"@id\":\"https:\\\/\\\/mediumseagreen-eel-531711.hostingersite.com\\\/#website\"},\"primaryImageOfPage\":{\"@id\":\"https:\\\/\\\/bladnanews.com\\\/injuries-derail-paul-pogba-monaco-comeback-after-ban\\\/#primaryimage\"},\"image\":{\"@id\":\"https:\\\/\\\/bladnanews.com\\\/injuries-derail-paul-pogba-monaco-comeback-after-ban\\\/#primaryimage\"},\"thumbnailUrl\":\"https:\\\/\\\/bladnanews.com\\\/wp-content\\\/uploads\\\/2026\\\/01\\\/BladnaNews-Injuries-derail-Paul-Pogba-Monaco-comeback-after-ban-2026-01-28T171005.042Z.jpg\",\"datePublished\":\"2026-01-28T08:00:00+00:00\",\"breadcrumb\":{\"@id\":\"https:\\\/\\\/bladnanews.com\\\/injuries-derail-paul-pogba-monaco-comeback-after-ban\\\/#breadcrumb\"},\"inLanguage\":\"fr-FR\",\"potentialAction\":[{\"@type\":\"ReadAction\",\"target\":[\"https:\\\/\\\/bladnanews.com\\\/injuries-derail-paul-pogba-monaco-comeback-after-ban\\\/\"]}]},{\"@type\":\"ImageObject\",\"inLanguage\":\"fr-FR\",\"@id\":\"https:\\\/\\\/bladnanews.com\\\/injuries-derail-paul-pogba-monaco-comeback-after-ban\\\/#primaryimage\",\"url\":\"https:\\\/\\\/bladnanews.com\\\/wp-content\\\/uploads\\\/2026\\\/01\\\/BladnaNews-Injuries-derail-Paul-Pogba-Monaco-comeback-after-ban-2026-01-28T171005.042Z.jpg\",\"contentUrl\":\"https:\\\/\\\/bladnanews.com\\\/wp-content\\\/uploads\\\/2026\\\/01\\\/BladnaNews-Injuries-derail-Paul-Pogba-Monaco-comeback-after-ban-2026-01-28T171005.042Z.jpg\",\"width\":1920,\"height\":1080,\"caption\":\"Paul Pogba in a Monaco tracksuit, looking determined, with a backdrop of vivid red and black, highlights his return after suspension.\"},{\"@type\":\"BreadcrumbList\",\"@id\":\"https:\\\/\\\/bladnanews.com\\\/injuries-derail-paul-pogba-monaco-comeback-after-ban\\\/#breadcrumb\",\"itemListElement\":[{\"@type\":\"ListItem\",\"position\":1,\"name\":\"Home\",\"item\":\"https:\\\/\\\/bladnanews.com\\\/\"},{\"@type\":\"ListItem\",\"position\":2,\"name\":\"Injuries derail Paul Pogba Monaco comeback after ban\"}]},{\"@type\":\"WebSite\",\"@id\":\"https:\\\/\\\/mediumseagreen-eel-531711.hostingersite.com\\\/#website\",\"url\":\"https:\\\/\\\/mediumseagreen-eel-531711.hostingersite.com\\\/\",\"name\":\"Bladna News - Morocco\",\"description\":\"Where Moroccan Football Meets the World\",\"publisher\":{\"@id\":\"https:\\\/\\\/mediumseagreen-eel-531711.hostingersite.com\\\/#organization\"},\"potentialAction\":[{\"@type\":\"SearchAction\",\"target\":{\"@type\":\"EntryPoint\",\"urlTemplate\":\"https:\\\/\\\/mediumseagreen-eel-531711.hostingersite.com\\\/?s={search_term_string}\"},\"query-input\":{\"@type\":\"PropertyValueSpecification\",\"valueRequired\":true,\"valueName\":\"search_term_string\"}}],\"inLanguage\":\"fr-FR\"},{\"@type\":\"Organization\",\"@id\":\"https:\\\/\\\/mediumseagreen-eel-531711.hostingersite.com\\\/#organization\",\"name\":\"Bladna News.com\",\"url\":\"https:\\\/\\\/mediumseagreen-eel-531711.hostingersite.com\\\/\",\"logo\":{\"@type\":\"ImageObject\",\"inLanguage\":\"fr-FR\",\"@id\":\"https:\\\/\\\/mediumseagreen-eel-531711.hostingersite.com\\\/#\\\/schema\\\/logo\\\/image\\\/\",\"url\":\"https:\\\/\\\/bladnanews.com\\\/wp-content\\\/uploads\\\/2025\\\/12\\\/logo-bladnanews-V2-web-black-red.png\",\"contentUrl\":\"https:\\\/\\\/bladnanews.com\\\/wp-content\\\/uploads\\\/2025\\\/12\\\/logo-bladnanews-V2-web-black-red.png\",\"width\":703,\"height\":287,\"caption\":\"Bladna News.com\"},\"image\":{\"@id\":\"https:\\\/\\\/mediumseagreen-eel-531711.hostingersite.com\\\/#\\\/schema\\\/logo\\\/image\\\/\"},\"email\":\"info@bladnanews.com\",\"legalName\":\"Bladna News\"},{\"@type\":\"Person\",\"@id\":\"https:\\\/\\\/mediumseagreen-eel-531711.hostingersite.com\\\/#\\\/schema\\\/person\\\/268e18a453ab080ebf76df6ef7845083\",\"name\":\"Bladna News Staff\",\"url\":\"https:\\\/\\\/bladnanews.com\\\/fr\\\/author\\\/bladna-news-staff\\\/\"}]}<\/script>\n<!-- \/ Yoast SEO Premium plugin. -->","yoast_head_json":{"title":"Les blessures compromettent le retour de Paul Pogba \u00e0 Monaco apr\u00e8s sa suspension - Bladna News","robots":{"index":"index","follow":"follow","max-snippet":"max-snippet:-1","max-image-preview":"max-image-preview:large","max-video-preview":"max-video-preview:-1"},"canonical":"https:\/\/bladnanews.com\/fr\/les-blessures-compromettent-le-retour-de-paul-pogba-a-monaco-apres-sa-suspension\/","og_locale":"fr_FR","og_type":"article","og_title":"Injuries derail Paul Pogba Monaco comeback after ban","og_description":"Paul Pogba\u2019s first weeks back in football have not gone to plan, with a fresh injury setback derailing his bid [&hellip;]","og_url":"https:\/\/bladnanews.com\/fr\/les-blessures-compromettent-le-retour-de-paul-pogba-a-monaco-apres-sa-suspension\/","og_site_name":"Bladna News","article_published_time":"2026-01-28T08:00:00+00:00","og_image":[{"width":1312,"height":736,"url":"https:\/\/bladnanews.com\/wp-content\/uploads\/2025\/12\/freepik__bladna-newscom-moroccan-soccer-homepage-banner-mor__41838.png","type":"image\/png"}],"author":"Bladna News Staff","twitter_card":"summary_large_image","twitter_misc":{"\u00c9crit par":"Bladna News Staff","Dur\u00e9e de lecture estim\u00e9e":"2 minutes"},"schema":{"@context":"https:\/\/schema.org","@graph":[{"@type":"Article","@id":"https:\/\/bladnanews.com\/injuries-derail-paul-pogba-monaco-comeback-after-ban\/#article","isPartOf":{"@id":"https:\/\/bladnanews.com\/injuries-derail-paul-pogba-monaco-comeback-after-ban\/"},"author":{"name":"Bladna News Staff","@id":"https:\/\/mediumseagreen-eel-531711.hostingersite.com\/#\/schema\/person\/268e18a453ab080ebf76df6ef7845083"},"headline":"Injuries derail Paul Pogba Monaco comeback after ban","datePublished":"2026-01-28T08:00:00+00:00","mainEntityOfPage":{"@id":"https:\/\/bladnanews.com\/injuries-derail-paul-pogba-monaco-comeback-after-ban\/"},"wordCount":447,"publisher":{"@id":"https:\/\/mediumseagreen-eel-531711.hostingersite.com\/#organization"},"image":{"@id":"https:\/\/bladnanews.com\/injuries-derail-paul-pogba-monaco-comeback-after-ban\/#primaryimage"},"thumbnailUrl":"https:\/\/bladnanews.com\/wp-content\/uploads\/2026\/01\/BladnaNews-Injuries-derail-Paul-Pogba-Monaco-comeback-after-ban-2026-01-28T171005.042Z.jpg","articleSection":["International","Latest News"],"inLanguage":"fr-FR","copyrightYear":"2026","copyrightHolder":{"@id":"https:\/\/bladnanews.com\/fr\/#organization"}},{"@type":"WebPage","@id":"https:\/\/bladnanews.com\/injuries-derail-paul-pogba-monaco-comeback-after-ban\/","url":"https:\/\/bladnanews.com\/injuries-derail-paul-pogba-monaco-comeback-after-ban\/","name":"Les blessures compromettent le retour de Paul Pogba \u00e0 Monaco apr\u00e8s sa suspension - Bladna News","isPartOf":{"@id":"https:\/\/mediumseagreen-eel-531711.hostingersite.com\/#website"},"primaryImageOfPage":{"@id":"https:\/\/bladnanews.com\/injuries-derail-paul-pogba-monaco-comeback-after-ban\/#primaryimage"},"image":{"@id":"https:\/\/bladnanews.com\/injuries-derail-paul-pogba-monaco-comeback-after-ban\/#primaryimage"},"thumbnailUrl":"https:\/\/bladnanews.com\/wp-content\/uploads\/2026\/01\/BladnaNews-Injuries-derail-Paul-Pogba-Monaco-comeback-after-ban-2026-01-28T171005.042Z.jpg","datePublished":"2026-01-28T08:00:00+00:00","breadcrumb":{"@id":"https:\/\/bladnanews.com\/injuries-derail-paul-pogba-monaco-comeback-after-ban\/#breadcrumb"},"inLanguage":"fr-FR","potentialAction":[{"@type":"ReadAction","target":["https:\/\/bladnanews.com\/injuries-derail-paul-pogba-monaco-comeback-after-ban\/"]}]},{"@type":"ImageObject","inLanguage":"fr-FR","@id":"https:\/\/bladnanews.com\/injuries-derail-paul-pogba-monaco-comeback-after-ban\/#primaryimage","url":"https:\/\/bladnanews.com\/wp-content\/uploads\/2026\/01\/BladnaNews-Injuries-derail-Paul-Pogba-Monaco-comeback-after-ban-2026-01-28T171005.042Z.jpg","contentUrl":"https:\/\/bladnanews.com\/wp-content\/uploads\/2026\/01\/BladnaNews-Injuries-derail-Paul-Pogba-Monaco-comeback-after-ban-2026-01-28T171005.042Z.jpg","width":1920,"height":1080,"caption":"Paul Pogba in a Monaco tracksuit, looking determined, with a backdrop of vivid red and black, highlights his return after suspension."},{"@type":"BreadcrumbList","@id":"https:\/\/bladnanews.com\/injuries-derail-paul-pogba-monaco-comeback-after-ban\/#breadcrumb","itemListElement":[{"@type":"ListItem","position":1,"name":"Home","item":"https:\/\/bladnanews.com\/"},{"@type":"ListItem","position":2,"name":"Injuries derail Paul Pogba Monaco comeback after ban"}]},{"@type":"WebSite","@id":"https:\/\/mediumseagreen-eel-531711.hostingersite.com\/#website","url":"https:\/\/mediumseagreen-eel-531711.hostingersite.com\/","name":"Bladna News - Maroc","description":"Quand le football marocain rencontre le monde","publisher":{"@id":"https:\/\/mediumseagreen-eel-531711.hostingersite.com\/#organization"},"potentialAction":[{"@type":"SearchAction","target":{"@type":"EntryPoint","urlTemplate":"https:\/\/mediumseagreen-eel-531711.hostingersite.com\/?s={search_term_string}"},"query-input":{"@type":"PropertyValueSpecification","valueRequired":true,"valueName":"search_term_string"}}],"inLanguage":"fr-FR"},{"@type":"Organization","@id":"https:\/\/mediumseagreen-eel-531711.hostingersite.com\/#organization","name":"Bladna News.com","url":"https:\/\/mediumseagreen-eel-531711.hostingersite.com\/","logo":{"@type":"ImageObject","inLanguage":"fr-FR","@id":"https:\/\/mediumseagreen-eel-531711.hostingersite.com\/#\/schema\/logo\/image\/","url":"https:\/\/bladnanews.com\/wp-content\/uploads\/2025\/12\/logo-bladnanews-V2-web-black-red.png","contentUrl":"https:\/\/bladnanews.com\/wp-content\/uploads\/2025\/12\/logo-bladnanews-V2-web-black-red.png","width":703,"height":287,"caption":"Bladna News.com"},"image":{"@id":"https:\/\/mediumseagreen-eel-531711.hostingersite.com\/#\/schema\/logo\/image\/"},"email":"info@bladnanews.com","legalName":"Bladna News"},{"@type":"Person","@id":"https:\/\/mediumseagreen-eel-531711.hostingersite.com\/#\/schema\/person\/268e18a453ab080ebf76df6ef7845083","name":"\u00c9quipe r\u00e9dactionnelle de Bladna News","url":"https:\/\/bladnanews.com\/fr\/author\/bladna-news-staff\/"}]}},"_links":{"self":[{"href":"https:\/\/bladnanews.com\/fr\/wp-json\/wp\/v2\/posts\/8019","targetHints":{"allow":["GET"]}}],"collection":[{"href":"https:\/\/bladnanews.com\/fr\/wp-json\/wp\/v2\/posts"}],"about":[{"href":"https:\/\/bladnanews.com\/fr\/wp-json\/wp\/v2\/types\/post"}],"author":[{"embeddable":true,"href":"https:\/\/bladnanews.com\/fr\/wp-json\/wp\/v2\/users\/3"}],"replies":[{"embeddable":true,"href":"https:\/\/bladnanews.com\/fr\/wp-json\/wp\/v2\/comments?post=8019"}],"version-history":[{"count":0,"href":"https:\/\/bladnanews.com\/fr\/wp-json\/wp\/v2\/posts\/8019\/revisions"}],"wp:featuredmedia":[{"embeddable":true,"href":"https:\/\/bladnanews.com\/fr\/wp-json\/wp\/v2\/media\/8018"}],"wp:attachment":[{"href":"https:\/\/bladnanews.com\/fr\/wp-json\/wp\/v2\/media?parent=8019"}],"wp:term":[{"taxonomy":"category","embeddable":true,"href":"https:\/\/bladnanews.com\/fr\/wp-json\/wp\/v2\/categories?post=8019"},{"taxonomy":"post_tag","embeddable":true,"href":"https:\/\/bladnanews.com\/fr\/wp-json\/wp\/v2\/tags?post=8019"}],"curies":[{"name":"wp","href":"https:\/\/api.w.org\/{rel}","templated":true}]}}