{"id":8039,"date":"2026-01-28T09:14:08","date_gmt":"2026-01-28T09:14:08","guid":{"rendered":"https:\/\/bladnanews.com\/saudi-pro-league-launches-ousmane-dembele-transfer-swoop\/"},"modified":"2026-01-28T09:14:08","modified_gmt":"2026-01-28T09:14:08","slug":"la-ligue-professionnelle-saoudienne-lance-une-offensive-pour-le-transfert-dousmane-dembele","status":"publish","type":"post","link":"https:\/\/bladnanews.com\/fr\/la-ligue-professionnelle-saoudienne-lance-une-offensive-pour-le-transfert-dousmane-dembele\/","title":{"rendered":"La Saudi Pro League lance une offensive de transfert pour Ousmane Demb\u00e9l\u00e9"},"content":{"rendered":"<p>La Ligue professionnelle saoudienne a \u00e9t\u00e9 d\u00e9crite comme r\u00e9alisant son \u201c plus gros transfert depuis Cristiano Ronaldo \u201d apr\u00e8s avoir lanc\u00e9 une offensive pour recruter l'ailier du Paris Saint-Germain, Ousmane Demb\u00e9l\u00e9.<\/p>\n<p>Cette d\u00e9marche intervient \u00e0 un moment o\u00f9 le pr\u00e9sident du PSG, Nasser Al-Khela\u00effi, a mis en garde contre l'impact des contr\u00f4les financiers du football, les champions de France \u00e9tant soumis \u00e0 des limites plus strictes en mati\u00e8re de d\u00e9penses et de salaires.<\/p>\n<p>Demb\u00e9l\u00e9 n'a rejoint le PSG que l'\u00e9t\u00e9 dernier mais continue d'attirer l'attention, les clubs saoudiens poussant d\u00e9sormais pour tester la d\u00e9termination du club de Ligue 1. Cet int\u00e9r\u00eat est pr\u00e9sent\u00e9 en Arabie saoudite comme la tentative la plus significative pour attirer une star mondiale depuis le transfert retentissant de Ronaldo \u00e0 Al Nassr.<\/p>\n<p>Al-Khela\u00effi s'est pr\u00e9c\u00e9demment exprim\u00e9 sur les restrictions salariales et la mani\u00e8re dont elles peuvent influencer les plans de transfert, et ce contexte serait un facteur influen\u00e7ant la derni\u00e8re approche pour Demb\u00e9l\u00e9, alors que la Ligue professionnelle saoudienne cherche \u00e0 ajouter une autre star majeure \u00e0 sa liste croissante.<\/p>\n<p>Les responsables de la ligue ont clairement indiqu\u00e9 que leur projet \u00e9tait construit autour de l'arriv\u00e9e de talents d'\u00e9lite au Moyen-Orient, et la poursuite de Demb\u00e9l\u00e9 souligne l'ampleur de leurs ambitions alors que les clubs continuent de cibler des joueurs du haut de l'\u00e9chelle du football europ\u00e9en.<\/p>","protected":false},"excerpt":{"rendered":"<p>The Saudi Pro League has been described as making its \u201cbiggest deal since Cristiano Ronaldo\u201d after launching a transfer swoop [&hellip;]<\/p>\n","protected":false},"author":3,"featured_media":8038,"comment_status":"","ping_status":"open","sticky":false,"template":"","format":"standard","meta":{"googlesitekit_rrm_CAow_uzEDA:productID":"","site-sidebar-layout":"default","site-content-layout":"","ast-site-content-layout":"default","site-content-style":"default","site-sidebar-style":"default","ast-global-header-display":"","ast-banner-title-visibility":"","ast-main-header-display":"","ast-hfb-above-header-display":"","ast-hfb-below-header-display":"","ast-hfb-mobile-header-display":"","site-post-title":"","ast-breadcrumbs-content":"","ast-featured-img":"","footer-sml-layout":"","ast-disable-related-posts":"","theme-transparent-header-meta":"","adv-header-id-meta":"","stick-header-meta":"","header-above-stick-meta":"","header-main-stick-meta":"","header-below-stick-meta":"","astra-migrate-meta-layouts":"default","ast-page-background-enabled":"default","ast-page-background-meta":{"desktop":{"background-color":"var(--ast-global-color-5)","background-image":"","background-repeat":"repeat","background-position":"center center","background-size":"auto","background-attachment":"scroll","background-type":"","background-media":"","overlay-type":"","overlay-color":"","overlay-opacity":"","overlay-gradient":""},"tablet":{"background-color":"","background-image":"","background-repeat":"repeat","background-position":"center center","background-size":"auto","background-attachment":"scroll","background-type":"","background-media":"","overlay-type":"","overlay-color":"","overlay-opacity":"","overlay-gradient":""},"mobile":{"background-color":"","background-image":"","background-repeat":"repeat","background-position":"center center","background-size":"auto","background-attachment":"scroll","background-type":"","background-media":"","overlay-type":"","overlay-color":"","overlay-opacity":"","overlay-gradient":""}},"ast-content-background-meta":{"desktop":{"background-color":"var(--ast-global-color-4)","background-image":"","background-repeat":"repeat","background-position":"center center","background-size":"auto","background-attachment":"scroll","background-type":"","background-media":"","overlay-type":"","overlay-color":"","overlay-opacity":"","overlay-gradient":""},"tablet":{"background-color":"var(--ast-global-color-4)","background-image":"","background-repeat":"repeat","background-position":"center center","background-size":"auto","background-attachment":"scroll","background-type":"","background-media":"","overlay-type":"","overlay-color":"","overlay-opacity":"","overlay-gradient":""},"mobile":{"background-color":"var(--ast-global-color-4)","background-image":"","background-repeat":"repeat","background-position":"center center","background-size":"auto","background-attachment":"scroll","background-type":"","background-media":"","overlay-type":"","overlay-color":"","overlay-opacity":"","overlay-gradient":""}},"footnotes":""},"categories":[20,1],"tags":[],"class_list":["post-8039","post","type-post","status-publish","format-standard","has-post-thumbnail","hentry","category-international","category-football-latest-news"],"yoast_head":"<!-- This site is optimized with the Yoast SEO Premium plugin v26.6 (Yoast SEO v27.4) - https:\/\/yoast.com\/product\/yoast-seo-premium-wordpress\/ -->\n<title>Saudi Pro League launches Ousmane Dembele transfer swoop - Bladna News<\/title>\n<meta name=\"robots\" content=\"index, follow, max-snippet:-1, max-image-preview:large, max-video-preview:-1\" \/>\n<link rel=\"canonical\" href=\"https:\/\/bladnanews.com\/fr\/la-ligue-professionnelle-saoudienne-lance-une-offensive-pour-le-transfert-dousmane-dembele\/\" \/>\n<meta property=\"og:locale\" content=\"fr_FR\" \/>\n<meta property=\"og:type\" content=\"article\" \/>\n<meta property=\"og:title\" content=\"Saudi Pro League launches Ousmane Dembele transfer swoop\" \/>\n<meta property=\"og:description\" content=\"The Saudi Pro League has been described as making its \u201cbiggest deal since Cristiano Ronaldo\u201d after launching a transfer swoop [&hellip;]\" \/>\n<meta property=\"og:url\" content=\"https:\/\/bladnanews.com\/fr\/la-ligue-professionnelle-saoudienne-lance-une-offensive-pour-le-transfert-dousmane-dembele\/\" \/>\n<meta property=\"og:site_name\" content=\"Bladna News\" \/>\n<meta property=\"article:published_time\" content=\"2026-01-28T09:14:08+00:00\" \/>\n<meta property=\"og:image\" content=\"https:\/\/bladnanews.com\/wp-content\/uploads\/2025\/12\/freepik__bladna-newscom-moroccan-soccer-homepage-banner-mor__41838.png\" \/>\n\t<meta property=\"og:image:width\" content=\"1312\" \/>\n\t<meta property=\"og:image:height\" content=\"736\" \/>\n\t<meta property=\"og:image:type\" content=\"image\/png\" \/>\n<meta name=\"author\" content=\"Bladna News Staff\" \/>\n<meta name=\"twitter:card\" content=\"summary_large_image\" \/>\n<meta name=\"twitter:label1\" content=\"\u00c9crit par\" \/>\n\t<meta name=\"twitter:data1\" content=\"Bladna News Staff\" \/>\n\t<meta name=\"twitter:label2\" content=\"Dur\u00e9e de lecture estim\u00e9e\" \/>\n\t<meta name=\"twitter:data2\" content=\"1 minute\" \/>\n<script type=\"application\/ld+json\" class=\"yoast-schema-graph\">{\"@context\":\"https:\\\/\\\/schema.org\",\"@graph\":[{\"@type\":\"Article\",\"@id\":\"https:\\\/\\\/bladnanews.com\\\/saudi-pro-league-launches-ousmane-dembele-transfer-swoop\\\/#article\",\"isPartOf\":{\"@id\":\"https:\\\/\\\/bladnanews.com\\\/saudi-pro-league-launches-ousmane-dembele-transfer-swoop\\\/\"},\"author\":{\"name\":\"Bladna News Staff\",\"@id\":\"https:\\\/\\\/mediumseagreen-eel-531711.hostingersite.com\\\/#\\\/schema\\\/person\\\/268e18a453ab080ebf76df6ef7845083\"},\"headline\":\"Saudi Pro League launches Ousmane Dembele transfer swoop\",\"datePublished\":\"2026-01-28T09:14:08+00:00\",\"mainEntityOfPage\":{\"@id\":\"https:\\\/\\\/bladnanews.com\\\/saudi-pro-league-launches-ousmane-dembele-transfer-swoop\\\/\"},\"wordCount\":202,\"publisher\":{\"@id\":\"https:\\\/\\\/mediumseagreen-eel-531711.hostingersite.com\\\/#organization\"},\"image\":{\"@id\":\"https:\\\/\\\/bladnanews.com\\\/saudi-pro-league-launches-ousmane-dembele-transfer-swoop\\\/#primaryimage\"},\"thumbnailUrl\":\"https:\\\/\\\/bladnanews.com\\\/wp-content\\\/uploads\\\/2026\\\/01\\\/BladnaNews-Saudi-Pro-League-launches-Ousmane-Dembele-transfer-swoop-2026-01-28T210944.792Z.jpg\",\"articleSection\":[\"International\",\"Latest News\"],\"inLanguage\":\"fr-FR\",\"copyrightYear\":\"2026\",\"copyrightHolder\":{\"@id\":\"https:\\\/\\\/bladnanews.com\\\/fr\\\/#organization\"}},{\"@type\":\"WebPage\",\"@id\":\"https:\\\/\\\/bladnanews.com\\\/saudi-pro-league-launches-ousmane-dembele-transfer-swoop\\\/\",\"url\":\"https:\\\/\\\/bladnanews.com\\\/saudi-pro-league-launches-ousmane-dembele-transfer-swoop\\\/\",\"name\":\"Saudi Pro League launches Ousmane Dembele transfer swoop - Bladna News\",\"isPartOf\":{\"@id\":\"https:\\\/\\\/mediumseagreen-eel-531711.hostingersite.com\\\/#website\"},\"primaryImageOfPage\":{\"@id\":\"https:\\\/\\\/bladnanews.com\\\/saudi-pro-league-launches-ousmane-dembele-transfer-swoop\\\/#primaryimage\"},\"image\":{\"@id\":\"https:\\\/\\\/bladnanews.com\\\/saudi-pro-league-launches-ousmane-dembele-transfer-swoop\\\/#primaryimage\"},\"thumbnailUrl\":\"https:\\\/\\\/bladnanews.com\\\/wp-content\\\/uploads\\\/2026\\\/01\\\/BladnaNews-Saudi-Pro-League-launches-Ousmane-Dembele-transfer-swoop-2026-01-28T210944.792Z.jpg\",\"datePublished\":\"2026-01-28T09:14:08+00:00\",\"breadcrumb\":{\"@id\":\"https:\\\/\\\/bladnanews.com\\\/saudi-pro-league-launches-ousmane-dembele-transfer-swoop\\\/#breadcrumb\"},\"inLanguage\":\"fr-FR\",\"potentialAction\":[{\"@type\":\"ReadAction\",\"target\":[\"https:\\\/\\\/bladnanews.com\\\/saudi-pro-league-launches-ousmane-dembele-transfer-swoop\\\/\"]}]},{\"@type\":\"ImageObject\",\"inLanguage\":\"fr-FR\",\"@id\":\"https:\\\/\\\/bladnanews.com\\\/saudi-pro-league-launches-ousmane-dembele-transfer-swoop\\\/#primaryimage\",\"url\":\"https:\\\/\\\/bladnanews.com\\\/wp-content\\\/uploads\\\/2026\\\/01\\\/BladnaNews-Saudi-Pro-League-launches-Ousmane-Dembele-transfer-swoop-2026-01-28T210944.792Z.jpg\",\"contentUrl\":\"https:\\\/\\\/bladnanews.com\\\/wp-content\\\/uploads\\\/2026\\\/01\\\/BladnaNews-Saudi-Pro-League-launches-Ousmane-Dembele-transfer-swoop-2026-01-28T210944.792Z.jpg\",\"width\":1600,\"height\":900,\"caption\":\"Ousmane Demb\u00e9l\u00e9 in a blue football jersey, gesturing for silence with his finger to lips, showcasing determination during a match.\"},{\"@type\":\"BreadcrumbList\",\"@id\":\"https:\\\/\\\/bladnanews.com\\\/saudi-pro-league-launches-ousmane-dembele-transfer-swoop\\\/#breadcrumb\",\"itemListElement\":[{\"@type\":\"ListItem\",\"position\":1,\"name\":\"Home\",\"item\":\"https:\\\/\\\/bladnanews.com\\\/\"},{\"@type\":\"ListItem\",\"position\":2,\"name\":\"Saudi Pro League launches Ousmane Dembele transfer swoop\"}]},{\"@type\":\"WebSite\",\"@id\":\"https:\\\/\\\/mediumseagreen-eel-531711.hostingersite.com\\\/#website\",\"url\":\"https:\\\/\\\/mediumseagreen-eel-531711.hostingersite.com\\\/\",\"name\":\"Bladna News - Morocco\",\"description\":\"Where Moroccan Football Meets the World\",\"publisher\":{\"@id\":\"https:\\\/\\\/mediumseagreen-eel-531711.hostingersite.com\\\/#organization\"},\"potentialAction\":[{\"@type\":\"SearchAction\",\"target\":{\"@type\":\"EntryPoint\",\"urlTemplate\":\"https:\\\/\\\/mediumseagreen-eel-531711.hostingersite.com\\\/?s={search_term_string}\"},\"query-input\":{\"@type\":\"PropertyValueSpecification\",\"valueRequired\":true,\"valueName\":\"search_term_string\"}}],\"inLanguage\":\"fr-FR\"},{\"@type\":\"Organization\",\"@id\":\"https:\\\/\\\/mediumseagreen-eel-531711.hostingersite.com\\\/#organization\",\"name\":\"Bladna News.com\",\"url\":\"https:\\\/\\\/mediumseagreen-eel-531711.hostingersite.com\\\/\",\"logo\":{\"@type\":\"ImageObject\",\"inLanguage\":\"fr-FR\",\"@id\":\"https:\\\/\\\/mediumseagreen-eel-531711.hostingersite.com\\\/#\\\/schema\\\/logo\\\/image\\\/\",\"url\":\"https:\\\/\\\/bladnanews.com\\\/wp-content\\\/uploads\\\/2025\\\/12\\\/logo-bladnanews-V2-web-black-red.png\",\"contentUrl\":\"https:\\\/\\\/bladnanews.com\\\/wp-content\\\/uploads\\\/2025\\\/12\\\/logo-bladnanews-V2-web-black-red.png\",\"width\":703,\"height\":287,\"caption\":\"Bladna News.com\"},\"image\":{\"@id\":\"https:\\\/\\\/mediumseagreen-eel-531711.hostingersite.com\\\/#\\\/schema\\\/logo\\\/image\\\/\"},\"email\":\"info@bladnanews.com\",\"legalName\":\"Bladna News\"},{\"@type\":\"Person\",\"@id\":\"https:\\\/\\\/mediumseagreen-eel-531711.hostingersite.com\\\/#\\\/schema\\\/person\\\/268e18a453ab080ebf76df6ef7845083\",\"name\":\"Bladna News Staff\",\"url\":\"https:\\\/\\\/bladnanews.com\\\/fr\\\/author\\\/bladna-news-staff\\\/\"}]}<\/script>\n<!-- \/ Yoast SEO Premium plugin. -->","yoast_head_json":{"title":"La Ligue professionnelle saoudienne lance une offensive pour le transfert d'Ousmane Demb\u00e9l\u00e9 - Bladna News","robots":{"index":"index","follow":"follow","max-snippet":"max-snippet:-1","max-image-preview":"max-image-preview:large","max-video-preview":"max-video-preview:-1"},"canonical":"https:\/\/bladnanews.com\/fr\/la-ligue-professionnelle-saoudienne-lance-une-offensive-pour-le-transfert-dousmane-dembele\/","og_locale":"fr_FR","og_type":"article","og_title":"Saudi Pro League launches Ousmane Dembele transfer swoop","og_description":"The Saudi Pro League has been described as making its \u201cbiggest deal since Cristiano Ronaldo\u201d after launching a transfer swoop [&hellip;]","og_url":"https:\/\/bladnanews.com\/fr\/la-ligue-professionnelle-saoudienne-lance-une-offensive-pour-le-transfert-dousmane-dembele\/","og_site_name":"Bladna News","article_published_time":"2026-01-28T09:14:08+00:00","og_image":[{"width":1312,"height":736,"url":"https:\/\/bladnanews.com\/wp-content\/uploads\/2025\/12\/freepik__bladna-newscom-moroccan-soccer-homepage-banner-mor__41838.png","type":"image\/png"}],"author":"Bladna News Staff","twitter_card":"summary_large_image","twitter_misc":{"\u00c9crit par":"Bladna News Staff","Dur\u00e9e de lecture estim\u00e9e":"1 minute"},"schema":{"@context":"https:\/\/schema.org","@graph":[{"@type":"Article","@id":"https:\/\/bladnanews.com\/saudi-pro-league-launches-ousmane-dembele-transfer-swoop\/#article","isPartOf":{"@id":"https:\/\/bladnanews.com\/saudi-pro-league-launches-ousmane-dembele-transfer-swoop\/"},"author":{"name":"Bladna News Staff","@id":"https:\/\/mediumseagreen-eel-531711.hostingersite.com\/#\/schema\/person\/268e18a453ab080ebf76df6ef7845083"},"headline":"Saudi Pro League launches Ousmane Dembele transfer swoop","datePublished":"2026-01-28T09:14:08+00:00","mainEntityOfPage":{"@id":"https:\/\/bladnanews.com\/saudi-pro-league-launches-ousmane-dembele-transfer-swoop\/"},"wordCount":202,"publisher":{"@id":"https:\/\/mediumseagreen-eel-531711.hostingersite.com\/#organization"},"image":{"@id":"https:\/\/bladnanews.com\/saudi-pro-league-launches-ousmane-dembele-transfer-swoop\/#primaryimage"},"thumbnailUrl":"https:\/\/bladnanews.com\/wp-content\/uploads\/2026\/01\/BladnaNews-Saudi-Pro-League-launches-Ousmane-Dembele-transfer-swoop-2026-01-28T210944.792Z.jpg","articleSection":["International","Latest News"],"inLanguage":"fr-FR","copyrightYear":"2026","copyrightHolder":{"@id":"https:\/\/bladnanews.com\/fr\/#organization"}},{"@type":"WebPage","@id":"https:\/\/bladnanews.com\/saudi-pro-league-launches-ousmane-dembele-transfer-swoop\/","url":"https:\/\/bladnanews.com\/saudi-pro-league-launches-ousmane-dembele-transfer-swoop\/","name":"La Ligue professionnelle saoudienne lance une offensive pour le transfert d'Ousmane Demb\u00e9l\u00e9 - Bladna News","isPartOf":{"@id":"https:\/\/mediumseagreen-eel-531711.hostingersite.com\/#website"},"primaryImageOfPage":{"@id":"https:\/\/bladnanews.com\/saudi-pro-league-launches-ousmane-dembele-transfer-swoop\/#primaryimage"},"image":{"@id":"https:\/\/bladnanews.com\/saudi-pro-league-launches-ousmane-dembele-transfer-swoop\/#primaryimage"},"thumbnailUrl":"https:\/\/bladnanews.com\/wp-content\/uploads\/2026\/01\/BladnaNews-Saudi-Pro-League-launches-Ousmane-Dembele-transfer-swoop-2026-01-28T210944.792Z.jpg","datePublished":"2026-01-28T09:14:08+00:00","breadcrumb":{"@id":"https:\/\/bladnanews.com\/saudi-pro-league-launches-ousmane-dembele-transfer-swoop\/#breadcrumb"},"inLanguage":"fr-FR","potentialAction":[{"@type":"ReadAction","target":["https:\/\/bladnanews.com\/saudi-pro-league-launches-ousmane-dembele-transfer-swoop\/"]}]},{"@type":"ImageObject","inLanguage":"fr-FR","@id":"https:\/\/bladnanews.com\/saudi-pro-league-launches-ousmane-dembele-transfer-swoop\/#primaryimage","url":"https:\/\/bladnanews.com\/wp-content\/uploads\/2026\/01\/BladnaNews-Saudi-Pro-League-launches-Ousmane-Dembele-transfer-swoop-2026-01-28T210944.792Z.jpg","contentUrl":"https:\/\/bladnanews.com\/wp-content\/uploads\/2026\/01\/BladnaNews-Saudi-Pro-League-launches-Ousmane-Dembele-transfer-swoop-2026-01-28T210944.792Z.jpg","width":1600,"height":900,"caption":"Ousmane Demb\u00e9l\u00e9 in a blue football jersey, gesturing for silence with his finger to lips, showcasing determination during a match."},{"@type":"BreadcrumbList","@id":"https:\/\/bladnanews.com\/saudi-pro-league-launches-ousmane-dembele-transfer-swoop\/#breadcrumb","itemListElement":[{"@type":"ListItem","position":1,"name":"Home","item":"https:\/\/bladnanews.com\/"},{"@type":"ListItem","position":2,"name":"Saudi Pro League launches Ousmane Dembele transfer swoop"}]},{"@type":"WebSite","@id":"https:\/\/mediumseagreen-eel-531711.hostingersite.com\/#website","url":"https:\/\/mediumseagreen-eel-531711.hostingersite.com\/","name":"Bladna News - Maroc","description":"Quand le football marocain rencontre le monde","publisher":{"@id":"https:\/\/mediumseagreen-eel-531711.hostingersite.com\/#organization"},"potentialAction":[{"@type":"SearchAction","target":{"@type":"EntryPoint","urlTemplate":"https:\/\/mediumseagreen-eel-531711.hostingersite.com\/?s={search_term_string}"},"query-input":{"@type":"PropertyValueSpecification","valueRequired":true,"valueName":"search_term_string"}}],"inLanguage":"fr-FR"},{"@type":"Organization","@id":"https:\/\/mediumseagreen-eel-531711.hostingersite.com\/#organization","name":"Bladna News.com","url":"https:\/\/mediumseagreen-eel-531711.hostingersite.com\/","logo":{"@type":"ImageObject","inLanguage":"fr-FR","@id":"https:\/\/mediumseagreen-eel-531711.hostingersite.com\/#\/schema\/logo\/image\/","url":"https:\/\/bladnanews.com\/wp-content\/uploads\/2025\/12\/logo-bladnanews-V2-web-black-red.png","contentUrl":"https:\/\/bladnanews.com\/wp-content\/uploads\/2025\/12\/logo-bladnanews-V2-web-black-red.png","width":703,"height":287,"caption":"Bladna News.com"},"image":{"@id":"https:\/\/mediumseagreen-eel-531711.hostingersite.com\/#\/schema\/logo\/image\/"},"email":"info@bladnanews.com","legalName":"Bladna News"},{"@type":"Person","@id":"https:\/\/mediumseagreen-eel-531711.hostingersite.com\/#\/schema\/person\/268e18a453ab080ebf76df6ef7845083","name":"\u00c9quipe r\u00e9dactionnelle de Bladna News","url":"https:\/\/bladnanews.com\/fr\/author\/bladna-news-staff\/"}]}},"_links":{"self":[{"href":"https:\/\/bladnanews.com\/fr\/wp-json\/wp\/v2\/posts\/8039","targetHints":{"allow":["GET"]}}],"collection":[{"href":"https:\/\/bladnanews.com\/fr\/wp-json\/wp\/v2\/posts"}],"about":[{"href":"https:\/\/bladnanews.com\/fr\/wp-json\/wp\/v2\/types\/post"}],"author":[{"embeddable":true,"href":"https:\/\/bladnanews.com\/fr\/wp-json\/wp\/v2\/users\/3"}],"replies":[{"embeddable":true,"href":"https:\/\/bladnanews.com\/fr\/wp-json\/wp\/v2\/comments?post=8039"}],"version-history":[{"count":0,"href":"https:\/\/bladnanews.com\/fr\/wp-json\/wp\/v2\/posts\/8039\/revisions"}],"wp:featuredmedia":[{"embeddable":true,"href":"https:\/\/bladnanews.com\/fr\/wp-json\/wp\/v2\/media\/8038"}],"wp:attachment":[{"href":"https:\/\/bladnanews.com\/fr\/wp-json\/wp\/v2\/media?parent=8039"}],"wp:term":[{"taxonomy":"category","embeddable":true,"href":"https:\/\/bladnanews.com\/fr\/wp-json\/wp\/v2\/categories?post=8039"},{"taxonomy":"post_tag","embeddable":true,"href":"https:\/\/bladnanews.com\/fr\/wp-json\/wp\/v2\/tags?post=8039"}],"curies":[{"name":"wp","href":"https:\/\/api.w.org\/{rel}","templated":true}]}}