{"id":8045,"date":"2026-01-28T10:17:58","date_gmt":"2026-01-28T10:17:58","guid":{"rendered":"https:\/\/bladnanews.com\/leroy-sane-on-pep-guardiolas-huge-impact-at-man-city\/"},"modified":"2026-01-28T10:17:58","modified_gmt":"2026-01-28T10:17:58","slug":"leroy-sane-sur-limpact-considerable-de-pep-guardiola-a-manchester-city","status":"publish","type":"post","link":"https:\/\/bladnanews.com\/fr\/leroy-sane-sur-limpact-considerable-de-pep-guardiola-a-manchester-city\/","title":{"rendered":"Leroy San\u00e9 \u00e9voque l'impact consid\u00e9rable de Pep Guardiola \u00e0 Manchester City"},"content":{"rendered":"<p>Leroy San\u00e9 s'est confi\u00e9 sur l'influence consid\u00e9rable que Pep Guardiola a eue sur lui lors de leur collaboration \u00e0 Manchester City, alors que l'ailier se pr\u00e9pare \u00e0 des retrouvailles en Ligue des Champions avec son ancien entra\u00eeneur.<\/p>\n<p>L'attaquant du Bayern Munich a d\u00e9clar\u00e9 que l'impact de Guardiola allait bien au-del\u00e0 du football, expliquant que l'Espagnol l'avait aid\u00e9 \u00e0 se construire en tant que personne autant qu'en tant que joueur. <em>\u201c Il ne s'est pas content\u00e9 de m'entra\u00eener \u201d,\u201d<\/em> a d\u00e9clar\u00e9 San\u00e9, d\u00e9crivant l'ancien patron de City comme quelqu'un qui l'a guid\u00e9 dans la vie de tous les jours et l'a pouss\u00e9 \u00e0 progresser de diff\u00e9rentes mani\u00e8res.<\/p>\n<p>San\u00e9 a travaill\u00e9 sous les ordres de Guardiola \u00e0 City apr\u00e8s son arriv\u00e9e de Schalke en 2016, devenant un \u00e9l\u00e9ment cl\u00e9 de l'\u00e9quipe avant de partir pour le Bayern en 2020. Aujourd'hui, alors que le Bayern s'appr\u00eate \u00e0 affronter Manchester City de Guardiola en Ligue des Champions, l'international allemand a reconnu qu'il avait h\u00e2te de le revoir.<\/p>\n<p>Bien que San\u00e9 ait clairement indiqu\u00e9 que l'attention restait port\u00e9e sur la confrontation, il a soulign\u00e9 que les le\u00e7ons apprises sous la direction de Guardiola l'accompagnaient toujours. L'ailier a d\u00e9clar\u00e9 que le manager de City exigeait les plus hauts standards au quotidien, et que cette exp\u00e9rience l'avait aid\u00e9 \u00e0 am\u00e9liorer son \u00e9tat d'esprit et son approche du jeu.<\/p>\n<p>Le Bayern et Manchester City se rencontrent d\u00e9sormais sur la plus grande sc\u00e8ne europ\u00e9enne, San\u00e9 \u00e9tant sur le point d'affronter l'entra\u00eeneur \u00e0 qui il attribue un effet si d\u00e9terminant sur sa carri\u00e8re et sa vie.<\/p>","protected":false},"excerpt":{"rendered":"<p>Leroy Sane has opened up on the huge influence Pep Guardiola had on him during their time together at Manchester [&hellip;]<\/p>\n","protected":false},"author":3,"featured_media":8044,"comment_status":"","ping_status":"open","sticky":false,"template":"","format":"standard","meta":{"googlesitekit_rrm_CAow_uzEDA:productID":"","site-sidebar-layout":"default","site-content-layout":"","ast-site-content-layout":"default","site-content-style":"default","site-sidebar-style":"default","ast-global-header-display":"","ast-banner-title-visibility":"","ast-main-header-display":"","ast-hfb-above-header-display":"","ast-hfb-below-header-display":"","ast-hfb-mobile-header-display":"","site-post-title":"","ast-breadcrumbs-content":"","ast-featured-img":"","footer-sml-layout":"","ast-disable-related-posts":"","theme-transparent-header-meta":"","adv-header-id-meta":"","stick-header-meta":"","header-above-stick-meta":"","header-main-stick-meta":"","header-below-stick-meta":"","astra-migrate-meta-layouts":"default","ast-page-background-enabled":"default","ast-page-background-meta":{"desktop":{"background-color":"var(--ast-global-color-5)","background-image":"","background-repeat":"repeat","background-position":"center center","background-size":"auto","background-attachment":"scroll","background-type":"","background-media":"","overlay-type":"","overlay-color":"","overlay-opacity":"","overlay-gradient":""},"tablet":{"background-color":"","background-image":"","background-repeat":"repeat","background-position":"center center","background-size":"auto","background-attachment":"scroll","background-type":"","background-media":"","overlay-type":"","overlay-color":"","overlay-opacity":"","overlay-gradient":""},"mobile":{"background-color":"","background-image":"","background-repeat":"repeat","background-position":"center center","background-size":"auto","background-attachment":"scroll","background-type":"","background-media":"","overlay-type":"","overlay-color":"","overlay-opacity":"","overlay-gradient":""}},"ast-content-background-meta":{"desktop":{"background-color":"var(--ast-global-color-4)","background-image":"","background-repeat":"repeat","background-position":"center center","background-size":"auto","background-attachment":"scroll","background-type":"","background-media":"","overlay-type":"","overlay-color":"","overlay-opacity":"","overlay-gradient":""},"tablet":{"background-color":"var(--ast-global-color-4)","background-image":"","background-repeat":"repeat","background-position":"center center","background-size":"auto","background-attachment":"scroll","background-type":"","background-media":"","overlay-type":"","overlay-color":"","overlay-opacity":"","overlay-gradient":""},"mobile":{"background-color":"var(--ast-global-color-4)","background-image":"","background-repeat":"repeat","background-position":"center center","background-size":"auto","background-attachment":"scroll","background-type":"","background-media":"","overlay-type":"","overlay-color":"","overlay-opacity":"","overlay-gradient":""}},"footnotes":""},"categories":[20,1],"tags":[],"class_list":["post-8045","post","type-post","status-publish","format-standard","has-post-thumbnail","hentry","category-international","category-football-latest-news"],"yoast_head":"<!-- This site is optimized with the Yoast SEO Premium plugin v26.6 (Yoast SEO v27.4) - https:\/\/yoast.com\/product\/yoast-seo-premium-wordpress\/ -->\n<title>Leroy Sane on Pep Guardiolas huge impact at Man City - Bladna News<\/title>\n<meta name=\"robots\" content=\"index, follow, max-snippet:-1, max-image-preview:large, max-video-preview:-1\" \/>\n<link rel=\"canonical\" href=\"https:\/\/bladnanews.com\/fr\/leroy-sane-sur-limpact-considerable-de-pep-guardiola-a-manchester-city\/\" \/>\n<meta property=\"og:locale\" content=\"fr_FR\" \/>\n<meta property=\"og:type\" content=\"article\" \/>\n<meta property=\"og:title\" content=\"Leroy Sane on Pep Guardiolas huge impact at Man City\" \/>\n<meta property=\"og:description\" content=\"Leroy Sane has opened up on the huge influence Pep Guardiola had on him during their time together at Manchester [&hellip;]\" \/>\n<meta property=\"og:url\" content=\"https:\/\/bladnanews.com\/fr\/leroy-sane-sur-limpact-considerable-de-pep-guardiola-a-manchester-city\/\" \/>\n<meta property=\"og:site_name\" content=\"Bladna News\" \/>\n<meta property=\"article:published_time\" content=\"2026-01-28T10:17:58+00:00\" \/>\n<meta property=\"og:image\" content=\"https:\/\/bladnanews.com\/wp-content\/uploads\/2025\/12\/freepik__bladna-newscom-moroccan-soccer-homepage-banner-mor__41838.png\" \/>\n\t<meta property=\"og:image:width\" content=\"1312\" \/>\n\t<meta property=\"og:image:height\" content=\"736\" \/>\n\t<meta property=\"og:image:type\" content=\"image\/png\" \/>\n<meta name=\"author\" content=\"Bladna News Staff\" \/>\n<meta name=\"twitter:card\" content=\"summary_large_image\" \/>\n<meta name=\"twitter:label1\" content=\"\u00c9crit par\" \/>\n\t<meta name=\"twitter:data1\" content=\"Bladna News Staff\" \/>\n\t<meta name=\"twitter:label2\" content=\"Dur\u00e9e de lecture estim\u00e9e\" \/>\n\t<meta name=\"twitter:data2\" content=\"1 minute\" \/>\n<script type=\"application\/ld+json\" class=\"yoast-schema-graph\">{\"@context\":\"https:\\\/\\\/schema.org\",\"@graph\":[{\"@type\":\"Article\",\"@id\":\"https:\\\/\\\/bladnanews.com\\\/leroy-sane-on-pep-guardiolas-huge-impact-at-man-city\\\/#article\",\"isPartOf\":{\"@id\":\"https:\\\/\\\/bladnanews.com\\\/leroy-sane-on-pep-guardiolas-huge-impact-at-man-city\\\/\"},\"author\":{\"name\":\"Bladna News Staff\",\"@id\":\"https:\\\/\\\/mediumseagreen-eel-531711.hostingersite.com\\\/#\\\/schema\\\/person\\\/268e18a453ab080ebf76df6ef7845083\"},\"headline\":\"Leroy Sane on Pep Guardiolas huge impact at Man City\",\"datePublished\":\"2026-01-28T10:17:58+00:00\",\"mainEntityOfPage\":{\"@id\":\"https:\\\/\\\/bladnanews.com\\\/leroy-sane-on-pep-guardiolas-huge-impact-at-man-city\\\/\"},\"wordCount\":233,\"publisher\":{\"@id\":\"https:\\\/\\\/mediumseagreen-eel-531711.hostingersite.com\\\/#organization\"},\"image\":{\"@id\":\"https:\\\/\\\/bladnanews.com\\\/leroy-sane-on-pep-guardiolas-huge-impact-at-man-city\\\/#primaryimage\"},\"thumbnailUrl\":\"https:\\\/\\\/bladnanews.com\\\/wp-content\\\/uploads\\\/2026\\\/01\\\/BladnaNews-Leroy-Sane-on-Pep-Guardiolas-huge-impact-at-Man-City-2026-01-28T211101.676Z.jpg\",\"articleSection\":[\"International\",\"Latest News\"],\"inLanguage\":\"fr-FR\",\"copyrightYear\":\"2026\",\"copyrightHolder\":{\"@id\":\"https:\\\/\\\/bladnanews.com\\\/fr\\\/#organization\"}},{\"@type\":\"WebPage\",\"@id\":\"https:\\\/\\\/bladnanews.com\\\/leroy-sane-on-pep-guardiolas-huge-impact-at-man-city\\\/\",\"url\":\"https:\\\/\\\/bladnanews.com\\\/leroy-sane-on-pep-guardiolas-huge-impact-at-man-city\\\/\",\"name\":\"Leroy Sane on Pep Guardiolas huge impact at Man City - Bladna News\",\"isPartOf\":{\"@id\":\"https:\\\/\\\/mediumseagreen-eel-531711.hostingersite.com\\\/#website\"},\"primaryImageOfPage\":{\"@id\":\"https:\\\/\\\/bladnanews.com\\\/leroy-sane-on-pep-guardiolas-huge-impact-at-man-city\\\/#primaryimage\"},\"image\":{\"@id\":\"https:\\\/\\\/bladnanews.com\\\/leroy-sane-on-pep-guardiolas-huge-impact-at-man-city\\\/#primaryimage\"},\"thumbnailUrl\":\"https:\\\/\\\/bladnanews.com\\\/wp-content\\\/uploads\\\/2026\\\/01\\\/BladnaNews-Leroy-Sane-on-Pep-Guardiolas-huge-impact-at-Man-City-2026-01-28T211101.676Z.jpg\",\"datePublished\":\"2026-01-28T10:17:58+00:00\",\"breadcrumb\":{\"@id\":\"https:\\\/\\\/bladnanews.com\\\/leroy-sane-on-pep-guardiolas-huge-impact-at-man-city\\\/#breadcrumb\"},\"inLanguage\":\"fr-FR\",\"potentialAction\":[{\"@type\":\"ReadAction\",\"target\":[\"https:\\\/\\\/bladnanews.com\\\/leroy-sane-on-pep-guardiolas-huge-impact-at-man-city\\\/\"]}]},{\"@type\":\"ImageObject\",\"inLanguage\":\"fr-FR\",\"@id\":\"https:\\\/\\\/bladnanews.com\\\/leroy-sane-on-pep-guardiolas-huge-impact-at-man-city\\\/#primaryimage\",\"url\":\"https:\\\/\\\/bladnanews.com\\\/wp-content\\\/uploads\\\/2026\\\/01\\\/BladnaNews-Leroy-Sane-on-Pep-Guardiolas-huge-impact-at-Man-City-2026-01-28T211101.676Z.jpg\",\"contentUrl\":\"https:\\\/\\\/bladnanews.com\\\/wp-content\\\/uploads\\\/2026\\\/01\\\/BladnaNews-Leroy-Sane-on-Pep-Guardiolas-huge-impact-at-Man-City-2026-01-28T211101.676Z.jpg\",\"width\":1920,\"height\":1080,\"caption\":\"Leroy San\u00e9 of Galatasaray gestures with a shushing finger while Pep Guardiola, in a black coat, gestures passionately in the background.\"},{\"@type\":\"BreadcrumbList\",\"@id\":\"https:\\\/\\\/bladnanews.com\\\/leroy-sane-on-pep-guardiolas-huge-impact-at-man-city\\\/#breadcrumb\",\"itemListElement\":[{\"@type\":\"ListItem\",\"position\":1,\"name\":\"Home\",\"item\":\"https:\\\/\\\/bladnanews.com\\\/\"},{\"@type\":\"ListItem\",\"position\":2,\"name\":\"Leroy Sane on Pep Guardiolas huge impact at Man City\"}]},{\"@type\":\"WebSite\",\"@id\":\"https:\\\/\\\/mediumseagreen-eel-531711.hostingersite.com\\\/#website\",\"url\":\"https:\\\/\\\/mediumseagreen-eel-531711.hostingersite.com\\\/\",\"name\":\"Bladna News - Morocco\",\"description\":\"Where Moroccan Football Meets the World\",\"publisher\":{\"@id\":\"https:\\\/\\\/mediumseagreen-eel-531711.hostingersite.com\\\/#organization\"},\"potentialAction\":[{\"@type\":\"SearchAction\",\"target\":{\"@type\":\"EntryPoint\",\"urlTemplate\":\"https:\\\/\\\/mediumseagreen-eel-531711.hostingersite.com\\\/?s={search_term_string}\"},\"query-input\":{\"@type\":\"PropertyValueSpecification\",\"valueRequired\":true,\"valueName\":\"search_term_string\"}}],\"inLanguage\":\"fr-FR\"},{\"@type\":\"Organization\",\"@id\":\"https:\\\/\\\/mediumseagreen-eel-531711.hostingersite.com\\\/#organization\",\"name\":\"Bladna News.com\",\"url\":\"https:\\\/\\\/mediumseagreen-eel-531711.hostingersite.com\\\/\",\"logo\":{\"@type\":\"ImageObject\",\"inLanguage\":\"fr-FR\",\"@id\":\"https:\\\/\\\/mediumseagreen-eel-531711.hostingersite.com\\\/#\\\/schema\\\/logo\\\/image\\\/\",\"url\":\"https:\\\/\\\/bladnanews.com\\\/wp-content\\\/uploads\\\/2025\\\/12\\\/logo-bladnanews-V2-web-black-red.png\",\"contentUrl\":\"https:\\\/\\\/bladnanews.com\\\/wp-content\\\/uploads\\\/2025\\\/12\\\/logo-bladnanews-V2-web-black-red.png\",\"width\":703,\"height\":287,\"caption\":\"Bladna News.com\"},\"image\":{\"@id\":\"https:\\\/\\\/mediumseagreen-eel-531711.hostingersite.com\\\/#\\\/schema\\\/logo\\\/image\\\/\"},\"email\":\"info@bladnanews.com\",\"legalName\":\"Bladna News\"},{\"@type\":\"Person\",\"@id\":\"https:\\\/\\\/mediumseagreen-eel-531711.hostingersite.com\\\/#\\\/schema\\\/person\\\/268e18a453ab080ebf76df6ef7845083\",\"name\":\"Bladna News Staff\",\"url\":\"https:\\\/\\\/bladnanews.com\\\/fr\\\/author\\\/bladna-news-staff\\\/\"}]}<\/script>\n<!-- \/ Yoast SEO Premium plugin. -->","yoast_head_json":{"title":"Leroy San\u00e9 sur l'impact \u00e9norme de Pep Guardiola \u00e0 Manchester City - Bladna News","robots":{"index":"index","follow":"follow","max-snippet":"max-snippet:-1","max-image-preview":"max-image-preview:large","max-video-preview":"max-video-preview:-1"},"canonical":"https:\/\/bladnanews.com\/fr\/leroy-sane-sur-limpact-considerable-de-pep-guardiola-a-manchester-city\/","og_locale":"fr_FR","og_type":"article","og_title":"Leroy Sane on Pep Guardiolas huge impact at Man City","og_description":"Leroy Sane has opened up on the huge influence Pep Guardiola had on him during their time together at Manchester [&hellip;]","og_url":"https:\/\/bladnanews.com\/fr\/leroy-sane-sur-limpact-considerable-de-pep-guardiola-a-manchester-city\/","og_site_name":"Bladna News","article_published_time":"2026-01-28T10:17:58+00:00","og_image":[{"width":1312,"height":736,"url":"https:\/\/bladnanews.com\/wp-content\/uploads\/2025\/12\/freepik__bladna-newscom-moroccan-soccer-homepage-banner-mor__41838.png","type":"image\/png"}],"author":"Bladna News Staff","twitter_card":"summary_large_image","twitter_misc":{"\u00c9crit par":"Bladna News Staff","Dur\u00e9e de lecture estim\u00e9e":"1 minute"},"schema":{"@context":"https:\/\/schema.org","@graph":[{"@type":"Article","@id":"https:\/\/bladnanews.com\/leroy-sane-on-pep-guardiolas-huge-impact-at-man-city\/#article","isPartOf":{"@id":"https:\/\/bladnanews.com\/leroy-sane-on-pep-guardiolas-huge-impact-at-man-city\/"},"author":{"name":"Bladna News Staff","@id":"https:\/\/mediumseagreen-eel-531711.hostingersite.com\/#\/schema\/person\/268e18a453ab080ebf76df6ef7845083"},"headline":"Leroy Sane on Pep Guardiolas huge impact at Man City","datePublished":"2026-01-28T10:17:58+00:00","mainEntityOfPage":{"@id":"https:\/\/bladnanews.com\/leroy-sane-on-pep-guardiolas-huge-impact-at-man-city\/"},"wordCount":233,"publisher":{"@id":"https:\/\/mediumseagreen-eel-531711.hostingersite.com\/#organization"},"image":{"@id":"https:\/\/bladnanews.com\/leroy-sane-on-pep-guardiolas-huge-impact-at-man-city\/#primaryimage"},"thumbnailUrl":"https:\/\/bladnanews.com\/wp-content\/uploads\/2026\/01\/BladnaNews-Leroy-Sane-on-Pep-Guardiolas-huge-impact-at-Man-City-2026-01-28T211101.676Z.jpg","articleSection":["International","Latest News"],"inLanguage":"fr-FR","copyrightYear":"2026","copyrightHolder":{"@id":"https:\/\/bladnanews.com\/fr\/#organization"}},{"@type":"WebPage","@id":"https:\/\/bladnanews.com\/leroy-sane-on-pep-guardiolas-huge-impact-at-man-city\/","url":"https:\/\/bladnanews.com\/leroy-sane-on-pep-guardiolas-huge-impact-at-man-city\/","name":"Leroy San\u00e9 sur l'impact \u00e9norme de Pep Guardiola \u00e0 Manchester City - Bladna News","isPartOf":{"@id":"https:\/\/mediumseagreen-eel-531711.hostingersite.com\/#website"},"primaryImageOfPage":{"@id":"https:\/\/bladnanews.com\/leroy-sane-on-pep-guardiolas-huge-impact-at-man-city\/#primaryimage"},"image":{"@id":"https:\/\/bladnanews.com\/leroy-sane-on-pep-guardiolas-huge-impact-at-man-city\/#primaryimage"},"thumbnailUrl":"https:\/\/bladnanews.com\/wp-content\/uploads\/2026\/01\/BladnaNews-Leroy-Sane-on-Pep-Guardiolas-huge-impact-at-Man-City-2026-01-28T211101.676Z.jpg","datePublished":"2026-01-28T10:17:58+00:00","breadcrumb":{"@id":"https:\/\/bladnanews.com\/leroy-sane-on-pep-guardiolas-huge-impact-at-man-city\/#breadcrumb"},"inLanguage":"fr-FR","potentialAction":[{"@type":"ReadAction","target":["https:\/\/bladnanews.com\/leroy-sane-on-pep-guardiolas-huge-impact-at-man-city\/"]}]},{"@type":"ImageObject","inLanguage":"fr-FR","@id":"https:\/\/bladnanews.com\/leroy-sane-on-pep-guardiolas-huge-impact-at-man-city\/#primaryimage","url":"https:\/\/bladnanews.com\/wp-content\/uploads\/2026\/01\/BladnaNews-Leroy-Sane-on-Pep-Guardiolas-huge-impact-at-Man-City-2026-01-28T211101.676Z.jpg","contentUrl":"https:\/\/bladnanews.com\/wp-content\/uploads\/2026\/01\/BladnaNews-Leroy-Sane-on-Pep-Guardiolas-huge-impact-at-Man-City-2026-01-28T211101.676Z.jpg","width":1920,"height":1080,"caption":"Leroy San\u00e9 of Galatasaray gestures with a shushing finger while Pep Guardiola, in a black coat, gestures passionately in the background."},{"@type":"BreadcrumbList","@id":"https:\/\/bladnanews.com\/leroy-sane-on-pep-guardiolas-huge-impact-at-man-city\/#breadcrumb","itemListElement":[{"@type":"ListItem","position":1,"name":"Home","item":"https:\/\/bladnanews.com\/"},{"@type":"ListItem","position":2,"name":"Leroy Sane on Pep Guardiolas huge impact at Man City"}]},{"@type":"WebSite","@id":"https:\/\/mediumseagreen-eel-531711.hostingersite.com\/#website","url":"https:\/\/mediumseagreen-eel-531711.hostingersite.com\/","name":"Bladna News - Maroc","description":"Quand le football marocain rencontre le monde","publisher":{"@id":"https:\/\/mediumseagreen-eel-531711.hostingersite.com\/#organization"},"potentialAction":[{"@type":"SearchAction","target":{"@type":"EntryPoint","urlTemplate":"https:\/\/mediumseagreen-eel-531711.hostingersite.com\/?s={search_term_string}"},"query-input":{"@type":"PropertyValueSpecification","valueRequired":true,"valueName":"search_term_string"}}],"inLanguage":"fr-FR"},{"@type":"Organization","@id":"https:\/\/mediumseagreen-eel-531711.hostingersite.com\/#organization","name":"Bladna News.com","url":"https:\/\/mediumseagreen-eel-531711.hostingersite.com\/","logo":{"@type":"ImageObject","inLanguage":"fr-FR","@id":"https:\/\/mediumseagreen-eel-531711.hostingersite.com\/#\/schema\/logo\/image\/","url":"https:\/\/bladnanews.com\/wp-content\/uploads\/2025\/12\/logo-bladnanews-V2-web-black-red.png","contentUrl":"https:\/\/bladnanews.com\/wp-content\/uploads\/2025\/12\/logo-bladnanews-V2-web-black-red.png","width":703,"height":287,"caption":"Bladna News.com"},"image":{"@id":"https:\/\/mediumseagreen-eel-531711.hostingersite.com\/#\/schema\/logo\/image\/"},"email":"info@bladnanews.com","legalName":"Bladna News"},{"@type":"Person","@id":"https:\/\/mediumseagreen-eel-531711.hostingersite.com\/#\/schema\/person\/268e18a453ab080ebf76df6ef7845083","name":"\u00c9quipe r\u00e9dactionnelle de Bladna News","url":"https:\/\/bladnanews.com\/fr\/author\/bladna-news-staff\/"}]}},"_links":{"self":[{"href":"https:\/\/bladnanews.com\/fr\/wp-json\/wp\/v2\/posts\/8045","targetHints":{"allow":["GET"]}}],"collection":[{"href":"https:\/\/bladnanews.com\/fr\/wp-json\/wp\/v2\/posts"}],"about":[{"href":"https:\/\/bladnanews.com\/fr\/wp-json\/wp\/v2\/types\/post"}],"author":[{"embeddable":true,"href":"https:\/\/bladnanews.com\/fr\/wp-json\/wp\/v2\/users\/3"}],"replies":[{"embeddable":true,"href":"https:\/\/bladnanews.com\/fr\/wp-json\/wp\/v2\/comments?post=8045"}],"version-history":[{"count":0,"href":"https:\/\/bladnanews.com\/fr\/wp-json\/wp\/v2\/posts\/8045\/revisions"}],"wp:featuredmedia":[{"embeddable":true,"href":"https:\/\/bladnanews.com\/fr\/wp-json\/wp\/v2\/media\/8044"}],"wp:attachment":[{"href":"https:\/\/bladnanews.com\/fr\/wp-json\/wp\/v2\/media?parent=8045"}],"wp:term":[{"taxonomy":"category","embeddable":true,"href":"https:\/\/bladnanews.com\/fr\/wp-json\/wp\/v2\/categories?post=8045"},{"taxonomy":"post_tag","embeddable":true,"href":"https:\/\/bladnanews.com\/fr\/wp-json\/wp\/v2\/tags?post=8045"}],"curies":[{"name":"wp","href":"https:\/\/api.w.org\/{rel}","templated":true}]}}