{"id":8051,"date":"2026-01-28T14:27:31","date_gmt":"2026-01-28T14:27:31","guid":{"rendered":"https:\/\/bladnanews.com\/ex-liverpool-star-explains-why-salah-has-struggled-this-season\/"},"modified":"2026-01-28T14:27:31","modified_gmt":"2026-01-28T14:27:31","slug":"un-ancien-joueur-de-liverpool-explique-pourquoi-salah-a-connu-des-difficultes-cette-saison","status":"publish","type":"post","link":"https:\/\/bladnanews.com\/fr\/un-ancien-joueur-de-liverpool-explique-pourquoi-salah-a-connu-des-difficultes-cette-saison\/","title":{"rendered":"Une ancienne star de Liverpool explique pourquoi Salah a connu des difficult\u00e9s cette saison"},"content":{"rendered":"<p>Un ancien joueur de Liverpool a expliqu\u00e9 pourquoi il estime que Mohamed Salah a \u201csouffert\u201d \u00e0 certains moments cette saison, tout en exhortant l'attaquant \u00e9gyptien \u00e0 ignorer toute tentation de partir en Arabie Saoudite.<\/p>\n<p>Salah, d\u00e9sormais \u00e2g\u00e9 de 33 ans, est une nouvelle fois au c\u0153ur de l'attaque de Liverpool, mais l'ancien Rouge a sugg\u00e9r\u00e9 que son niveau n'a pas toujours \u00e9t\u00e9 \u00e0 la hauteur de ce que les supporters attendent. Selon lui, la raison principale est l'\u00e9norme responsabilit\u00e9 qui p\u00e8se sur Salah dans le dernier tiers du terrain, les adversaires adaptant \u00e9galement leurs plans pour l'arr\u00eater.<\/p>\n<p>L'ancien joueur de Liverpool a d\u00e9clar\u00e9 que Salah a souvent d\u00fb faire face \u00e0 une attention soutenue et un marquage serr\u00e9, ce qui a rendu sa t\u00e2che plus difficile et a affect\u00e9 son influence dans certains matches. Il a point\u00e9 la mani\u00e8re dont les \u00e9quipes s'organisent pour couper l'espace de Salah, le for\u00e7ant \u00e0 \u00e9voluer dans des zones encombr\u00e9es et \u00e0 prendre moins de risques.<\/p>\n<p>Malgr\u00e9 ces d\u00e9fis, l'ancien Rouge a soulign\u00e9 que Salah reste l'un des joueurs les plus importants de Liverpool et un faiseur de diff\u00e9rence au plus haut niveau. Il a \u00e9galement clairement indiqu\u00e9 qu'il ne conseillerait pas \u00e0 l'ailier de quitter le football europ\u00e9en pour l'Arabie Saoudite \u00e0 ce stade de sa carri\u00e8re.<\/p>\n<p>Tout en reconnaissant l'attrait financier du Championnat saoudien, il a exhort\u00e9 Salah \u00e0 se concentrer sur la poursuite de la comp\u00e9tition au plus haut niveau, o\u00f9 il peut encore \u00eatre d\u00e9cisif dans les grands matches et viser les titres majeurs. Il est convaincu que Salah a encore beaucoup \u00e0 offrir au sommet du sport et ne devrait pas se laisser distraire par les bruits ext\u00e9rieurs.<\/p>\n<p>Salah a \u00e9t\u00e9 li\u00e9 \u00e0 des int\u00e9r\u00eats en provenance d'Arabie Saoudite ces derni\u00e8res ann\u00e9es, mais le message de l'ancien joueur de Liverpool \u00e9tait clair : reste en Europe, continue d'\u00e9lever le niveau, et fais confiance au fait que ta qualit\u00e9 continuera de briller m\u00eame lorsque les adversaires feront de toi leur cible principale.<\/p>","protected":false},"excerpt":{"rendered":"<p>A former Liverpool player has explained why he believes Mohamed Salah has \u201csuffered\u201d at times this season, while also urging [&hellip;]<\/p>\n","protected":false},"author":3,"featured_media":8050,"comment_status":"","ping_status":"open","sticky":false,"template":"","format":"standard","meta":{"googlesitekit_rrm_CAow_uzEDA:productID":"","site-sidebar-layout":"default","site-content-layout":"","ast-site-content-layout":"default","site-content-style":"default","site-sidebar-style":"default","ast-global-header-display":"","ast-banner-title-visibility":"","ast-main-header-display":"","ast-hfb-above-header-display":"","ast-hfb-below-header-display":"","ast-hfb-mobile-header-display":"","site-post-title":"","ast-breadcrumbs-content":"","ast-featured-img":"","footer-sml-layout":"","ast-disable-related-posts":"","theme-transparent-header-meta":"","adv-header-id-meta":"","stick-header-meta":"","header-above-stick-meta":"","header-main-stick-meta":"","header-below-stick-meta":"","astra-migrate-meta-layouts":"default","ast-page-background-enabled":"default","ast-page-background-meta":{"desktop":{"background-color":"var(--ast-global-color-5)","background-image":"","background-repeat":"repeat","background-position":"center center","background-size":"auto","background-attachment":"scroll","background-type":"","background-media":"","overlay-type":"","overlay-color":"","overlay-opacity":"","overlay-gradient":""},"tablet":{"background-color":"","background-image":"","background-repeat":"repeat","background-position":"center center","background-size":"auto","background-attachment":"scroll","background-type":"","background-media":"","overlay-type":"","overlay-color":"","overlay-opacity":"","overlay-gradient":""},"mobile":{"background-color":"","background-image":"","background-repeat":"repeat","background-position":"center center","background-size":"auto","background-attachment":"scroll","background-type":"","background-media":"","overlay-type":"","overlay-color":"","overlay-opacity":"","overlay-gradient":""}},"ast-content-background-meta":{"desktop":{"background-color":"var(--ast-global-color-4)","background-image":"","background-repeat":"repeat","background-position":"center center","background-size":"auto","background-attachment":"scroll","background-type":"","background-media":"","overlay-type":"","overlay-color":"","overlay-opacity":"","overlay-gradient":""},"tablet":{"background-color":"var(--ast-global-color-4)","background-image":"","background-repeat":"repeat","background-position":"center center","background-size":"auto","background-attachment":"scroll","background-type":"","background-media":"","overlay-type":"","overlay-color":"","overlay-opacity":"","overlay-gradient":""},"mobile":{"background-color":"var(--ast-global-color-4)","background-image":"","background-repeat":"repeat","background-position":"center center","background-size":"auto","background-attachment":"scroll","background-type":"","background-media":"","overlay-type":"","overlay-color":"","overlay-opacity":"","overlay-gradient":""}},"footnotes":""},"categories":[20,1],"tags":[],"class_list":["post-8051","post","type-post","status-publish","format-standard","has-post-thumbnail","hentry","category-international","category-football-latest-news"],"yoast_head":"<!-- This site is optimized with the Yoast SEO Premium plugin v26.6 (Yoast SEO v27.4) - https:\/\/yoast.com\/product\/yoast-seo-premium-wordpress\/ -->\n<title>Ex-Liverpool star explains why Salah has struggled this season - Bladna News<\/title>\n<meta name=\"robots\" content=\"index, follow, max-snippet:-1, max-image-preview:large, max-video-preview:-1\" \/>\n<link rel=\"canonical\" href=\"https:\/\/bladnanews.com\/fr\/un-ancien-joueur-de-liverpool-explique-pourquoi-salah-a-connu-des-difficultes-cette-saison\/\" \/>\n<meta property=\"og:locale\" content=\"fr_FR\" \/>\n<meta property=\"og:type\" content=\"article\" \/>\n<meta property=\"og:title\" content=\"Ex-Liverpool star explains why Salah has struggled this season\" \/>\n<meta property=\"og:description\" content=\"A former Liverpool player has explained why he believes Mohamed Salah has \u201csuffered\u201d at times this season, while also urging [&hellip;]\" \/>\n<meta property=\"og:url\" content=\"https:\/\/bladnanews.com\/fr\/un-ancien-joueur-de-liverpool-explique-pourquoi-salah-a-connu-des-difficultes-cette-saison\/\" \/>\n<meta property=\"og:site_name\" content=\"Bladna News\" \/>\n<meta property=\"article:published_time\" content=\"2026-01-28T14:27:31+00:00\" \/>\n<meta property=\"og:image\" content=\"https:\/\/bladnanews.com\/wp-content\/uploads\/2025\/12\/freepik__bladna-newscom-moroccan-soccer-homepage-banner-mor__41838.png\" \/>\n\t<meta property=\"og:image:width\" content=\"1312\" \/>\n\t<meta property=\"og:image:height\" content=\"736\" \/>\n\t<meta property=\"og:image:type\" content=\"image\/png\" \/>\n<meta name=\"author\" content=\"Bladna News Staff\" \/>\n<meta name=\"twitter:card\" content=\"summary_large_image\" \/>\n<meta name=\"twitter:label1\" content=\"\u00c9crit par\" \/>\n\t<meta name=\"twitter:data1\" content=\"Bladna News Staff\" \/>\n\t<meta name=\"twitter:label2\" content=\"Dur\u00e9e de lecture estim\u00e9e\" \/>\n\t<meta name=\"twitter:data2\" content=\"1 minute\" \/>\n<script type=\"application\/ld+json\" class=\"yoast-schema-graph\">{\"@context\":\"https:\\\/\\\/schema.org\",\"@graph\":[{\"@type\":\"Article\",\"@id\":\"https:\\\/\\\/bladnanews.com\\\/ex-liverpool-star-explains-why-salah-has-struggled-this-season\\\/#article\",\"isPartOf\":{\"@id\":\"https:\\\/\\\/bladnanews.com\\\/ex-liverpool-star-explains-why-salah-has-struggled-this-season\\\/\"},\"author\":{\"name\":\"Bladna News Staff\",\"@id\":\"https:\\\/\\\/mediumseagreen-eel-531711.hostingersite.com\\\/#\\\/schema\\\/person\\\/268e18a453ab080ebf76df6ef7845083\"},\"headline\":\"Ex-Liverpool star explains why Salah has struggled this season\",\"datePublished\":\"2026-01-28T14:27:31+00:00\",\"mainEntityOfPage\":{\"@id\":\"https:\\\/\\\/bladnanews.com\\\/ex-liverpool-star-explains-why-salah-has-struggled-this-season\\\/\"},\"wordCount\":297,\"publisher\":{\"@id\":\"https:\\\/\\\/mediumseagreen-eel-531711.hostingersite.com\\\/#organization\"},\"image\":{\"@id\":\"https:\\\/\\\/bladnanews.com\\\/ex-liverpool-star-explains-why-salah-has-struggled-this-season\\\/#primaryimage\"},\"thumbnailUrl\":\"https:\\\/\\\/bladnanews.com\\\/wp-content\\\/uploads\\\/2026\\\/01\\\/BladnaNews-Ex-Liverpool-star-explains-why-Salah-has-struggled-this-season-2026-01-29T010959.210Z-scaled.jpg\",\"articleSection\":[\"International\",\"Latest News\"],\"inLanguage\":\"fr-FR\",\"copyrightYear\":\"2026\",\"copyrightHolder\":{\"@id\":\"https:\\\/\\\/bladnanews.com\\\/fr\\\/#organization\"}},{\"@type\":\"WebPage\",\"@id\":\"https:\\\/\\\/bladnanews.com\\\/ex-liverpool-star-explains-why-salah-has-struggled-this-season\\\/\",\"url\":\"https:\\\/\\\/bladnanews.com\\\/ex-liverpool-star-explains-why-salah-has-struggled-this-season\\\/\",\"name\":\"Ex-Liverpool star explains why Salah has struggled this season - Bladna News\",\"isPartOf\":{\"@id\":\"https:\\\/\\\/mediumseagreen-eel-531711.hostingersite.com\\\/#website\"},\"primaryImageOfPage\":{\"@id\":\"https:\\\/\\\/bladnanews.com\\\/ex-liverpool-star-explains-why-salah-has-struggled-this-season\\\/#primaryimage\"},\"image\":{\"@id\":\"https:\\\/\\\/bladnanews.com\\\/ex-liverpool-star-explains-why-salah-has-struggled-this-season\\\/#primaryimage\"},\"thumbnailUrl\":\"https:\\\/\\\/bladnanews.com\\\/wp-content\\\/uploads\\\/2026\\\/01\\\/BladnaNews-Ex-Liverpool-star-explains-why-Salah-has-struggled-this-season-2026-01-29T010959.210Z-scaled.jpg\",\"datePublished\":\"2026-01-28T14:27:31+00:00\",\"breadcrumb\":{\"@id\":\"https:\\\/\\\/bladnanews.com\\\/ex-liverpool-star-explains-why-salah-has-struggled-this-season\\\/#breadcrumb\"},\"inLanguage\":\"fr-FR\",\"potentialAction\":[{\"@type\":\"ReadAction\",\"target\":[\"https:\\\/\\\/bladnanews.com\\\/ex-liverpool-star-explains-why-salah-has-struggled-this-season\\\/\"]}]},{\"@type\":\"ImageObject\",\"inLanguage\":\"fr-FR\",\"@id\":\"https:\\\/\\\/bladnanews.com\\\/ex-liverpool-star-explains-why-salah-has-struggled-this-season\\\/#primaryimage\",\"url\":\"https:\\\/\\\/bladnanews.com\\\/wp-content\\\/uploads\\\/2026\\\/01\\\/BladnaNews-Ex-Liverpool-star-explains-why-Salah-has-struggled-this-season-2026-01-29T010959.210Z-scaled.jpg\",\"contentUrl\":\"https:\\\/\\\/bladnanews.com\\\/wp-content\\\/uploads\\\/2026\\\/01\\\/BladnaNews-Ex-Liverpool-star-explains-why-Salah-has-struggled-this-season-2026-01-29T010959.210Z-scaled.jpg\",\"width\":2560,\"height\":1440,\"caption\":\"Mohamed Salah celebrates with a smile, wearing a red Liverpool kit, during a match, showcasing his signature beard and hairstyle.\"},{\"@type\":\"BreadcrumbList\",\"@id\":\"https:\\\/\\\/bladnanews.com\\\/ex-liverpool-star-explains-why-salah-has-struggled-this-season\\\/#breadcrumb\",\"itemListElement\":[{\"@type\":\"ListItem\",\"position\":1,\"name\":\"Home\",\"item\":\"https:\\\/\\\/bladnanews.com\\\/\"},{\"@type\":\"ListItem\",\"position\":2,\"name\":\"Ex-Liverpool star explains why Salah has struggled this season\"}]},{\"@type\":\"WebSite\",\"@id\":\"https:\\\/\\\/mediumseagreen-eel-531711.hostingersite.com\\\/#website\",\"url\":\"https:\\\/\\\/mediumseagreen-eel-531711.hostingersite.com\\\/\",\"name\":\"Bladna News - Morocco\",\"description\":\"Where Moroccan Football Meets the World\",\"publisher\":{\"@id\":\"https:\\\/\\\/mediumseagreen-eel-531711.hostingersite.com\\\/#organization\"},\"potentialAction\":[{\"@type\":\"SearchAction\",\"target\":{\"@type\":\"EntryPoint\",\"urlTemplate\":\"https:\\\/\\\/mediumseagreen-eel-531711.hostingersite.com\\\/?s={search_term_string}\"},\"query-input\":{\"@type\":\"PropertyValueSpecification\",\"valueRequired\":true,\"valueName\":\"search_term_string\"}}],\"inLanguage\":\"fr-FR\"},{\"@type\":\"Organization\",\"@id\":\"https:\\\/\\\/mediumseagreen-eel-531711.hostingersite.com\\\/#organization\",\"name\":\"Bladna News.com\",\"url\":\"https:\\\/\\\/mediumseagreen-eel-531711.hostingersite.com\\\/\",\"logo\":{\"@type\":\"ImageObject\",\"inLanguage\":\"fr-FR\",\"@id\":\"https:\\\/\\\/mediumseagreen-eel-531711.hostingersite.com\\\/#\\\/schema\\\/logo\\\/image\\\/\",\"url\":\"https:\\\/\\\/bladnanews.com\\\/wp-content\\\/uploads\\\/2025\\\/12\\\/logo-bladnanews-V2-web-black-red.png\",\"contentUrl\":\"https:\\\/\\\/bladnanews.com\\\/wp-content\\\/uploads\\\/2025\\\/12\\\/logo-bladnanews-V2-web-black-red.png\",\"width\":703,\"height\":287,\"caption\":\"Bladna News.com\"},\"image\":{\"@id\":\"https:\\\/\\\/mediumseagreen-eel-531711.hostingersite.com\\\/#\\\/schema\\\/logo\\\/image\\\/\"},\"email\":\"info@bladnanews.com\",\"legalName\":\"Bladna News\"},{\"@type\":\"Person\",\"@id\":\"https:\\\/\\\/mediumseagreen-eel-531711.hostingersite.com\\\/#\\\/schema\\\/person\\\/268e18a453ab080ebf76df6ef7845083\",\"name\":\"Bladna News Staff\",\"url\":\"https:\\\/\\\/bladnanews.com\\\/fr\\\/author\\\/bladna-news-staff\\\/\"}]}<\/script>\n<!-- \/ Yoast SEO Premium plugin. -->","yoast_head_json":{"title":"Une ancienne star de Liverpool explique pourquoi Salah a connu des difficult\u00e9s cette saison - Bladna News","robots":{"index":"index","follow":"follow","max-snippet":"max-snippet:-1","max-image-preview":"max-image-preview:large","max-video-preview":"max-video-preview:-1"},"canonical":"https:\/\/bladnanews.com\/fr\/un-ancien-joueur-de-liverpool-explique-pourquoi-salah-a-connu-des-difficultes-cette-saison\/","og_locale":"fr_FR","og_type":"article","og_title":"Ex-Liverpool star explains why Salah has struggled this season","og_description":"A former Liverpool player has explained why he believes Mohamed Salah has \u201csuffered\u201d at times this season, while also urging [&hellip;]","og_url":"https:\/\/bladnanews.com\/fr\/un-ancien-joueur-de-liverpool-explique-pourquoi-salah-a-connu-des-difficultes-cette-saison\/","og_site_name":"Bladna News","article_published_time":"2026-01-28T14:27:31+00:00","og_image":[{"width":1312,"height":736,"url":"https:\/\/bladnanews.com\/wp-content\/uploads\/2025\/12\/freepik__bladna-newscom-moroccan-soccer-homepage-banner-mor__41838.png","type":"image\/png"}],"author":"Bladna News Staff","twitter_card":"summary_large_image","twitter_misc":{"\u00c9crit par":"Bladna News Staff","Dur\u00e9e de lecture estim\u00e9e":"1 minute"},"schema":{"@context":"https:\/\/schema.org","@graph":[{"@type":"Article","@id":"https:\/\/bladnanews.com\/ex-liverpool-star-explains-why-salah-has-struggled-this-season\/#article","isPartOf":{"@id":"https:\/\/bladnanews.com\/ex-liverpool-star-explains-why-salah-has-struggled-this-season\/"},"author":{"name":"Bladna News Staff","@id":"https:\/\/mediumseagreen-eel-531711.hostingersite.com\/#\/schema\/person\/268e18a453ab080ebf76df6ef7845083"},"headline":"Ex-Liverpool star explains why Salah has struggled this season","datePublished":"2026-01-28T14:27:31+00:00","mainEntityOfPage":{"@id":"https:\/\/bladnanews.com\/ex-liverpool-star-explains-why-salah-has-struggled-this-season\/"},"wordCount":297,"publisher":{"@id":"https:\/\/mediumseagreen-eel-531711.hostingersite.com\/#organization"},"image":{"@id":"https:\/\/bladnanews.com\/ex-liverpool-star-explains-why-salah-has-struggled-this-season\/#primaryimage"},"thumbnailUrl":"https:\/\/bladnanews.com\/wp-content\/uploads\/2026\/01\/BladnaNews-Ex-Liverpool-star-explains-why-Salah-has-struggled-this-season-2026-01-29T010959.210Z-scaled.jpg","articleSection":["International","Latest News"],"inLanguage":"fr-FR","copyrightYear":"2026","copyrightHolder":{"@id":"https:\/\/bladnanews.com\/fr\/#organization"}},{"@type":"WebPage","@id":"https:\/\/bladnanews.com\/ex-liverpool-star-explains-why-salah-has-struggled-this-season\/","url":"https:\/\/bladnanews.com\/ex-liverpool-star-explains-why-salah-has-struggled-this-season\/","name":"Une ancienne star de Liverpool explique pourquoi Salah a connu des difficult\u00e9s cette saison - Bladna News","isPartOf":{"@id":"https:\/\/mediumseagreen-eel-531711.hostingersite.com\/#website"},"primaryImageOfPage":{"@id":"https:\/\/bladnanews.com\/ex-liverpool-star-explains-why-salah-has-struggled-this-season\/#primaryimage"},"image":{"@id":"https:\/\/bladnanews.com\/ex-liverpool-star-explains-why-salah-has-struggled-this-season\/#primaryimage"},"thumbnailUrl":"https:\/\/bladnanews.com\/wp-content\/uploads\/2026\/01\/BladnaNews-Ex-Liverpool-star-explains-why-Salah-has-struggled-this-season-2026-01-29T010959.210Z-scaled.jpg","datePublished":"2026-01-28T14:27:31+00:00","breadcrumb":{"@id":"https:\/\/bladnanews.com\/ex-liverpool-star-explains-why-salah-has-struggled-this-season\/#breadcrumb"},"inLanguage":"fr-FR","potentialAction":[{"@type":"ReadAction","target":["https:\/\/bladnanews.com\/ex-liverpool-star-explains-why-salah-has-struggled-this-season\/"]}]},{"@type":"ImageObject","inLanguage":"fr-FR","@id":"https:\/\/bladnanews.com\/ex-liverpool-star-explains-why-salah-has-struggled-this-season\/#primaryimage","url":"https:\/\/bladnanews.com\/wp-content\/uploads\/2026\/01\/BladnaNews-Ex-Liverpool-star-explains-why-Salah-has-struggled-this-season-2026-01-29T010959.210Z-scaled.jpg","contentUrl":"https:\/\/bladnanews.com\/wp-content\/uploads\/2026\/01\/BladnaNews-Ex-Liverpool-star-explains-why-Salah-has-struggled-this-season-2026-01-29T010959.210Z-scaled.jpg","width":2560,"height":1440,"caption":"Mohamed Salah celebrates with a smile, wearing a red Liverpool kit, during a match, showcasing his signature beard and hairstyle."},{"@type":"BreadcrumbList","@id":"https:\/\/bladnanews.com\/ex-liverpool-star-explains-why-salah-has-struggled-this-season\/#breadcrumb","itemListElement":[{"@type":"ListItem","position":1,"name":"Home","item":"https:\/\/bladnanews.com\/"},{"@type":"ListItem","position":2,"name":"Ex-Liverpool star explains why Salah has struggled this season"}]},{"@type":"WebSite","@id":"https:\/\/mediumseagreen-eel-531711.hostingersite.com\/#website","url":"https:\/\/mediumseagreen-eel-531711.hostingersite.com\/","name":"Bladna News - Maroc","description":"Quand le football marocain rencontre le monde","publisher":{"@id":"https:\/\/mediumseagreen-eel-531711.hostingersite.com\/#organization"},"potentialAction":[{"@type":"SearchAction","target":{"@type":"EntryPoint","urlTemplate":"https:\/\/mediumseagreen-eel-531711.hostingersite.com\/?s={search_term_string}"},"query-input":{"@type":"PropertyValueSpecification","valueRequired":true,"valueName":"search_term_string"}}],"inLanguage":"fr-FR"},{"@type":"Organization","@id":"https:\/\/mediumseagreen-eel-531711.hostingersite.com\/#organization","name":"Bladna News.com","url":"https:\/\/mediumseagreen-eel-531711.hostingersite.com\/","logo":{"@type":"ImageObject","inLanguage":"fr-FR","@id":"https:\/\/mediumseagreen-eel-531711.hostingersite.com\/#\/schema\/logo\/image\/","url":"https:\/\/bladnanews.com\/wp-content\/uploads\/2025\/12\/logo-bladnanews-V2-web-black-red.png","contentUrl":"https:\/\/bladnanews.com\/wp-content\/uploads\/2025\/12\/logo-bladnanews-V2-web-black-red.png","width":703,"height":287,"caption":"Bladna News.com"},"image":{"@id":"https:\/\/mediumseagreen-eel-531711.hostingersite.com\/#\/schema\/logo\/image\/"},"email":"info@bladnanews.com","legalName":"Bladna News"},{"@type":"Person","@id":"https:\/\/mediumseagreen-eel-531711.hostingersite.com\/#\/schema\/person\/268e18a453ab080ebf76df6ef7845083","name":"\u00c9quipe r\u00e9dactionnelle de Bladna News","url":"https:\/\/bladnanews.com\/fr\/author\/bladna-news-staff\/"}]}},"_links":{"self":[{"href":"https:\/\/bladnanews.com\/fr\/wp-json\/wp\/v2\/posts\/8051","targetHints":{"allow":["GET"]}}],"collection":[{"href":"https:\/\/bladnanews.com\/fr\/wp-json\/wp\/v2\/posts"}],"about":[{"href":"https:\/\/bladnanews.com\/fr\/wp-json\/wp\/v2\/types\/post"}],"author":[{"embeddable":true,"href":"https:\/\/bladnanews.com\/fr\/wp-json\/wp\/v2\/users\/3"}],"replies":[{"embeddable":true,"href":"https:\/\/bladnanews.com\/fr\/wp-json\/wp\/v2\/comments?post=8051"}],"version-history":[{"count":0,"href":"https:\/\/bladnanews.com\/fr\/wp-json\/wp\/v2\/posts\/8051\/revisions"}],"wp:featuredmedia":[{"embeddable":true,"href":"https:\/\/bladnanews.com\/fr\/wp-json\/wp\/v2\/media\/8050"}],"wp:attachment":[{"href":"https:\/\/bladnanews.com\/fr\/wp-json\/wp\/v2\/media?parent=8051"}],"wp:term":[{"taxonomy":"category","embeddable":true,"href":"https:\/\/bladnanews.com\/fr\/wp-json\/wp\/v2\/categories?post=8051"},{"taxonomy":"post_tag","embeddable":true,"href":"https:\/\/bladnanews.com\/fr\/wp-json\/wp\/v2\/tags?post=8051"}],"curies":[{"name":"wp","href":"https:\/\/api.w.org\/{rel}","templated":true}]}}