{"id":8053,"date":"2026-01-28T14:57:32","date_gmt":"2026-01-28T14:57:32","guid":{"rendered":"https:\/\/bladnanews.com\/cole-palmer-backed-as-bruno-fernandes-successor-at-man-utd\/"},"modified":"2026-01-28T14:57:32","modified_gmt":"2026-01-28T14:57:32","slug":"cole-palmer-soutenu-comme-successeur-de-bruno-fernandes-a-manchester-united","status":"publish","type":"post","link":"https:\/\/bladnanews.com\/fr\/cole-palmer-soutenu-comme-successeur-de-bruno-fernandes-a-manchester-united\/","title":{"rendered":"Cole Palmer soutenu comme successeur de Bruno Fernandes \u00e0 Manchester United"},"content":{"rendered":"<p>Cole Palmer est pressenti comme un possible rempla\u00e7ant \u00e0 long terme de Bruno Fernandes \u00e0 Manchester United, le milieu de terrain de Chelsea \u00e9tant consid\u00e9r\u00e9 comme susceptible de passer d'une \u201centreprise\u201d \u00e0 un v\u00e9ritable \u201cprojet footballistique\u201d.<\/p>\n<p>L'international anglais a \u00e9t\u00e9 l'un des joueurs les plus remarquables de Chelsea depuis son arriv\u00e9e de Manchester City, devenant rapidement une figure cl\u00e9 \u00e0 Stamford Bridge. Son impact et son influence ont conduit \u00e0 affirmer qu'il poss\u00e8de la qualit\u00e9 pour endosser un r\u00f4le cr\u00e9ateur majeur dans un club comme United.<\/p>\n<p>L'ancien milieu de terrain de Manchester United, Owen Hargreaves, a sugg\u00e9r\u00e9 que Palmer correspondait au profil que United rechercherait s'ils devaient un jour planifier l'apr\u00e8s-Fernandes, arguant que le joueur de 21 ans a le talent pour diriger une \u00e9quipe et d\u00e9cider des matches.<\/p>\n<p>Hargreaves a \u00e9galement soulign\u00e9 que Palmer pourrait finalement \u00eatre attir\u00e9 par un club ayant une direction sportive plus claire, d\u00e9crivant Chelsea comme davantage une \u201centreprise\u201d actuellement, tout en laissant entendre que United pourrait devenir un \u201cprojet footballistique\u201d plus attrayant au fur et \u00e0 mesure de leur reconstruction.<\/p>\n<p>Fernandes reste central dans l'effectif de United et en est le capitaine, mais son importance rend in\u00e9vitablement la planification de sa succession un sujet d'avenir. L'ascension de Palmer, son sang-froid dans les grands moments et sa capacit\u00e9 \u00e0 influencer les matches depuis le milieu de terrain ont fait de lui le type de joueur mentionn\u00e9 comme pouvant un jour endosser cette responsabilit\u00e9 \u00e0 Old Trafford.<\/p>\n<p>Pour l'instant, Palmer continue de se concentrer sur Chelsea, o\u00f9 il est toujours sous contrat et constitue une partie cruciale de leurs projets. Mais cette suggestion souligne \u00e0 quel point il est estim\u00e9 dans toute la Premier League \u2014 non seulement en tant que star \u00e0 part enti\u00e8re, mais aussi comme quelqu'un per\u00e7u capable d'endosser l'un des plus grands r\u00f4les du championnat dans les ann\u00e9es \u00e0 venir.<\/p>","protected":false},"excerpt":{"rendered":"<p>Cole Palmer has been tipped as a possible long-term replacement for Bruno Fernandes at Manchester United, with the Chelsea midfielder [&hellip;]<\/p>\n","protected":false},"author":3,"featured_media":8052,"comment_status":"","ping_status":"open","sticky":false,"template":"","format":"standard","meta":{"googlesitekit_rrm_CAow_uzEDA:productID":"","site-sidebar-layout":"default","site-content-layout":"","ast-site-content-layout":"default","site-content-style":"default","site-sidebar-style":"default","ast-global-header-display":"","ast-banner-title-visibility":"","ast-main-header-display":"","ast-hfb-above-header-display":"","ast-hfb-below-header-display":"","ast-hfb-mobile-header-display":"","site-post-title":"","ast-breadcrumbs-content":"","ast-featured-img":"","footer-sml-layout":"","ast-disable-related-posts":"","theme-transparent-header-meta":"","adv-header-id-meta":"","stick-header-meta":"","header-above-stick-meta":"","header-main-stick-meta":"","header-below-stick-meta":"","astra-migrate-meta-layouts":"default","ast-page-background-enabled":"default","ast-page-background-meta":{"desktop":{"background-color":"var(--ast-global-color-5)","background-image":"","background-repeat":"repeat","background-position":"center center","background-size":"auto","background-attachment":"scroll","background-type":"","background-media":"","overlay-type":"","overlay-color":"","overlay-opacity":"","overlay-gradient":""},"tablet":{"background-color":"","background-image":"","background-repeat":"repeat","background-position":"center center","background-size":"auto","background-attachment":"scroll","background-type":"","background-media":"","overlay-type":"","overlay-color":"","overlay-opacity":"","overlay-gradient":""},"mobile":{"background-color":"","background-image":"","background-repeat":"repeat","background-position":"center center","background-size":"auto","background-attachment":"scroll","background-type":"","background-media":"","overlay-type":"","overlay-color":"","overlay-opacity":"","overlay-gradient":""}},"ast-content-background-meta":{"desktop":{"background-color":"var(--ast-global-color-4)","background-image":"","background-repeat":"repeat","background-position":"center center","background-size":"auto","background-attachment":"scroll","background-type":"","background-media":"","overlay-type":"","overlay-color":"","overlay-opacity":"","overlay-gradient":""},"tablet":{"background-color":"var(--ast-global-color-4)","background-image":"","background-repeat":"repeat","background-position":"center center","background-size":"auto","background-attachment":"scroll","background-type":"","background-media":"","overlay-type":"","overlay-color":"","overlay-opacity":"","overlay-gradient":""},"mobile":{"background-color":"var(--ast-global-color-4)","background-image":"","background-repeat":"repeat","background-position":"center center","background-size":"auto","background-attachment":"scroll","background-type":"","background-media":"","overlay-type":"","overlay-color":"","overlay-opacity":"","overlay-gradient":""}},"footnotes":""},"categories":[20,1],"tags":[],"class_list":["post-8053","post","type-post","status-publish","format-standard","has-post-thumbnail","hentry","category-international","category-football-latest-news"],"yoast_head":"<!-- This site is optimized with the Yoast SEO Premium plugin v26.6 (Yoast SEO v27.4) - https:\/\/yoast.com\/product\/yoast-seo-premium-wordpress\/ -->\n<title>Cole Palmer backed as Bruno Fernandes successor at Man Utd - Bladna News<\/title>\n<meta name=\"robots\" content=\"index, follow, max-snippet:-1, max-image-preview:large, max-video-preview:-1\" \/>\n<link rel=\"canonical\" href=\"https:\/\/bladnanews.com\/fr\/cole-palmer-soutenu-comme-successeur-de-bruno-fernandes-a-manchester-united\/\" \/>\n<meta property=\"og:locale\" content=\"fr_FR\" \/>\n<meta property=\"og:type\" content=\"article\" \/>\n<meta property=\"og:title\" content=\"Cole Palmer backed as Bruno Fernandes successor at Man Utd\" \/>\n<meta property=\"og:description\" content=\"Cole Palmer has been tipped as a possible long-term replacement for Bruno Fernandes at Manchester United, with the Chelsea midfielder [&hellip;]\" \/>\n<meta property=\"og:url\" content=\"https:\/\/bladnanews.com\/fr\/cole-palmer-soutenu-comme-successeur-de-bruno-fernandes-a-manchester-united\/\" \/>\n<meta property=\"og:site_name\" content=\"Bladna News\" \/>\n<meta property=\"article:published_time\" content=\"2026-01-28T14:57:32+00:00\" \/>\n<meta property=\"og:image\" content=\"https:\/\/bladnanews.com\/wp-content\/uploads\/2025\/12\/freepik__bladna-newscom-moroccan-soccer-homepage-banner-mor__41838.png\" \/>\n\t<meta property=\"og:image:width\" content=\"1312\" \/>\n\t<meta property=\"og:image:height\" content=\"736\" \/>\n\t<meta property=\"og:image:type\" content=\"image\/png\" \/>\n<meta name=\"author\" content=\"Bladna News Staff\" \/>\n<meta name=\"twitter:card\" content=\"summary_large_image\" \/>\n<meta name=\"twitter:label1\" content=\"\u00c9crit par\" \/>\n\t<meta name=\"twitter:data1\" content=\"Bladna News Staff\" \/>\n\t<meta name=\"twitter:label2\" content=\"Dur\u00e9e de lecture estim\u00e9e\" \/>\n\t<meta name=\"twitter:data2\" content=\"1 minute\" \/>\n<script type=\"application\/ld+json\" class=\"yoast-schema-graph\">{\"@context\":\"https:\\\/\\\/schema.org\",\"@graph\":[{\"@type\":\"Article\",\"@id\":\"https:\\\/\\\/bladnanews.com\\\/cole-palmer-backed-as-bruno-fernandes-successor-at-man-utd\\\/#article\",\"isPartOf\":{\"@id\":\"https:\\\/\\\/bladnanews.com\\\/cole-palmer-backed-as-bruno-fernandes-successor-at-man-utd\\\/\"},\"author\":{\"name\":\"Bladna News Staff\",\"@id\":\"https:\\\/\\\/mediumseagreen-eel-531711.hostingersite.com\\\/#\\\/schema\\\/person\\\/268e18a453ab080ebf76df6ef7845083\"},\"headline\":\"Cole Palmer backed as Bruno Fernandes successor at Man Utd\",\"datePublished\":\"2026-01-28T14:57:32+00:00\",\"mainEntityOfPage\":{\"@id\":\"https:\\\/\\\/bladnanews.com\\\/cole-palmer-backed-as-bruno-fernandes-successor-at-man-utd\\\/\"},\"wordCount\":293,\"publisher\":{\"@id\":\"https:\\\/\\\/mediumseagreen-eel-531711.hostingersite.com\\\/#organization\"},\"image\":{\"@id\":\"https:\\\/\\\/bladnanews.com\\\/cole-palmer-backed-as-bruno-fernandes-successor-at-man-utd\\\/#primaryimage\"},\"thumbnailUrl\":\"https:\\\/\\\/bladnanews.com\\\/wp-content\\\/uploads\\\/2026\\\/01\\\/BladnaNews-Cole-Palmer-backed-as-Bruno-Fernandes-successor-at-Man-Utd-2026-01-29T011028.084Z.jpg\",\"articleSection\":[\"International\",\"Latest News\"],\"inLanguage\":\"fr-FR\",\"copyrightYear\":\"2026\",\"copyrightHolder\":{\"@id\":\"https:\\\/\\\/bladnanews.com\\\/fr\\\/#organization\"}},{\"@type\":\"WebPage\",\"@id\":\"https:\\\/\\\/bladnanews.com\\\/cole-palmer-backed-as-bruno-fernandes-successor-at-man-utd\\\/\",\"url\":\"https:\\\/\\\/bladnanews.com\\\/cole-palmer-backed-as-bruno-fernandes-successor-at-man-utd\\\/\",\"name\":\"Cole Palmer backed as Bruno Fernandes successor at Man Utd - Bladna News\",\"isPartOf\":{\"@id\":\"https:\\\/\\\/mediumseagreen-eel-531711.hostingersite.com\\\/#website\"},\"primaryImageOfPage\":{\"@id\":\"https:\\\/\\\/bladnanews.com\\\/cole-palmer-backed-as-bruno-fernandes-successor-at-man-utd\\\/#primaryimage\"},\"image\":{\"@id\":\"https:\\\/\\\/bladnanews.com\\\/cole-palmer-backed-as-bruno-fernandes-successor-at-man-utd\\\/#primaryimage\"},\"thumbnailUrl\":\"https:\\\/\\\/bladnanews.com\\\/wp-content\\\/uploads\\\/2026\\\/01\\\/BladnaNews-Cole-Palmer-backed-as-Bruno-Fernandes-successor-at-Man-Utd-2026-01-29T011028.084Z.jpg\",\"datePublished\":\"2026-01-28T14:57:32+00:00\",\"breadcrumb\":{\"@id\":\"https:\\\/\\\/bladnanews.com\\\/cole-palmer-backed-as-bruno-fernandes-successor-at-man-utd\\\/#breadcrumb\"},\"inLanguage\":\"fr-FR\",\"potentialAction\":[{\"@type\":\"ReadAction\",\"target\":[\"https:\\\/\\\/bladnanews.com\\\/cole-palmer-backed-as-bruno-fernandes-successor-at-man-utd\\\/\"]}]},{\"@type\":\"ImageObject\",\"inLanguage\":\"fr-FR\",\"@id\":\"https:\\\/\\\/bladnanews.com\\\/cole-palmer-backed-as-bruno-fernandes-successor-at-man-utd\\\/#primaryimage\",\"url\":\"https:\\\/\\\/bladnanews.com\\\/wp-content\\\/uploads\\\/2026\\\/01\\\/BladnaNews-Cole-Palmer-backed-as-Bruno-Fernandes-successor-at-Man-Utd-2026-01-29T011028.084Z.jpg\",\"contentUrl\":\"https:\\\/\\\/bladnanews.com\\\/wp-content\\\/uploads\\\/2026\\\/01\\\/BladnaNews-Cole-Palmer-backed-as-Bruno-Fernandes-successor-at-Man-Utd-2026-01-29T011028.084Z.jpg\",\"width\":1920,\"height\":1080,\"caption\":\"Bruno Fernandes in Manchester United's red kit and Cole Palmer in Chelsea's blue kit, both applauding fans during a match.\"},{\"@type\":\"BreadcrumbList\",\"@id\":\"https:\\\/\\\/bladnanews.com\\\/cole-palmer-backed-as-bruno-fernandes-successor-at-man-utd\\\/#breadcrumb\",\"itemListElement\":[{\"@type\":\"ListItem\",\"position\":1,\"name\":\"Home\",\"item\":\"https:\\\/\\\/bladnanews.com\\\/\"},{\"@type\":\"ListItem\",\"position\":2,\"name\":\"Cole Palmer backed as Bruno Fernandes successor at Man Utd\"}]},{\"@type\":\"WebSite\",\"@id\":\"https:\\\/\\\/mediumseagreen-eel-531711.hostingersite.com\\\/#website\",\"url\":\"https:\\\/\\\/mediumseagreen-eel-531711.hostingersite.com\\\/\",\"name\":\"Bladna News - Morocco\",\"description\":\"Where Moroccan Football Meets the World\",\"publisher\":{\"@id\":\"https:\\\/\\\/mediumseagreen-eel-531711.hostingersite.com\\\/#organization\"},\"potentialAction\":[{\"@type\":\"SearchAction\",\"target\":{\"@type\":\"EntryPoint\",\"urlTemplate\":\"https:\\\/\\\/mediumseagreen-eel-531711.hostingersite.com\\\/?s={search_term_string}\"},\"query-input\":{\"@type\":\"PropertyValueSpecification\",\"valueRequired\":true,\"valueName\":\"search_term_string\"}}],\"inLanguage\":\"fr-FR\"},{\"@type\":\"Organization\",\"@id\":\"https:\\\/\\\/mediumseagreen-eel-531711.hostingersite.com\\\/#organization\",\"name\":\"Bladna News.com\",\"url\":\"https:\\\/\\\/mediumseagreen-eel-531711.hostingersite.com\\\/\",\"logo\":{\"@type\":\"ImageObject\",\"inLanguage\":\"fr-FR\",\"@id\":\"https:\\\/\\\/mediumseagreen-eel-531711.hostingersite.com\\\/#\\\/schema\\\/logo\\\/image\\\/\",\"url\":\"https:\\\/\\\/bladnanews.com\\\/wp-content\\\/uploads\\\/2025\\\/12\\\/logo-bladnanews-V2-web-black-red.png\",\"contentUrl\":\"https:\\\/\\\/bladnanews.com\\\/wp-content\\\/uploads\\\/2025\\\/12\\\/logo-bladnanews-V2-web-black-red.png\",\"width\":703,\"height\":287,\"caption\":\"Bladna News.com\"},\"image\":{\"@id\":\"https:\\\/\\\/mediumseagreen-eel-531711.hostingersite.com\\\/#\\\/schema\\\/logo\\\/image\\\/\"},\"email\":\"info@bladnanews.com\",\"legalName\":\"Bladna News\"},{\"@type\":\"Person\",\"@id\":\"https:\\\/\\\/mediumseagreen-eel-531711.hostingersite.com\\\/#\\\/schema\\\/person\\\/268e18a453ab080ebf76df6ef7845083\",\"name\":\"Bladna News Staff\",\"url\":\"https:\\\/\\\/bladnanews.com\\\/fr\\\/author\\\/bladna-news-staff\\\/\"}]}<\/script>\n<!-- \/ Yoast SEO Premium plugin. -->","yoast_head_json":{"title":"Cole Palmer soutenu comme successeur de Bruno Fernandes \u00e0 Manchester United - Bladna News","robots":{"index":"index","follow":"follow","max-snippet":"max-snippet:-1","max-image-preview":"max-image-preview:large","max-video-preview":"max-video-preview:-1"},"canonical":"https:\/\/bladnanews.com\/fr\/cole-palmer-soutenu-comme-successeur-de-bruno-fernandes-a-manchester-united\/","og_locale":"fr_FR","og_type":"article","og_title":"Cole Palmer backed as Bruno Fernandes successor at Man Utd","og_description":"Cole Palmer has been tipped as a possible long-term replacement for Bruno Fernandes at Manchester United, with the Chelsea midfielder [&hellip;]","og_url":"https:\/\/bladnanews.com\/fr\/cole-palmer-soutenu-comme-successeur-de-bruno-fernandes-a-manchester-united\/","og_site_name":"Bladna News","article_published_time":"2026-01-28T14:57:32+00:00","og_image":[{"width":1312,"height":736,"url":"https:\/\/bladnanews.com\/wp-content\/uploads\/2025\/12\/freepik__bladna-newscom-moroccan-soccer-homepage-banner-mor__41838.png","type":"image\/png"}],"author":"Bladna News Staff","twitter_card":"summary_large_image","twitter_misc":{"\u00c9crit par":"Bladna News Staff","Dur\u00e9e de lecture estim\u00e9e":"1 minute"},"schema":{"@context":"https:\/\/schema.org","@graph":[{"@type":"Article","@id":"https:\/\/bladnanews.com\/cole-palmer-backed-as-bruno-fernandes-successor-at-man-utd\/#article","isPartOf":{"@id":"https:\/\/bladnanews.com\/cole-palmer-backed-as-bruno-fernandes-successor-at-man-utd\/"},"author":{"name":"Bladna News Staff","@id":"https:\/\/mediumseagreen-eel-531711.hostingersite.com\/#\/schema\/person\/268e18a453ab080ebf76df6ef7845083"},"headline":"Cole Palmer backed as Bruno Fernandes successor at Man Utd","datePublished":"2026-01-28T14:57:32+00:00","mainEntityOfPage":{"@id":"https:\/\/bladnanews.com\/cole-palmer-backed-as-bruno-fernandes-successor-at-man-utd\/"},"wordCount":293,"publisher":{"@id":"https:\/\/mediumseagreen-eel-531711.hostingersite.com\/#organization"},"image":{"@id":"https:\/\/bladnanews.com\/cole-palmer-backed-as-bruno-fernandes-successor-at-man-utd\/#primaryimage"},"thumbnailUrl":"https:\/\/bladnanews.com\/wp-content\/uploads\/2026\/01\/BladnaNews-Cole-Palmer-backed-as-Bruno-Fernandes-successor-at-Man-Utd-2026-01-29T011028.084Z.jpg","articleSection":["International","Latest News"],"inLanguage":"fr-FR","copyrightYear":"2026","copyrightHolder":{"@id":"https:\/\/bladnanews.com\/fr\/#organization"}},{"@type":"WebPage","@id":"https:\/\/bladnanews.com\/cole-palmer-backed-as-bruno-fernandes-successor-at-man-utd\/","url":"https:\/\/bladnanews.com\/cole-palmer-backed-as-bruno-fernandes-successor-at-man-utd\/","name":"Cole Palmer soutenu comme successeur de Bruno Fernandes \u00e0 Manchester United - Bladna News","isPartOf":{"@id":"https:\/\/mediumseagreen-eel-531711.hostingersite.com\/#website"},"primaryImageOfPage":{"@id":"https:\/\/bladnanews.com\/cole-palmer-backed-as-bruno-fernandes-successor-at-man-utd\/#primaryimage"},"image":{"@id":"https:\/\/bladnanews.com\/cole-palmer-backed-as-bruno-fernandes-successor-at-man-utd\/#primaryimage"},"thumbnailUrl":"https:\/\/bladnanews.com\/wp-content\/uploads\/2026\/01\/BladnaNews-Cole-Palmer-backed-as-Bruno-Fernandes-successor-at-Man-Utd-2026-01-29T011028.084Z.jpg","datePublished":"2026-01-28T14:57:32+00:00","breadcrumb":{"@id":"https:\/\/bladnanews.com\/cole-palmer-backed-as-bruno-fernandes-successor-at-man-utd\/#breadcrumb"},"inLanguage":"fr-FR","potentialAction":[{"@type":"ReadAction","target":["https:\/\/bladnanews.com\/cole-palmer-backed-as-bruno-fernandes-successor-at-man-utd\/"]}]},{"@type":"ImageObject","inLanguage":"fr-FR","@id":"https:\/\/bladnanews.com\/cole-palmer-backed-as-bruno-fernandes-successor-at-man-utd\/#primaryimage","url":"https:\/\/bladnanews.com\/wp-content\/uploads\/2026\/01\/BladnaNews-Cole-Palmer-backed-as-Bruno-Fernandes-successor-at-Man-Utd-2026-01-29T011028.084Z.jpg","contentUrl":"https:\/\/bladnanews.com\/wp-content\/uploads\/2026\/01\/BladnaNews-Cole-Palmer-backed-as-Bruno-Fernandes-successor-at-Man-Utd-2026-01-29T011028.084Z.jpg","width":1920,"height":1080,"caption":"Bruno Fernandes in Manchester United's red kit and Cole Palmer in Chelsea's blue kit, both applauding fans during a match."},{"@type":"BreadcrumbList","@id":"https:\/\/bladnanews.com\/cole-palmer-backed-as-bruno-fernandes-successor-at-man-utd\/#breadcrumb","itemListElement":[{"@type":"ListItem","position":1,"name":"Home","item":"https:\/\/bladnanews.com\/"},{"@type":"ListItem","position":2,"name":"Cole Palmer backed as Bruno Fernandes successor at Man Utd"}]},{"@type":"WebSite","@id":"https:\/\/mediumseagreen-eel-531711.hostingersite.com\/#website","url":"https:\/\/mediumseagreen-eel-531711.hostingersite.com\/","name":"Bladna News - Maroc","description":"Quand le football marocain rencontre le monde","publisher":{"@id":"https:\/\/mediumseagreen-eel-531711.hostingersite.com\/#organization"},"potentialAction":[{"@type":"SearchAction","target":{"@type":"EntryPoint","urlTemplate":"https:\/\/mediumseagreen-eel-531711.hostingersite.com\/?s={search_term_string}"},"query-input":{"@type":"PropertyValueSpecification","valueRequired":true,"valueName":"search_term_string"}}],"inLanguage":"fr-FR"},{"@type":"Organization","@id":"https:\/\/mediumseagreen-eel-531711.hostingersite.com\/#organization","name":"Bladna News.com","url":"https:\/\/mediumseagreen-eel-531711.hostingersite.com\/","logo":{"@type":"ImageObject","inLanguage":"fr-FR","@id":"https:\/\/mediumseagreen-eel-531711.hostingersite.com\/#\/schema\/logo\/image\/","url":"https:\/\/bladnanews.com\/wp-content\/uploads\/2025\/12\/logo-bladnanews-V2-web-black-red.png","contentUrl":"https:\/\/bladnanews.com\/wp-content\/uploads\/2025\/12\/logo-bladnanews-V2-web-black-red.png","width":703,"height":287,"caption":"Bladna News.com"},"image":{"@id":"https:\/\/mediumseagreen-eel-531711.hostingersite.com\/#\/schema\/logo\/image\/"},"email":"info@bladnanews.com","legalName":"Bladna News"},{"@type":"Person","@id":"https:\/\/mediumseagreen-eel-531711.hostingersite.com\/#\/schema\/person\/268e18a453ab080ebf76df6ef7845083","name":"\u00c9quipe r\u00e9dactionnelle de Bladna News","url":"https:\/\/bladnanews.com\/fr\/author\/bladna-news-staff\/"}]}},"_links":{"self":[{"href":"https:\/\/bladnanews.com\/fr\/wp-json\/wp\/v2\/posts\/8053","targetHints":{"allow":["GET"]}}],"collection":[{"href":"https:\/\/bladnanews.com\/fr\/wp-json\/wp\/v2\/posts"}],"about":[{"href":"https:\/\/bladnanews.com\/fr\/wp-json\/wp\/v2\/types\/post"}],"author":[{"embeddable":true,"href":"https:\/\/bladnanews.com\/fr\/wp-json\/wp\/v2\/users\/3"}],"replies":[{"embeddable":true,"href":"https:\/\/bladnanews.com\/fr\/wp-json\/wp\/v2\/comments?post=8053"}],"version-history":[{"count":0,"href":"https:\/\/bladnanews.com\/fr\/wp-json\/wp\/v2\/posts\/8053\/revisions"}],"wp:featuredmedia":[{"embeddable":true,"href":"https:\/\/bladnanews.com\/fr\/wp-json\/wp\/v2\/media\/8052"}],"wp:attachment":[{"href":"https:\/\/bladnanews.com\/fr\/wp-json\/wp\/v2\/media?parent=8053"}],"wp:term":[{"taxonomy":"category","embeddable":true,"href":"https:\/\/bladnanews.com\/fr\/wp-json\/wp\/v2\/categories?post=8053"},{"taxonomy":"post_tag","embeddable":true,"href":"https:\/\/bladnanews.com\/fr\/wp-json\/wp\/v2\/tags?post=8053"}],"curies":[{"name":"wp","href":"https:\/\/api.w.org\/{rel}","templated":true}]}}