{"id":8117,"date":"2026-01-29T09:48:31","date_gmt":"2026-01-29T09:48:31","guid":{"rendered":"https:\/\/bladnanews.com\/pep-guardiola-to-thank-jose-mourinho-as-man-city-benefit\/"},"modified":"2026-01-29T09:48:31","modified_gmt":"2026-01-29T09:48:31","slug":"pep-guardiola-remercie-jose-mourinho-alors-que-manchester-city-en-profite","status":"publish","type":"post","link":"https:\/\/bladnanews.com\/fr\/pep-guardiola-remercie-jose-mourinho-alors-que-manchester-city-en-profite\/","title":{"rendered":"Pep Guardiola s'appr\u00eate \u00e0 remercier Jos\u00e9 Mourinho, Manchester City en b\u00e9n\u00e9ficiant"},"content":{"rendered":"<p>Pep Guardiola enverra un message de remerciement \u00e0 Jose Mourinho apr\u00e8s que Manchester City ait b\u00e9n\u00e9fici\u00e9 d'une d\u00e9cision prise par l'ancien entra\u00eeneur du Real Madrid lors de son passage au Benfica.<\/p>\n<p>City a pris des mesures pour renforcer son effectif et a d\u00e9sormais trouv\u00e9 un accord avec le Benfica pour Matheus Nunes. L'international portugais s'appr\u00eate \u00e0 rejoindre les champions de Premier League apr\u00e8s que les clubs se sont entendus sur un transfert de 62 millions d'euros.<\/p>\n<p>Cette op\u00e9ration a \u00e9t\u00e9 facilit\u00e9e par une politique unique au Benfica, qui remonte au passage de Mourinho \u00e0 la t\u00eate du club lisbo\u00e8te en 2000. Il a \u00e9t\u00e9 r\u00e9v\u00e9l\u00e9 que Mourinho avait introduit une \u201c strat\u00e9gie \u201d garantissant que le Benfica inclue une clause de revente dans les ventes de ses joueurs, lui permettant de b\u00e9n\u00e9ficier \u00e0 nouveau si le joueur \u00e9tait transf\u00e9r\u00e9 ult\u00e9rieurement.<\/p>\n<p>Le Benfica avait recrut\u00e9 Nunes au Sporting CP en 2019, et lorsqu'il a accept\u00e9 de le vendre aux Wolverhampton Wanderers en 2022, le transfert incluait une clause de revente de 10 %. Cette clause signifie que le Sporting, l'ancien club de Nunes, a d\u00e9sormais droit \u00e0 une partie du versement effectu\u00e9 par City.<\/p>\n<p>Par cons\u00e9quent, le montant global convenu entre City et le Benfica a \u00e9t\u00e9 r\u00e9duit par rapport au prix initialement demand\u00e9, \u00e9tant entendu qu'une partie de la somme reviendra au Sporting en raison de cette clause. Il s'agit d'un m\u00e9canisme qui a profit\u00e9 au Benfica pendant des ann\u00e9es \u2013 mais dans ce cas pr\u00e9cis, il a aid\u00e9 City \u00e0 obtenir son joueur.<\/p>\n<p>On s'attend \u00e0 ce que Guardiola accueille Nunes alors que City cherche \u00e0 pallier les blessures importantes et \u00e0 \u00e9toffer son effectif avant une nouvelle saison exigeante. Et l'approche de long terme du Benfica ayant influ\u00e9 sur les montants finaux, l'entra\u00eeneur de City a un vieux rival \u00e0 remercier.<\/p>","protected":false},"excerpt":{"rendered":"<p>Pep Guardiola will be sending a thank you message to Jose Mourinho after Manchester City benefited from a decision taken [&hellip;]<\/p>\n","protected":false},"author":3,"featured_media":8116,"comment_status":"","ping_status":"open","sticky":false,"template":"","format":"standard","meta":{"googlesitekit_rrm_CAow_uzEDA:productID":"","site-sidebar-layout":"default","site-content-layout":"","ast-site-content-layout":"default","site-content-style":"default","site-sidebar-style":"default","ast-global-header-display":"","ast-banner-title-visibility":"","ast-main-header-display":"","ast-hfb-above-header-display":"","ast-hfb-below-header-display":"","ast-hfb-mobile-header-display":"","site-post-title":"","ast-breadcrumbs-content":"","ast-featured-img":"","footer-sml-layout":"","ast-disable-related-posts":"","theme-transparent-header-meta":"","adv-header-id-meta":"","stick-header-meta":"","header-above-stick-meta":"","header-main-stick-meta":"","header-below-stick-meta":"","astra-migrate-meta-layouts":"default","ast-page-background-enabled":"default","ast-page-background-meta":{"desktop":{"background-color":"var(--ast-global-color-5)","background-image":"","background-repeat":"repeat","background-position":"center center","background-size":"auto","background-attachment":"scroll","background-type":"","background-media":"","overlay-type":"","overlay-color":"","overlay-opacity":"","overlay-gradient":""},"tablet":{"background-color":"","background-image":"","background-repeat":"repeat","background-position":"center center","background-size":"auto","background-attachment":"scroll","background-type":"","background-media":"","overlay-type":"","overlay-color":"","overlay-opacity":"","overlay-gradient":""},"mobile":{"background-color":"","background-image":"","background-repeat":"repeat","background-position":"center center","background-size":"auto","background-attachment":"scroll","background-type":"","background-media":"","overlay-type":"","overlay-color":"","overlay-opacity":"","overlay-gradient":""}},"ast-content-background-meta":{"desktop":{"background-color":"var(--ast-global-color-4)","background-image":"","background-repeat":"repeat","background-position":"center center","background-size":"auto","background-attachment":"scroll","background-type":"","background-media":"","overlay-type":"","overlay-color":"","overlay-opacity":"","overlay-gradient":""},"tablet":{"background-color":"var(--ast-global-color-4)","background-image":"","background-repeat":"repeat","background-position":"center center","background-size":"auto","background-attachment":"scroll","background-type":"","background-media":"","overlay-type":"","overlay-color":"","overlay-opacity":"","overlay-gradient":""},"mobile":{"background-color":"var(--ast-global-color-4)","background-image":"","background-repeat":"repeat","background-position":"center center","background-size":"auto","background-attachment":"scroll","background-type":"","background-media":"","overlay-type":"","overlay-color":"","overlay-opacity":"","overlay-gradient":""}},"footnotes":""},"categories":[20,1],"tags":[],"class_list":["post-8117","post","type-post","status-publish","format-standard","has-post-thumbnail","hentry","category-international","category-football-latest-news"],"yoast_head":"<!-- This site is optimized with the Yoast SEO Premium plugin v26.6 (Yoast SEO v27.4) - https:\/\/yoast.com\/product\/yoast-seo-premium-wordpress\/ -->\n<title>Pep Guardiola to thank Jose Mourinho as Man City benefit - Bladna News<\/title>\n<meta name=\"robots\" content=\"index, follow, max-snippet:-1, max-image-preview:large, max-video-preview:-1\" \/>\n<link rel=\"canonical\" href=\"https:\/\/bladnanews.com\/fr\/pep-guardiola-remercie-jose-mourinho-alors-que-manchester-city-en-profite\/\" \/>\n<meta property=\"og:locale\" content=\"fr_FR\" \/>\n<meta property=\"og:type\" content=\"article\" \/>\n<meta property=\"og:title\" content=\"Pep Guardiola to thank Jose Mourinho as Man City benefit\" \/>\n<meta property=\"og:description\" content=\"Pep Guardiola will be sending a thank you message to Jose Mourinho after Manchester City benefited from a decision taken [&hellip;]\" \/>\n<meta property=\"og:url\" content=\"https:\/\/bladnanews.com\/fr\/pep-guardiola-remercie-jose-mourinho-alors-que-manchester-city-en-profite\/\" \/>\n<meta property=\"og:site_name\" content=\"Bladna News\" \/>\n<meta property=\"article:published_time\" content=\"2026-01-29T09:48:31+00:00\" \/>\n<meta property=\"og:image\" content=\"https:\/\/bladnanews.com\/wp-content\/uploads\/2025\/12\/freepik__bladna-newscom-moroccan-soccer-homepage-banner-mor__41838.png\" \/>\n\t<meta property=\"og:image:width\" content=\"1312\" \/>\n\t<meta property=\"og:image:height\" content=\"736\" \/>\n\t<meta property=\"og:image:type\" content=\"image\/png\" \/>\n<meta name=\"author\" content=\"Bladna News Staff\" \/>\n<meta name=\"twitter:card\" content=\"summary_large_image\" \/>\n<meta name=\"twitter:label1\" content=\"\u00c9crit par\" \/>\n\t<meta name=\"twitter:data1\" content=\"Bladna News Staff\" \/>\n\t<meta name=\"twitter:label2\" content=\"Dur\u00e9e de lecture estim\u00e9e\" \/>\n\t<meta name=\"twitter:data2\" content=\"1 minute\" \/>\n<script type=\"application\/ld+json\" class=\"yoast-schema-graph\">{\"@context\":\"https:\\\/\\\/schema.org\",\"@graph\":[{\"@type\":\"Article\",\"@id\":\"https:\\\/\\\/bladnanews.com\\\/pep-guardiola-to-thank-jose-mourinho-as-man-city-benefit\\\/#article\",\"isPartOf\":{\"@id\":\"https:\\\/\\\/bladnanews.com\\\/pep-guardiola-to-thank-jose-mourinho-as-man-city-benefit\\\/\"},\"author\":{\"name\":\"Bladna News Staff\",\"@id\":\"https:\\\/\\\/mediumseagreen-eel-531711.hostingersite.com\\\/#\\\/schema\\\/person\\\/268e18a453ab080ebf76df6ef7845083\"},\"headline\":\"Pep Guardiola to thank Jose Mourinho as Man City benefit\",\"datePublished\":\"2026-01-29T09:48:31+00:00\",\"mainEntityOfPage\":{\"@id\":\"https:\\\/\\\/bladnanews.com\\\/pep-guardiola-to-thank-jose-mourinho-as-man-city-benefit\\\/\"},\"wordCount\":285,\"publisher\":{\"@id\":\"https:\\\/\\\/mediumseagreen-eel-531711.hostingersite.com\\\/#organization\"},\"image\":{\"@id\":\"https:\\\/\\\/bladnanews.com\\\/pep-guardiola-to-thank-jose-mourinho-as-man-city-benefit\\\/#primaryimage\"},\"thumbnailUrl\":\"https:\\\/\\\/bladnanews.com\\\/wp-content\\\/uploads\\\/2026\\\/01\\\/BladnaNews-Pep-Guardiola-to-thank-Jose-Mourinho-as-Man-City-benefit-2026-01-29T170936.229Z.jpg\",\"articleSection\":[\"International\",\"Latest News\"],\"inLanguage\":\"fr-FR\",\"copyrightYear\":\"2026\",\"copyrightHolder\":{\"@id\":\"https:\\\/\\\/bladnanews.com\\\/fr\\\/#organization\"}},{\"@type\":\"WebPage\",\"@id\":\"https:\\\/\\\/bladnanews.com\\\/pep-guardiola-to-thank-jose-mourinho-as-man-city-benefit\\\/\",\"url\":\"https:\\\/\\\/bladnanews.com\\\/pep-guardiola-to-thank-jose-mourinho-as-man-city-benefit\\\/\",\"name\":\"Pep Guardiola to thank Jose Mourinho as Man City benefit - Bladna News\",\"isPartOf\":{\"@id\":\"https:\\\/\\\/mediumseagreen-eel-531711.hostingersite.com\\\/#website\"},\"primaryImageOfPage\":{\"@id\":\"https:\\\/\\\/bladnanews.com\\\/pep-guardiola-to-thank-jose-mourinho-as-man-city-benefit\\\/#primaryimage\"},\"image\":{\"@id\":\"https:\\\/\\\/bladnanews.com\\\/pep-guardiola-to-thank-jose-mourinho-as-man-city-benefit\\\/#primaryimage\"},\"thumbnailUrl\":\"https:\\\/\\\/bladnanews.com\\\/wp-content\\\/uploads\\\/2026\\\/01\\\/BladnaNews-Pep-Guardiola-to-thank-Jose-Mourinho-as-Man-City-benefit-2026-01-29T170936.229Z.jpg\",\"datePublished\":\"2026-01-29T09:48:31+00:00\",\"breadcrumb\":{\"@id\":\"https:\\\/\\\/bladnanews.com\\\/pep-guardiola-to-thank-jose-mourinho-as-man-city-benefit\\\/#breadcrumb\"},\"inLanguage\":\"fr-FR\",\"potentialAction\":[{\"@type\":\"ReadAction\",\"target\":[\"https:\\\/\\\/bladnanews.com\\\/pep-guardiola-to-thank-jose-mourinho-as-man-city-benefit\\\/\"]}]},{\"@type\":\"ImageObject\",\"inLanguage\":\"fr-FR\",\"@id\":\"https:\\\/\\\/bladnanews.com\\\/pep-guardiola-to-thank-jose-mourinho-as-man-city-benefit\\\/#primaryimage\",\"url\":\"https:\\\/\\\/bladnanews.com\\\/wp-content\\\/uploads\\\/2026\\\/01\\\/BladnaNews-Pep-Guardiola-to-thank-Jose-Mourinho-as-Man-City-benefit-2026-01-29T170936.229Z.jpg\",\"contentUrl\":\"https:\\\/\\\/bladnanews.com\\\/wp-content\\\/uploads\\\/2026\\\/01\\\/BladnaNews-Pep-Guardiola-to-thank-Jose-Mourinho-as-Man-City-benefit-2026-01-29T170936.229Z.jpg\",\"width\":1920,\"height\":1080,\"caption\":\"Pep Guardiola, in a black jacket, applauds on the left, while Jos\u00e9 Mourinho, smiling in a black and white coat, stands on the right.\"},{\"@type\":\"BreadcrumbList\",\"@id\":\"https:\\\/\\\/bladnanews.com\\\/pep-guardiola-to-thank-jose-mourinho-as-man-city-benefit\\\/#breadcrumb\",\"itemListElement\":[{\"@type\":\"ListItem\",\"position\":1,\"name\":\"Home\",\"item\":\"https:\\\/\\\/bladnanews.com\\\/\"},{\"@type\":\"ListItem\",\"position\":2,\"name\":\"Pep Guardiola to thank Jose Mourinho as Man City benefit\"}]},{\"@type\":\"WebSite\",\"@id\":\"https:\\\/\\\/mediumseagreen-eel-531711.hostingersite.com\\\/#website\",\"url\":\"https:\\\/\\\/mediumseagreen-eel-531711.hostingersite.com\\\/\",\"name\":\"Bladna News - Morocco\",\"description\":\"Where Moroccan Football Meets the World\",\"publisher\":{\"@id\":\"https:\\\/\\\/mediumseagreen-eel-531711.hostingersite.com\\\/#organization\"},\"potentialAction\":[{\"@type\":\"SearchAction\",\"target\":{\"@type\":\"EntryPoint\",\"urlTemplate\":\"https:\\\/\\\/mediumseagreen-eel-531711.hostingersite.com\\\/?s={search_term_string}\"},\"query-input\":{\"@type\":\"PropertyValueSpecification\",\"valueRequired\":true,\"valueName\":\"search_term_string\"}}],\"inLanguage\":\"fr-FR\"},{\"@type\":\"Organization\",\"@id\":\"https:\\\/\\\/mediumseagreen-eel-531711.hostingersite.com\\\/#organization\",\"name\":\"Bladna News.com\",\"url\":\"https:\\\/\\\/mediumseagreen-eel-531711.hostingersite.com\\\/\",\"logo\":{\"@type\":\"ImageObject\",\"inLanguage\":\"fr-FR\",\"@id\":\"https:\\\/\\\/mediumseagreen-eel-531711.hostingersite.com\\\/#\\\/schema\\\/logo\\\/image\\\/\",\"url\":\"https:\\\/\\\/bladnanews.com\\\/wp-content\\\/uploads\\\/2025\\\/12\\\/logo-bladnanews-V2-web-black-red.png\",\"contentUrl\":\"https:\\\/\\\/bladnanews.com\\\/wp-content\\\/uploads\\\/2025\\\/12\\\/logo-bladnanews-V2-web-black-red.png\",\"width\":703,\"height\":287,\"caption\":\"Bladna News.com\"},\"image\":{\"@id\":\"https:\\\/\\\/mediumseagreen-eel-531711.hostingersite.com\\\/#\\\/schema\\\/logo\\\/image\\\/\"},\"email\":\"info@bladnanews.com\",\"legalName\":\"Bladna News\"},{\"@type\":\"Person\",\"@id\":\"https:\\\/\\\/mediumseagreen-eel-531711.hostingersite.com\\\/#\\\/schema\\\/person\\\/268e18a453ab080ebf76df6ef7845083\",\"name\":\"Bladna News Staff\",\"url\":\"https:\\\/\\\/bladnanews.com\\\/fr\\\/author\\\/bladna-news-staff\\\/\"}]}<\/script>\n<!-- \/ Yoast SEO Premium plugin. -->","yoast_head_json":{"title":"Pep Guardiola remercie Jose Mourinho alors que Manchester City en profite - Bladna News","robots":{"index":"index","follow":"follow","max-snippet":"max-snippet:-1","max-image-preview":"max-image-preview:large","max-video-preview":"max-video-preview:-1"},"canonical":"https:\/\/bladnanews.com\/fr\/pep-guardiola-remercie-jose-mourinho-alors-que-manchester-city-en-profite\/","og_locale":"fr_FR","og_type":"article","og_title":"Pep Guardiola to thank Jose Mourinho as Man City benefit","og_description":"Pep Guardiola will be sending a thank you message to Jose Mourinho after Manchester City benefited from a decision taken [&hellip;]","og_url":"https:\/\/bladnanews.com\/fr\/pep-guardiola-remercie-jose-mourinho-alors-que-manchester-city-en-profite\/","og_site_name":"Bladna News","article_published_time":"2026-01-29T09:48:31+00:00","og_image":[{"width":1312,"height":736,"url":"https:\/\/bladnanews.com\/wp-content\/uploads\/2025\/12\/freepik__bladna-newscom-moroccan-soccer-homepage-banner-mor__41838.png","type":"image\/png"}],"author":"Bladna News Staff","twitter_card":"summary_large_image","twitter_misc":{"\u00c9crit par":"Bladna News Staff","Dur\u00e9e de lecture estim\u00e9e":"1 minute"},"schema":{"@context":"https:\/\/schema.org","@graph":[{"@type":"Article","@id":"https:\/\/bladnanews.com\/pep-guardiola-to-thank-jose-mourinho-as-man-city-benefit\/#article","isPartOf":{"@id":"https:\/\/bladnanews.com\/pep-guardiola-to-thank-jose-mourinho-as-man-city-benefit\/"},"author":{"name":"Bladna News Staff","@id":"https:\/\/mediumseagreen-eel-531711.hostingersite.com\/#\/schema\/person\/268e18a453ab080ebf76df6ef7845083"},"headline":"Pep Guardiola to thank Jose Mourinho as Man City benefit","datePublished":"2026-01-29T09:48:31+00:00","mainEntityOfPage":{"@id":"https:\/\/bladnanews.com\/pep-guardiola-to-thank-jose-mourinho-as-man-city-benefit\/"},"wordCount":285,"publisher":{"@id":"https:\/\/mediumseagreen-eel-531711.hostingersite.com\/#organization"},"image":{"@id":"https:\/\/bladnanews.com\/pep-guardiola-to-thank-jose-mourinho-as-man-city-benefit\/#primaryimage"},"thumbnailUrl":"https:\/\/bladnanews.com\/wp-content\/uploads\/2026\/01\/BladnaNews-Pep-Guardiola-to-thank-Jose-Mourinho-as-Man-City-benefit-2026-01-29T170936.229Z.jpg","articleSection":["International","Latest News"],"inLanguage":"fr-FR","copyrightYear":"2026","copyrightHolder":{"@id":"https:\/\/bladnanews.com\/fr\/#organization"}},{"@type":"WebPage","@id":"https:\/\/bladnanews.com\/pep-guardiola-to-thank-jose-mourinho-as-man-city-benefit\/","url":"https:\/\/bladnanews.com\/pep-guardiola-to-thank-jose-mourinho-as-man-city-benefit\/","name":"Pep Guardiola remercie Jose Mourinho alors que Manchester City en profite - Bladna News","isPartOf":{"@id":"https:\/\/mediumseagreen-eel-531711.hostingersite.com\/#website"},"primaryImageOfPage":{"@id":"https:\/\/bladnanews.com\/pep-guardiola-to-thank-jose-mourinho-as-man-city-benefit\/#primaryimage"},"image":{"@id":"https:\/\/bladnanews.com\/pep-guardiola-to-thank-jose-mourinho-as-man-city-benefit\/#primaryimage"},"thumbnailUrl":"https:\/\/bladnanews.com\/wp-content\/uploads\/2026\/01\/BladnaNews-Pep-Guardiola-to-thank-Jose-Mourinho-as-Man-City-benefit-2026-01-29T170936.229Z.jpg","datePublished":"2026-01-29T09:48:31+00:00","breadcrumb":{"@id":"https:\/\/bladnanews.com\/pep-guardiola-to-thank-jose-mourinho-as-man-city-benefit\/#breadcrumb"},"inLanguage":"fr-FR","potentialAction":[{"@type":"ReadAction","target":["https:\/\/bladnanews.com\/pep-guardiola-to-thank-jose-mourinho-as-man-city-benefit\/"]}]},{"@type":"ImageObject","inLanguage":"fr-FR","@id":"https:\/\/bladnanews.com\/pep-guardiola-to-thank-jose-mourinho-as-man-city-benefit\/#primaryimage","url":"https:\/\/bladnanews.com\/wp-content\/uploads\/2026\/01\/BladnaNews-Pep-Guardiola-to-thank-Jose-Mourinho-as-Man-City-benefit-2026-01-29T170936.229Z.jpg","contentUrl":"https:\/\/bladnanews.com\/wp-content\/uploads\/2026\/01\/BladnaNews-Pep-Guardiola-to-thank-Jose-Mourinho-as-Man-City-benefit-2026-01-29T170936.229Z.jpg","width":1920,"height":1080,"caption":"Pep Guardiola, in a black jacket, applauds on the left, while Jos\u00e9 Mourinho, smiling in a black and white coat, stands on the right."},{"@type":"BreadcrumbList","@id":"https:\/\/bladnanews.com\/pep-guardiola-to-thank-jose-mourinho-as-man-city-benefit\/#breadcrumb","itemListElement":[{"@type":"ListItem","position":1,"name":"Home","item":"https:\/\/bladnanews.com\/"},{"@type":"ListItem","position":2,"name":"Pep Guardiola to thank Jose Mourinho as Man City benefit"}]},{"@type":"WebSite","@id":"https:\/\/mediumseagreen-eel-531711.hostingersite.com\/#website","url":"https:\/\/mediumseagreen-eel-531711.hostingersite.com\/","name":"Bladna News - Maroc","description":"Quand le football marocain rencontre le monde","publisher":{"@id":"https:\/\/mediumseagreen-eel-531711.hostingersite.com\/#organization"},"potentialAction":[{"@type":"SearchAction","target":{"@type":"EntryPoint","urlTemplate":"https:\/\/mediumseagreen-eel-531711.hostingersite.com\/?s={search_term_string}"},"query-input":{"@type":"PropertyValueSpecification","valueRequired":true,"valueName":"search_term_string"}}],"inLanguage":"fr-FR"},{"@type":"Organization","@id":"https:\/\/mediumseagreen-eel-531711.hostingersite.com\/#organization","name":"Bladna News.com","url":"https:\/\/mediumseagreen-eel-531711.hostingersite.com\/","logo":{"@type":"ImageObject","inLanguage":"fr-FR","@id":"https:\/\/mediumseagreen-eel-531711.hostingersite.com\/#\/schema\/logo\/image\/","url":"https:\/\/bladnanews.com\/wp-content\/uploads\/2025\/12\/logo-bladnanews-V2-web-black-red.png","contentUrl":"https:\/\/bladnanews.com\/wp-content\/uploads\/2025\/12\/logo-bladnanews-V2-web-black-red.png","width":703,"height":287,"caption":"Bladna News.com"},"image":{"@id":"https:\/\/mediumseagreen-eel-531711.hostingersite.com\/#\/schema\/logo\/image\/"},"email":"info@bladnanews.com","legalName":"Bladna News"},{"@type":"Person","@id":"https:\/\/mediumseagreen-eel-531711.hostingersite.com\/#\/schema\/person\/268e18a453ab080ebf76df6ef7845083","name":"\u00c9quipe r\u00e9dactionnelle de Bladna News","url":"https:\/\/bladnanews.com\/fr\/author\/bladna-news-staff\/"}]}},"_links":{"self":[{"href":"https:\/\/bladnanews.com\/fr\/wp-json\/wp\/v2\/posts\/8117","targetHints":{"allow":["GET"]}}],"collection":[{"href":"https:\/\/bladnanews.com\/fr\/wp-json\/wp\/v2\/posts"}],"about":[{"href":"https:\/\/bladnanews.com\/fr\/wp-json\/wp\/v2\/types\/post"}],"author":[{"embeddable":true,"href":"https:\/\/bladnanews.com\/fr\/wp-json\/wp\/v2\/users\/3"}],"replies":[{"embeddable":true,"href":"https:\/\/bladnanews.com\/fr\/wp-json\/wp\/v2\/comments?post=8117"}],"version-history":[{"count":0,"href":"https:\/\/bladnanews.com\/fr\/wp-json\/wp\/v2\/posts\/8117\/revisions"}],"wp:featuredmedia":[{"embeddable":true,"href":"https:\/\/bladnanews.com\/fr\/wp-json\/wp\/v2\/media\/8116"}],"wp:attachment":[{"href":"https:\/\/bladnanews.com\/fr\/wp-json\/wp\/v2\/media?parent=8117"}],"wp:term":[{"taxonomy":"category","embeddable":true,"href":"https:\/\/bladnanews.com\/fr\/wp-json\/wp\/v2\/categories?post=8117"},{"taxonomy":"post_tag","embeddable":true,"href":"https:\/\/bladnanews.com\/fr\/wp-json\/wp\/v2\/tags?post=8117"}],"curies":[{"name":"wp","href":"https:\/\/api.w.org\/{rel}","templated":true}]}}