{"id":8123,"date":"2026-01-29T10:48:36","date_gmt":"2026-01-29T10:48:36","guid":{"rendered":"https:\/\/bladnanews.com\/mbappe-told-arsenal-would-be-perfect-fit-if-he-leaves-madrid\/"},"modified":"2026-01-29T10:48:36","modified_gmt":"2026-01-29T10:48:36","slug":"mbappe-a-ete-informe-quarsenal-serait-un-choix-parfait-sil-quittait-madrid","status":"publish","type":"post","link":"https:\/\/bladnanews.com\/fr\/mbappe-a-ete-informe-quarsenal-serait-un-choix-parfait-sil-quittait-madrid\/","title":{"rendered":"Mbapp\u00e9 affirme qu'Arsenal serait un choix id\u00e9al s'il quitte Madrid"},"content":{"rendered":"<p>Il a \u00e9t\u00e9 dit \u00e0 Kylian Mbapp\u00e9 qu'Arsenal serait l'option \u201c parfaite \u201d pour lui s'il d\u00e9cidait un jour de quitter le Real Madrid.<\/p>\n<p>L'ancien lat\u00e9ral droit d'Arsenal et de l'\u00e9quipe de France, Bacary Sagna, estime que les Gunners ont le style et les joueurs pour tirer le meilleur du champion du monde, et il a \u00e9voqu\u00e9 un \u00e9ventuel partenariat avec Bukayo Saka et Eberechi Eze comme une perspective susceptible d'enthousiasmer les supporters.<\/p>\n<p>Sagna a fait l'\u00e9loge de la direction actuelle d'Arsenal sous Mikel Arteta et a sugg\u00e9r\u00e9 que Mbapp\u00e9 correspondrait \u00e0 l'approche de l'\u00e9quipe, le club constituant un groupe jeune, rapide et offensif capable de rivaliser au plus haut niveau.<\/p>\n<p>Mbapp\u00e9, qui a d\u00e9j\u00e0 rejoint Madrid, continue d'\u00eatre associ\u00e9 aux plus grands clubs du monde, mais le message de Sagna \u00e9tait clair : si l'attaquant cherche un jour un nouveau d\u00e9fi, Arsenal devrait \u00eatre consid\u00e9r\u00e9 comme une destination naturelle.<\/p>\n<p>L'ancien Gunner a \u00e9galement soulign\u00e9 le type de partenariats offensifs qu'Arsenal pourrait cr\u00e9er, qualifiant l'id\u00e9e d'une association entre Mbapp\u00e9, Saka et Eze de sc\u00e9nario \u201c de r\u00eave \u201d qui rendrait Arsenal encore plus dangereux dans le dernier tiers du terrain.<\/p>\n<p>Pour l'instant, Mbapp\u00e9 reste un joueur du Real Madrid, mais les commentaires de Sagna soulignent la conviction que le projet d'Arsenal a atteint un niveau o\u00f9 il peut \u00eatre consid\u00e9r\u00e9 comme un cadre r\u00e9aliste pour les plus grands talents du football mondial.<\/p>","protected":false},"excerpt":{"rendered":"<p>Kylian Mbappe has been told that Arsenal would be the \u201cperfect fit\u201d for him if he ever decides to leave [&hellip;]<\/p>\n","protected":false},"author":3,"featured_media":8122,"comment_status":"","ping_status":"open","sticky":false,"template":"","format":"standard","meta":{"googlesitekit_rrm_CAow_uzEDA:productID":"","site-sidebar-layout":"default","site-content-layout":"","ast-site-content-layout":"default","site-content-style":"default","site-sidebar-style":"default","ast-global-header-display":"","ast-banner-title-visibility":"","ast-main-header-display":"","ast-hfb-above-header-display":"","ast-hfb-below-header-display":"","ast-hfb-mobile-header-display":"","site-post-title":"","ast-breadcrumbs-content":"","ast-featured-img":"","footer-sml-layout":"","ast-disable-related-posts":"","theme-transparent-header-meta":"","adv-header-id-meta":"","stick-header-meta":"","header-above-stick-meta":"","header-main-stick-meta":"","header-below-stick-meta":"","astra-migrate-meta-layouts":"default","ast-page-background-enabled":"default","ast-page-background-meta":{"desktop":{"background-color":"var(--ast-global-color-5)","background-image":"","background-repeat":"repeat","background-position":"center center","background-size":"auto","background-attachment":"scroll","background-type":"","background-media":"","overlay-type":"","overlay-color":"","overlay-opacity":"","overlay-gradient":""},"tablet":{"background-color":"","background-image":"","background-repeat":"repeat","background-position":"center center","background-size":"auto","background-attachment":"scroll","background-type":"","background-media":"","overlay-type":"","overlay-color":"","overlay-opacity":"","overlay-gradient":""},"mobile":{"background-color":"","background-image":"","background-repeat":"repeat","background-position":"center center","background-size":"auto","background-attachment":"scroll","background-type":"","background-media":"","overlay-type":"","overlay-color":"","overlay-opacity":"","overlay-gradient":""}},"ast-content-background-meta":{"desktop":{"background-color":"var(--ast-global-color-4)","background-image":"","background-repeat":"repeat","background-position":"center center","background-size":"auto","background-attachment":"scroll","background-type":"","background-media":"","overlay-type":"","overlay-color":"","overlay-opacity":"","overlay-gradient":""},"tablet":{"background-color":"var(--ast-global-color-4)","background-image":"","background-repeat":"repeat","background-position":"center center","background-size":"auto","background-attachment":"scroll","background-type":"","background-media":"","overlay-type":"","overlay-color":"","overlay-opacity":"","overlay-gradient":""},"mobile":{"background-color":"var(--ast-global-color-4)","background-image":"","background-repeat":"repeat","background-position":"center center","background-size":"auto","background-attachment":"scroll","background-type":"","background-media":"","overlay-type":"","overlay-color":"","overlay-opacity":"","overlay-gradient":""}},"footnotes":""},"categories":[20,1],"tags":[],"class_list":["post-8123","post","type-post","status-publish","format-standard","has-post-thumbnail","hentry","category-international","category-football-latest-news"],"yoast_head":"<!-- This site is optimized with the Yoast SEO Premium plugin v26.6 (Yoast SEO v27.4) - https:\/\/yoast.com\/product\/yoast-seo-premium-wordpress\/ -->\n<title>Mbappe told Arsenal would be perfect fit if he leaves Madrid - Bladna News<\/title>\n<meta name=\"robots\" content=\"index, follow, max-snippet:-1, max-image-preview:large, max-video-preview:-1\" \/>\n<link rel=\"canonical\" href=\"https:\/\/bladnanews.com\/fr\/mbappe-a-ete-informe-quarsenal-serait-un-choix-parfait-sil-quittait-madrid\/\" \/>\n<meta property=\"og:locale\" content=\"fr_FR\" \/>\n<meta property=\"og:type\" content=\"article\" \/>\n<meta property=\"og:title\" content=\"Mbappe told Arsenal would be perfect fit if he leaves Madrid\" \/>\n<meta property=\"og:description\" content=\"Kylian Mbappe has been told that Arsenal would be the \u201cperfect fit\u201d for him if he ever decides to leave [&hellip;]\" \/>\n<meta property=\"og:url\" content=\"https:\/\/bladnanews.com\/fr\/mbappe-a-ete-informe-quarsenal-serait-un-choix-parfait-sil-quittait-madrid\/\" \/>\n<meta property=\"og:site_name\" content=\"Bladna News\" \/>\n<meta property=\"article:published_time\" content=\"2026-01-29T10:48:36+00:00\" \/>\n<meta property=\"og:image\" content=\"https:\/\/bladnanews.com\/wp-content\/uploads\/2025\/12\/freepik__bladna-newscom-moroccan-soccer-homepage-banner-mor__41838.png\" \/>\n\t<meta property=\"og:image:width\" content=\"1312\" \/>\n\t<meta property=\"og:image:height\" content=\"736\" \/>\n\t<meta property=\"og:image:type\" content=\"image\/png\" \/>\n<meta name=\"author\" content=\"Bladna News Staff\" \/>\n<meta name=\"twitter:card\" content=\"summary_large_image\" \/>\n<meta name=\"twitter:label1\" content=\"\u00c9crit par\" \/>\n\t<meta name=\"twitter:data1\" content=\"Bladna News Staff\" \/>\n\t<meta name=\"twitter:label2\" content=\"Dur\u00e9e de lecture estim\u00e9e\" \/>\n\t<meta name=\"twitter:data2\" content=\"1 minute\" \/>\n<script type=\"application\/ld+json\" class=\"yoast-schema-graph\">{\"@context\":\"https:\\\/\\\/schema.org\",\"@graph\":[{\"@type\":\"Article\",\"@id\":\"https:\\\/\\\/bladnanews.com\\\/mbappe-told-arsenal-would-be-perfect-fit-if-he-leaves-madrid\\\/#article\",\"isPartOf\":{\"@id\":\"https:\\\/\\\/bladnanews.com\\\/mbappe-told-arsenal-would-be-perfect-fit-if-he-leaves-madrid\\\/\"},\"author\":{\"name\":\"Bladna News Staff\",\"@id\":\"https:\\\/\\\/mediumseagreen-eel-531711.hostingersite.com\\\/#\\\/schema\\\/person\\\/268e18a453ab080ebf76df6ef7845083\"},\"headline\":\"Mbappe told Arsenal would be perfect fit if he leaves Madrid\",\"datePublished\":\"2026-01-29T10:48:36+00:00\",\"mainEntityOfPage\":{\"@id\":\"https:\\\/\\\/bladnanews.com\\\/mbappe-told-arsenal-would-be-perfect-fit-if-he-leaves-madrid\\\/\"},\"wordCount\":238,\"publisher\":{\"@id\":\"https:\\\/\\\/mediumseagreen-eel-531711.hostingersite.com\\\/#organization\"},\"image\":{\"@id\":\"https:\\\/\\\/bladnanews.com\\\/mbappe-told-arsenal-would-be-perfect-fit-if-he-leaves-madrid\\\/#primaryimage\"},\"thumbnailUrl\":\"https:\\\/\\\/bladnanews.com\\\/wp-content\\\/uploads\\\/2026\\\/01\\\/BladnaNews-Mbappe-told-Arsenal-would-be-perfect-fit-if-he-leaves-Madrid-2026-01-29T171048.728Z.jpg\",\"articleSection\":[\"International\",\"Latest News\"],\"inLanguage\":\"fr-FR\",\"copyrightYear\":\"2026\",\"copyrightHolder\":{\"@id\":\"https:\\\/\\\/bladnanews.com\\\/fr\\\/#organization\"}},{\"@type\":\"WebPage\",\"@id\":\"https:\\\/\\\/bladnanews.com\\\/mbappe-told-arsenal-would-be-perfect-fit-if-he-leaves-madrid\\\/\",\"url\":\"https:\\\/\\\/bladnanews.com\\\/mbappe-told-arsenal-would-be-perfect-fit-if-he-leaves-madrid\\\/\",\"name\":\"Mbappe told Arsenal would be perfect fit if he leaves Madrid - Bladna News\",\"isPartOf\":{\"@id\":\"https:\\\/\\\/mediumseagreen-eel-531711.hostingersite.com\\\/#website\"},\"primaryImageOfPage\":{\"@id\":\"https:\\\/\\\/bladnanews.com\\\/mbappe-told-arsenal-would-be-perfect-fit-if-he-leaves-madrid\\\/#primaryimage\"},\"image\":{\"@id\":\"https:\\\/\\\/bladnanews.com\\\/mbappe-told-arsenal-would-be-perfect-fit-if-he-leaves-madrid\\\/#primaryimage\"},\"thumbnailUrl\":\"https:\\\/\\\/bladnanews.com\\\/wp-content\\\/uploads\\\/2026\\\/01\\\/BladnaNews-Mbappe-told-Arsenal-would-be-perfect-fit-if-he-leaves-Madrid-2026-01-29T171048.728Z.jpg\",\"datePublished\":\"2026-01-29T10:48:36+00:00\",\"breadcrumb\":{\"@id\":\"https:\\\/\\\/bladnanews.com\\\/mbappe-told-arsenal-would-be-perfect-fit-if-he-leaves-madrid\\\/#breadcrumb\"},\"inLanguage\":\"fr-FR\",\"potentialAction\":[{\"@type\":\"ReadAction\",\"target\":[\"https:\\\/\\\/bladnanews.com\\\/mbappe-told-arsenal-would-be-perfect-fit-if-he-leaves-madrid\\\/\"]}]},{\"@type\":\"ImageObject\",\"inLanguage\":\"fr-FR\",\"@id\":\"https:\\\/\\\/bladnanews.com\\\/mbappe-told-arsenal-would-be-perfect-fit-if-he-leaves-madrid\\\/#primaryimage\",\"url\":\"https:\\\/\\\/bladnanews.com\\\/wp-content\\\/uploads\\\/2026\\\/01\\\/BladnaNews-Mbappe-told-Arsenal-would-be-perfect-fit-if-he-leaves-Madrid-2026-01-29T171048.728Z.jpg\",\"contentUrl\":\"https:\\\/\\\/bladnanews.com\\\/wp-content\\\/uploads\\\/2026\\\/01\\\/BladnaNews-Mbappe-told-Arsenal-would-be-perfect-fit-if-he-leaves-Madrid-2026-01-29T171048.728Z.jpg\",\"width\":1920,\"height\":1080,\"caption\":\"Kylian Mbapp\u00e9 smiles in a white kit with black accents, beside the Arsenal logo, suggesting a potential transfer interest.\"},{\"@type\":\"BreadcrumbList\",\"@id\":\"https:\\\/\\\/bladnanews.com\\\/mbappe-told-arsenal-would-be-perfect-fit-if-he-leaves-madrid\\\/#breadcrumb\",\"itemListElement\":[{\"@type\":\"ListItem\",\"position\":1,\"name\":\"Home\",\"item\":\"https:\\\/\\\/bladnanews.com\\\/\"},{\"@type\":\"ListItem\",\"position\":2,\"name\":\"Mbappe told Arsenal would be perfect fit if he leaves Madrid\"}]},{\"@type\":\"WebSite\",\"@id\":\"https:\\\/\\\/mediumseagreen-eel-531711.hostingersite.com\\\/#website\",\"url\":\"https:\\\/\\\/mediumseagreen-eel-531711.hostingersite.com\\\/\",\"name\":\"Bladna News - Morocco\",\"description\":\"Where Moroccan Football Meets the World\",\"publisher\":{\"@id\":\"https:\\\/\\\/mediumseagreen-eel-531711.hostingersite.com\\\/#organization\"},\"potentialAction\":[{\"@type\":\"SearchAction\",\"target\":{\"@type\":\"EntryPoint\",\"urlTemplate\":\"https:\\\/\\\/mediumseagreen-eel-531711.hostingersite.com\\\/?s={search_term_string}\"},\"query-input\":{\"@type\":\"PropertyValueSpecification\",\"valueRequired\":true,\"valueName\":\"search_term_string\"}}],\"inLanguage\":\"fr-FR\"},{\"@type\":\"Organization\",\"@id\":\"https:\\\/\\\/mediumseagreen-eel-531711.hostingersite.com\\\/#organization\",\"name\":\"Bladna News.com\",\"url\":\"https:\\\/\\\/mediumseagreen-eel-531711.hostingersite.com\\\/\",\"logo\":{\"@type\":\"ImageObject\",\"inLanguage\":\"fr-FR\",\"@id\":\"https:\\\/\\\/mediumseagreen-eel-531711.hostingersite.com\\\/#\\\/schema\\\/logo\\\/image\\\/\",\"url\":\"https:\\\/\\\/bladnanews.com\\\/wp-content\\\/uploads\\\/2025\\\/12\\\/logo-bladnanews-V2-web-black-red.png\",\"contentUrl\":\"https:\\\/\\\/bladnanews.com\\\/wp-content\\\/uploads\\\/2025\\\/12\\\/logo-bladnanews-V2-web-black-red.png\",\"width\":703,\"height\":287,\"caption\":\"Bladna News.com\"},\"image\":{\"@id\":\"https:\\\/\\\/mediumseagreen-eel-531711.hostingersite.com\\\/#\\\/schema\\\/logo\\\/image\\\/\"},\"email\":\"info@bladnanews.com\",\"legalName\":\"Bladna News\"},{\"@type\":\"Person\",\"@id\":\"https:\\\/\\\/mediumseagreen-eel-531711.hostingersite.com\\\/#\\\/schema\\\/person\\\/268e18a453ab080ebf76df6ef7845083\",\"name\":\"Bladna News Staff\",\"url\":\"https:\\\/\\\/bladnanews.com\\\/fr\\\/author\\\/bladna-news-staff\\\/\"}]}<\/script>\n<!-- \/ Yoast SEO Premium plugin. -->","yoast_head_json":{"title":"Mbappe a d\u00e9clar\u00e9 qu'Arsenal serait l'option id\u00e9ale s'il quittait Madrid - Bladna News","robots":{"index":"index","follow":"follow","max-snippet":"max-snippet:-1","max-image-preview":"max-image-preview:large","max-video-preview":"max-video-preview:-1"},"canonical":"https:\/\/bladnanews.com\/fr\/mbappe-a-ete-informe-quarsenal-serait-un-choix-parfait-sil-quittait-madrid\/","og_locale":"fr_FR","og_type":"article","og_title":"Mbappe told Arsenal would be perfect fit if he leaves Madrid","og_description":"Kylian Mbappe has been told that Arsenal would be the \u201cperfect fit\u201d for him if he ever decides to leave [&hellip;]","og_url":"https:\/\/bladnanews.com\/fr\/mbappe-a-ete-informe-quarsenal-serait-un-choix-parfait-sil-quittait-madrid\/","og_site_name":"Bladna News","article_published_time":"2026-01-29T10:48:36+00:00","og_image":[{"width":1312,"height":736,"url":"https:\/\/bladnanews.com\/wp-content\/uploads\/2025\/12\/freepik__bladna-newscom-moroccan-soccer-homepage-banner-mor__41838.png","type":"image\/png"}],"author":"Bladna News Staff","twitter_card":"summary_large_image","twitter_misc":{"\u00c9crit par":"Bladna News Staff","Dur\u00e9e de lecture estim\u00e9e":"1 minute"},"schema":{"@context":"https:\/\/schema.org","@graph":[{"@type":"Article","@id":"https:\/\/bladnanews.com\/mbappe-told-arsenal-would-be-perfect-fit-if-he-leaves-madrid\/#article","isPartOf":{"@id":"https:\/\/bladnanews.com\/mbappe-told-arsenal-would-be-perfect-fit-if-he-leaves-madrid\/"},"author":{"name":"Bladna News Staff","@id":"https:\/\/mediumseagreen-eel-531711.hostingersite.com\/#\/schema\/person\/268e18a453ab080ebf76df6ef7845083"},"headline":"Mbappe told Arsenal would be perfect fit if he leaves Madrid","datePublished":"2026-01-29T10:48:36+00:00","mainEntityOfPage":{"@id":"https:\/\/bladnanews.com\/mbappe-told-arsenal-would-be-perfect-fit-if-he-leaves-madrid\/"},"wordCount":238,"publisher":{"@id":"https:\/\/mediumseagreen-eel-531711.hostingersite.com\/#organization"},"image":{"@id":"https:\/\/bladnanews.com\/mbappe-told-arsenal-would-be-perfect-fit-if-he-leaves-madrid\/#primaryimage"},"thumbnailUrl":"https:\/\/bladnanews.com\/wp-content\/uploads\/2026\/01\/BladnaNews-Mbappe-told-Arsenal-would-be-perfect-fit-if-he-leaves-Madrid-2026-01-29T171048.728Z.jpg","articleSection":["International","Latest News"],"inLanguage":"fr-FR","copyrightYear":"2026","copyrightHolder":{"@id":"https:\/\/bladnanews.com\/fr\/#organization"}},{"@type":"WebPage","@id":"https:\/\/bladnanews.com\/mbappe-told-arsenal-would-be-perfect-fit-if-he-leaves-madrid\/","url":"https:\/\/bladnanews.com\/mbappe-told-arsenal-would-be-perfect-fit-if-he-leaves-madrid\/","name":"Mbappe a d\u00e9clar\u00e9 qu'Arsenal serait l'option id\u00e9ale s'il quittait Madrid - Bladna News","isPartOf":{"@id":"https:\/\/mediumseagreen-eel-531711.hostingersite.com\/#website"},"primaryImageOfPage":{"@id":"https:\/\/bladnanews.com\/mbappe-told-arsenal-would-be-perfect-fit-if-he-leaves-madrid\/#primaryimage"},"image":{"@id":"https:\/\/bladnanews.com\/mbappe-told-arsenal-would-be-perfect-fit-if-he-leaves-madrid\/#primaryimage"},"thumbnailUrl":"https:\/\/bladnanews.com\/wp-content\/uploads\/2026\/01\/BladnaNews-Mbappe-told-Arsenal-would-be-perfect-fit-if-he-leaves-Madrid-2026-01-29T171048.728Z.jpg","datePublished":"2026-01-29T10:48:36+00:00","breadcrumb":{"@id":"https:\/\/bladnanews.com\/mbappe-told-arsenal-would-be-perfect-fit-if-he-leaves-madrid\/#breadcrumb"},"inLanguage":"fr-FR","potentialAction":[{"@type":"ReadAction","target":["https:\/\/bladnanews.com\/mbappe-told-arsenal-would-be-perfect-fit-if-he-leaves-madrid\/"]}]},{"@type":"ImageObject","inLanguage":"fr-FR","@id":"https:\/\/bladnanews.com\/mbappe-told-arsenal-would-be-perfect-fit-if-he-leaves-madrid\/#primaryimage","url":"https:\/\/bladnanews.com\/wp-content\/uploads\/2026\/01\/BladnaNews-Mbappe-told-Arsenal-would-be-perfect-fit-if-he-leaves-Madrid-2026-01-29T171048.728Z.jpg","contentUrl":"https:\/\/bladnanews.com\/wp-content\/uploads\/2026\/01\/BladnaNews-Mbappe-told-Arsenal-would-be-perfect-fit-if-he-leaves-Madrid-2026-01-29T171048.728Z.jpg","width":1920,"height":1080,"caption":"Kylian Mbapp\u00e9 smiles in a white kit with black accents, beside the Arsenal logo, suggesting a potential transfer interest."},{"@type":"BreadcrumbList","@id":"https:\/\/bladnanews.com\/mbappe-told-arsenal-would-be-perfect-fit-if-he-leaves-madrid\/#breadcrumb","itemListElement":[{"@type":"ListItem","position":1,"name":"Home","item":"https:\/\/bladnanews.com\/"},{"@type":"ListItem","position":2,"name":"Mbappe told Arsenal would be perfect fit if he leaves Madrid"}]},{"@type":"WebSite","@id":"https:\/\/mediumseagreen-eel-531711.hostingersite.com\/#website","url":"https:\/\/mediumseagreen-eel-531711.hostingersite.com\/","name":"Bladna News - Maroc","description":"Quand le football marocain rencontre le monde","publisher":{"@id":"https:\/\/mediumseagreen-eel-531711.hostingersite.com\/#organization"},"potentialAction":[{"@type":"SearchAction","target":{"@type":"EntryPoint","urlTemplate":"https:\/\/mediumseagreen-eel-531711.hostingersite.com\/?s={search_term_string}"},"query-input":{"@type":"PropertyValueSpecification","valueRequired":true,"valueName":"search_term_string"}}],"inLanguage":"fr-FR"},{"@type":"Organization","@id":"https:\/\/mediumseagreen-eel-531711.hostingersite.com\/#organization","name":"Bladna News.com","url":"https:\/\/mediumseagreen-eel-531711.hostingersite.com\/","logo":{"@type":"ImageObject","inLanguage":"fr-FR","@id":"https:\/\/mediumseagreen-eel-531711.hostingersite.com\/#\/schema\/logo\/image\/","url":"https:\/\/bladnanews.com\/wp-content\/uploads\/2025\/12\/logo-bladnanews-V2-web-black-red.png","contentUrl":"https:\/\/bladnanews.com\/wp-content\/uploads\/2025\/12\/logo-bladnanews-V2-web-black-red.png","width":703,"height":287,"caption":"Bladna News.com"},"image":{"@id":"https:\/\/mediumseagreen-eel-531711.hostingersite.com\/#\/schema\/logo\/image\/"},"email":"info@bladnanews.com","legalName":"Bladna News"},{"@type":"Person","@id":"https:\/\/mediumseagreen-eel-531711.hostingersite.com\/#\/schema\/person\/268e18a453ab080ebf76df6ef7845083","name":"\u00c9quipe r\u00e9dactionnelle de Bladna News","url":"https:\/\/bladnanews.com\/fr\/author\/bladna-news-staff\/"}]}},"_links":{"self":[{"href":"https:\/\/bladnanews.com\/fr\/wp-json\/wp\/v2\/posts\/8123","targetHints":{"allow":["GET"]}}],"collection":[{"href":"https:\/\/bladnanews.com\/fr\/wp-json\/wp\/v2\/posts"}],"about":[{"href":"https:\/\/bladnanews.com\/fr\/wp-json\/wp\/v2\/types\/post"}],"author":[{"embeddable":true,"href":"https:\/\/bladnanews.com\/fr\/wp-json\/wp\/v2\/users\/3"}],"replies":[{"embeddable":true,"href":"https:\/\/bladnanews.com\/fr\/wp-json\/wp\/v2\/comments?post=8123"}],"version-history":[{"count":0,"href":"https:\/\/bladnanews.com\/fr\/wp-json\/wp\/v2\/posts\/8123\/revisions"}],"wp:featuredmedia":[{"embeddable":true,"href":"https:\/\/bladnanews.com\/fr\/wp-json\/wp\/v2\/media\/8122"}],"wp:attachment":[{"href":"https:\/\/bladnanews.com\/fr\/wp-json\/wp\/v2\/media?parent=8123"}],"wp:term":[{"taxonomy":"category","embeddable":true,"href":"https:\/\/bladnanews.com\/fr\/wp-json\/wp\/v2\/categories?post=8123"},{"taxonomy":"post_tag","embeddable":true,"href":"https:\/\/bladnanews.com\/fr\/wp-json\/wp\/v2\/tags?post=8123"}],"curies":[{"name":"wp","href":"https:\/\/api.w.org\/{rel}","templated":true}]}}