{"id":8139,"date":"2026-01-29T12:00:00","date_gmt":"2026-01-29T12:00:00","guid":{"rendered":"https:\/\/bladnanews.com\/kane-mbappe-lead-goals-2025-26-champions-league-xi\/"},"modified":"2026-01-29T12:00:00","modified_gmt":"2026-01-29T12:00:00","slug":"kane-et-mbappe-en-tete-du-classement-des-buteurs-de-la-ligue-des-champions-2025-26","status":"publish","type":"post","link":"https:\/\/bladnanews.com\/fr\/kane-et-mbappe-en-tete-du-classement-des-buteurs-de-la-ligue-des-champions-2025-26\/","title":{"rendered":"Kane et Mbapp\u00e9 m\u00e8nent l'\u00e9quipe-type de la Ligue des champions 2025-2026 selon GOAL"},"content":{"rendered":"<p>GOAL a d\u00e9voil\u00e9 son onze type pour la phase de championnat de la Ligue des champions 2025-2026, o\u00f9 Harry Kane et Kylian Mbapp\u00e9 se distinguent en t\u00eate de s\u00e9lection apr\u00e8s leurs performances remarquables dans le nouveau format de groupes europ\u00e9en.<\/p>\n<p>Cette \u00e9quipe refl\u00e8te les joueurs ayant eu le plus grand impact durant la phase de championnat, alliant des d\u00e9cideurs de matchs \u00e0 des performeurs r\u00e9guliers, alors que les clubs se disputaient les places en phases \u00e0 \u00e9limination directe et en barrages.<\/p>\n<p>En attaque, Kane et Mbapp\u00e9 m\u00e8nent la ligne offensive apr\u00e8s avoir de nouveau brill\u00e9 sur la plus grande sc\u00e8ne, apportant la pointe d\u2019efficacit\u00e9 qui a fait la diff\u00e9rence entre leurs \u00e9quipes et de nombreux adversaires lors de la phase initiale de la comp\u00e9tition.<\/p>\n<p>Le onze type met \u00e9galement en lumi\u00e8re l\u2019influence des cr\u00e9ateurs cl\u00e9s et des leaders d\u00e9fensifs, r\u00e9compensant ceux qui ont port\u00e9 leurs \u00e9quipes \u00e0 travers un calendrier exigeant et des soir\u00e9es sous haute pression face \u00e0 l\u2019\u00e9lite adverse.<\/p>\n<p>Maintenant que la phase de championnat de la Ligue des champions est termin\u00e9e, la s\u00e9lection de GOAL offre un instantan\u00e9 des meilleurs acteurs de la comp\u00e9tition \u00e0 ce stade, plantant le d\u00e9cor pour la phase \u00e0 \u00e9limination directe \u00e0 venir.<\/p>","protected":false},"excerpt":{"rendered":"<p>GOAL has revealed its combined XI for the 2025-26 Champions League league phase, with Harry Kane and Kylian Mbappe leading [&hellip;]<\/p>\n","protected":false},"author":3,"featured_media":8138,"comment_status":"","ping_status":"open","sticky":false,"template":"","format":"standard","meta":{"googlesitekit_rrm_CAow_uzEDA:productID":"","site-sidebar-layout":"default","site-content-layout":"","ast-site-content-layout":"default","site-content-style":"default","site-sidebar-style":"default","ast-global-header-display":"","ast-banner-title-visibility":"","ast-main-header-display":"","ast-hfb-above-header-display":"","ast-hfb-below-header-display":"","ast-hfb-mobile-header-display":"","site-post-title":"","ast-breadcrumbs-content":"","ast-featured-img":"","footer-sml-layout":"","ast-disable-related-posts":"","theme-transparent-header-meta":"","adv-header-id-meta":"","stick-header-meta":"","header-above-stick-meta":"","header-main-stick-meta":"","header-below-stick-meta":"","astra-migrate-meta-layouts":"default","ast-page-background-enabled":"default","ast-page-background-meta":{"desktop":{"background-color":"var(--ast-global-color-5)","background-image":"","background-repeat":"repeat","background-position":"center center","background-size":"auto","background-attachment":"scroll","background-type":"","background-media":"","overlay-type":"","overlay-color":"","overlay-opacity":"","overlay-gradient":""},"tablet":{"background-color":"","background-image":"","background-repeat":"repeat","background-position":"center center","background-size":"auto","background-attachment":"scroll","background-type":"","background-media":"","overlay-type":"","overlay-color":"","overlay-opacity":"","overlay-gradient":""},"mobile":{"background-color":"","background-image":"","background-repeat":"repeat","background-position":"center center","background-size":"auto","background-attachment":"scroll","background-type":"","background-media":"","overlay-type":"","overlay-color":"","overlay-opacity":"","overlay-gradient":""}},"ast-content-background-meta":{"desktop":{"background-color":"var(--ast-global-color-4)","background-image":"","background-repeat":"repeat","background-position":"center center","background-size":"auto","background-attachment":"scroll","background-type":"","background-media":"","overlay-type":"","overlay-color":"","overlay-opacity":"","overlay-gradient":""},"tablet":{"background-color":"var(--ast-global-color-4)","background-image":"","background-repeat":"repeat","background-position":"center center","background-size":"auto","background-attachment":"scroll","background-type":"","background-media":"","overlay-type":"","overlay-color":"","overlay-opacity":"","overlay-gradient":""},"mobile":{"background-color":"var(--ast-global-color-4)","background-image":"","background-repeat":"repeat","background-position":"center center","background-size":"auto","background-attachment":"scroll","background-type":"","background-media":"","overlay-type":"","overlay-color":"","overlay-opacity":"","overlay-gradient":""}},"footnotes":""},"categories":[20,1],"tags":[],"class_list":["post-8139","post","type-post","status-publish","format-standard","has-post-thumbnail","hentry","category-international","category-football-latest-news"],"yoast_head":"<!-- This site is optimized with the Yoast SEO Premium plugin v26.6 (Yoast SEO v27.4) - https:\/\/yoast.com\/product\/yoast-seo-premium-wordpress\/ -->\n<title>Kane, Mbappe lead GOALs 2025-26 Champions League XI - Bladna News<\/title>\n<meta name=\"robots\" content=\"index, follow, max-snippet:-1, max-image-preview:large, max-video-preview:-1\" \/>\n<link rel=\"canonical\" href=\"https:\/\/bladnanews.com\/fr\/kane-et-mbappe-en-tete-du-classement-des-buteurs-de-la-ligue-des-champions-2025-26\/\" \/>\n<meta property=\"og:locale\" content=\"fr_FR\" \/>\n<meta property=\"og:type\" content=\"article\" \/>\n<meta property=\"og:title\" content=\"Kane, Mbappe lead GOALs 2025-26 Champions League XI\" \/>\n<meta property=\"og:description\" content=\"GOAL has revealed its combined XI for the 2025-26 Champions League league phase, with Harry Kane and Kylian Mbappe leading [&hellip;]\" \/>\n<meta property=\"og:url\" content=\"https:\/\/bladnanews.com\/fr\/kane-et-mbappe-en-tete-du-classement-des-buteurs-de-la-ligue-des-champions-2025-26\/\" \/>\n<meta property=\"og:site_name\" content=\"Bladna News\" \/>\n<meta property=\"article:published_time\" content=\"2026-01-29T12:00:00+00:00\" \/>\n<meta property=\"og:image\" content=\"https:\/\/bladnanews.com\/wp-content\/uploads\/2025\/12\/freepik__bladna-newscom-moroccan-soccer-homepage-banner-mor__41838.png\" \/>\n\t<meta property=\"og:image:width\" content=\"1312\" \/>\n\t<meta property=\"og:image:height\" content=\"736\" \/>\n\t<meta property=\"og:image:type\" content=\"image\/png\" \/>\n<meta name=\"author\" content=\"Bladna News Staff\" \/>\n<meta name=\"twitter:card\" content=\"summary_large_image\" \/>\n<meta name=\"twitter:label1\" content=\"\u00c9crit par\" \/>\n\t<meta name=\"twitter:data1\" content=\"Bladna News Staff\" \/>\n\t<meta name=\"twitter:label2\" content=\"Dur\u00e9e de lecture estim\u00e9e\" \/>\n\t<meta name=\"twitter:data2\" content=\"1 minute\" \/>\n<script type=\"application\/ld+json\" class=\"yoast-schema-graph\">{\"@context\":\"https:\\\/\\\/schema.org\",\"@graph\":[{\"@type\":\"Article\",\"@id\":\"https:\\\/\\\/bladnanews.com\\\/kane-mbappe-lead-goals-2025-26-champions-league-xi\\\/#article\",\"isPartOf\":{\"@id\":\"https:\\\/\\\/bladnanews.com\\\/kane-mbappe-lead-goals-2025-26-champions-league-xi\\\/\"},\"author\":{\"name\":\"Bladna News Staff\",\"@id\":\"https:\\\/\\\/mediumseagreen-eel-531711.hostingersite.com\\\/#\\\/schema\\\/person\\\/268e18a453ab080ebf76df6ef7845083\"},\"headline\":\"Kane, Mbappe lead GOALs 2025-26 Champions League XI\",\"datePublished\":\"2026-01-29T12:00:00+00:00\",\"mainEntityOfPage\":{\"@id\":\"https:\\\/\\\/bladnanews.com\\\/kane-mbappe-lead-goals-2025-26-champions-league-xi\\\/\"},\"wordCount\":167,\"publisher\":{\"@id\":\"https:\\\/\\\/mediumseagreen-eel-531711.hostingersite.com\\\/#organization\"},\"image\":{\"@id\":\"https:\\\/\\\/bladnanews.com\\\/kane-mbappe-lead-goals-2025-26-champions-league-xi\\\/#primaryimage\"},\"thumbnailUrl\":\"https:\\\/\\\/bladnanews.com\\\/wp-content\\\/uploads\\\/2026\\\/01\\\/BladnaNews-Kane-Mbappe-lead-GOALs-2025-26-Champions-League-XI-2026-01-29T211024.516Z.jpg\",\"articleSection\":[\"International\",\"Latest News\"],\"inLanguage\":\"fr-FR\",\"copyrightYear\":\"2026\",\"copyrightHolder\":{\"@id\":\"https:\\\/\\\/bladnanews.com\\\/fr\\\/#organization\"}},{\"@type\":\"WebPage\",\"@id\":\"https:\\\/\\\/bladnanews.com\\\/kane-mbappe-lead-goals-2025-26-champions-league-xi\\\/\",\"url\":\"https:\\\/\\\/bladnanews.com\\\/kane-mbappe-lead-goals-2025-26-champions-league-xi\\\/\",\"name\":\"Kane, Mbappe lead GOALs 2025-26 Champions League XI - Bladna News\",\"isPartOf\":{\"@id\":\"https:\\\/\\\/mediumseagreen-eel-531711.hostingersite.com\\\/#website\"},\"primaryImageOfPage\":{\"@id\":\"https:\\\/\\\/bladnanews.com\\\/kane-mbappe-lead-goals-2025-26-champions-league-xi\\\/#primaryimage\"},\"image\":{\"@id\":\"https:\\\/\\\/bladnanews.com\\\/kane-mbappe-lead-goals-2025-26-champions-league-xi\\\/#primaryimage\"},\"thumbnailUrl\":\"https:\\\/\\\/bladnanews.com\\\/wp-content\\\/uploads\\\/2026\\\/01\\\/BladnaNews-Kane-Mbappe-lead-GOALs-2025-26-Champions-League-XI-2026-01-29T211024.516Z.jpg\",\"datePublished\":\"2026-01-29T12:00:00+00:00\",\"breadcrumb\":{\"@id\":\"https:\\\/\\\/bladnanews.com\\\/kane-mbappe-lead-goals-2025-26-champions-league-xi\\\/#breadcrumb\"},\"inLanguage\":\"fr-FR\",\"potentialAction\":[{\"@type\":\"ReadAction\",\"target\":[\"https:\\\/\\\/bladnanews.com\\\/kane-mbappe-lead-goals-2025-26-champions-league-xi\\\/\"]}]},{\"@type\":\"ImageObject\",\"inLanguage\":\"fr-FR\",\"@id\":\"https:\\\/\\\/bladnanews.com\\\/kane-mbappe-lead-goals-2025-26-champions-league-xi\\\/#primaryimage\",\"url\":\"https:\\\/\\\/bladnanews.com\\\/wp-content\\\/uploads\\\/2026\\\/01\\\/BladnaNews-Kane-Mbappe-lead-GOALs-2025-26-Champions-League-XI-2026-01-29T211024.516Z.jpg\",\"contentUrl\":\"https:\\\/\\\/bladnanews.com\\\/wp-content\\\/uploads\\\/2026\\\/01\\\/BladnaNews-Kane-Mbappe-lead-GOALs-2025-26-Champions-League-XI-2026-01-29T211024.516Z.jpg\",\"width\":1920,\"height\":1080,\"caption\":\"Harry Kane celebrates in a red kit, Kylian Mbapp\u00e9 gives a thumbs-up in a white Real Madrid shirt, and Virgil van Dijk poses in Liverpool's red jersey.\"},{\"@type\":\"BreadcrumbList\",\"@id\":\"https:\\\/\\\/bladnanews.com\\\/kane-mbappe-lead-goals-2025-26-champions-league-xi\\\/#breadcrumb\",\"itemListElement\":[{\"@type\":\"ListItem\",\"position\":1,\"name\":\"Home\",\"item\":\"https:\\\/\\\/bladnanews.com\\\/\"},{\"@type\":\"ListItem\",\"position\":2,\"name\":\"Kane, Mbappe lead GOALs 2025-26 Champions League XI\"}]},{\"@type\":\"WebSite\",\"@id\":\"https:\\\/\\\/mediumseagreen-eel-531711.hostingersite.com\\\/#website\",\"url\":\"https:\\\/\\\/mediumseagreen-eel-531711.hostingersite.com\\\/\",\"name\":\"Bladna News - Morocco\",\"description\":\"Where Moroccan Football Meets the World\",\"publisher\":{\"@id\":\"https:\\\/\\\/mediumseagreen-eel-531711.hostingersite.com\\\/#organization\"},\"potentialAction\":[{\"@type\":\"SearchAction\",\"target\":{\"@type\":\"EntryPoint\",\"urlTemplate\":\"https:\\\/\\\/mediumseagreen-eel-531711.hostingersite.com\\\/?s={search_term_string}\"},\"query-input\":{\"@type\":\"PropertyValueSpecification\",\"valueRequired\":true,\"valueName\":\"search_term_string\"}}],\"inLanguage\":\"fr-FR\"},{\"@type\":\"Organization\",\"@id\":\"https:\\\/\\\/mediumseagreen-eel-531711.hostingersite.com\\\/#organization\",\"name\":\"Bladna News.com\",\"url\":\"https:\\\/\\\/mediumseagreen-eel-531711.hostingersite.com\\\/\",\"logo\":{\"@type\":\"ImageObject\",\"inLanguage\":\"fr-FR\",\"@id\":\"https:\\\/\\\/mediumseagreen-eel-531711.hostingersite.com\\\/#\\\/schema\\\/logo\\\/image\\\/\",\"url\":\"https:\\\/\\\/bladnanews.com\\\/wp-content\\\/uploads\\\/2025\\\/12\\\/logo-bladnanews-V2-web-black-red.png\",\"contentUrl\":\"https:\\\/\\\/bladnanews.com\\\/wp-content\\\/uploads\\\/2025\\\/12\\\/logo-bladnanews-V2-web-black-red.png\",\"width\":703,\"height\":287,\"caption\":\"Bladna News.com\"},\"image\":{\"@id\":\"https:\\\/\\\/mediumseagreen-eel-531711.hostingersite.com\\\/#\\\/schema\\\/logo\\\/image\\\/\"},\"email\":\"info@bladnanews.com\",\"legalName\":\"Bladna News\"},{\"@type\":\"Person\",\"@id\":\"https:\\\/\\\/mediumseagreen-eel-531711.hostingersite.com\\\/#\\\/schema\\\/person\\\/268e18a453ab080ebf76df6ef7845083\",\"name\":\"Bladna News Staff\",\"url\":\"https:\\\/\\\/bladnanews.com\\\/fr\\\/author\\\/bladna-news-staff\\\/\"}]}<\/script>\n<!-- \/ Yoast SEO Premium plugin. -->","yoast_head_json":{"title":"Kane, Mbapp\u00e9 m\u00e8nent l'\u00e9quipe type de la Ligue des champions 2025-26 selon GOAL - Bladna News","robots":{"index":"index","follow":"follow","max-snippet":"max-snippet:-1","max-image-preview":"max-image-preview:large","max-video-preview":"max-video-preview:-1"},"canonical":"https:\/\/bladnanews.com\/fr\/kane-et-mbappe-en-tete-du-classement-des-buteurs-de-la-ligue-des-champions-2025-26\/","og_locale":"fr_FR","og_type":"article","og_title":"Kane, Mbappe lead GOALs 2025-26 Champions League XI","og_description":"GOAL has revealed its combined XI for the 2025-26 Champions League league phase, with Harry Kane and Kylian Mbappe leading [&hellip;]","og_url":"https:\/\/bladnanews.com\/fr\/kane-et-mbappe-en-tete-du-classement-des-buteurs-de-la-ligue-des-champions-2025-26\/","og_site_name":"Bladna News","article_published_time":"2026-01-29T12:00:00+00:00","og_image":[{"width":1312,"height":736,"url":"https:\/\/bladnanews.com\/wp-content\/uploads\/2025\/12\/freepik__bladna-newscom-moroccan-soccer-homepage-banner-mor__41838.png","type":"image\/png"}],"author":"Bladna News Staff","twitter_card":"summary_large_image","twitter_misc":{"\u00c9crit par":"Bladna News Staff","Dur\u00e9e de lecture estim\u00e9e":"1 minute"},"schema":{"@context":"https:\/\/schema.org","@graph":[{"@type":"Article","@id":"https:\/\/bladnanews.com\/kane-mbappe-lead-goals-2025-26-champions-league-xi\/#article","isPartOf":{"@id":"https:\/\/bladnanews.com\/kane-mbappe-lead-goals-2025-26-champions-league-xi\/"},"author":{"name":"Bladna News Staff","@id":"https:\/\/mediumseagreen-eel-531711.hostingersite.com\/#\/schema\/person\/268e18a453ab080ebf76df6ef7845083"},"headline":"Kane, Mbappe lead GOALs 2025-26 Champions League XI","datePublished":"2026-01-29T12:00:00+00:00","mainEntityOfPage":{"@id":"https:\/\/bladnanews.com\/kane-mbappe-lead-goals-2025-26-champions-league-xi\/"},"wordCount":167,"publisher":{"@id":"https:\/\/mediumseagreen-eel-531711.hostingersite.com\/#organization"},"image":{"@id":"https:\/\/bladnanews.com\/kane-mbappe-lead-goals-2025-26-champions-league-xi\/#primaryimage"},"thumbnailUrl":"https:\/\/bladnanews.com\/wp-content\/uploads\/2026\/01\/BladnaNews-Kane-Mbappe-lead-GOALs-2025-26-Champions-League-XI-2026-01-29T211024.516Z.jpg","articleSection":["International","Latest News"],"inLanguage":"fr-FR","copyrightYear":"2026","copyrightHolder":{"@id":"https:\/\/bladnanews.com\/fr\/#organization"}},{"@type":"WebPage","@id":"https:\/\/bladnanews.com\/kane-mbappe-lead-goals-2025-26-champions-league-xi\/","url":"https:\/\/bladnanews.com\/kane-mbappe-lead-goals-2025-26-champions-league-xi\/","name":"Kane, Mbapp\u00e9 m\u00e8nent l'\u00e9quipe type de la Ligue des champions 2025-26 selon GOAL - Bladna News","isPartOf":{"@id":"https:\/\/mediumseagreen-eel-531711.hostingersite.com\/#website"},"primaryImageOfPage":{"@id":"https:\/\/bladnanews.com\/kane-mbappe-lead-goals-2025-26-champions-league-xi\/#primaryimage"},"image":{"@id":"https:\/\/bladnanews.com\/kane-mbappe-lead-goals-2025-26-champions-league-xi\/#primaryimage"},"thumbnailUrl":"https:\/\/bladnanews.com\/wp-content\/uploads\/2026\/01\/BladnaNews-Kane-Mbappe-lead-GOALs-2025-26-Champions-League-XI-2026-01-29T211024.516Z.jpg","datePublished":"2026-01-29T12:00:00+00:00","breadcrumb":{"@id":"https:\/\/bladnanews.com\/kane-mbappe-lead-goals-2025-26-champions-league-xi\/#breadcrumb"},"inLanguage":"fr-FR","potentialAction":[{"@type":"ReadAction","target":["https:\/\/bladnanews.com\/kane-mbappe-lead-goals-2025-26-champions-league-xi\/"]}]},{"@type":"ImageObject","inLanguage":"fr-FR","@id":"https:\/\/bladnanews.com\/kane-mbappe-lead-goals-2025-26-champions-league-xi\/#primaryimage","url":"https:\/\/bladnanews.com\/wp-content\/uploads\/2026\/01\/BladnaNews-Kane-Mbappe-lead-GOALs-2025-26-Champions-League-XI-2026-01-29T211024.516Z.jpg","contentUrl":"https:\/\/bladnanews.com\/wp-content\/uploads\/2026\/01\/BladnaNews-Kane-Mbappe-lead-GOALs-2025-26-Champions-League-XI-2026-01-29T211024.516Z.jpg","width":1920,"height":1080,"caption":"Harry Kane celebrates in a red kit, Kylian Mbapp\u00e9 gives a thumbs-up in a white Real Madrid shirt, and Virgil van Dijk poses in Liverpool's red jersey."},{"@type":"BreadcrumbList","@id":"https:\/\/bladnanews.com\/kane-mbappe-lead-goals-2025-26-champions-league-xi\/#breadcrumb","itemListElement":[{"@type":"ListItem","position":1,"name":"Home","item":"https:\/\/bladnanews.com\/"},{"@type":"ListItem","position":2,"name":"Kane, Mbappe lead GOALs 2025-26 Champions League XI"}]},{"@type":"WebSite","@id":"https:\/\/mediumseagreen-eel-531711.hostingersite.com\/#website","url":"https:\/\/mediumseagreen-eel-531711.hostingersite.com\/","name":"Bladna News - Maroc","description":"Quand le football marocain rencontre le monde","publisher":{"@id":"https:\/\/mediumseagreen-eel-531711.hostingersite.com\/#organization"},"potentialAction":[{"@type":"SearchAction","target":{"@type":"EntryPoint","urlTemplate":"https:\/\/mediumseagreen-eel-531711.hostingersite.com\/?s={search_term_string}"},"query-input":{"@type":"PropertyValueSpecification","valueRequired":true,"valueName":"search_term_string"}}],"inLanguage":"fr-FR"},{"@type":"Organization","@id":"https:\/\/mediumseagreen-eel-531711.hostingersite.com\/#organization","name":"Bladna News.com","url":"https:\/\/mediumseagreen-eel-531711.hostingersite.com\/","logo":{"@type":"ImageObject","inLanguage":"fr-FR","@id":"https:\/\/mediumseagreen-eel-531711.hostingersite.com\/#\/schema\/logo\/image\/","url":"https:\/\/bladnanews.com\/wp-content\/uploads\/2025\/12\/logo-bladnanews-V2-web-black-red.png","contentUrl":"https:\/\/bladnanews.com\/wp-content\/uploads\/2025\/12\/logo-bladnanews-V2-web-black-red.png","width":703,"height":287,"caption":"Bladna News.com"},"image":{"@id":"https:\/\/mediumseagreen-eel-531711.hostingersite.com\/#\/schema\/logo\/image\/"},"email":"info@bladnanews.com","legalName":"Bladna News"},{"@type":"Person","@id":"https:\/\/mediumseagreen-eel-531711.hostingersite.com\/#\/schema\/person\/268e18a453ab080ebf76df6ef7845083","name":"\u00c9quipe r\u00e9dactionnelle de Bladna News","url":"https:\/\/bladnanews.com\/fr\/author\/bladna-news-staff\/"}]}},"_links":{"self":[{"href":"https:\/\/bladnanews.com\/fr\/wp-json\/wp\/v2\/posts\/8139","targetHints":{"allow":["GET"]}}],"collection":[{"href":"https:\/\/bladnanews.com\/fr\/wp-json\/wp\/v2\/posts"}],"about":[{"href":"https:\/\/bladnanews.com\/fr\/wp-json\/wp\/v2\/types\/post"}],"author":[{"embeddable":true,"href":"https:\/\/bladnanews.com\/fr\/wp-json\/wp\/v2\/users\/3"}],"replies":[{"embeddable":true,"href":"https:\/\/bladnanews.com\/fr\/wp-json\/wp\/v2\/comments?post=8139"}],"version-history":[{"count":0,"href":"https:\/\/bladnanews.com\/fr\/wp-json\/wp\/v2\/posts\/8139\/revisions"}],"wp:featuredmedia":[{"embeddable":true,"href":"https:\/\/bladnanews.com\/fr\/wp-json\/wp\/v2\/media\/8138"}],"wp:attachment":[{"href":"https:\/\/bladnanews.com\/fr\/wp-json\/wp\/v2\/media?parent=8139"}],"wp:term":[{"taxonomy":"category","embeddable":true,"href":"https:\/\/bladnanews.com\/fr\/wp-json\/wp\/v2\/categories?post=8139"},{"taxonomy":"post_tag","embeddable":true,"href":"https:\/\/bladnanews.com\/fr\/wp-json\/wp\/v2\/tags?post=8139"}],"curies":[{"name":"wp","href":"https:\/\/api.w.org\/{rel}","templated":true}]}}