{"id":8141,"date":"2026-01-29T12:17:54","date_gmt":"2026-01-29T12:17:54","guid":{"rendered":"https:\/\/bladnanews.com\/harry-maguire-praises-michael-carrick-quality-in-training\/"},"modified":"2026-01-29T12:17:54","modified_gmt":"2026-01-29T12:17:54","slug":"harry-maguire-fait-leloge-de-la-qualite-de-michael-carrick-a-lentrainement","status":"publish","type":"post","link":"https:\/\/bladnanews.com\/fr\/harry-maguire-fait-leloge-de-la-qualite-de-michael-carrick-a-lentrainement\/","title":{"rendered":"Harry Maguire fait l'\u00e9loge des qualit\u00e9s de Michael Carrick \u00e0 l'entra\u00eenement"},"content":{"rendered":"<p>Harry Maguire a fait l'\u00e9loge de l'entra\u00eeneur int\u00e9rimaire de Manchester United, Michael Carrick, d\u00e9clarant que l'ancien milieu de terrain montre toujours sa classe sur le terrain d'entra\u00eenement.<\/p>\n<p>Carrick a endoss\u00e9 le r\u00f4le de mani\u00e8re temporaire suite au d\u00e9part d'Ole Gunnar Solskjaer, tandis que United poursuit sa recherche d'un rempla\u00e7ant permanent.<\/p>\n<p>Maguire a reconnu que l'effectif a \u00e9t\u00e9 impressionn\u00e9 par ce qu'il a vu de Carrick depuis sa prise de fonction, r\u00e9v\u00e9lant que le quadrag\u00e9naire n'a rien perdu de la qualit\u00e9 qui faisait de lui un joueur si important \u00e0 Old Trafford.<\/p>\n<p><strong>\u201c Il l'a toujours, \u201d<\/strong> a d\u00e9clar\u00e9 Maguire, expliquant que Carrick a particip\u00e9 aux s\u00e9ances et continue de montrer ses capacit\u00e9s \u00e0 l'entra\u00eenement.<\/p>\n<p>United se pr\u00e9pare pour ses prochaines rencontres sous la direction de Carrick, Maguire soutenant le patron int\u00e9rimaire pour aider \u00e0 stabiliser l'\u00e9quipe durant cette transition et insistant sur le fait que les joueurs sont pleinement concentr\u00e9s sur l'obtention de r\u00e9sultats pendant que la situation manag\u00e9riale est r\u00e9solue.<\/p>","protected":false},"excerpt":{"rendered":"<p>Harry Maguire has praised Manchester United interim head coach Michael Carrick, saying the former midfielder is still showing his class [&hellip;]<\/p>\n","protected":false},"author":3,"featured_media":8140,"comment_status":"","ping_status":"open","sticky":false,"template":"","format":"standard","meta":{"googlesitekit_rrm_CAow_uzEDA:productID":"","site-sidebar-layout":"default","site-content-layout":"","ast-site-content-layout":"default","site-content-style":"default","site-sidebar-style":"default","ast-global-header-display":"","ast-banner-title-visibility":"","ast-main-header-display":"","ast-hfb-above-header-display":"","ast-hfb-below-header-display":"","ast-hfb-mobile-header-display":"","site-post-title":"","ast-breadcrumbs-content":"","ast-featured-img":"","footer-sml-layout":"","ast-disable-related-posts":"","theme-transparent-header-meta":"","adv-header-id-meta":"","stick-header-meta":"","header-above-stick-meta":"","header-main-stick-meta":"","header-below-stick-meta":"","astra-migrate-meta-layouts":"default","ast-page-background-enabled":"default","ast-page-background-meta":{"desktop":{"background-color":"var(--ast-global-color-5)","background-image":"","background-repeat":"repeat","background-position":"center center","background-size":"auto","background-attachment":"scroll","background-type":"","background-media":"","overlay-type":"","overlay-color":"","overlay-opacity":"","overlay-gradient":""},"tablet":{"background-color":"","background-image":"","background-repeat":"repeat","background-position":"center center","background-size":"auto","background-attachment":"scroll","background-type":"","background-media":"","overlay-type":"","overlay-color":"","overlay-opacity":"","overlay-gradient":""},"mobile":{"background-color":"","background-image":"","background-repeat":"repeat","background-position":"center center","background-size":"auto","background-attachment":"scroll","background-type":"","background-media":"","overlay-type":"","overlay-color":"","overlay-opacity":"","overlay-gradient":""}},"ast-content-background-meta":{"desktop":{"background-color":"var(--ast-global-color-4)","background-image":"","background-repeat":"repeat","background-position":"center center","background-size":"auto","background-attachment":"scroll","background-type":"","background-media":"","overlay-type":"","overlay-color":"","overlay-opacity":"","overlay-gradient":""},"tablet":{"background-color":"var(--ast-global-color-4)","background-image":"","background-repeat":"repeat","background-position":"center center","background-size":"auto","background-attachment":"scroll","background-type":"","background-media":"","overlay-type":"","overlay-color":"","overlay-opacity":"","overlay-gradient":""},"mobile":{"background-color":"var(--ast-global-color-4)","background-image":"","background-repeat":"repeat","background-position":"center center","background-size":"auto","background-attachment":"scroll","background-type":"","background-media":"","overlay-type":"","overlay-color":"","overlay-opacity":"","overlay-gradient":""}},"footnotes":""},"categories":[20,1],"tags":[],"class_list":["post-8141","post","type-post","status-publish","format-standard","has-post-thumbnail","hentry","category-international","category-football-latest-news"],"yoast_head":"<!-- This site is optimized with the Yoast SEO Premium plugin v26.6 (Yoast SEO v27.4) - https:\/\/yoast.com\/product\/yoast-seo-premium-wordpress\/ -->\n<title>Harry Maguire praises Michael Carrick quality in training - Bladna News<\/title>\n<meta name=\"robots\" content=\"index, follow, max-snippet:-1, max-image-preview:large, max-video-preview:-1\" \/>\n<link rel=\"canonical\" href=\"https:\/\/bladnanews.com\/fr\/harry-maguire-fait-leloge-de-la-qualite-de-michael-carrick-a-lentrainement\/\" \/>\n<meta property=\"og:locale\" content=\"fr_FR\" \/>\n<meta property=\"og:type\" content=\"article\" \/>\n<meta property=\"og:title\" content=\"Harry Maguire praises Michael Carrick quality in training\" \/>\n<meta property=\"og:description\" content=\"Harry Maguire has praised Manchester United interim head coach Michael Carrick, saying the former midfielder is still showing his class [&hellip;]\" \/>\n<meta property=\"og:url\" content=\"https:\/\/bladnanews.com\/fr\/harry-maguire-fait-leloge-de-la-qualite-de-michael-carrick-a-lentrainement\/\" \/>\n<meta property=\"og:site_name\" content=\"Bladna News\" \/>\n<meta property=\"article:published_time\" content=\"2026-01-29T12:17:54+00:00\" \/>\n<meta property=\"og:image\" content=\"https:\/\/bladnanews.com\/wp-content\/uploads\/2025\/12\/freepik__bladna-newscom-moroccan-soccer-homepage-banner-mor__41838.png\" \/>\n\t<meta property=\"og:image:width\" content=\"1312\" \/>\n\t<meta property=\"og:image:height\" content=\"736\" \/>\n\t<meta property=\"og:image:type\" content=\"image\/png\" \/>\n<meta name=\"author\" content=\"Bladna News Staff\" \/>\n<meta name=\"twitter:card\" content=\"summary_large_image\" \/>\n<meta name=\"twitter:label1\" content=\"\u00c9crit par\" \/>\n\t<meta name=\"twitter:data1\" content=\"Bladna News Staff\" \/>\n\t<meta name=\"twitter:label2\" content=\"Dur\u00e9e de lecture estim\u00e9e\" \/>\n\t<meta name=\"twitter:data2\" content=\"1 minute\" \/>\n<script type=\"application\/ld+json\" class=\"yoast-schema-graph\">{\"@context\":\"https:\\\/\\\/schema.org\",\"@graph\":[{\"@type\":\"Article\",\"@id\":\"https:\\\/\\\/bladnanews.com\\\/harry-maguire-praises-michael-carrick-quality-in-training\\\/#article\",\"isPartOf\":{\"@id\":\"https:\\\/\\\/bladnanews.com\\\/harry-maguire-praises-michael-carrick-quality-in-training\\\/\"},\"author\":{\"name\":\"Bladna News Staff\",\"@id\":\"https:\\\/\\\/mediumseagreen-eel-531711.hostingersite.com\\\/#\\\/schema\\\/person\\\/268e18a453ab080ebf76df6ef7845083\"},\"headline\":\"Harry Maguire praises Michael Carrick quality in training\",\"datePublished\":\"2026-01-29T12:17:54+00:00\",\"mainEntityOfPage\":{\"@id\":\"https:\\\/\\\/bladnanews.com\\\/harry-maguire-praises-michael-carrick-quality-in-training\\\/\"},\"wordCount\":161,\"publisher\":{\"@id\":\"https:\\\/\\\/mediumseagreen-eel-531711.hostingersite.com\\\/#organization\"},\"image\":{\"@id\":\"https:\\\/\\\/bladnanews.com\\\/harry-maguire-praises-michael-carrick-quality-in-training\\\/#primaryimage\"},\"thumbnailUrl\":\"https:\\\/\\\/bladnanews.com\\\/wp-content\\\/uploads\\\/2026\\\/01\\\/BladnaNews-Harry-Maguire-praises-Michael-Carrick-quality-in-training-2026-01-29T211046.588Z.jpg\",\"articleSection\":[\"International\",\"Latest News\"],\"inLanguage\":\"fr-FR\",\"copyrightYear\":\"2026\",\"copyrightHolder\":{\"@id\":\"https:\\\/\\\/bladnanews.com\\\/fr\\\/#organization\"}},{\"@type\":\"WebPage\",\"@id\":\"https:\\\/\\\/bladnanews.com\\\/harry-maguire-praises-michael-carrick-quality-in-training\\\/\",\"url\":\"https:\\\/\\\/bladnanews.com\\\/harry-maguire-praises-michael-carrick-quality-in-training\\\/\",\"name\":\"Harry Maguire praises Michael Carrick quality in training - Bladna News\",\"isPartOf\":{\"@id\":\"https:\\\/\\\/mediumseagreen-eel-531711.hostingersite.com\\\/#website\"},\"primaryImageOfPage\":{\"@id\":\"https:\\\/\\\/bladnanews.com\\\/harry-maguire-praises-michael-carrick-quality-in-training\\\/#primaryimage\"},\"image\":{\"@id\":\"https:\\\/\\\/bladnanews.com\\\/harry-maguire-praises-michael-carrick-quality-in-training\\\/#primaryimage\"},\"thumbnailUrl\":\"https:\\\/\\\/bladnanews.com\\\/wp-content\\\/uploads\\\/2026\\\/01\\\/BladnaNews-Harry-Maguire-praises-Michael-Carrick-quality-in-training-2026-01-29T211046.588Z.jpg\",\"datePublished\":\"2026-01-29T12:17:54+00:00\",\"breadcrumb\":{\"@id\":\"https:\\\/\\\/bladnanews.com\\\/harry-maguire-praises-michael-carrick-quality-in-training\\\/#breadcrumb\"},\"inLanguage\":\"fr-FR\",\"potentialAction\":[{\"@type\":\"ReadAction\",\"target\":[\"https:\\\/\\\/bladnanews.com\\\/harry-maguire-praises-michael-carrick-quality-in-training\\\/\"]}]},{\"@type\":\"ImageObject\",\"inLanguage\":\"fr-FR\",\"@id\":\"https:\\\/\\\/bladnanews.com\\\/harry-maguire-praises-michael-carrick-quality-in-training\\\/#primaryimage\",\"url\":\"https:\\\/\\\/bladnanews.com\\\/wp-content\\\/uploads\\\/2026\\\/01\\\/BladnaNews-Harry-Maguire-praises-Michael-Carrick-quality-in-training-2026-01-29T211046.588Z.jpg\",\"contentUrl\":\"https:\\\/\\\/bladnanews.com\\\/wp-content\\\/uploads\\\/2026\\\/01\\\/BladnaNews-Harry-Maguire-praises-Michael-Carrick-quality-in-training-2026-01-29T211046.588Z.jpg\",\"width\":1920,\"height\":1080,\"caption\":\"Harry Maguire in a black Manchester United kit with yellow accents, alongside Michael Carrick celebrating passionately in a dark jacket.\"},{\"@type\":\"BreadcrumbList\",\"@id\":\"https:\\\/\\\/bladnanews.com\\\/harry-maguire-praises-michael-carrick-quality-in-training\\\/#breadcrumb\",\"itemListElement\":[{\"@type\":\"ListItem\",\"position\":1,\"name\":\"Home\",\"item\":\"https:\\\/\\\/bladnanews.com\\\/\"},{\"@type\":\"ListItem\",\"position\":2,\"name\":\"Harry Maguire praises Michael Carrick quality in training\"}]},{\"@type\":\"WebSite\",\"@id\":\"https:\\\/\\\/mediumseagreen-eel-531711.hostingersite.com\\\/#website\",\"url\":\"https:\\\/\\\/mediumseagreen-eel-531711.hostingersite.com\\\/\",\"name\":\"Bladna News - Morocco\",\"description\":\"Where Moroccan Football Meets the World\",\"publisher\":{\"@id\":\"https:\\\/\\\/mediumseagreen-eel-531711.hostingersite.com\\\/#organization\"},\"potentialAction\":[{\"@type\":\"SearchAction\",\"target\":{\"@type\":\"EntryPoint\",\"urlTemplate\":\"https:\\\/\\\/mediumseagreen-eel-531711.hostingersite.com\\\/?s={search_term_string}\"},\"query-input\":{\"@type\":\"PropertyValueSpecification\",\"valueRequired\":true,\"valueName\":\"search_term_string\"}}],\"inLanguage\":\"fr-FR\"},{\"@type\":\"Organization\",\"@id\":\"https:\\\/\\\/mediumseagreen-eel-531711.hostingersite.com\\\/#organization\",\"name\":\"Bladna News.com\",\"url\":\"https:\\\/\\\/mediumseagreen-eel-531711.hostingersite.com\\\/\",\"logo\":{\"@type\":\"ImageObject\",\"inLanguage\":\"fr-FR\",\"@id\":\"https:\\\/\\\/mediumseagreen-eel-531711.hostingersite.com\\\/#\\\/schema\\\/logo\\\/image\\\/\",\"url\":\"https:\\\/\\\/bladnanews.com\\\/wp-content\\\/uploads\\\/2025\\\/12\\\/logo-bladnanews-V2-web-black-red.png\",\"contentUrl\":\"https:\\\/\\\/bladnanews.com\\\/wp-content\\\/uploads\\\/2025\\\/12\\\/logo-bladnanews-V2-web-black-red.png\",\"width\":703,\"height\":287,\"caption\":\"Bladna News.com\"},\"image\":{\"@id\":\"https:\\\/\\\/mediumseagreen-eel-531711.hostingersite.com\\\/#\\\/schema\\\/logo\\\/image\\\/\"},\"email\":\"info@bladnanews.com\",\"legalName\":\"Bladna News\"},{\"@type\":\"Person\",\"@id\":\"https:\\\/\\\/mediumseagreen-eel-531711.hostingersite.com\\\/#\\\/schema\\\/person\\\/268e18a453ab080ebf76df6ef7845083\",\"name\":\"Bladna News Staff\",\"url\":\"https:\\\/\\\/bladnanews.com\\\/fr\\\/author\\\/bladna-news-staff\\\/\"}]}<\/script>\n<!-- \/ Yoast SEO Premium plugin. -->","yoast_head_json":{"title":"Harry Maguire fait l'\u00e9loge des qualit\u00e9s de Michael Carrick \u00e0 l'entra\u00eenement - Bladna News","robots":{"index":"index","follow":"follow","max-snippet":"max-snippet:-1","max-image-preview":"max-image-preview:large","max-video-preview":"max-video-preview:-1"},"canonical":"https:\/\/bladnanews.com\/fr\/harry-maguire-fait-leloge-de-la-qualite-de-michael-carrick-a-lentrainement\/","og_locale":"fr_FR","og_type":"article","og_title":"Harry Maguire praises Michael Carrick quality in training","og_description":"Harry Maguire has praised Manchester United interim head coach Michael Carrick, saying the former midfielder is still showing his class [&hellip;]","og_url":"https:\/\/bladnanews.com\/fr\/harry-maguire-fait-leloge-de-la-qualite-de-michael-carrick-a-lentrainement\/","og_site_name":"Bladna News","article_published_time":"2026-01-29T12:17:54+00:00","og_image":[{"width":1312,"height":736,"url":"https:\/\/bladnanews.com\/wp-content\/uploads\/2025\/12\/freepik__bladna-newscom-moroccan-soccer-homepage-banner-mor__41838.png","type":"image\/png"}],"author":"Bladna News Staff","twitter_card":"summary_large_image","twitter_misc":{"\u00c9crit par":"Bladna News Staff","Dur\u00e9e de lecture estim\u00e9e":"1 minute"},"schema":{"@context":"https:\/\/schema.org","@graph":[{"@type":"Article","@id":"https:\/\/bladnanews.com\/harry-maguire-praises-michael-carrick-quality-in-training\/#article","isPartOf":{"@id":"https:\/\/bladnanews.com\/harry-maguire-praises-michael-carrick-quality-in-training\/"},"author":{"name":"Bladna News Staff","@id":"https:\/\/mediumseagreen-eel-531711.hostingersite.com\/#\/schema\/person\/268e18a453ab080ebf76df6ef7845083"},"headline":"Harry Maguire praises Michael Carrick quality in training","datePublished":"2026-01-29T12:17:54+00:00","mainEntityOfPage":{"@id":"https:\/\/bladnanews.com\/harry-maguire-praises-michael-carrick-quality-in-training\/"},"wordCount":161,"publisher":{"@id":"https:\/\/mediumseagreen-eel-531711.hostingersite.com\/#organization"},"image":{"@id":"https:\/\/bladnanews.com\/harry-maguire-praises-michael-carrick-quality-in-training\/#primaryimage"},"thumbnailUrl":"https:\/\/bladnanews.com\/wp-content\/uploads\/2026\/01\/BladnaNews-Harry-Maguire-praises-Michael-Carrick-quality-in-training-2026-01-29T211046.588Z.jpg","articleSection":["International","Latest News"],"inLanguage":"fr-FR","copyrightYear":"2026","copyrightHolder":{"@id":"https:\/\/bladnanews.com\/fr\/#organization"}},{"@type":"WebPage","@id":"https:\/\/bladnanews.com\/harry-maguire-praises-michael-carrick-quality-in-training\/","url":"https:\/\/bladnanews.com\/harry-maguire-praises-michael-carrick-quality-in-training\/","name":"Harry Maguire fait l'\u00e9loge des qualit\u00e9s de Michael Carrick \u00e0 l'entra\u00eenement - Bladna News","isPartOf":{"@id":"https:\/\/mediumseagreen-eel-531711.hostingersite.com\/#website"},"primaryImageOfPage":{"@id":"https:\/\/bladnanews.com\/harry-maguire-praises-michael-carrick-quality-in-training\/#primaryimage"},"image":{"@id":"https:\/\/bladnanews.com\/harry-maguire-praises-michael-carrick-quality-in-training\/#primaryimage"},"thumbnailUrl":"https:\/\/bladnanews.com\/wp-content\/uploads\/2026\/01\/BladnaNews-Harry-Maguire-praises-Michael-Carrick-quality-in-training-2026-01-29T211046.588Z.jpg","datePublished":"2026-01-29T12:17:54+00:00","breadcrumb":{"@id":"https:\/\/bladnanews.com\/harry-maguire-praises-michael-carrick-quality-in-training\/#breadcrumb"},"inLanguage":"fr-FR","potentialAction":[{"@type":"ReadAction","target":["https:\/\/bladnanews.com\/harry-maguire-praises-michael-carrick-quality-in-training\/"]}]},{"@type":"ImageObject","inLanguage":"fr-FR","@id":"https:\/\/bladnanews.com\/harry-maguire-praises-michael-carrick-quality-in-training\/#primaryimage","url":"https:\/\/bladnanews.com\/wp-content\/uploads\/2026\/01\/BladnaNews-Harry-Maguire-praises-Michael-Carrick-quality-in-training-2026-01-29T211046.588Z.jpg","contentUrl":"https:\/\/bladnanews.com\/wp-content\/uploads\/2026\/01\/BladnaNews-Harry-Maguire-praises-Michael-Carrick-quality-in-training-2026-01-29T211046.588Z.jpg","width":1920,"height":1080,"caption":"Harry Maguire in a black Manchester United kit with yellow accents, alongside Michael Carrick celebrating passionately in a dark jacket."},{"@type":"BreadcrumbList","@id":"https:\/\/bladnanews.com\/harry-maguire-praises-michael-carrick-quality-in-training\/#breadcrumb","itemListElement":[{"@type":"ListItem","position":1,"name":"Home","item":"https:\/\/bladnanews.com\/"},{"@type":"ListItem","position":2,"name":"Harry Maguire praises Michael Carrick quality in training"}]},{"@type":"WebSite","@id":"https:\/\/mediumseagreen-eel-531711.hostingersite.com\/#website","url":"https:\/\/mediumseagreen-eel-531711.hostingersite.com\/","name":"Bladna News - Maroc","description":"Quand le football marocain rencontre le monde","publisher":{"@id":"https:\/\/mediumseagreen-eel-531711.hostingersite.com\/#organization"},"potentialAction":[{"@type":"SearchAction","target":{"@type":"EntryPoint","urlTemplate":"https:\/\/mediumseagreen-eel-531711.hostingersite.com\/?s={search_term_string}"},"query-input":{"@type":"PropertyValueSpecification","valueRequired":true,"valueName":"search_term_string"}}],"inLanguage":"fr-FR"},{"@type":"Organization","@id":"https:\/\/mediumseagreen-eel-531711.hostingersite.com\/#organization","name":"Bladna News.com","url":"https:\/\/mediumseagreen-eel-531711.hostingersite.com\/","logo":{"@type":"ImageObject","inLanguage":"fr-FR","@id":"https:\/\/mediumseagreen-eel-531711.hostingersite.com\/#\/schema\/logo\/image\/","url":"https:\/\/bladnanews.com\/wp-content\/uploads\/2025\/12\/logo-bladnanews-V2-web-black-red.png","contentUrl":"https:\/\/bladnanews.com\/wp-content\/uploads\/2025\/12\/logo-bladnanews-V2-web-black-red.png","width":703,"height":287,"caption":"Bladna News.com"},"image":{"@id":"https:\/\/mediumseagreen-eel-531711.hostingersite.com\/#\/schema\/logo\/image\/"},"email":"info@bladnanews.com","legalName":"Bladna News"},{"@type":"Person","@id":"https:\/\/mediumseagreen-eel-531711.hostingersite.com\/#\/schema\/person\/268e18a453ab080ebf76df6ef7845083","name":"\u00c9quipe r\u00e9dactionnelle de Bladna News","url":"https:\/\/bladnanews.com\/fr\/author\/bladna-news-staff\/"}]}},"_links":{"self":[{"href":"https:\/\/bladnanews.com\/fr\/wp-json\/wp\/v2\/posts\/8141","targetHints":{"allow":["GET"]}}],"collection":[{"href":"https:\/\/bladnanews.com\/fr\/wp-json\/wp\/v2\/posts"}],"about":[{"href":"https:\/\/bladnanews.com\/fr\/wp-json\/wp\/v2\/types\/post"}],"author":[{"embeddable":true,"href":"https:\/\/bladnanews.com\/fr\/wp-json\/wp\/v2\/users\/3"}],"replies":[{"embeddable":true,"href":"https:\/\/bladnanews.com\/fr\/wp-json\/wp\/v2\/comments?post=8141"}],"version-history":[{"count":0,"href":"https:\/\/bladnanews.com\/fr\/wp-json\/wp\/v2\/posts\/8141\/revisions"}],"wp:featuredmedia":[{"embeddable":true,"href":"https:\/\/bladnanews.com\/fr\/wp-json\/wp\/v2\/media\/8140"}],"wp:attachment":[{"href":"https:\/\/bladnanews.com\/fr\/wp-json\/wp\/v2\/media?parent=8141"}],"wp:term":[{"taxonomy":"category","embeddable":true,"href":"https:\/\/bladnanews.com\/fr\/wp-json\/wp\/v2\/categories?post=8141"},{"taxonomy":"post_tag","embeddable":true,"href":"https:\/\/bladnanews.com\/fr\/wp-json\/wp\/v2\/tags?post=8141"}],"curies":[{"name":"wp","href":"https:\/\/api.w.org\/{rel}","templated":true}]}}