{"id":8147,"date":"2026-01-29T13:04:59","date_gmt":"2026-01-29T13:04:59","guid":{"rendered":"https:\/\/bladnanews.com\/conor-coady-leaves-wrexham-to-join-charlton-after-6-months\/"},"modified":"2026-01-29T13:04:59","modified_gmt":"2026-01-29T13:04:59","slug":"conor-coady-quitte-wrexham-pour-rejoindre-charlton-apres-6-mois","status":"publish","type":"post","link":"https:\/\/bladnanews.com\/fr\/conor-coady-quitte-wrexham-pour-rejoindre-charlton-apres-6-mois\/","title":{"rendered":"Conor Coady quitte Wrexham pour rejoindre Charlton apr\u00e8s 6 mois"},"content":{"rendered":"<p>Conor Coady a \u00e9court\u00e9 son passage \u00e0 Wrexham apr\u00e8s avoir finalis\u00e9 son transfert \u00e0 Charlton, seulement six mois apr\u00e8s avoir rejoint les Red Dragons pour un montant de 2 millions de livres.<\/p>\n<p>L'ancien d\u00e9fenseur de Premier League n'\u00e9tait arriv\u00e9 dans le nord du Pays de Galles qu'au d\u00e9but de cette saison, Wrexham ayant conclu un transfert tr\u00e8s m\u00e9diatis\u00e9 pour l'acqu\u00e9rir pour environ 2 millions de livres. Cependant, Coady ne terminera pas la campagne au Racecourse Ground, Charlton ayant d\u00e9sormais confirm\u00e9 sa signature.<\/p>\n<p>Le d\u00e9part de Coady met fin de mani\u00e8re abrupte \u00e0 un bref passage \u00e0 Wrexham, o\u00f9 son arriv\u00e9e avait \u00e9t\u00e9 per\u00e7ue comme une forte d\u00e9claration d'intention. \u00c0 la place, le d\u00e9fenseur central exp\u00e9riment\u00e9 rejoint The Valley en milieu de saison, obligeant Phil Parkinson \u00e0 r\u00e9organiser ses options d\u00e9fensives.<\/p>\n<p>Ce transfert fait de Coady le dernier renfort de Charlton, le club cherchant \u00e0 renforcer son effectif, tandis que Wrexham devra rapidement se tourner vers l'avenir apr\u00e8s avoir perdu l'un de ses recrutements les plus m\u00e9diatis\u00e9s.<\/p>","protected":false},"excerpt":{"rendered":"<p>Conor Coady has cut short his time at Wrexham after completing a move to Charlton, just six months on from [&hellip;]<\/p>\n","protected":false},"author":3,"featured_media":8146,"comment_status":"","ping_status":"open","sticky":false,"template":"","format":"standard","meta":{"googlesitekit_rrm_CAow_uzEDA:productID":"","site-sidebar-layout":"default","site-content-layout":"","ast-site-content-layout":"default","site-content-style":"default","site-sidebar-style":"default","ast-global-header-display":"","ast-banner-title-visibility":"","ast-main-header-display":"","ast-hfb-above-header-display":"","ast-hfb-below-header-display":"","ast-hfb-mobile-header-display":"","site-post-title":"","ast-breadcrumbs-content":"","ast-featured-img":"","footer-sml-layout":"","ast-disable-related-posts":"","theme-transparent-header-meta":"","adv-header-id-meta":"","stick-header-meta":"","header-above-stick-meta":"","header-main-stick-meta":"","header-below-stick-meta":"","astra-migrate-meta-layouts":"default","ast-page-background-enabled":"default","ast-page-background-meta":{"desktop":{"background-color":"var(--ast-global-color-5)","background-image":"","background-repeat":"repeat","background-position":"center center","background-size":"auto","background-attachment":"scroll","background-type":"","background-media":"","overlay-type":"","overlay-color":"","overlay-opacity":"","overlay-gradient":""},"tablet":{"background-color":"","background-image":"","background-repeat":"repeat","background-position":"center center","background-size":"auto","background-attachment":"scroll","background-type":"","background-media":"","overlay-type":"","overlay-color":"","overlay-opacity":"","overlay-gradient":""},"mobile":{"background-color":"","background-image":"","background-repeat":"repeat","background-position":"center center","background-size":"auto","background-attachment":"scroll","background-type":"","background-media":"","overlay-type":"","overlay-color":"","overlay-opacity":"","overlay-gradient":""}},"ast-content-background-meta":{"desktop":{"background-color":"var(--ast-global-color-4)","background-image":"","background-repeat":"repeat","background-position":"center center","background-size":"auto","background-attachment":"scroll","background-type":"","background-media":"","overlay-type":"","overlay-color":"","overlay-opacity":"","overlay-gradient":""},"tablet":{"background-color":"var(--ast-global-color-4)","background-image":"","background-repeat":"repeat","background-position":"center center","background-size":"auto","background-attachment":"scroll","background-type":"","background-media":"","overlay-type":"","overlay-color":"","overlay-opacity":"","overlay-gradient":""},"mobile":{"background-color":"var(--ast-global-color-4)","background-image":"","background-repeat":"repeat","background-position":"center center","background-size":"auto","background-attachment":"scroll","background-type":"","background-media":"","overlay-type":"","overlay-color":"","overlay-opacity":"","overlay-gradient":""}},"footnotes":""},"categories":[20,1],"tags":[],"class_list":["post-8147","post","type-post","status-publish","format-standard","has-post-thumbnail","hentry","category-international","category-football-latest-news"],"yoast_head":"<!-- This site is optimized with the Yoast SEO Premium plugin v26.6 (Yoast SEO v27.4) - https:\/\/yoast.com\/product\/yoast-seo-premium-wordpress\/ -->\n<title>Conor Coady leaves Wrexham to join Charlton after 6 months - Bladna News<\/title>\n<meta name=\"robots\" content=\"index, follow, max-snippet:-1, max-image-preview:large, max-video-preview:-1\" \/>\n<link rel=\"canonical\" href=\"https:\/\/bladnanews.com\/fr\/conor-coady-quitte-wrexham-pour-rejoindre-charlton-apres-6-mois\/\" \/>\n<meta property=\"og:locale\" content=\"fr_FR\" \/>\n<meta property=\"og:type\" content=\"article\" \/>\n<meta property=\"og:title\" content=\"Conor Coady leaves Wrexham to join Charlton after 6 months\" \/>\n<meta property=\"og:description\" content=\"Conor Coady has cut short his time at Wrexham after completing a move to Charlton, just six months on from [&hellip;]\" \/>\n<meta property=\"og:url\" content=\"https:\/\/bladnanews.com\/fr\/conor-coady-quitte-wrexham-pour-rejoindre-charlton-apres-6-mois\/\" \/>\n<meta property=\"og:site_name\" content=\"Bladna News\" \/>\n<meta property=\"article:published_time\" content=\"2026-01-29T13:04:59+00:00\" \/>\n<meta property=\"og:image\" content=\"https:\/\/bladnanews.com\/wp-content\/uploads\/2025\/12\/freepik__bladna-newscom-moroccan-soccer-homepage-banner-mor__41838.png\" \/>\n\t<meta property=\"og:image:width\" content=\"1312\" \/>\n\t<meta property=\"og:image:height\" content=\"736\" \/>\n\t<meta property=\"og:image:type\" content=\"image\/png\" \/>\n<meta name=\"author\" content=\"Bladna News Staff\" \/>\n<meta name=\"twitter:card\" content=\"summary_large_image\" \/>\n<meta name=\"twitter:label1\" content=\"\u00c9crit par\" \/>\n\t<meta name=\"twitter:data1\" content=\"Bladna News Staff\" \/>\n\t<meta name=\"twitter:label2\" content=\"Dur\u00e9e de lecture estim\u00e9e\" \/>\n\t<meta name=\"twitter:data2\" content=\"1 minute\" \/>\n<script type=\"application\/ld+json\" class=\"yoast-schema-graph\">{\"@context\":\"https:\\\/\\\/schema.org\",\"@graph\":[{\"@type\":\"Article\",\"@id\":\"https:\\\/\\\/bladnanews.com\\\/conor-coady-leaves-wrexham-to-join-charlton-after-6-months\\\/#article\",\"isPartOf\":{\"@id\":\"https:\\\/\\\/bladnanews.com\\\/conor-coady-leaves-wrexham-to-join-charlton-after-6-months\\\/\"},\"author\":{\"name\":\"Bladna News Staff\",\"@id\":\"https:\\\/\\\/mediumseagreen-eel-531711.hostingersite.com\\\/#\\\/schema\\\/person\\\/268e18a453ab080ebf76df6ef7845083\"},\"headline\":\"Conor Coady leaves Wrexham to join Charlton after 6 months\",\"datePublished\":\"2026-01-29T13:04:59+00:00\",\"mainEntityOfPage\":{\"@id\":\"https:\\\/\\\/bladnanews.com\\\/conor-coady-leaves-wrexham-to-join-charlton-after-6-months\\\/\"},\"wordCount\":160,\"publisher\":{\"@id\":\"https:\\\/\\\/mediumseagreen-eel-531711.hostingersite.com\\\/#organization\"},\"image\":{\"@id\":\"https:\\\/\\\/bladnanews.com\\\/conor-coady-leaves-wrexham-to-join-charlton-after-6-months\\\/#primaryimage\"},\"thumbnailUrl\":\"https:\\\/\\\/bladnanews.com\\\/wp-content\\\/uploads\\\/2026\\\/01\\\/BladnaNews-Conor-Coady-leaves-Wrexham-to-join-Charlton-after-6-months-2026-01-30T010928.287Z.jpg\",\"articleSection\":[\"International\",\"Latest News\"],\"inLanguage\":\"fr-FR\",\"copyrightYear\":\"2026\",\"copyrightHolder\":{\"@id\":\"https:\\\/\\\/bladnanews.com\\\/fr\\\/#organization\"}},{\"@type\":\"WebPage\",\"@id\":\"https:\\\/\\\/bladnanews.com\\\/conor-coady-leaves-wrexham-to-join-charlton-after-6-months\\\/\",\"url\":\"https:\\\/\\\/bladnanews.com\\\/conor-coady-leaves-wrexham-to-join-charlton-after-6-months\\\/\",\"name\":\"Conor Coady leaves Wrexham to join Charlton after 6 months - Bladna News\",\"isPartOf\":{\"@id\":\"https:\\\/\\\/mediumseagreen-eel-531711.hostingersite.com\\\/#website\"},\"primaryImageOfPage\":{\"@id\":\"https:\\\/\\\/bladnanews.com\\\/conor-coady-leaves-wrexham-to-join-charlton-after-6-months\\\/#primaryimage\"},\"image\":{\"@id\":\"https:\\\/\\\/bladnanews.com\\\/conor-coady-leaves-wrexham-to-join-charlton-after-6-months\\\/#primaryimage\"},\"thumbnailUrl\":\"https:\\\/\\\/bladnanews.com\\\/wp-content\\\/uploads\\\/2026\\\/01\\\/BladnaNews-Conor-Coady-leaves-Wrexham-to-join-Charlton-after-6-months-2026-01-30T010928.287Z.jpg\",\"datePublished\":\"2026-01-29T13:04:59+00:00\",\"breadcrumb\":{\"@id\":\"https:\\\/\\\/bladnanews.com\\\/conor-coady-leaves-wrexham-to-join-charlton-after-6-months\\\/#breadcrumb\"},\"inLanguage\":\"fr-FR\",\"potentialAction\":[{\"@type\":\"ReadAction\",\"target\":[\"https:\\\/\\\/bladnanews.com\\\/conor-coady-leaves-wrexham-to-join-charlton-after-6-months\\\/\"]}]},{\"@type\":\"ImageObject\",\"inLanguage\":\"fr-FR\",\"@id\":\"https:\\\/\\\/bladnanews.com\\\/conor-coady-leaves-wrexham-to-join-charlton-after-6-months\\\/#primaryimage\",\"url\":\"https:\\\/\\\/bladnanews.com\\\/wp-content\\\/uploads\\\/2026\\\/01\\\/BladnaNews-Conor-Coady-leaves-Wrexham-to-join-Charlton-after-6-months-2026-01-30T010928.287Z.jpg\",\"contentUrl\":\"https:\\\/\\\/bladnanews.com\\\/wp-content\\\/uploads\\\/2026\\\/01\\\/BladnaNews-Conor-Coady-leaves-Wrexham-to-join-Charlton-after-6-months-2026-01-30T010928.287Z.jpg\",\"width\":1920,\"height\":1080,\"caption\":\"Conor Coady celebrating passionately in Wrexham's red home kit during a match, displaying team spirit and determination.\"},{\"@type\":\"BreadcrumbList\",\"@id\":\"https:\\\/\\\/bladnanews.com\\\/conor-coady-leaves-wrexham-to-join-charlton-after-6-months\\\/#breadcrumb\",\"itemListElement\":[{\"@type\":\"ListItem\",\"position\":1,\"name\":\"Home\",\"item\":\"https:\\\/\\\/bladnanews.com\\\/\"},{\"@type\":\"ListItem\",\"position\":2,\"name\":\"Conor Coady leaves Wrexham to join Charlton after 6 months\"}]},{\"@type\":\"WebSite\",\"@id\":\"https:\\\/\\\/mediumseagreen-eel-531711.hostingersite.com\\\/#website\",\"url\":\"https:\\\/\\\/mediumseagreen-eel-531711.hostingersite.com\\\/\",\"name\":\"Bladna News - Morocco\",\"description\":\"Where Moroccan Football Meets the World\",\"publisher\":{\"@id\":\"https:\\\/\\\/mediumseagreen-eel-531711.hostingersite.com\\\/#organization\"},\"potentialAction\":[{\"@type\":\"SearchAction\",\"target\":{\"@type\":\"EntryPoint\",\"urlTemplate\":\"https:\\\/\\\/mediumseagreen-eel-531711.hostingersite.com\\\/?s={search_term_string}\"},\"query-input\":{\"@type\":\"PropertyValueSpecification\",\"valueRequired\":true,\"valueName\":\"search_term_string\"}}],\"inLanguage\":\"fr-FR\"},{\"@type\":\"Organization\",\"@id\":\"https:\\\/\\\/mediumseagreen-eel-531711.hostingersite.com\\\/#organization\",\"name\":\"Bladna News.com\",\"url\":\"https:\\\/\\\/mediumseagreen-eel-531711.hostingersite.com\\\/\",\"logo\":{\"@type\":\"ImageObject\",\"inLanguage\":\"fr-FR\",\"@id\":\"https:\\\/\\\/mediumseagreen-eel-531711.hostingersite.com\\\/#\\\/schema\\\/logo\\\/image\\\/\",\"url\":\"https:\\\/\\\/bladnanews.com\\\/wp-content\\\/uploads\\\/2025\\\/12\\\/logo-bladnanews-V2-web-black-red.png\",\"contentUrl\":\"https:\\\/\\\/bladnanews.com\\\/wp-content\\\/uploads\\\/2025\\\/12\\\/logo-bladnanews-V2-web-black-red.png\",\"width\":703,\"height\":287,\"caption\":\"Bladna News.com\"},\"image\":{\"@id\":\"https:\\\/\\\/mediumseagreen-eel-531711.hostingersite.com\\\/#\\\/schema\\\/logo\\\/image\\\/\"},\"email\":\"info@bladnanews.com\",\"legalName\":\"Bladna News\"},{\"@type\":\"Person\",\"@id\":\"https:\\\/\\\/mediumseagreen-eel-531711.hostingersite.com\\\/#\\\/schema\\\/person\\\/268e18a453ab080ebf76df6ef7845083\",\"name\":\"Bladna News Staff\",\"url\":\"https:\\\/\\\/bladnanews.com\\\/fr\\\/author\\\/bladna-news-staff\\\/\"}]}<\/script>\n<!-- \/ Yoast SEO Premium plugin. -->","yoast_head_json":{"title":"Conor Coady quitte Wrexham pour rejoindre Charlton apr\u00e8s 6 mois - Bladna News","robots":{"index":"index","follow":"follow","max-snippet":"max-snippet:-1","max-image-preview":"max-image-preview:large","max-video-preview":"max-video-preview:-1"},"canonical":"https:\/\/bladnanews.com\/fr\/conor-coady-quitte-wrexham-pour-rejoindre-charlton-apres-6-mois\/","og_locale":"fr_FR","og_type":"article","og_title":"Conor Coady leaves Wrexham to join Charlton after 6 months","og_description":"Conor Coady has cut short his time at Wrexham after completing a move to Charlton, just six months on from [&hellip;]","og_url":"https:\/\/bladnanews.com\/fr\/conor-coady-quitte-wrexham-pour-rejoindre-charlton-apres-6-mois\/","og_site_name":"Bladna News","article_published_time":"2026-01-29T13:04:59+00:00","og_image":[{"width":1312,"height":736,"url":"https:\/\/bladnanews.com\/wp-content\/uploads\/2025\/12\/freepik__bladna-newscom-moroccan-soccer-homepage-banner-mor__41838.png","type":"image\/png"}],"author":"Bladna News Staff","twitter_card":"summary_large_image","twitter_misc":{"\u00c9crit par":"Bladna News Staff","Dur\u00e9e de lecture estim\u00e9e":"1 minute"},"schema":{"@context":"https:\/\/schema.org","@graph":[{"@type":"Article","@id":"https:\/\/bladnanews.com\/conor-coady-leaves-wrexham-to-join-charlton-after-6-months\/#article","isPartOf":{"@id":"https:\/\/bladnanews.com\/conor-coady-leaves-wrexham-to-join-charlton-after-6-months\/"},"author":{"name":"Bladna News Staff","@id":"https:\/\/mediumseagreen-eel-531711.hostingersite.com\/#\/schema\/person\/268e18a453ab080ebf76df6ef7845083"},"headline":"Conor Coady leaves Wrexham to join Charlton after 6 months","datePublished":"2026-01-29T13:04:59+00:00","mainEntityOfPage":{"@id":"https:\/\/bladnanews.com\/conor-coady-leaves-wrexham-to-join-charlton-after-6-months\/"},"wordCount":160,"publisher":{"@id":"https:\/\/mediumseagreen-eel-531711.hostingersite.com\/#organization"},"image":{"@id":"https:\/\/bladnanews.com\/conor-coady-leaves-wrexham-to-join-charlton-after-6-months\/#primaryimage"},"thumbnailUrl":"https:\/\/bladnanews.com\/wp-content\/uploads\/2026\/01\/BladnaNews-Conor-Coady-leaves-Wrexham-to-join-Charlton-after-6-months-2026-01-30T010928.287Z.jpg","articleSection":["International","Latest News"],"inLanguage":"fr-FR","copyrightYear":"2026","copyrightHolder":{"@id":"https:\/\/bladnanews.com\/fr\/#organization"}},{"@type":"WebPage","@id":"https:\/\/bladnanews.com\/conor-coady-leaves-wrexham-to-join-charlton-after-6-months\/","url":"https:\/\/bladnanews.com\/conor-coady-leaves-wrexham-to-join-charlton-after-6-months\/","name":"Conor Coady quitte Wrexham pour rejoindre Charlton apr\u00e8s 6 mois - Bladna News","isPartOf":{"@id":"https:\/\/mediumseagreen-eel-531711.hostingersite.com\/#website"},"primaryImageOfPage":{"@id":"https:\/\/bladnanews.com\/conor-coady-leaves-wrexham-to-join-charlton-after-6-months\/#primaryimage"},"image":{"@id":"https:\/\/bladnanews.com\/conor-coady-leaves-wrexham-to-join-charlton-after-6-months\/#primaryimage"},"thumbnailUrl":"https:\/\/bladnanews.com\/wp-content\/uploads\/2026\/01\/BladnaNews-Conor-Coady-leaves-Wrexham-to-join-Charlton-after-6-months-2026-01-30T010928.287Z.jpg","datePublished":"2026-01-29T13:04:59+00:00","breadcrumb":{"@id":"https:\/\/bladnanews.com\/conor-coady-leaves-wrexham-to-join-charlton-after-6-months\/#breadcrumb"},"inLanguage":"fr-FR","potentialAction":[{"@type":"ReadAction","target":["https:\/\/bladnanews.com\/conor-coady-leaves-wrexham-to-join-charlton-after-6-months\/"]}]},{"@type":"ImageObject","inLanguage":"fr-FR","@id":"https:\/\/bladnanews.com\/conor-coady-leaves-wrexham-to-join-charlton-after-6-months\/#primaryimage","url":"https:\/\/bladnanews.com\/wp-content\/uploads\/2026\/01\/BladnaNews-Conor-Coady-leaves-Wrexham-to-join-Charlton-after-6-months-2026-01-30T010928.287Z.jpg","contentUrl":"https:\/\/bladnanews.com\/wp-content\/uploads\/2026\/01\/BladnaNews-Conor-Coady-leaves-Wrexham-to-join-Charlton-after-6-months-2026-01-30T010928.287Z.jpg","width":1920,"height":1080,"caption":"Conor Coady celebrating passionately in Wrexham's red home kit during a match, displaying team spirit and determination."},{"@type":"BreadcrumbList","@id":"https:\/\/bladnanews.com\/conor-coady-leaves-wrexham-to-join-charlton-after-6-months\/#breadcrumb","itemListElement":[{"@type":"ListItem","position":1,"name":"Home","item":"https:\/\/bladnanews.com\/"},{"@type":"ListItem","position":2,"name":"Conor Coady leaves Wrexham to join Charlton after 6 months"}]},{"@type":"WebSite","@id":"https:\/\/mediumseagreen-eel-531711.hostingersite.com\/#website","url":"https:\/\/mediumseagreen-eel-531711.hostingersite.com\/","name":"Bladna News - Maroc","description":"Quand le football marocain rencontre le monde","publisher":{"@id":"https:\/\/mediumseagreen-eel-531711.hostingersite.com\/#organization"},"potentialAction":[{"@type":"SearchAction","target":{"@type":"EntryPoint","urlTemplate":"https:\/\/mediumseagreen-eel-531711.hostingersite.com\/?s={search_term_string}"},"query-input":{"@type":"PropertyValueSpecification","valueRequired":true,"valueName":"search_term_string"}}],"inLanguage":"fr-FR"},{"@type":"Organization","@id":"https:\/\/mediumseagreen-eel-531711.hostingersite.com\/#organization","name":"Bladna News.com","url":"https:\/\/mediumseagreen-eel-531711.hostingersite.com\/","logo":{"@type":"ImageObject","inLanguage":"fr-FR","@id":"https:\/\/mediumseagreen-eel-531711.hostingersite.com\/#\/schema\/logo\/image\/","url":"https:\/\/bladnanews.com\/wp-content\/uploads\/2025\/12\/logo-bladnanews-V2-web-black-red.png","contentUrl":"https:\/\/bladnanews.com\/wp-content\/uploads\/2025\/12\/logo-bladnanews-V2-web-black-red.png","width":703,"height":287,"caption":"Bladna News.com"},"image":{"@id":"https:\/\/mediumseagreen-eel-531711.hostingersite.com\/#\/schema\/logo\/image\/"},"email":"info@bladnanews.com","legalName":"Bladna News"},{"@type":"Person","@id":"https:\/\/mediumseagreen-eel-531711.hostingersite.com\/#\/schema\/person\/268e18a453ab080ebf76df6ef7845083","name":"\u00c9quipe r\u00e9dactionnelle de Bladna News","url":"https:\/\/bladnanews.com\/fr\/author\/bladna-news-staff\/"}]}},"_links":{"self":[{"href":"https:\/\/bladnanews.com\/fr\/wp-json\/wp\/v2\/posts\/8147","targetHints":{"allow":["GET"]}}],"collection":[{"href":"https:\/\/bladnanews.com\/fr\/wp-json\/wp\/v2\/posts"}],"about":[{"href":"https:\/\/bladnanews.com\/fr\/wp-json\/wp\/v2\/types\/post"}],"author":[{"embeddable":true,"href":"https:\/\/bladnanews.com\/fr\/wp-json\/wp\/v2\/users\/3"}],"replies":[{"embeddable":true,"href":"https:\/\/bladnanews.com\/fr\/wp-json\/wp\/v2\/comments?post=8147"}],"version-history":[{"count":0,"href":"https:\/\/bladnanews.com\/fr\/wp-json\/wp\/v2\/posts\/8147\/revisions"}],"wp:featuredmedia":[{"embeddable":true,"href":"https:\/\/bladnanews.com\/fr\/wp-json\/wp\/v2\/media\/8146"}],"wp:attachment":[{"href":"https:\/\/bladnanews.com\/fr\/wp-json\/wp\/v2\/media?parent=8147"}],"wp:term":[{"taxonomy":"category","embeddable":true,"href":"https:\/\/bladnanews.com\/fr\/wp-json\/wp\/v2\/categories?post=8147"},{"taxonomy":"post_tag","embeddable":true,"href":"https:\/\/bladnanews.com\/fr\/wp-json\/wp\/v2\/tags?post=8147"}],"curies":[{"name":"wp","href":"https:\/\/api.w.org\/{rel}","templated":true}]}}