{"id":8149,"date":"2026-01-29T13:07:30","date_gmt":"2026-01-29T13:07:30","guid":{"rendered":"https:\/\/bladnanews.com\/man-utd-decide-against-summer-move-for-chelsea-star-cole-palmer\/"},"modified":"2026-01-29T13:07:30","modified_gmt":"2026-01-29T13:07:30","slug":"manchester-united-decide-de-ne-pas-faire-une-offre-estivale-pour-la-star-de-chelsea-cole-palmer","status":"publish","type":"post","link":"https:\/\/bladnanews.com\/fr\/manchester-united-decide-de-ne-pas-faire-une-offre-estivale-pour-la-star-de-chelsea-cole-palmer\/","title":{"rendered":"Manchester United d\u00e9cide de ne pas faire une offre estivale pour la star de Chelsea, Cole Palmer."},"content":{"rendered":"<p>Manchester United a d\u00e9cid\u00e9 de ne pas faire une offre estivale pour la star de Chelsea Cole Palmer, la position du club sur l'international anglais \u00e9tant d\u00e9sormais r\u00e9v\u00e9l\u00e9e.<\/p>\n<p>Palmer a \u00e9t\u00e9 l'un des joueurs les plus remarquables de la Premier League depuis son arriv\u00e9e \u00e0 Chelsea, jouant un r\u00f4le cl\u00e9 dans leur attaque et s'imposant rapidement comme une figure centrale \u00e0 Stamford Bridge.<\/p>\n<p>Malgr\u00e9 cette forme, United ne pr\u00e9voit pas de poursuivre un accord pour le joueur de 21 ans cet \u00e9t\u00e9. Cette d\u00e9cision apporte une clarification sur la position des Red Devils, Palmer n'\u00e9tant pas consid\u00e9r\u00e9 comme une cible pour le prochain mercato.<\/p>\n<p>Cette mise \u00e0 jour intervient alors que l'attention reste focalis\u00e9e sur les plans de recrutement de United, qui \u00e9valuent la meilleure fa\u00e7on de renforcer l'effectif d'Erik ten Hag pour la saison prochaine.<\/p>\n<p>Palmer, quant \u00e0 lui, reste un \u00e9l\u00e9ment majeur du projet de Chelsea et devrait continuer \u00e0 jouer un r\u00f4le de premier plan alors que le club cherche \u00e0 prendre de l'\u00e9lan pour l'avenir.<\/p>","protected":false},"excerpt":{"rendered":"<p>Manchester United have decided against making a summer move for Chelsea star Cole Palmer, with the club\u2019s stance on the [&hellip;]<\/p>\n","protected":false},"author":3,"featured_media":8148,"comment_status":"","ping_status":"open","sticky":false,"template":"","format":"standard","meta":{"googlesitekit_rrm_CAow_uzEDA:productID":"","site-sidebar-layout":"default","site-content-layout":"","ast-site-content-layout":"default","site-content-style":"default","site-sidebar-style":"default","ast-global-header-display":"","ast-banner-title-visibility":"","ast-main-header-display":"","ast-hfb-above-header-display":"","ast-hfb-below-header-display":"","ast-hfb-mobile-header-display":"","site-post-title":"","ast-breadcrumbs-content":"","ast-featured-img":"","footer-sml-layout":"","ast-disable-related-posts":"","theme-transparent-header-meta":"","adv-header-id-meta":"","stick-header-meta":"","header-above-stick-meta":"","header-main-stick-meta":"","header-below-stick-meta":"","astra-migrate-meta-layouts":"default","ast-page-background-enabled":"default","ast-page-background-meta":{"desktop":{"background-color":"var(--ast-global-color-5)","background-image":"","background-repeat":"repeat","background-position":"center center","background-size":"auto","background-attachment":"scroll","background-type":"","background-media":"","overlay-type":"","overlay-color":"","overlay-opacity":"","overlay-gradient":""},"tablet":{"background-color":"","background-image":"","background-repeat":"repeat","background-position":"center center","background-size":"auto","background-attachment":"scroll","background-type":"","background-media":"","overlay-type":"","overlay-color":"","overlay-opacity":"","overlay-gradient":""},"mobile":{"background-color":"","background-image":"","background-repeat":"repeat","background-position":"center center","background-size":"auto","background-attachment":"scroll","background-type":"","background-media":"","overlay-type":"","overlay-color":"","overlay-opacity":"","overlay-gradient":""}},"ast-content-background-meta":{"desktop":{"background-color":"var(--ast-global-color-4)","background-image":"","background-repeat":"repeat","background-position":"center center","background-size":"auto","background-attachment":"scroll","background-type":"","background-media":"","overlay-type":"","overlay-color":"","overlay-opacity":"","overlay-gradient":""},"tablet":{"background-color":"var(--ast-global-color-4)","background-image":"","background-repeat":"repeat","background-position":"center center","background-size":"auto","background-attachment":"scroll","background-type":"","background-media":"","overlay-type":"","overlay-color":"","overlay-opacity":"","overlay-gradient":""},"mobile":{"background-color":"var(--ast-global-color-4)","background-image":"","background-repeat":"repeat","background-position":"center center","background-size":"auto","background-attachment":"scroll","background-type":"","background-media":"","overlay-type":"","overlay-color":"","overlay-opacity":"","overlay-gradient":""}},"footnotes":""},"categories":[20,1],"tags":[],"class_list":["post-8149","post","type-post","status-publish","format-standard","has-post-thumbnail","hentry","category-international","category-football-latest-news"],"yoast_head":"<!-- This site is optimized with the Yoast SEO Premium plugin v26.6 (Yoast SEO v27.4) - https:\/\/yoast.com\/product\/yoast-seo-premium-wordpress\/ -->\n<title>Man Utd decide against summer move for Chelsea star Cole Palmer - Bladna News<\/title>\n<meta name=\"robots\" content=\"index, follow, max-snippet:-1, max-image-preview:large, max-video-preview:-1\" \/>\n<link rel=\"canonical\" href=\"https:\/\/bladnanews.com\/fr\/manchester-united-decide-de-ne-pas-faire-une-offre-estivale-pour-la-star-de-chelsea-cole-palmer\/\" \/>\n<meta property=\"og:locale\" content=\"fr_FR\" \/>\n<meta property=\"og:type\" content=\"article\" \/>\n<meta property=\"og:title\" content=\"Man Utd decide against summer move for Chelsea star Cole Palmer\" \/>\n<meta property=\"og:description\" content=\"Manchester United have decided against making a summer move for Chelsea star Cole Palmer, with the club\u2019s stance on the [&hellip;]\" \/>\n<meta property=\"og:url\" content=\"https:\/\/bladnanews.com\/fr\/manchester-united-decide-de-ne-pas-faire-une-offre-estivale-pour-la-star-de-chelsea-cole-palmer\/\" \/>\n<meta property=\"og:site_name\" content=\"Bladna News\" \/>\n<meta property=\"article:published_time\" content=\"2026-01-29T13:07:30+00:00\" \/>\n<meta property=\"og:image\" content=\"https:\/\/bladnanews.com\/wp-content\/uploads\/2025\/12\/freepik__bladna-newscom-moroccan-soccer-homepage-banner-mor__41838.png\" \/>\n\t<meta property=\"og:image:width\" content=\"1312\" \/>\n\t<meta property=\"og:image:height\" content=\"736\" \/>\n\t<meta property=\"og:image:type\" content=\"image\/png\" \/>\n<meta name=\"author\" content=\"Bladna News Staff\" \/>\n<meta name=\"twitter:card\" content=\"summary_large_image\" \/>\n<meta name=\"twitter:label1\" content=\"\u00c9crit par\" \/>\n\t<meta name=\"twitter:data1\" content=\"Bladna News Staff\" \/>\n\t<meta name=\"twitter:label2\" content=\"Dur\u00e9e de lecture estim\u00e9e\" \/>\n\t<meta name=\"twitter:data2\" content=\"1 minute\" \/>\n<script type=\"application\/ld+json\" class=\"yoast-schema-graph\">{\"@context\":\"https:\\\/\\\/schema.org\",\"@graph\":[{\"@type\":\"Article\",\"@id\":\"https:\\\/\\\/bladnanews.com\\\/man-utd-decide-against-summer-move-for-chelsea-star-cole-palmer\\\/#article\",\"isPartOf\":{\"@id\":\"https:\\\/\\\/bladnanews.com\\\/man-utd-decide-against-summer-move-for-chelsea-star-cole-palmer\\\/\"},\"author\":{\"name\":\"Bladna News Staff\",\"@id\":\"https:\\\/\\\/mediumseagreen-eel-531711.hostingersite.com\\\/#\\\/schema\\\/person\\\/268e18a453ab080ebf76df6ef7845083\"},\"headline\":\"Man Utd decide against summer move for Chelsea star Cole Palmer\",\"datePublished\":\"2026-01-29T13:07:30+00:00\",\"mainEntityOfPage\":{\"@id\":\"https:\\\/\\\/bladnanews.com\\\/man-utd-decide-against-summer-move-for-chelsea-star-cole-palmer\\\/\"},\"wordCount\":161,\"publisher\":{\"@id\":\"https:\\\/\\\/mediumseagreen-eel-531711.hostingersite.com\\\/#organization\"},\"image\":{\"@id\":\"https:\\\/\\\/bladnanews.com\\\/man-utd-decide-against-summer-move-for-chelsea-star-cole-palmer\\\/#primaryimage\"},\"thumbnailUrl\":\"https:\\\/\\\/bladnanews.com\\\/wp-content\\\/uploads\\\/2026\\\/01\\\/BladnaNews-Man-Utd-decide-against-summer-move-for-Chelsea-star-Cole-Palmer-2026-01-30T010946.916Z-scaled.jpg\",\"articleSection\":[\"International\",\"Latest News\"],\"inLanguage\":\"fr-FR\",\"copyrightYear\":\"2026\",\"copyrightHolder\":{\"@id\":\"https:\\\/\\\/bladnanews.com\\\/fr\\\/#organization\"}},{\"@type\":\"WebPage\",\"@id\":\"https:\\\/\\\/bladnanews.com\\\/man-utd-decide-against-summer-move-for-chelsea-star-cole-palmer\\\/\",\"url\":\"https:\\\/\\\/bladnanews.com\\\/man-utd-decide-against-summer-move-for-chelsea-star-cole-palmer\\\/\",\"name\":\"Man Utd decide against summer move for Chelsea star Cole Palmer - Bladna News\",\"isPartOf\":{\"@id\":\"https:\\\/\\\/mediumseagreen-eel-531711.hostingersite.com\\\/#website\"},\"primaryImageOfPage\":{\"@id\":\"https:\\\/\\\/bladnanews.com\\\/man-utd-decide-against-summer-move-for-chelsea-star-cole-palmer\\\/#primaryimage\"},\"image\":{\"@id\":\"https:\\\/\\\/bladnanews.com\\\/man-utd-decide-against-summer-move-for-chelsea-star-cole-palmer\\\/#primaryimage\"},\"thumbnailUrl\":\"https:\\\/\\\/bladnanews.com\\\/wp-content\\\/uploads\\\/2026\\\/01\\\/BladnaNews-Man-Utd-decide-against-summer-move-for-Chelsea-star-Cole-Palmer-2026-01-30T010946.916Z-scaled.jpg\",\"datePublished\":\"2026-01-29T13:07:30+00:00\",\"breadcrumb\":{\"@id\":\"https:\\\/\\\/bladnanews.com\\\/man-utd-decide-against-summer-move-for-chelsea-star-cole-palmer\\\/#breadcrumb\"},\"inLanguage\":\"fr-FR\",\"potentialAction\":[{\"@type\":\"ReadAction\",\"target\":[\"https:\\\/\\\/bladnanews.com\\\/man-utd-decide-against-summer-move-for-chelsea-star-cole-palmer\\\/\"]}]},{\"@type\":\"ImageObject\",\"inLanguage\":\"fr-FR\",\"@id\":\"https:\\\/\\\/bladnanews.com\\\/man-utd-decide-against-summer-move-for-chelsea-star-cole-palmer\\\/#primaryimage\",\"url\":\"https:\\\/\\\/bladnanews.com\\\/wp-content\\\/uploads\\\/2026\\\/01\\\/BladnaNews-Man-Utd-decide-against-summer-move-for-Chelsea-star-Cole-Palmer-2026-01-30T010946.916Z-scaled.jpg\",\"contentUrl\":\"https:\\\/\\\/bladnanews.com\\\/wp-content\\\/uploads\\\/2026\\\/01\\\/BladnaNews-Man-Utd-decide-against-summer-move-for-Chelsea-star-Cole-Palmer-2026-01-30T010946.916Z-scaled.jpg\",\"width\":2560,\"height\":1440,\"caption\":\"Chelsea midfielder Cole Palmer in blue kit, focused during a match, showcasing the club's emblem against a blurred stadium backdrop.\"},{\"@type\":\"BreadcrumbList\",\"@id\":\"https:\\\/\\\/bladnanews.com\\\/man-utd-decide-against-summer-move-for-chelsea-star-cole-palmer\\\/#breadcrumb\",\"itemListElement\":[{\"@type\":\"ListItem\",\"position\":1,\"name\":\"Home\",\"item\":\"https:\\\/\\\/bladnanews.com\\\/\"},{\"@type\":\"ListItem\",\"position\":2,\"name\":\"Man Utd decide against summer move for Chelsea star Cole Palmer\"}]},{\"@type\":\"WebSite\",\"@id\":\"https:\\\/\\\/mediumseagreen-eel-531711.hostingersite.com\\\/#website\",\"url\":\"https:\\\/\\\/mediumseagreen-eel-531711.hostingersite.com\\\/\",\"name\":\"Bladna News - Morocco\",\"description\":\"Where Moroccan Football Meets the World\",\"publisher\":{\"@id\":\"https:\\\/\\\/mediumseagreen-eel-531711.hostingersite.com\\\/#organization\"},\"potentialAction\":[{\"@type\":\"SearchAction\",\"target\":{\"@type\":\"EntryPoint\",\"urlTemplate\":\"https:\\\/\\\/mediumseagreen-eel-531711.hostingersite.com\\\/?s={search_term_string}\"},\"query-input\":{\"@type\":\"PropertyValueSpecification\",\"valueRequired\":true,\"valueName\":\"search_term_string\"}}],\"inLanguage\":\"fr-FR\"},{\"@type\":\"Organization\",\"@id\":\"https:\\\/\\\/mediumseagreen-eel-531711.hostingersite.com\\\/#organization\",\"name\":\"Bladna News.com\",\"url\":\"https:\\\/\\\/mediumseagreen-eel-531711.hostingersite.com\\\/\",\"logo\":{\"@type\":\"ImageObject\",\"inLanguage\":\"fr-FR\",\"@id\":\"https:\\\/\\\/mediumseagreen-eel-531711.hostingersite.com\\\/#\\\/schema\\\/logo\\\/image\\\/\",\"url\":\"https:\\\/\\\/bladnanews.com\\\/wp-content\\\/uploads\\\/2025\\\/12\\\/logo-bladnanews-V2-web-black-red.png\",\"contentUrl\":\"https:\\\/\\\/bladnanews.com\\\/wp-content\\\/uploads\\\/2025\\\/12\\\/logo-bladnanews-V2-web-black-red.png\",\"width\":703,\"height\":287,\"caption\":\"Bladna News.com\"},\"image\":{\"@id\":\"https:\\\/\\\/mediumseagreen-eel-531711.hostingersite.com\\\/#\\\/schema\\\/logo\\\/image\\\/\"},\"email\":\"info@bladnanews.com\",\"legalName\":\"Bladna News\"},{\"@type\":\"Person\",\"@id\":\"https:\\\/\\\/mediumseagreen-eel-531711.hostingersite.com\\\/#\\\/schema\\\/person\\\/268e18a453ab080ebf76df6ef7845083\",\"name\":\"Bladna News Staff\",\"url\":\"https:\\\/\\\/bladnanews.com\\\/fr\\\/author\\\/bladna-news-staff\\\/\"}]}<\/script>\n<!-- \/ Yoast SEO Premium plugin. -->","yoast_head_json":{"title":"Le Manchester United d\u00e9cide de ne pas faire une offre estivale pour la star de Chelsea, Cole Palmer - Bladna News","robots":{"index":"index","follow":"follow","max-snippet":"max-snippet:-1","max-image-preview":"max-image-preview:large","max-video-preview":"max-video-preview:-1"},"canonical":"https:\/\/bladnanews.com\/fr\/manchester-united-decide-de-ne-pas-faire-une-offre-estivale-pour-la-star-de-chelsea-cole-palmer\/","og_locale":"fr_FR","og_type":"article","og_title":"Man Utd decide against summer move for Chelsea star Cole Palmer","og_description":"Manchester United have decided against making a summer move for Chelsea star Cole Palmer, with the club\u2019s stance on the [&hellip;]","og_url":"https:\/\/bladnanews.com\/fr\/manchester-united-decide-de-ne-pas-faire-une-offre-estivale-pour-la-star-de-chelsea-cole-palmer\/","og_site_name":"Bladna News","article_published_time":"2026-01-29T13:07:30+00:00","og_image":[{"width":1312,"height":736,"url":"https:\/\/bladnanews.com\/wp-content\/uploads\/2025\/12\/freepik__bladna-newscom-moroccan-soccer-homepage-banner-mor__41838.png","type":"image\/png"}],"author":"Bladna News Staff","twitter_card":"summary_large_image","twitter_misc":{"\u00c9crit par":"Bladna News Staff","Dur\u00e9e de lecture estim\u00e9e":"1 minute"},"schema":{"@context":"https:\/\/schema.org","@graph":[{"@type":"Article","@id":"https:\/\/bladnanews.com\/man-utd-decide-against-summer-move-for-chelsea-star-cole-palmer\/#article","isPartOf":{"@id":"https:\/\/bladnanews.com\/man-utd-decide-against-summer-move-for-chelsea-star-cole-palmer\/"},"author":{"name":"Bladna News Staff","@id":"https:\/\/mediumseagreen-eel-531711.hostingersite.com\/#\/schema\/person\/268e18a453ab080ebf76df6ef7845083"},"headline":"Man Utd decide against summer move for Chelsea star Cole Palmer","datePublished":"2026-01-29T13:07:30+00:00","mainEntityOfPage":{"@id":"https:\/\/bladnanews.com\/man-utd-decide-against-summer-move-for-chelsea-star-cole-palmer\/"},"wordCount":161,"publisher":{"@id":"https:\/\/mediumseagreen-eel-531711.hostingersite.com\/#organization"},"image":{"@id":"https:\/\/bladnanews.com\/man-utd-decide-against-summer-move-for-chelsea-star-cole-palmer\/#primaryimage"},"thumbnailUrl":"https:\/\/bladnanews.com\/wp-content\/uploads\/2026\/01\/BladnaNews-Man-Utd-decide-against-summer-move-for-Chelsea-star-Cole-Palmer-2026-01-30T010946.916Z-scaled.jpg","articleSection":["International","Latest News"],"inLanguage":"fr-FR","copyrightYear":"2026","copyrightHolder":{"@id":"https:\/\/bladnanews.com\/fr\/#organization"}},{"@type":"WebPage","@id":"https:\/\/bladnanews.com\/man-utd-decide-against-summer-move-for-chelsea-star-cole-palmer\/","url":"https:\/\/bladnanews.com\/man-utd-decide-against-summer-move-for-chelsea-star-cole-palmer\/","name":"Le Manchester United d\u00e9cide de ne pas faire une offre estivale pour la star de Chelsea, Cole Palmer - Bladna News","isPartOf":{"@id":"https:\/\/mediumseagreen-eel-531711.hostingersite.com\/#website"},"primaryImageOfPage":{"@id":"https:\/\/bladnanews.com\/man-utd-decide-against-summer-move-for-chelsea-star-cole-palmer\/#primaryimage"},"image":{"@id":"https:\/\/bladnanews.com\/man-utd-decide-against-summer-move-for-chelsea-star-cole-palmer\/#primaryimage"},"thumbnailUrl":"https:\/\/bladnanews.com\/wp-content\/uploads\/2026\/01\/BladnaNews-Man-Utd-decide-against-summer-move-for-Chelsea-star-Cole-Palmer-2026-01-30T010946.916Z-scaled.jpg","datePublished":"2026-01-29T13:07:30+00:00","breadcrumb":{"@id":"https:\/\/bladnanews.com\/man-utd-decide-against-summer-move-for-chelsea-star-cole-palmer\/#breadcrumb"},"inLanguage":"fr-FR","potentialAction":[{"@type":"ReadAction","target":["https:\/\/bladnanews.com\/man-utd-decide-against-summer-move-for-chelsea-star-cole-palmer\/"]}]},{"@type":"ImageObject","inLanguage":"fr-FR","@id":"https:\/\/bladnanews.com\/man-utd-decide-against-summer-move-for-chelsea-star-cole-palmer\/#primaryimage","url":"https:\/\/bladnanews.com\/wp-content\/uploads\/2026\/01\/BladnaNews-Man-Utd-decide-against-summer-move-for-Chelsea-star-Cole-Palmer-2026-01-30T010946.916Z-scaled.jpg","contentUrl":"https:\/\/bladnanews.com\/wp-content\/uploads\/2026\/01\/BladnaNews-Man-Utd-decide-against-summer-move-for-Chelsea-star-Cole-Palmer-2026-01-30T010946.916Z-scaled.jpg","width":2560,"height":1440,"caption":"Chelsea midfielder Cole Palmer in blue kit, focused during a match, showcasing the club's emblem against a blurred stadium backdrop."},{"@type":"BreadcrumbList","@id":"https:\/\/bladnanews.com\/man-utd-decide-against-summer-move-for-chelsea-star-cole-palmer\/#breadcrumb","itemListElement":[{"@type":"ListItem","position":1,"name":"Home","item":"https:\/\/bladnanews.com\/"},{"@type":"ListItem","position":2,"name":"Man Utd decide against summer move for Chelsea star Cole Palmer"}]},{"@type":"WebSite","@id":"https:\/\/mediumseagreen-eel-531711.hostingersite.com\/#website","url":"https:\/\/mediumseagreen-eel-531711.hostingersite.com\/","name":"Bladna News - Maroc","description":"Quand le football marocain rencontre le monde","publisher":{"@id":"https:\/\/mediumseagreen-eel-531711.hostingersite.com\/#organization"},"potentialAction":[{"@type":"SearchAction","target":{"@type":"EntryPoint","urlTemplate":"https:\/\/mediumseagreen-eel-531711.hostingersite.com\/?s={search_term_string}"},"query-input":{"@type":"PropertyValueSpecification","valueRequired":true,"valueName":"search_term_string"}}],"inLanguage":"fr-FR"},{"@type":"Organization","@id":"https:\/\/mediumseagreen-eel-531711.hostingersite.com\/#organization","name":"Bladna News.com","url":"https:\/\/mediumseagreen-eel-531711.hostingersite.com\/","logo":{"@type":"ImageObject","inLanguage":"fr-FR","@id":"https:\/\/mediumseagreen-eel-531711.hostingersite.com\/#\/schema\/logo\/image\/","url":"https:\/\/bladnanews.com\/wp-content\/uploads\/2025\/12\/logo-bladnanews-V2-web-black-red.png","contentUrl":"https:\/\/bladnanews.com\/wp-content\/uploads\/2025\/12\/logo-bladnanews-V2-web-black-red.png","width":703,"height":287,"caption":"Bladna News.com"},"image":{"@id":"https:\/\/mediumseagreen-eel-531711.hostingersite.com\/#\/schema\/logo\/image\/"},"email":"info@bladnanews.com","legalName":"Bladna News"},{"@type":"Person","@id":"https:\/\/mediumseagreen-eel-531711.hostingersite.com\/#\/schema\/person\/268e18a453ab080ebf76df6ef7845083","name":"\u00c9quipe r\u00e9dactionnelle de Bladna News","url":"https:\/\/bladnanews.com\/fr\/author\/bladna-news-staff\/"}]}},"_links":{"self":[{"href":"https:\/\/bladnanews.com\/fr\/wp-json\/wp\/v2\/posts\/8149","targetHints":{"allow":["GET"]}}],"collection":[{"href":"https:\/\/bladnanews.com\/fr\/wp-json\/wp\/v2\/posts"}],"about":[{"href":"https:\/\/bladnanews.com\/fr\/wp-json\/wp\/v2\/types\/post"}],"author":[{"embeddable":true,"href":"https:\/\/bladnanews.com\/fr\/wp-json\/wp\/v2\/users\/3"}],"replies":[{"embeddable":true,"href":"https:\/\/bladnanews.com\/fr\/wp-json\/wp\/v2\/comments?post=8149"}],"version-history":[{"count":0,"href":"https:\/\/bladnanews.com\/fr\/wp-json\/wp\/v2\/posts\/8149\/revisions"}],"wp:featuredmedia":[{"embeddable":true,"href":"https:\/\/bladnanews.com\/fr\/wp-json\/wp\/v2\/media\/8148"}],"wp:attachment":[{"href":"https:\/\/bladnanews.com\/fr\/wp-json\/wp\/v2\/media?parent=8149"}],"wp:term":[{"taxonomy":"category","embeddable":true,"href":"https:\/\/bladnanews.com\/fr\/wp-json\/wp\/v2\/categories?post=8149"},{"taxonomy":"post_tag","embeddable":true,"href":"https:\/\/bladnanews.com\/fr\/wp-json\/wp\/v2\/tags?post=8149"}],"curies":[{"name":"wp","href":"https:\/\/api.w.org\/{rel}","templated":true}]}}